{"id":32541,"date":"2021-01-26T09:58:55","date_gmt":"2021-01-26T08:58:55","guid":{"rendered":"https:\/\/speyer24news.com\/?p=32541"},"modified":"2021-01-26T09:58:55","modified_gmt":"2021-01-26T08:58:55","slug":"corona-speyer-25","status":"publish","type":"post","link":"https:\/\/speyer24news.com\/?p=32541","title":{"rendered":"Corona \/ Speyer"},"content":{"rendered":"<style type=\"text\/css\">\r\n\t.ads_top_disp{}\r\n\t.ads_top_corner_disp{ float:left; margin:0px 10px 10px 0px; }\r\n\t.ads_first_p_disp{}\r\n\t.ads_bottom_disp{}\r\n\t<\/style>\n<h2 class=\"wp-block-heading\"><strong>Stadtverwaltung setzt Beschl\u00fcsse der \u00c4nderungsverordnung zur Maskenpflicht um<\/strong><\/h2>\n\n\n\n<figure class=\"wp-block-image\"><img decoding=\"async\" loading=\"lazy\" width=\"800\" height=\"556\" src=\"https:\/\/speyer24news.com\/wp-content\/uploads\/2021\/01\/Mundschutz-Speyer.jpg\" alt=\"\" class=\"wp-image-32542\" srcset=\"https:\/\/speyer24news.com\/wp-content\/uploads\/2021\/01\/Mundschutz-Speyer.jpg 800w, https:\/\/speyer24news.com\/wp-content\/uploads\/2021\/01\/Mundschutz-Speyer-300x209.jpg 300w, https:\/\/speyer24news.com\/wp-content\/uploads\/2021\/01\/Mundschutz-Speyer-768x534.jpg 768w\" sizes=\"(max-width: 800px) 100vw, 800px\" \/><\/figure>\n\n\n\n<p>Am Montag, 25. Januar 2021 ist die 1. \u00c4nderungsverordnung zur 15. Corona-Bek\u00e4mpfungsverordnung (15. CoBeLVO) des Landes Rheinland-Pfalz in Kraft getreten und gilt bis zum 14. Februar 2021. Dies hat auch Auswirkungen auf die Verwaltungsgeb\u00e4ude, in denen gem\u00e4\u00df der Landesverordnung wie auch in anderen Bereichen eine versch\u00e4rfte Maskenpflicht gilt.<\/p>\n\n\n\n<p>Oberb\u00fcrgermeisterin Stefanie Seiler begr\u00fc\u00dft die vom Land beschlossenen Ma\u00dfnahmen: \u201eWir befinden uns auf einem guten Weg, das Infektionsgeschehen nachhaltig einzud\u00e4mmen. Jetzt gilt es, diesen Weg weiter zu bestreiten, um zu vermeiden, dass die Infektionszahlen nach einer vermeintlichen Entspannung umso rasanter in die H\u00f6he steigen, wie es andernorts zu beobachten war.\u201c<\/p>\n\n\n\n<p>Da die erg\u00e4nzend zur Landesverordnung vom 11. Januar 2021 erschienene \u00c4nderungsverordnung auch eine versch\u00e4rfte Maskenpflicht vorsieht, sind&nbsp;medizinische Masken, also OP-Masken oder virenfilternde Masken wie KN95- oder FFP2-Masken, ab Mittwoch, 27. Januar 2021 in allen Geb\u00e4uden der Stadtverwaltung verpflichtend zu tragen.<\/p>\n\n\n\n<p>Die Stadtverwaltung stellt ihren Mitarbeiter*innen kostenlos einen Grundstock an FFP-2-Masken zur Verf\u00fcgung. Zudem wird in bestimmten Bereichen wie in Kindertagesst\u00e4tten oder dem Kommunalen Vollzugsdienst f\u00fcr einen zus\u00e4tzlichen Bestand an medizinischen Masken gesorgt.<\/p>\n\n\n\n<p>Gem\u00e4\u00df der \u00c4nderungsverordnung des Landes gilt die Pflicht zum Tragen von OP- bzw. virenfilternden Masken im Einzelhandel, Gesch\u00e4ften und dem \u00d6PNV ebenso wie bei Gottesdiensten, Abhol-, Liefer- und Bringdiensten und dem Wochenmarkt. \u201eGerade auch mit Blick auf die Virus-Mutante aus Gro\u00dfbritannien ist es wichtig, dass \u00fcberall dort, wo der Abstand nicht immer eingehalten werden kann, ein gr\u00f6\u00dftm\u00f6glichen Schutz vor einer Infektion gew\u00e4hrleistet ist. Hierzu ist das Tragen einer medizinischen Maske notwendig, auch auf dem Wochenmarkt\u201c, erkl\u00e4rt Stefanie Seiler.<\/p>\n\n\n\n<p>Die 1. \u00c4nderungsverordnung zur 15. Corona-Bek\u00e4mpfungsverordnung kann wie immer auf\u00a0<a rel=\"noreferrer noopener\" href=\"https:\/\/deref-web.de\/mail\/client\/1erN5_NI5UQ\/dereferrer\/?redirectUrl=http%3A%2F%2Fwww.speyer.de%2Fcorona\" target=\"_blank\">www.speyer.de\/corona<\/a>\u00a0sowie auf\u00a0<a rel=\"noreferrer noopener\" href=\"https:\/\/deref-web.de\/mail\/client\/mYcRR1-0G30\/dereferrer\/?redirectUrl=http%3A%2F%2Fwww.corona.rlp.de\" target=\"_blank\">www.corona.rlp.de<\/a>\u00a0nachgelesen werden.<\/p>\n\n\n\n<p><em>Stadt Speyer<br>26.01.2021<\/em><\/p>\n","protected":false},"excerpt":{"rendered":"<div class=\"mh-excerpt\"><p>Stadtverwaltung setzt Beschl\u00fcsse der \u00c4nderungsverordnung zur Maskenpflicht um Am Montag, 25. Januar 2021 ist die 1. \u00c4nderungsverordnung zur 15. Corona-Bek\u00e4mpfungsverordnung (15. CoBeLVO) des Landes Rheinland-Pfalz in Kraft getreten und gilt bis zum 14. Februar 2021. <a class=\"mh-excerpt-more\" href=\"https:\/\/speyer24news.com\/?p=32541\" title=\"Corona \/ Speyer\">[&#8230;]<\/a><\/p>\n<\/div>","protected":false},"author":3,"featured_media":32093,"comment_status":"open","ping_status":"open","sticky":false,"template":"","format":"standard","meta":{"_monsterinsights_skip_tracking":false,"_monsterinsights_sitenote_active":false,"_monsterinsights_sitenote_note":"","_monsterinsights_sitenote_category":0,"footnotes":""},"categories":[5462],"tags":[8828,6401,6367,6940,6359,6370,5904,6358,5801,6342,9490,9489,6551,8829,6],"aioseo_notices":[],"amp_enabled":true,"_links":{"self":[{"href":"https:\/\/speyer24news.com\/index.php?rest_route=\/wp\/v2\/posts\/32541"}],"collection":[{"href":"https:\/\/speyer24news.com\/index.php?rest_route=\/wp\/v2\/posts"}],"about":[{"href":"https:\/\/speyer24news.com\/index.php?rest_route=\/wp\/v2\/types\/post"}],"author":[{"embeddable":true,"href":"https:\/\/speyer24news.com\/index.php?rest_route=\/wp\/v2\/users\/3"}],"replies":[{"embeddable":true,"href":"https:\/\/speyer24news.com\/index.php?rest_route=%2Fwp%2Fv2%2Fcomments&post=32541"}],"version-history":[{"count":1,"href":"https:\/\/speyer24news.com\/index.php?rest_route=\/wp\/v2\/posts\/32541\/revisions"}],"predecessor-version":[{"id":32543,"href":"https:\/\/speyer24news.com\/index.php?rest_route=\/wp\/v2\/posts\/32541\/revisions\/32543"}],"wp:featuredmedia":[{"embeddable":true,"href":"https:\/\/speyer24news.com\/index.php?rest_route=\/wp\/v2\/media\/32093"}],"wp:attachment":[{"href":"https:\/\/speyer24news.com\/index.php?rest_route=%2Fwp%2Fv2%2Fmedia&parent=32541"}],"wp:term":[{"taxonomy":"category","embeddable":true,"href":"https:\/\/speyer24news.com\/index.php?rest_route=%2Fwp%2Fv2%2Fcategories&post=32541"},{"taxonomy":"post_tag","embeddable":true,"href":"https:\/\/speyer24news.com\/index.php?rest_route=%2Fwp%2Fv2%2Ftags&post=32541"}],"curies":[{"name":"wp","href":"https:\/\/api.w.org\/{rel}","templated":true}]}}