{"id":32568,"date":"2021-01-27T11:41:39","date_gmt":"2021-01-27T10:41:39","guid":{"rendered":"https:\/\/speyer24news.com\/?p=32568"},"modified":"2021-01-27T11:41:40","modified_gmt":"2021-01-27T10:41:40","slug":"kirche-82","status":"publish","type":"post","link":"https:\/\/speyer24news.com\/?p=32568","title":{"rendered":"Kirche"},"content":{"rendered":"<style type=\"text\/css\">\r\n\t.ads_top_disp{}\r\n\t.ads_top_corner_disp{ float:left; margin:0px 10px 10px 0px; }\r\n\t.ads_first_p_disp{}\r\n\t.ads_bottom_disp{}\r\n\t<\/style>\n<h2 class=\"wp-block-heading\">\u00d6kumenisch ausgewiesene und profilierte Pers\u00f6nlichkeit<\/h2>\n\n\n\n<h3 class=\"wp-block-heading\">Der Vorstand des Evangelischen Bundes hat Kirchenpr\u00e4sident Christian Schad einstimmig zum Pr\u00e4sidenten gew\u00e4hlt.<\/h3>\n\n\n\n<p><strong>Speyer (lk) &#8211; <\/strong>Der Zentralvorstand des Evangelischen Bundes hat am 26. Januar 2021 das Ergebnis der Wahl des neuen Pr\u00e4sidenten bekannt gegeben. Einstimmig sei per Briefwahl der Kirchenpr\u00e4sident der Evangelischen Kirche der Pfalz, Christian Schad, gew\u00e4hlt worden. Sein neues Ehrenamt werde er zum 1. M\u00e4rz 2021 mit Beginn seines Ruhestandes antreten.<\/p>\n\n\n\n<p>Mit Schad sei eine \u00f6kumenisch ausgewiesene und profilierte Pers\u00f6nlichkeit f\u00fcr die Spitze des Evangelischen Bundes gewonnen worden. Er stehe als Vorsitzender der Vollkonferenz und des Pr\u00e4sidiums der Union Evangelischer Kirchen (UEK) in der Evangelischen Kirche in Deutschland f\u00fcr das vertrauensvolle Miteinander der lutherischen, reformierten und unierten Landeskirchen innerhalb des deutschen Protestantismus. Au\u00dferdem sei er im Dialog mit der r\u00f6misch-katholischen Kirche engagiert: als evangelischer Vorsitzender des \u00d6kumenischen Arbeitskreises evangelischer und katholischer Theologen sowie als evangelischer Vorsitzender des Kontaktgespr\u00e4chskreises zwischen Vertretern des Rates der Evangelischen Kirche in Deutschland (EKD) und der Deutschen Bischofskonferenz.<\/p>\n\n\n\n<p>International hervorgetreten sei Kirchenpr\u00e4sident Schad als evangelischer Leiter der Konsultationsreihe zum Thema &#8222;Kirche und Kirchengemeinschaft&#8220; im Auftrag der Gemeinschaft Evangelischer Kirchen in Europa (GEKE) und des P\u00e4pstlichen Rates zur F\u00f6rderung der Einheit der Christen.<\/p>\n\n\n\n<p>Hintergrund: Der Evangelische Bund ist das konfessionskundliche und \u00f6kumenische Arbeitswerk der Evangelischen Kirche in Deutschland. Er wurde 1886 in Erfurt gegr\u00fcndet und ist einer der gro\u00dfen evangelischen Verb\u00e4nde. Au\u00dferdem ist er Tr\u00e4ger des Konfessionskundlichen Instituts Bensheim, das die unterschiedlichen christlichen Denominationen und \u00f6kumenischen Entwicklungen erforscht. <\/p>\n\n\n\n<p><em>27.01.2021<\/em><\/p>\n\n\n\n<h2 class=\"wp-block-heading\">Experimentieren ohne Erfolgsdruck<\/h2>\n\n\n\n<h3 class=\"wp-block-heading\">Mit den Erprobungsr\u00e4umen testet die Evangelische Kirche der Pfalz Ideen und Formen k\u00fcnftigen kirchlichen Lebens. Die Projekte sind auf einer neuen Webseite abrufbar.<\/h3>\n\n\n\n<p><strong>Speyer (lk) &#8211; <\/strong>Vielseitig, vision\u00e4r, wissenswert: Die Homepage zu den Erprobungsr\u00e4umen, den &#8222;LabORAtorien&#8220; der Evangelischen Kirche der Pfalz, geht online. Unter\u00a0<a rel=\"noreferrer noopener\" href=\"https:\/\/deref-web.de\/mail\/client\/Pgg4s0OQs6Y\/dereferrer\/?redirectUrl=https%3A%2F%2Flaboratorien.evpfalz.de\" target=\"_blank\">https:\/\/laboratorien.evpfalz.de<\/a>&lt;<a rel=\"noreferrer noopener\" href=\"https:\/\/deref-web.de\/mail\/client\/QE9T7PMl7OE\/dereferrer\/?redirectUrl=https%3A%2F%2Flaboratorien.evpfalz.de%2F\" target=\"_blank\">https:\/\/laboratorien.evpfalz.de\/<\/a>> pr\u00e4sentiert die Landeskirche die Ergebnisse der Experimente. &#8222;Im LabORAtorium der Evangelischen Kirche der Pfalz geht es um m\u00f6gliche Formen k\u00fcnftigen kirchlichen Lebens. Um Aufbruch und das Beschreiten neuer Wege. Zugleich geht es um unsere christlichen Werte und die spirituelle Dimension unseres Handelns&#8220;, erkl\u00e4rt die pf\u00e4lzische Oberkirchenr\u00e4tin Marianne Wagner.<\/p>\n\n\n\n<p>Die Homepage biete spannenden Lesestoff und Anregungen f\u00fcr alle, &#8222;die an der Zukunft unserer Kirche mitarbeiten wollen&#8220;, sagt Wagner. &#8222;Hier wird abgebildet, was mit frischen Ideen und Gottvertrauen derzeit in Gemeinden und Kirchenbezirken erprobt wird und m\u00f6glich ist.&#8220; Zugleich wird auf der Webseite ausdr\u00fccklich zum Mitmachen und Ideenschmieden aufgefordert. Dabei ist der Titel der Homepage Programm: LabORAtorium steht f\u00fcr das lateinische Ora et Labora, f\u00fcr Beten und Arbeiten.<\/p>\n\n\n\n<p>&#8222;In den Erprobungsr\u00e4umen der Landeskirche darf ohne Erfolgsdruck ausprobiert und experimentiert werden. Ideen k\u00f6nnen scheitern, Versuche d\u00fcrfen misslingen&#8220;, sagt die f\u00fcr die Strukturplanung der Gemeinden und Kirchenbezirke zust\u00e4ndige Oberkirchenr\u00e4tin. &#8222;Wir m\u00f6chten Innovation f\u00f6rdern und erm\u00f6glichen, dass Menschen Dinge ausprobieren, um das christliche Leben neu und lebendig zu gestalten.&#8220; Es gelte, die Kreativit\u00e4t und Eigenverantwortung der Dorfgemeinden zu st\u00e4rken, um von der versorgten zur lebendigen Gemeinde zu gelangen.<\/p>\n\n\n\n<p>2018 erteilte die Synode der Evangelischen Kirche der Pfalz dem Projekt gr\u00fcnes Licht. Seitdem haben zahlreiche Haupt- und Ehrenamtliche, Kirchengemeinden und Gruppen, Kooperationszonen und Kirchenbezirke ihre LabORAtorien angemeldet &#8211; vom K\u00fcchengespr\u00e4ch in Finkenbach bis zum Morgenimpuls in Ludwigshafen, von der Kirche ohne Mauern in Speyer bis zum Kirchenbezirk 2025 in Zweibr\u00fccken. &#8222;Es herrscht Aufbruchstimmung&#8220;, unterstreichen Wagner und ihr theologischer Referent, Tim Kaufmann.<\/p>\n\n\n\n<p>Kaufmann ist f\u00fcr die Homepage verantwortlich und wirbt in den Gemeinden und Kirchenbezirken f\u00fcr das Projekt. Die Corona-Pandemie habe zwar vieles ausgebremst, aber sie zeigt auch, wie viel kreatives Potenzial in den Gemeinden steckt, unterstreicht der Pfarrer: &#8222;Wir rechnen weiterhin mit vielen neuen Ideen.&#8220; Da es um das Ausprobieren neuer Formen von Kirche gehe, richte sich das Angebot in erster Linie an Kirchenmitglieder. &#8222;Das hei\u00dft aber nicht, dass alle im Projekt Kirchenmitglieder sein m\u00fcssen. Aber das LabORAtorium und die Antragsteller sollten in unserer Kirche verankert sein.&#8220;<\/p>\n\n\n\n<p>Auf der Homepage finden Interessierte Voraussetzungen f\u00fcr LabORAtorien, F\u00f6rderm\u00f6glichkeiten, Anleitungen zu Formalit\u00e4ten sowie Portr\u00e4ts laufender Projekte. Dort wird auch das Logo, ein Sch\u00fcttelkolben, erkl\u00e4rt. Er sei ein Symbol daf\u00fcr, &#8222;dass sich hier Unterschiedliches zu einer inspirierenden, l\u00f6sungsorientierten Mischung zusammenfindet&#8220;, so Wagner und Kaufmann.<\/p>\n\n\n\n<p>Mehr zum Thema:&nbsp;<a href=\"https:\/\/deref-web.de\/mail\/client\/QE9T7PMl7OE\/dereferrer\/?redirectUrl=https%3A%2F%2Flaboratorien.evpfalz.de%2F\" target=\"_blank\" rel=\"noreferrer noopener\">https:\/\/laboratorien.evpfalz.de\/<\/a><\/p>\n\n\n\n<p>Kontakt: Tim Kaufmann, E-Mail: <a href=\"laboratorien@evkirchepfalz.de\">laboratorien@evkirchepfalz.de<\/a>, Telefon: 06232\/667-127 <\/p>\n\n\n\n<p><em>27.01.2021<\/em><\/p>\n\n\n\n<h2 class=\"wp-block-heading\"><strong>Sichtbarkeit in der Einheit und Vers\u00f6hnung in der Verschiedenheit<\/strong><\/h2>\n\n\n\n<h3 class=\"wp-block-heading\"><strong>Bistum, Landeskirche, Freikirchen und Griechisch-Orthodoxe haben den Gottesdienst f\u00fcr die Einheit der Christen im Speyerer Dom gefeiert.<\/strong><\/h3>\n\n\n\n<div class=\"wp-block-image\"><figure class=\"aligncenter\"><img decoding=\"async\" loading=\"lazy\" width=\"800\" height=\"557\" src=\"https:\/\/speyer24news.com\/wp-content\/uploads\/2021\/01\/Bischof-Wiesemann.jpg\" alt=\"\" class=\"wp-image-32571\" srcset=\"https:\/\/speyer24news.com\/wp-content\/uploads\/2021\/01\/Bischof-Wiesemann.jpg 800w, https:\/\/speyer24news.com\/wp-content\/uploads\/2021\/01\/Bischof-Wiesemann-300x209.jpg 300w, https:\/\/speyer24news.com\/wp-content\/uploads\/2021\/01\/Bischof-Wiesemann-768x535.jpg 768w\" sizes=\"(max-width: 800px) 100vw, 800px\" \/><figcaption>Bischof Wiesemann bei der Predigt<\/figcaption><\/figure><\/div>\n\n\n\n<p><strong>Speyer (lk\/is) &#8211;<\/strong> Mit einem \u00f6kumenischen Gottesdienst im Speyerer Dom feierten Vertreterinnen und Vertreter der Evangelischen Kirche der Pfalz, des Bistums Speyer und weiterer Konfessionen der Arbeitsgemeinschaft Christlicher Kirchen (ACK) \u2013 Region S\u00fcdwest den Gottesdienst zur diesj\u00e4hrigen Gebetswoche f\u00fcr die Einheit der Christen.<\/p>\n\n\n\n<p>\u201eDer Gebetswoche f\u00fcr die Einheit liegt eine tiefe Sehnsucht zugrunde: Die Sehnsucht, alles zu \u00fcberwinden, was unsere Kirchen noch trennt, und immer mehr zusammenzuwachsen\u201c, sagte Bischof Karl-Heinz Wiesemann in seiner Begr\u00fc\u00dfung. Er verwies darauf, dass in diesem Jahr Schwestern der Kommunit\u00e4t von Grandchamp die Texte der Gebetswoche erstellt haben und sich die Struktur des Gottesdienstes an dem dreigeteilten Abendgottesdienst, den die monastische Gemeinschaft in der franz\u00f6sischen Schweiz jeden Tag feiere, orientiere. Es k\u00f6nne wohltuend sein in einer Zeit, die durch die gravierenden Auswirkungen der Corona-Pandemie gepr\u00e4gt sei, \u201ein den Jahrhunderte alten Strom der monastischen Gebetstradition\u201c mit einem Wechsel von Gebet und Stille einzutreten. \u201eLassen wir uns tragen von diesem Gebetsstrom. Lassen wir uns von ihm verbinden \u2013 mit Gott und untereinander\u201c, so Bischof Wiesemann.<\/p>\n\n\n\n<div class=\"wp-block-image\"><figure class=\"aligncenter\"><img decoding=\"async\" loading=\"lazy\" width=\"800\" height=\"567\" src=\"https:\/\/speyer24news.com\/wp-content\/uploads\/2021\/01\/PredigtKirchenpr\u00e4sidentSchad.jpg\" alt=\"\" class=\"wp-image-32572\" srcset=\"https:\/\/speyer24news.com\/wp-content\/uploads\/2021\/01\/PredigtKirchenpr\u00e4sidentSchad.jpg 800w, https:\/\/speyer24news.com\/wp-content\/uploads\/2021\/01\/PredigtKirchenpr\u00e4sidentSchad-300x213.jpg 300w, https:\/\/speyer24news.com\/wp-content\/uploads\/2021\/01\/PredigtKirchenpr\u00e4sidentSchad-768x544.jpg 768w\" sizes=\"(max-width: 800px) 100vw, 800px\" \/><figcaption> Kirchenpr\u00e4sident Christian Schad bei der Predigt<\/figcaption><\/figure><\/div>\n\n\n\n<p>In seiner Predigt zum Leitwort der Gebetswoche \u201eBleibt in meiner Liebe und ihr werdet reiche Frucht bringen\u201c (Joh 15, 8-9) brachte Kirchenpr\u00e4sident Christian Schad seine Dankbarkeit und Freude \u00fcber die \u201eFr\u00fcchte\u201c des langj\u00e4hrigen gemeinsamen Glaubensweges zum Ausdruck.<\/p>\n\n\n\n<p>\u201eWir alle sind ungeachtet unserer konfessionellen Pr\u00e4gung Reben an dem einen Weinstock; tief verwurzelt im Glauben; gehegt und gepflegt von Gott, dem Weing\u00e4rtner. Immer mehr in den letzten Jahren zusammengewachsen: in gegenseitigem Verst\u00e4ndnis und Vertrauen, in gottesdienstlicher Gemeinschaft, in spiritueller N\u00e4he und in gemeinsamen Taten\u201c. Darum gehe es in dem Zuspruch Jesu: \u201eIch bin der Weinstock und ihr seid die Reben. Wer in mir bleibt, und ich in ihm, der bringt viel Frucht; denn ohne mich k\u00f6nnt ihr nichts tun\u201c.<\/p>\n\n\n\n<p>Diese Frucht habe jedoch nichts mit \u201eLeisten\u201c zu tun, sondern eher mit \u201eSein-lassen\u201c, sie sei letztlich ein Geschenk. Das bedeute, \u201edarauf zu verzichten, den Wert meines Lebens daran zu messen, wie produktiv ich bin, wie viel Wissen ich anh\u00e4ufe, welche Titel ich vorzuweisen oder welche Stufe der gesellschaftlichen Leiter ich erklommen habe\u201c, betonte der Kirchenpr\u00e4sident. Es gehe nicht darum, sich an den Ma\u00dfst\u00e4ben der Gesellschaft zu messen, \u201edie den Starken und Durchsetzungsf\u00e4higen ehrt, den Schwachen aber verachtet\u201c.<\/p>\n\n\n\n<figure class=\"wp-block-image\"><img decoding=\"async\" loading=\"lazy\" width=\"800\" height=\"582\" src=\"https:\/\/speyer24news.com\/wp-content\/uploads\/2021\/01\/Gottesdienst-fuer-die-Einheit-der-Christen-im-Dom-zu-Speyer-Januar-2021.jpg\" alt=\"\" class=\"wp-image-32573\" srcset=\"https:\/\/speyer24news.com\/wp-content\/uploads\/2021\/01\/Gottesdienst-fuer-die-Einheit-der-Christen-im-Dom-zu-Speyer-Januar-2021.jpg 800w, https:\/\/speyer24news.com\/wp-content\/uploads\/2021\/01\/Gottesdienst-fuer-die-Einheit-der-Christen-im-Dom-zu-Speyer-Januar-2021-300x218.jpg 300w, https:\/\/speyer24news.com\/wp-content\/uploads\/2021\/01\/Gottesdienst-fuer-die-Einheit-der-Christen-im-Dom-zu-Speyer-Januar-2021-768x559.jpg 768w\" sizes=\"(max-width: 800px) 100vw, 800px\" \/><figcaption>Gottesdienst f\u00fcr die Einheit der Christen im Dom zu Speyer<\/figcaption><\/figure>\n\n\n\n<p>Schad machte den Gl\u00e4ubigen Mut, \u201ein gro\u00dfer Gelassenheit und entspannter Fr\u00f6hlichkeit mitzuhelfen in Gottes Reich\u201c, jeweils mit den vorhandenen unterschiedlichen, vielf\u00e4ltigen Gaben. \u201eDenn nur im Plural sind wir eins! Nur mit Christus vereint, indem wir in ihm bleiben, bringen wir gute Frucht. Genau darum bauchen wir als Kirche mehr Sichtbarkeit in der Einheit und mehr Vers\u00f6hnung in der Verschiedenheit\u201c, pr\u00e4gte es der Kirchenpr\u00e4sident ein.<\/p>\n\n\n\n<p>Wie eine Rebe nur Kraft und Saft in ihren Wurzeln finde, \u201eso kann keiner von uns, kann keine Kirche, ihren Glauben und ihre Liebe nur alleine leben. Wir brauchen die Gemeinschaft, sonst vertrocknen wir!\u201c, so Christian Schad. Das zeige sich gerade jetzt, \u201ein Zeiten von Corona\u201c. Er verwies auf die gemeinsamen Aktionen der Kirchen und den Einsatz der Menschen, die in verschiedenen Bereichen \u201eihr \u00c4u\u00dferstes\u201c geben. \u201eIn der Zuwendung zu verletzlichen und gef\u00e4hrdeten Leben sp\u00fcren wir, wie heilsam die Kr\u00e4fte sind: des Beistands, der Unterst\u00fctzung, der Hilfe: Kr\u00e4fte des Weinstocks, an dem wir gemeinsam sind und bleiben.\u201c<\/p>\n\n\n\n<div class=\"wp-block-image\"><figure class=\"aligncenter\"><img decoding=\"async\" loading=\"lazy\" width=\"800\" height=\"545\" src=\"https:\/\/speyer24news.com\/wp-content\/uploads\/2021\/01\/Gemeinsames-Gebet.jpg\" alt=\"\" class=\"wp-image-32574\" srcset=\"https:\/\/speyer24news.com\/wp-content\/uploads\/2021\/01\/Gemeinsames-Gebet.jpg 800w, https:\/\/speyer24news.com\/wp-content\/uploads\/2021\/01\/Gemeinsames-Gebet-300x204.jpg 300w, https:\/\/speyer24news.com\/wp-content\/uploads\/2021\/01\/Gemeinsames-Gebet-768x523.jpg 768w\" sizes=\"(max-width: 800px) 100vw, 800px\" \/><figcaption>Gemeinsames Beten<\/figcaption><\/figure><\/div>\n\n\n\n<p>Schad appellierte an die Gl\u00e4ubigen, \u201elasst uns gemeinsam, unverzagt \u00f6kumenisch und manchen R\u00fcckschl\u00e4gen zum Trotz, weiter suchen nach der sichtbaren Einheit unserer Kirchen: als vielf\u00e4ltiger Gemeinschaft in einem Glauben und am Tisch des Herrn\u201c.<\/p>\n\n\n\n<p>In seinem Schlusswort dankte Bischof Wiesemann dem scheidenden Kirchenpr\u00e4sidenten Schad ausdr\u00fccklich f\u00fcr die langj\u00e4hrige vertrauensvolle \u00f6kumenische Zusammenarbeit, die sich in einer \u201esichtbaren Einheit in Christus, in einem gemeinsamen Glauben in vers\u00f6hnter Verschiedenheit\u201c, einer Verschiedenheit, die durch einen geistigen, spirituellen und menschlichen Reichtum gekennzeichnet sei, ausdr\u00fccke. Diese sichtbare Einheit sei nicht nur am Altar und den gemeinsamen Feiern deutlich geworden, sondern \u201eauch als gemeinsame eine Stimme in gesellschaftliche Debatten hinein\u201c, wof\u00fcr er sehr dankbar sei.<\/p>\n\n\n\n<div class=\"wp-block-image\"><figure class=\"aligncenter\"><img decoding=\"async\" loading=\"lazy\" width=\"500\" height=\"641\" src=\"https:\/\/speyer24news.com\/wp-content\/uploads\/2021\/01\/Kirchenpr\u00e4sident-und-Bischof-am-Altar.jpg\" alt=\"\" class=\"wp-image-32575\" srcset=\"https:\/\/speyer24news.com\/wp-content\/uploads\/2021\/01\/Kirchenpr\u00e4sident-und-Bischof-am-Altar.jpg 500w, https:\/\/speyer24news.com\/wp-content\/uploads\/2021\/01\/Kirchenpr\u00e4sident-und-Bischof-am-Altar-234x300.jpg 234w\" sizes=\"(max-width: 500px) 100vw, 500px\" \/><figcaption> Kirchenpr\u00e4sident Christian Schad und Bischof Karl-Heinz Wiesemann gemeinsam am Altar<\/figcaption><\/figure><\/div>\n\n\n\n<p>An der Feier wirkten neben Kirchenpr\u00e4sident Christian Schad und Bischof Karl-Heinz Wiesemann die Vertreterin des Bundes Freier evangelischer Gemeinden, Dagmar Hees, und Nikolaos Lucic von der Griechisch-Orthodoxen Gemeinde Ludwigshafen mit. Weiterhin waren Hede Strubel-Metz, Vorstand des Katholikenrats im Bistum Speyer, Hermann Lorenz, Synodalpr\u00e4sident der Evangelischen Kirche der Pfalz, sowie Pfarrerin Christine G\u00f6lzer von der Protestantischen Dreifaltigkeitskirchengemeinde Speyer und Dompfarrer Matthias Bender von der katholischen Pfarrei Pax Christi Speyer an der Liturgie beteiligt.<\/p>\n\n\n\n<p>Musikalisch wurde der Gottesdienst von Amelie Petrich (Sopran) und Daniel Schreiber (Tenor) sowie Landeskirchenmusikdirektor Jochen Steuerwald (Orgel und Gesamtleitung) gestaltet.<\/p>\n\n\n\n<p>Das Bistum Speyer und die Evangelische Kirche der Pfalz (Protestantische Landeskirche) feiern seit 2009 in der Weite der Arbeitsgemeinschaft Christlicher Kirchen (ACK) \u2013 Region S\u00fcdwest zur Er\u00f6ffnung der Gebetswoche einen zentralen \u00f6kumenischen Gottesdienst, der im Wechsel im Speyerer Dom, in der Ged\u00e4chtniskirche der Protestation und anderen Kirchen der Region stattfindet.<\/p>\n\n\n\n<p>Der Gottesdienst im Dom wurde \u00fcber die SocialMedia Kan\u00e4le von Bistum, Dom und Landeskirche \u00fcbertragen.<\/p>\n\n\n\n<p><em>Text: Bistum Speyer Foto: Klaus Landry<br> 27.01.2021<\/em><\/p>\n\n\n\n<h2 class=\"wp-block-heading\"><strong>F\u00fcr eine Welt ohne Atomwaffen<\/strong><\/h2>\n\n\n\n<h3 class=\"wp-block-heading\">Zum Inkrafttreten des UN-Atomwaffenverbots hat der Friedensbeauftragte der Landeskirche an die kirchlichen Friedensbem\u00fchungen erinnert.<\/h3>\n\n\n\n<div class=\"wp-block-image\"><figure class=\"aligncenter\"><img decoding=\"async\" loading=\"lazy\" width=\"800\" height=\"519\" src=\"https:\/\/speyer24news.com\/wp-content\/uploads\/2021\/01\/Frieden.png\" alt=\"\" class=\"wp-image-32570\" srcset=\"https:\/\/speyer24news.com\/wp-content\/uploads\/2021\/01\/Frieden.png 800w, https:\/\/speyer24news.com\/wp-content\/uploads\/2021\/01\/Frieden-300x195.png 300w, https:\/\/speyer24news.com\/wp-content\/uploads\/2021\/01\/Frieden-768x498.png 768w\" sizes=\"(max-width: 800px) 100vw, 800px\" \/><\/figure><\/div>\n\n\n\n<p><strong>Speyer \/ Kaiserslautern (lk) &#8211; <\/strong>Am 22.01.2021 trat das UN-Atomwaffenverbot in Kraft \u2013 ein globaler Meilenstein: Atomwaffen sind damit v\u00f6lkerrechtlich verboten. 122 Staaten haben den Vertrag 2017 in der UN-Versammlung beschlossen. Von 84 Nationen wurde der Vertrag bisher unterzeichnet, in 51 Staaten ist er zwischenzeitlich in Kraft getreten.<\/p>\n\n\n\n<p>\u201eEin guter Start in eine neues Jahrzehnt\u201c, lautet die Botschaft von Friedensaktivistinnen und -aktivisten, darunter auch den kirchlichen Friedensbewegungen. Der Atomwaffenverbotsvertrag ist nun geltendes V\u00f6lkerrecht. Der Vertrag kam nicht zuletzt auf der Basis zivilgesellschaftlichen Engagements zustande. Daf\u00fcr wurde die ICAN (International Campaign to Abolish Nuclear weapons) 2017 mit dem Friedensnobelpreis geehrt. Zu den zahlreichen Partnerorganisationen von ICAN geh\u00f6ren auch kirchliche Friedenbewegungen.<\/p>\n\n\n\n<p>\u201eHeute feiern wir mit\u201c, sagt Pfarrer Detlev Besier, Friedensbeauftragter der Evangelischen Kirche Pfalz. \u201eEs ist ein sehr wichtiges Zeichen, wenn sich in einer Zeit der wachsenden Militarisierung 50 Staaten verabreden, einen Verbotsvertrag f\u00fcr atomare Waffen zu unterzeichnen.\u201c Sie alle st\u00fcnden daf\u00fcr, dass Sicherheit nicht mit Waffen oder gar Atomwaffen gew\u00e4hrleistet werden kann.<\/p>\n\n\n\n<p>Die Arbeitsstelle Frieden und Umwelt, die Besier leitet, unterst\u00fctzt lokale Aktionsformen an verschiedenen Orten der Pfalz. Am Geb\u00e4ude der Arbeitsstelle in der Speyerer Gro\u00dfen Himmelsgasse 3 h\u00e4ngen symbolisch Flaggen, die an die Ratifizierung erinnern.<\/p>\n\n\n\n<p>\u201eBei allem Grund zur Freude bleibt noch ein langer Weg bis zur atomwaffenfreien Welt\u201c, so Besier. Denn auch Deutschland habe den Vertrag weder beschlossen noch unterzeichnet und halte an der nuklearen Teilhabe fest. Dadurch lagern im Fliegerhorst B\u00fcchel in Rheinland-Pfalz weiter US-Atomwaffen, die von der Bundeswehr abgeworfen werden k\u00f6nnen. Am 3. Juli 2021 ist der n\u00e4chste kirchliche Aktionstag gegen Atomwaffen in B\u00fcchel, an dem sich auch Friedensgruppen der Landeskirche beteiligen.<\/p>\n\n\n\n<p><a href=\"https:\/\/www.frieden-umwelt-pfalz.de\">https:\/\/www.frieden-umwelt-pfalz.de<\/a><\/p>\n\n\n\n<p><em>27.01.2021<\/em><\/p>\n\n\n\n<h2 class=\"wp-block-heading\"><strong>Thomas Mann \u00fcbernimmt neue Aufgabe<\/strong><\/h2>\n\n\n\n<h3 class=\"wp-block-heading\"><strong>Oberschulrat wird zum 1. April Direktor des katholischen Instituts f\u00fcr Lehrerfortbildung (ILF) des Saarlandes<\/strong><\/h3>\n\n\n\n<div class=\"wp-block-image\"><figure class=\"aligncenter\"><img decoding=\"async\" loading=\"lazy\" width=\"500\" height=\"688\" src=\"https:\/\/speyer24news.com\/wp-content\/uploads\/2021\/01\/ThomasMann.jpg\" alt=\"\" class=\"wp-image-32569\" srcset=\"https:\/\/speyer24news.com\/wp-content\/uploads\/2021\/01\/ThomasMann.jpg 500w, https:\/\/speyer24news.com\/wp-content\/uploads\/2021\/01\/ThomasMann-218x300.jpg 218w\" sizes=\"(max-width: 500px) 100vw, 500px\" \/><\/figure><\/div>\n\n\n\n<p><strong>Speyer &#8211; <\/strong>Nach mehr als 20 Jahren im bisch\u00f6flichen Ordinariat wird Thomas Mann, Oberschulrat im Kirchendienst und bisher verantwortlich f\u00fcr den Bereich katholische Schulen in der Hauptabteilung Schulen, Hochschulen und Bildung im Bistum Speyer, eine neue Aufgabe \u00fcbernehmen. Ab dem 1. April wird er als Direktor das katholische Institut f\u00fcr Lehrerfortbildung (ILF) des Saarlandes leiten.<\/p>\n\n\n\n<p>\u201eIch freue mich sehr auf die Zusammenarbeit mit dem Team, ich freue mich auf die Lehrerinnen und Lehrer und Kooperationspartner im Saarland. Und ich freue mich nat\u00fcrlich auch dort zu arbeiten, wo ich meinen Lebensmittelpunkt habe\u201c, blickt Mann auf seine zuk\u00fcnftige Aufgabe.<\/p>\n\n\n\n<p>Die Leiterin der Hauptabteilung Schulen, Hochschulen und Bildung im Bistum Speyer, Dr. Irina Kreusch, w\u00fcrdigte bei der Verabschiedung die \u201ehohe fachliche Kompetenz und Professionalit\u00e4t\u201c, mit der Mann seine Aufgaben erf\u00fcllt habe. \u201eDies gilt f\u00fcr alle Bereiche, die Sie hier vertreten haben, ob Religionsunterricht an berufsbildenden Schulen oder die katholischen Schulen. Sie wussten um die Hintergr\u00fcnde, um die Verordnungen, um alle Mittel, f\u00fcr und mit den Menschen an den Schulen, um Gutes zu entwickeln.\u201c&nbsp;Zu seinen St\u00e4rken z\u00e4hle au\u00dferdem sein Teamgeist und seine \u201eignatianische Pr\u00e4gung und Spiritualit\u00e4t\u201c, die ihn und seine Arbeit auszeichneten.<\/p>\n\n\n\n<p>Thomas Mann absolvierte nach seinem Theologiestudium den Pastoralkurs des Bistums und wurde 1998 als Pastoralassistent in den seelsorglichen Dienst im Bistum Speyer ausgesendet. Im August 2000 wechselte er als Referent in die bisch\u00f6fliche Schulabteilung f\u00fcr die Bereiche Lehrpl\u00e4ne, Religionsp\u00e4dagogische Arbeitsstellen, Religionsunterricht an Berufsbildenden Schulen und katholische Schulen. 2008 wurde er Abteilungsleiter und Schulrat im Kirchendienst. Von 2017 bis 2019 war er au\u00dferdem Pr\u00e4ventionsbeauftragter des Bistums.<\/p>\n\n\n\n<p>\u201eAls ich im August 2000 im bisch\u00f6flichen Ordinariat anfing, sagte Pr\u00e4lat Alfred Haffner, mein damaliger Vorgesetzter zu mir: \u201aDie Arbeit im Ordinariat ist eine pastorale Arbeit. Wir stellen den Menschen in den Mittelpunkt\u2018. Dieses Wort begleitet mich bis heute und hat meine Haltung in der Arbeit gepr\u00e4gt. Sehr viele Menschen sind mir in diesen Jahren begegnet und haben mit mir gearbeitet. Gemeinsam konnten wir Schule, Unterricht und Bildung menschenfreundlich gestalten\u201c, zieht Mann ein Fazit seiner T\u00e4tigkeit im Bistum. \u201eSicherlich belastend, aber auch pr\u00e4gend und bedeutsam war der Umgang mit den Missbrauchsf\u00e4llen und dem Aufbau von Pr\u00e4ventionsma\u00dfnahmen seit 2010. Kirchliche Einrichtungen, besonders Schulen sollen f\u00fcr Kinder und Jugendliche sichere Orte sein, daf\u00fcr werde ich mich auch weiterhin einsetzen. F\u00fcr all diese Erfahrungen und M\u00f6glichkeiten zur (Mit-)Gestaltung bin ich sehr dankbar.\u201c<\/p>\n\n\n\n<p><em>Text: Bistum Speyer Foto: privat<br>27.01.2021<\/em><\/p>\n\n\n\n<h2 class=\"wp-block-heading\"><strong>Di\u00f6zesanversammlung tagt am 30. Januar digital<\/strong><\/h2>\n\n\n\n<h3 class=\"wp-block-heading\"><strong>Auf der Tagesordnung stehen Missbrauch und Pr\u00e4vention, pastorale Schwerpunkte und das Thema Ehrenamt<\/strong><\/h3>\n\n\n\n<figure class=\"wp-block-image\"><img decoding=\"async\" loading=\"lazy\" width=\"800\" height=\"565\" src=\"https:\/\/speyer24news.com\/wp-content\/uploads\/2021\/01\/binary-code-475664_1920.jpg\" alt=\"\" class=\"wp-image-32401\" srcset=\"https:\/\/speyer24news.com\/wp-content\/uploads\/2021\/01\/binary-code-475664_1920.jpg 800w, https:\/\/speyer24news.com\/wp-content\/uploads\/2021\/01\/binary-code-475664_1920-300x212.jpg 300w, https:\/\/speyer24news.com\/wp-content\/uploads\/2021\/01\/binary-code-475664_1920-768x542.jpg 768w\" sizes=\"(max-width: 800px) 100vw, 800px\" \/><\/figure>\n\n\n\n<p>Am Samstag, den 30. Januar, findet die zweite Di\u00f6zesanversammlung des Bistums Speyer statt. Coronabedingt tagen die Delegierten in Form einer Videokonferenz von 9 bis 16 Uhr. Auf der Tagesordnung steht unter anderem die Hinzuwahl von sechs weiteren Mitgliedern. Aufgrund der Durchf\u00fchrung der Versammlung als Videokonferenz werden jedoch nur die Benennung und die Erstellung der Kandidatenliste erfolgen. Die eigentliche Wahl findet im Anschluss an die Di\u00f6zesanversammlung als Briefwahl statt.<\/p>\n\n\n\n<p>Weiter Themen sind die aktuelle Situation zum Thema Missbrauch und Pr\u00e4vention, die Feier von Gottesdiensten in der Pandemie sowie die pastoralen Schwerpunkt im Blick auf die finanziellen Mittel. Dazu werden die Ergebnisse der Priorisierungsumfrage im Nachgang zur ersten Di\u00f6zesanversammlung und Sparvorschl\u00e4ge der Bistumsleitung vorgestellt. Au\u00dferdem soll das Eckpunktepapier Ehrenamt des Bistums verabschiedet und die entsprechende Homepage zum Thema Ehrenamt freigeschaltet werden.<\/p>\n\n\n\n<p>Die Di\u00f6zesanversammlung hat die Aufgabe, die Themen und Anliegen der verschiedenen di\u00f6zesanen Gremien zusammenzuf\u00fchren und den Bischof zu beraten. Sie setzt sich zusammen aus den Mitgliedern des Allgemeinen Geistlichen Rates, des Priesterrates und des Katholikenrates sowie Vertreterinnen und Vertreter der St\u00e4ndigen Diakone, der Pastoral- und Gemeindereferent\/innen, der Ordensleute, des Di\u00f6zesansteuerrates und des Caritasverbandes. Die Di\u00f6zesanversammlung kann weitere Mitglieder hinzuw\u00e4hlen. Auch der Bischof kann zus\u00e4tzliche Mitglieder berufen. Aktuell geh\u00f6ren der Di\u00f6zesanversammlung 111 stimmberechtigte Mitglieder an. Im Sinn des Kirchenrechts nimmt die Di\u00f6zesanversammlung die Aufgaben eines Di\u00f6zesanpastoralrates f\u00fcr das Bistum Speyer wahr.<\/p>\n\n\n\n<p><strong>Weitere Informationen:<\/strong><\/p>\n\n\n\n<p><a href=\"https:\/\/www.bistum-speyer.de\/bistum\/aufbau\/raetekommissionen\/dioezesanversammlung\/?print=194\">https:\/\/www.bistum-speyer.de\/bistum\/aufbau\/raetekommissionen\/dioezesanversammlung\/?print=194<\/a><\/p>\n\n\n\n<p><em>Bistum Speyer<br>27.01.2021<\/em><\/p>\n\n\n\n<h2 class=\"wp-block-heading\"><strong>Hilfe im Sterben<\/strong><\/h2>\n\n\n\n<h3 class=\"wp-block-heading\">Kirchenpr\u00e4sident Christian Schad hat Stellung bezogen zur Debatte \u00fcber den assistierten Suizid in diakonischen Einrichtungen.<\/h3>\n\n\n\n<div class=\"wp-block-image\"><figure class=\"aligncenter\"><img decoding=\"async\" src=\"https:\/\/speyer24news.com\/wp-content\/uploads\/2020\/01\/Christian-Schad-Portr\u00e4t-Ev.-Kirche.jpg\" alt=\"\" class=\"wp-image-24406\"\/><\/figure><\/div>\n\n\n\n<p><strong>Speyer (lk) &#8211; <\/strong>In seiner Replik auf den Artikel in der Frankfurter Allgemeinen Zeitung (FAZ) \u201eDen assistierten professionellen Suizid erm\u00f6glichen\u201c pl\u00e4diert Kirchenpr\u00e4sident Christian Schad daf\u00fcr, \u201eden assistierten Suizid in diakonischen Einrichtungen weder selbst durchzuf\u00fchren noch diesen durch Andere durchf\u00fchren zu lassen. Also nicht Hilfe zum Sterben anzubieten, vielmehr Hilfe im Sterben.\u201c<\/p>\n\n\n\n<p>Die Entscheidung des Bundesverfassungsgerichts vom Februar 2020 zum Selbstbestimmungsrecht des Einzelnen in Bezug auf das eigene Sterben hat eine breite gesellschaftliche Debatte ausgel\u00f6st. Das h\u00f6chste deutsche Gericht hat den Gesetzgeber aufgefordert, t\u00e4tig zu werden.<\/p>\n\n\n\n<p>Im Rahmen der Diskussion haben der Vorsitzende der Kammer f\u00fcr \u00f6ffentliche Verantwortung der Evangelische Kirche in Deutschland (EKD), Reiner Anselm, die praktische Theologin Isolde Karle sowie Ulrich Lilie, der Pr\u00e4sident der Diakonie Deutschland, einen Meinungsbeitrag geleistet, der am 11. Januar 2021 in der FAZ ver\u00f6ffentlicht worden ist. An dem Diskussionsprozess, der zu dem Beitrag f\u00fchrte, hatten sich auch Landesbischof Ralf Meister (Hannover), EKD-Ratsmitglied Jacob Joussen sowie der Palliativmediziner Friedemann Nauck beteiligt und den Artikel als Mitautoren mitgezeichnet.<\/p>\n\n\n\n<p>Kirchenpr\u00e4sident Schad, der auch Vorsitzender des Verwaltungsrats der Diakonissen Speyer ist, wendet ein: \u201eWir k\u00f6nnen viel in unserem Leben selbst bestimmen, nicht aber \u00fcber das Leben.\u201c \u00c4rzte h\u00e4tten ihre Patienten gewissenhaft \u00fcber die medizinischen Handlungsm\u00f6glichkeiten aufzukl\u00e4ren. Ihre Verantwortung k\u00f6nne sich nicht darin ersch\u00f6pfen, einem verzweifelten Todeswunsch nur stattzugeben. Er sei vielmehr als Hilferuf zu verstehen. \u201eDie umfassende palliative Begleitung ist die wichtigste Antwort auf die gegenw\u00e4rtige Suiziddebatte\u201c, so Schad.<\/p>\n\n\n\n<p>Wenn es so weit sei, dass die&nbsp; therapeutische Bem\u00fchung&nbsp; um die Erhaltung des Lebens in die Begleitung im Sterben \u00fcbergehe, k\u00f6nne die Sterbephase als Teil des Lebens angenommen werden. Die diakonischen Einrichtungen h\u00e4tten somit die Aufgabe, die Leiden eines Sterbenden, so weit als m\u00f6glich mitzutragen und zu versuchen, sie ertr\u00e4glich zu machen.<\/p>\n\n\n\n<p>Mehr zum Thema:\u00a0<a rel=\"noreferrer noopener\" href=\"https:\/\/deref-web.de\/mail\/client\/TRw7-r4o0uM\/dereferrer\/?redirectUrl=https%3A%2F%2Fwww.diakonie.de%2Fjournal%2Fselbstbestimmt-sterben\" target=\"_blank\">https:\/\/www.diakonie.de\/journal\/selbstbestimmt-sterben<\/a><\/p>\n\n\n\n<p><em>27.01.2021<\/em><\/p>\n","protected":false},"excerpt":{"rendered":"<div class=\"mh-excerpt\"><p>\u00d6kumenisch ausgewiesene und profilierte Pers\u00f6nlichkeit Der Vorstand des Evangelischen Bundes hat Kirchenpr\u00e4sident Christian Schad einstimmig zum Pr\u00e4sidenten gew\u00e4hlt. Speyer (lk) &#8211; Der Zentralvorstand des Evangelischen Bundes hat am 26. Januar 2021 das Ergebnis der Wahl <a class=\"mh-excerpt-more\" href=\"https:\/\/speyer24news.com\/?p=32568\" title=\"Kirche\">[&#8230;]<\/a><\/p>\n<\/div>","protected":false},"author":3,"featured_media":0,"comment_status":"open","ping_status":"open","sticky":false,"template":"","format":"standard","meta":{"_monsterinsights_skip_tracking":false,"_monsterinsights_sitenote_active":false,"_monsterinsights_sitenote_note":"","_monsterinsights_sitenote_category":0,"footnotes":""},"categories":[120],"tags":[9515,9511,174,9514,9513,187,2360,5132,9510,121,4314,4066,9507,9508,5391,9128,6,4065,9512,9509],"aioseo_notices":[],"amp_enabled":true,"_links":{"self":[{"href":"https:\/\/speyer24news.com\/index.php?rest_route=\/wp\/v2\/posts\/32568"}],"collection":[{"href":"https:\/\/speyer24news.com\/index.php?rest_route=\/wp\/v2\/posts"}],"about":[{"href":"https:\/\/speyer24news.com\/index.php?rest_route=\/wp\/v2\/types\/post"}],"author":[{"embeddable":true,"href":"https:\/\/speyer24news.com\/index.php?rest_route=\/wp\/v2\/users\/3"}],"replies":[{"embeddable":true,"href":"https:\/\/speyer24news.com\/index.php?rest_route=%2Fwp%2Fv2%2Fcomments&post=32568"}],"version-history":[{"count":1,"href":"https:\/\/speyer24news.com\/index.php?rest_route=\/wp\/v2\/posts\/32568\/revisions"}],"predecessor-version":[{"id":32576,"href":"https:\/\/speyer24news.com\/index.php?rest_route=\/wp\/v2\/posts\/32568\/revisions\/32576"}],"wp:attachment":[{"href":"https:\/\/speyer24news.com\/index.php?rest_route=%2Fwp%2Fv2%2Fmedia&parent=32568"}],"wp:term":[{"taxonomy":"category","embeddable":true,"href":"https:\/\/speyer24news.com\/index.php?rest_route=%2Fwp%2Fv2%2Fcategories&post=32568"},{"taxonomy":"post_tag","embeddable":true,"href":"https:\/\/speyer24news.com\/index.php?rest_route=%2Fwp%2Fv2%2Ftags&post=32568"}],"curies":[{"name":"wp","href":"https:\/\/api.w.org\/{rel}","templated":true}]}}