{"id":32626,"date":"2021-01-28T11:20:10","date_gmt":"2021-01-28T10:20:10","guid":{"rendered":"https:\/\/speyer24news.com\/?p=32626"},"modified":"2021-01-30T08:22:38","modified_gmt":"2021-01-30T07:22:38","slug":"geschwindigkeitsmessungen-blitzer-5","status":"publish","type":"post","link":"https:\/\/speyer24news.com\/?p=32626","title":{"rendered":"Geschwindigkeitsmessungen \/ Blitzer"},"content":{"rendered":"<style type=\"text\/css\">\r\n\t.ads_top_disp{}\r\n\t.ads_top_corner_disp{ float:left; margin:0px 10px 10px 0px; }\r\n\t.ads_first_p_disp{}\r\n\t.ads_bottom_disp{}\r\n\t<\/style>\n<h2 class=\"wp-block-heading\">Geschwindigkeitskontrollen im Februar im Pr\u00e4sidialbereich Rheinpfalz<\/h2>\n\n\n\n<figure class=\"wp-block-image\"><img decoding=\"async\" src=\"https:\/\/speyer24news.com\/wp-content\/uploads\/2020\/01\/Radarkontrolle_1.jpg\" alt=\"\" class=\"wp-image-23873\"\/><\/figure>\n\n\n\n<p>Im Bereich der&nbsp;<strong>Polizeidirektion Ludwigshafen<\/strong>&nbsp;finden wie folgt Kontrollen statt:<\/p>\n\n\n\n<ul><li>Freitag 05.02.2021 im Bereich Speyer<\/li><li>Mittwoch 10.02.2021 im Bereich Ludwigshafen<\/li><li>Freitag 19.02.2021 im Bereich Maxdorf<\/li><li>Dienstag 23.02.2021 im Bereich Frankenthal<\/li><\/ul>\n\n\n\n<p>Im Bereich der&nbsp;<strong>Polizeidirektion Landau<\/strong>&nbsp;finden wie folgt Kontrollen statt:<\/p>\n\n\n\n<ul><li>Dienstag 02.02.2021 im Bereich Kandel-H\u00f6fen<\/li><li>Freitag 12.02.2021 im Bereich Eschbach<\/li><li>Mittwoch 17.02.2021 im Bereich Kandel-H\u00f6fen<\/li><li>Mittwoch 24.02.2021 im Bereich Eschbach<\/li><\/ul>\n\n\n\n<p>Im Bereich der&nbsp;<strong>Polizeidirektion Neustadt<\/strong>&nbsp;finden wie folgt Kontrollen statt:<\/p>\n\n\n\n<ul><li>Donnerstag 11.02.2021 im Bereich Gr\u00fcnstadt<\/li><li>Dienstag 16.02.2021 im Bockenheim<\/li><li>Montag 22.02.2021 im Bereich Bad D\u00fcrkheim<\/li><li>Freitag 26.02.2021 im Bereich Ha\u00dfloch<\/li><\/ul>\n\n\n\n<p>Die Polizei weist ausdr\u00fccklich darauf hin, dass Kontrollen auch au\u00dferhalb der genannten Zeiten und \u00d6rtlichkeiten stattfinden.<\/p>\n\n\n\n<p><em>Polizeipr\u00e4sidium Rheinpfalz<br>30.01.2021<\/em><\/p>\n\n\n\n<h2 class=\"wp-block-heading\"><strong>Radarkontrollen f\u00fcr die Woche vom 1. Februar bis 7. Februar 2021<\/strong><\/h2>\n\n\n\n<figure class=\"wp-block-image\"><img decoding=\"async\" loading=\"lazy\" width=\"800\" height=\"450\" src=\"https:\/\/speyer24news.com\/wp-content\/uploads\/2020\/12\/Blitzer-Logo.jpg\" alt=\"\" class=\"wp-image-31938\" srcset=\"https:\/\/speyer24news.com\/wp-content\/uploads\/2020\/12\/Blitzer-Logo.jpg 800w, https:\/\/speyer24news.com\/wp-content\/uploads\/2020\/12\/Blitzer-Logo-300x169.jpg 300w, https:\/\/speyer24news.com\/wp-content\/uploads\/2020\/12\/Blitzer-Logo-768x432.jpg 768w, https:\/\/speyer24news.com\/wp-content\/uploads\/2020\/12\/Blitzer-Logo-678x381.jpg 678w\" sizes=\"(max-width: 800px) 100vw, 800px\" \/><\/figure>\n\n\n\n<p><strong>(Ludwigshafen) &#8211; <\/strong>Die Stadt Ludwigshafen nimmt in folgenden Stadtteilen Radarkontrollen vor.<\/p>\n\n\n\n<ul><li><strong>Montag, 1. Februar: Edigheim, Pfingstweide und Oppau<\/strong><\/li><li><strong>Dienstag, 2. Februar: S\u00fcd, Mitte und Nord<\/strong><\/li><li><strong>Mittwoch, 3. Februar: Maudach, S\u00fcd und Friesenheim<\/strong><\/li><li><strong>Donnerstag, 4. Februar: Oggersheim, Rheing\u00f6nheim und Ruchheim<\/strong><\/li><li><strong>Freitag, 5. Februar: Gartenstadt, Nord und Mundenheim<\/strong><\/li><li><strong>Samstag, 6. Februar: Friesenheim und West<\/strong><\/li><\/ul>\n\n\n\n<p>Kurzfristige \u00c4nderungen beh\u00e4lt sich der Bereich Stra\u00dfenverkehr vor. Kontrollen k\u00f6nnen auch kurzfristig an anderen Stellen stattfinden.<\/p>\n\n\n\n<p><em>Stadt Ludwigshafen am Rhein<br>28.01.2021<\/em><\/p>\n\n\n\n<h2 class=\"wp-block-heading\">Geschwindigkeitskontrollen f\u00fcr die Woche vom 1. bis 5. Februar<\/h2>\n\n\n\n<figure class=\"wp-block-image\"><img decoding=\"async\" loading=\"lazy\" width=\"640\" height=\"497\" src=\"https:\/\/speyer24news.com\/wp-content\/uploads\/2020\/12\/Blitzer-2.jpg\" alt=\"\" class=\"wp-image-31937\" srcset=\"https:\/\/speyer24news.com\/wp-content\/uploads\/2020\/12\/Blitzer-2.jpg 640w, https:\/\/speyer24news.com\/wp-content\/uploads\/2020\/12\/Blitzer-2-300x233.jpg 300w\" sizes=\"(max-width: 640px) 100vw, 640px\" \/><\/figure>\n\n\n\n<p><strong>(Mannheim) &#8211; <\/strong>Die Stadt Mannheim f\u00fchrt vom 1. bis 5. Februar in folgenden Stra\u00dfen mobile Geschwindigkeitskontrollen durch:<\/p>\n\n\n\n<ul><li><strong>Auf dem Sand<\/strong><\/li><li><strong>Badener Stra\u00dfe<\/strong><\/li><li><strong>Badenweilerstra\u00dfe (Spielstra\u00dfe)<\/strong><\/li><li><strong>B\u00e4ckerweg<\/strong><\/li><li><strong>Kloppenheimer Stra\u00dfe<\/strong><\/li><li><strong>Kolmarer Stra\u00dfe<\/strong><\/li><li><strong>Mannheimer Stra\u00dfe<\/strong><\/li><li><strong>Offenburger Stra\u00dfe<\/strong><\/li><li><strong>R\u00fcdesheimer Stra\u00dfe<\/strong><\/li><li><strong>Sachsenstra\u00dfe<\/strong><\/li><li><strong>Schwabenstra\u00dfe<\/strong><\/li><li><strong>Seckenheimer Hauptstra\u00dfe<\/strong><\/li><li><strong>Stra\u00dfburger Ring<\/strong><\/li><li><strong>Th\u00fcringer Stra\u00dfe<\/strong><\/li><\/ul>\n\n\n\n<p>Kurzfristige \u00c4nderungen oder zus\u00e4tzliche Messstellen sind aus aktuellem Anlass m\u00f6glich.<\/p>\n\n\n\n<p><em>Stadt Mannheim<br>28.01.2021<\/em><\/p>\n","protected":false},"excerpt":{"rendered":"<div class=\"mh-excerpt\"><p>Geschwindigkeitskontrollen im Februar im Pr\u00e4sidialbereich Rheinpfalz Im Bereich der&nbsp;Polizeidirektion Ludwigshafen&nbsp;finden wie folgt Kontrollen statt: Freitag 05.02.2021 im Bereich Speyer Mittwoch 10.02.2021 im Bereich Ludwigshafen Freitag 19.02.2021 im Bereich Maxdorf Dienstag 23.02.2021 im Bereich Frankenthal Im <a class=\"mh-excerpt-more\" href=\"https:\/\/speyer24news.com\/?p=32626\" title=\"Geschwindigkeitsmessungen \/ Blitzer\">[&#8230;]<\/a><\/p>\n<\/div>","protected":false},"author":3,"featured_media":0,"comment_status":"open","ping_status":"open","sticky":false,"template":"","format":"standard","meta":{"_monsterinsights_skip_tracking":false,"_monsterinsights_sitenote_active":false,"_monsterinsights_sitenote_note":"","_monsterinsights_sitenote_category":0,"footnotes":""},"categories":[64],"tags":[984,18,4819,4814,3759,3758,60,19,4822,4817,4228,947,4820,4815,159,180,2435,779,4821,4816,153,56,155,227,17,8936,8935,8916,9563,8934,8937,8911,7068,7004,9562,7701,949,8928,8927,8914,8903,8926,8929,8908,4818,4813,8902,5986,1310,948,8932,8931,8915,8930,8933,6],"aioseo_notices":[],"amp_enabled":true,"_links":{"self":[{"href":"https:\/\/speyer24news.com\/index.php?rest_route=\/wp\/v2\/posts\/32626"}],"collection":[{"href":"https:\/\/speyer24news.com\/index.php?rest_route=\/wp\/v2\/posts"}],"about":[{"href":"https:\/\/speyer24news.com\/index.php?rest_route=\/wp\/v2\/types\/post"}],"author":[{"embeddable":true,"href":"https:\/\/speyer24news.com\/index.php?rest_route=\/wp\/v2\/users\/3"}],"replies":[{"embeddable":true,"href":"https:\/\/speyer24news.com\/index.php?rest_route=%2Fwp%2Fv2%2Fcomments&post=32626"}],"version-history":[{"count":3,"href":"https:\/\/speyer24news.com\/index.php?rest_route=\/wp\/v2\/posts\/32626\/revisions"}],"predecessor-version":[{"id":32663,"href":"https:\/\/speyer24news.com\/index.php?rest_route=\/wp\/v2\/posts\/32626\/revisions\/32663"}],"wp:attachment":[{"href":"https:\/\/speyer24news.com\/index.php?rest_route=%2Fwp%2Fv2%2Fmedia&parent=32626"}],"wp:term":[{"taxonomy":"category","embeddable":true,"href":"https:\/\/speyer24news.com\/index.php?rest_route=%2Fwp%2Fv2%2Fcategories&post=32626"},{"taxonomy":"post_tag","embeddable":true,"href":"https:\/\/speyer24news.com\/index.php?rest_route=%2Fwp%2Fv2%2Ftags&post=32626"}],"curies":[{"name":"wp","href":"https:\/\/api.w.org\/{rel}","templated":true}]}}