{"id":32699,"date":"2021-02-01T09:26:38","date_gmt":"2021-02-01T08:26:38","guid":{"rendered":"https:\/\/speyer24news.com\/?p=32699"},"modified":"2021-02-01T09:26:39","modified_gmt":"2021-02-01T08:26:39","slug":"rhein-pfalz-kreis-62","status":"publish","type":"post","link":"https:\/\/speyer24news.com\/?p=32699","title":{"rendered":"Rhein-Pfalz-Kreis"},"content":{"rendered":"<style type=\"text\/css\">\r\n\t.ads_top_disp{}\r\n\t.ads_top_corner_disp{ float:left; margin:0px 10px 10px 0px; }\r\n\t.ads_first_p_disp{}\r\n\t.ads_bottom_disp{}\r\n\t<\/style>\n<h1 class=\"wp-block-heading\" style=\"text-align:center\">Coronavirus &#8211; Fallzahlen<\/h1>\n\n\n\n<figure class=\"wp-block-image\"><img decoding=\"async\" loading=\"lazy\" width=\"800\" height=\"400\" src=\"https:\/\/speyer24news.com\/wp-content\/uploads\/2020\/02\/virus-1812092_1920.jpg\" alt=\"\" class=\"wp-image-25128\" srcset=\"https:\/\/speyer24news.com\/wp-content\/uploads\/2020\/02\/virus-1812092_1920.jpg 800w, https:\/\/speyer24news.com\/wp-content\/uploads\/2020\/02\/virus-1812092_1920-300x150.jpg 300w, https:\/\/speyer24news.com\/wp-content\/uploads\/2020\/02\/virus-1812092_1920-768x384.jpg 768w\" sizes=\"(max-width: 800px) 100vw, 800px\" \/><\/figure>\n\n\n\n<h2 class=\"wp-block-heading\">Freitag, 29.01.2021<\/h2>\n\n\n\n<p>Die Kreisverwaltung Rhein-Pfalz-Kreis \u00fcbermittelt\neine \u00dcbersicht der Infektionszahlen aus ihrem Zust\u00e4ndigkeitsbereich des\nGesundheitsamtes. In den Zust\u00e4ndigkeitsbereich des Gesundheitsamtes\nRhein-Pfalz-Kreis geh\u00f6ren neben dem Landkreis auch die St\u00e4dte Ludwigshafen,\nFrankenthal und Speyer. <\/p>\n\n\n\n<p>Insgesamt\nwurden uns seit gestern <strong>64<\/strong> F\u00e4lle im Rhein-Pfalz-Kreis, Frankenthal,\nLudwigshafen und Speyer gemeldet.<\/p>\n\n\n\n<table class=\"wp-block-table\"><tbody><tr><td>\n  LK\/SK\/Ort\n  <\/td><td>\n  Infizierte seit Beginn der\n  Pandemie\n  <\/td><td>\n  Aktuell infizierte Personen\n  <\/td><td>\n  Heute neu infizierte Personen\n  <\/td><td>\n  Gesundete bzw. nicht mehr\n  infizierte Personen\n  <\/td><td>\n  Leider an oder mit Covid-19\n  verstorbene Personen\n  <\/td><\/tr><tr><td>\n  _AH\n  <\/td><td>\n  6\n  <\/td><td>\n  &nbsp;\n  <\/td><td>\n  &nbsp;\n  <\/td><td>\n  6\n  <\/td><td>\n  &nbsp;\n  <\/td><\/tr><tr><td>\n  Altrip\n  <\/td><td>\n  181\n  <\/td><td>\n  68\n  <\/td><td>\n  1\n  <\/td><td>\n  104\n  <\/td><td>\n  9\n  <\/td><\/tr><tr><td>\n  Beindersheim\n  <\/td><td>\n  74\n  <\/td><td>\n  12\n  <\/td><td>\n  &nbsp;\n  <\/td><td>\n  61\n  <\/td><td>\n  1\n  <\/td><\/tr><tr><td>\n  Birkenheide\n  <\/td><td>\n  54\n  <\/td><td>\n  7\n  <\/td><td>\n  &nbsp;\n  <\/td><td>\n  46\n  <\/td><td>\n  1\n  <\/td><\/tr><tr><td>\n  Bobenheim-Roxheim\n  <\/td><td>\n  198\n  <\/td><td>\n  52\n  <\/td><td>\n  &nbsp;\n  <\/td><td>\n  146\n  <\/td><td>\n  &nbsp;\n  <\/td><\/tr><tr><td>\n  B\u00f6hl-Iggelheim\n  <\/td><td>\n  290\n  <\/td><td>\n  17\n  <\/td><td>\n  1\n  <\/td><td>\n  262\n  <\/td><td>\n  11\n  <\/td><\/tr><tr><td>\n  Dannstadt-Schauernheim\n  <\/td><td>\n  188\n  <\/td><td>\n  18\n  <\/td><td>\n  &nbsp;\n  <\/td><td>\n  168\n  <\/td><td>\n  2\n  <\/td><\/tr><tr><td>\n  Dudenhofen\n  <\/td><td>\n  275\n  <\/td><td>\n  30\n  <\/td><td>\n  &nbsp;\n  <\/td><td>\n  233\n  <\/td><td>\n  12\n  <\/td><\/tr><tr><td>\n  Fu\u00dfg\u00f6nheim\n  <\/td><td>\n  53\n  <\/td><td>\n  9\n  <\/td><td>\n  &nbsp;\n  <\/td><td>\n  42\n  <\/td><td>\n  2\n  <\/td><\/tr><tr><td>\n  Gro\u00dfniedesheim\n  <\/td><td>\n  35\n  <\/td><td>\n  3\n  <\/td><td>\n  &nbsp;\n  <\/td><td>\n  32\n  <\/td><td>\n  &nbsp;\n  <\/td><\/tr><tr><td>\n  Hanhofen\n  <\/td><td>\n  66\n  <\/td><td>\n  11\n  <\/td><td>\n  &nbsp;\n  <\/td><td>\n  55\n  <\/td><td>\n  &nbsp;\n  <\/td><\/tr><tr><td>\n  Harthausen\n  <\/td><td>\n  112\n  <\/td><td>\n  23\n  <\/td><td>\n  &nbsp;\n  <\/td><td>\n  80\n  <\/td><td>\n  9\n  <\/td><\/tr><tr><td>\n  He\u00dfheim\n  <\/td><td>\n  63\n  <\/td><td>\n  9\n  <\/td><td>\n  &nbsp;\n  <\/td><td>\n  51\n  <\/td><td>\n  3\n  <\/td><\/tr><tr><td>\n  Heuchelheim\n  <\/td><td>\n  17\n  <\/td><td>\n  4\n  <\/td><td>\n  &nbsp;\n  <\/td><td>\n  13\n  <\/td><td>\n  &nbsp;\n  <\/td><\/tr><tr><td>\n  Hochdorf-Assenheim\n  <\/td><td>\n  60\n  <\/td><td>\n  7\n  <\/td><td>\n  1\n  <\/td><td>\n  52\n  <\/td><td>\n  1\n  <\/td><\/tr><tr><td>\n  Kleinniedesheim\n  <\/td><td>\n  25\n  <\/td><td>\n  7\n  <\/td><td>\n  &nbsp;\n  <\/td><td>\n  18\n  <\/td><td>\n  &nbsp;\n  <\/td><\/tr><tr><td>\n  Lambsheim\n  <\/td><td>\n  139\n  <\/td><td>\n  35\n  <\/td><td>\n  1\n  <\/td><td>\n  102\n  <\/td><td>\n  2\n  <\/td><\/tr><tr><td>\n  Limburgerhof\n  <\/td><td>\n  258\n  <\/td><td>\n  65\n  <\/td><td>\n  2\n  <\/td><td>\n  185\n  <\/td><td>\n  8\n  <\/td><\/tr><tr><td>\n  Maxdorf\n  <\/td><td>\n  242\n  <\/td><td>\n  29\n  <\/td><td>\n  &nbsp;\n  <\/td><td>\n  189\n  <\/td><td>\n  24\n  <\/td><\/tr><tr><td>\n  Mutterstadt\n  <\/td><td>\n  424\n  <\/td><td>\n  37\n  <\/td><td>\n  2\n  <\/td><td>\n  358\n  <\/td><td>\n  29\n  <\/td><\/tr><tr><td>\n  Neuhofen\n  <\/td><td>\n  186\n  <\/td><td>\n  40\n  <\/td><td>\n  1\n  <\/td><td>\n  140\n  <\/td><td>\n  6\n  <\/td><\/tr><tr><td>\n  Otterstadt\n  <\/td><td>\n  104\n  <\/td><td>\n  7\n  <\/td><td>\n  &nbsp;\n  <\/td><td>\n  95\n  <\/td><td>\n  2\n  <\/td><\/tr><tr><td>\n  R\u00f6dersheim-Gronau\n  <\/td><td>\n  62\n  <\/td><td>\n  12\n  <\/td><td>\n  &nbsp;\n  <\/td><td>\n  48\n  <\/td><td>\n  2\n  <\/td><\/tr><tr><td>\n  R\u00f6merberg\n  <\/td><td>\n  356\n  <\/td><td>\n  66\n  <\/td><td>\n  &nbsp;\n  <\/td><td>\n  281\n  <\/td><td>\n  9\n  <\/td><\/tr><tr><td>\n  Schifferstadt\n  <\/td><td>\n  670\n  <\/td><td>\n  69\n  <\/td><td>\n  1\n  <\/td><td>\n  588\n  <\/td><td>\n  13\n  <\/td><\/tr><tr><td>\n  Waldsee\n  <\/td><td>\n  145\n  <\/td><td>\n  9\n  <\/td><td>\n  &nbsp;\n  <\/td><td>\n  129\n  <\/td><td>\n  7\n  <\/td><\/tr><tr><td>\n  &nbsp;\n  <\/td><td>\n  &nbsp;\n  <\/td><td>\n  &nbsp;\n  <\/td><td>\n  &nbsp;\n  <\/td><td>\n  &nbsp;\n  <\/td><td>\n  &nbsp;\n  <\/td><\/tr><tr><td>\n  <strong>LK Rhein-Pfalz-Kreis<\/strong>\n  <\/td><td>\n  <strong>4283<\/strong>\n  <\/td><td>\n  <strong>646<\/strong>\n  <\/td><td>\n  <strong>10<\/strong>\n  <\/td><td>\n  <strong>3484<\/strong>\n  <\/td><td>\n  <strong>153<\/strong>\n  <\/td><\/tr><tr><td>\n  <strong>SK Frankenthal<\/strong>\n  <\/td><td>\n  <strong>1325<\/strong>\n  <\/td><td>\n  <strong>203<\/strong>\n  <\/td><td>\n  <strong>19<\/strong>\n  <\/td><td>\n  <strong>1085<\/strong>\n  <\/td><td>\n  <strong>37<\/strong>\n  <\/td><\/tr><tr><td>\n  <strong>SK Ludwigshafen<\/strong>\n  <\/td><td>\n  <strong>6417<\/strong>\n  <\/td><td>\n  <strong>993<\/strong>\n  <\/td><td>\n  <strong>31<\/strong>\n  <\/td><td>\n  <strong>5189<\/strong>\n  <\/td><td>\n  <strong>235<\/strong>\n  <\/td><\/tr><tr><td>\n  <strong>SK Speyer<\/strong>\n  <\/td><td>\n  <strong>1912<\/strong>\n  <\/td><td>\n  <strong>159<\/strong>\n  <\/td><td>\n  <strong>4<\/strong>\n  <\/td><td>\n  <strong>1709<\/strong>\n  <\/td><td>\n  <strong>44<\/strong>\n  <\/td><\/tr><\/tbody><\/table>\n\n\n\n<p>_AH: Personen mit Hauptwohnsitz au\u00dferhalb des\nZust\u00e4ndigkeitsbereiches des Gesundheitsamts aber mit fehlerhaften Meldekreis\n\u201eLK Rhein-Pfalz-Kreis\u201c. Es wird gepr\u00fcft, ob diese noch nachtr\u00e4glich richtig\nzugeordnet werden k\u00f6nnen. <\/p>\n\n\n\n<p><strong>Die Todeszahlen:<\/strong><\/p>\n\n\n\n<table class=\"wp-block-table\"><tbody><tr><td>\n  &nbsp;\n  <\/td><td>\n  29.01.2021\n  <\/td><\/tr><tr><td>\n  SK\n  Ludwigshafen\n  <\/td><td>\n  2\n  <\/td><\/tr><tr><td>\n  SK\n  Frankenthal\n  <\/td><td>\n  0\n  <\/td><\/tr><tr><td>\n  SK\n  Speyer\n  <\/td><td>\n  0\n  <\/td><\/tr><tr><td>\n  LK\n  Rhein-Pfalz-Kreis\n  <\/td><td>\n  1\n  <\/td><\/tr><tr><td>\n  Summe:\n  <\/td><td>\n  3\n  <\/td><\/tr><\/tbody><\/table>\n\n\n\n<p>Die betroffenen Gemeinden im Rhein-Pfalz-Kreis:<\/p>\n\n\n\n<p>He\u00dfheim<\/p>\n\n\n\n<p>Die Einrichtungen (Krankenh\u00e4user &amp; Pflege) mit Anz. <strong>neuer<\/strong> Cov19 Meldungen:<\/p>\n\n\n\n<table class=\"wp-block-table\"><tbody><tr><td>\n  Lage\n  <\/td><td><\/td><td>\n  Typ\n  <\/td><td>\n  Name\n  <\/td><\/tr><tr><td>\n  LU\n  <\/td><td>\n  &#8211;\n  <\/td><td>\n  Pflege\n  <\/td><td>\n  Mundus\n  Seniorenresidenz\n  <\/td><\/tr><\/tbody><\/table>\n\n\n\n<p>Weiterhin sind die Zahlen der mit dem\nCoronavirus infizierten Personen seit Beginn des Ausbruchs und die aktuellen\nZahlen auf den Seiten des Ministeriums f\u00fcr Soziales, Arbeit, Gesundheit und\nDemografie unter <a href=\"http:\/\/www.msagd.rlp.de\">www.msagd.rlp.de<\/a> oder www.corona.rlp einzusehen. <\/p>\n\n\n\n<p>Die Kreisverwaltung Rhein-Pfalz-Kreis weist\ndarauf hin, dass es zu Differenzen durch zeitlich versetzte Eingabezeiten zu\nden Zahlen des Landesuntersuchungsamtes bzw. des Robert-Koch-Institutes kommen\nkann.<\/p>\n\n\n\n<h2 class=\"wp-block-heading\">Donnerstag, 28.01.2021<\/h2>\n\n\n\n<p>Die Kreisverwaltung Rhein-Pfalz-Kreis \u00fcbermittelt\neine \u00dcbersicht der Infektionszahlen aus ihrem Zust\u00e4ndigkeitsbereich des\nGesundheitsamtes. In den Zust\u00e4ndigkeitsbereich des Gesundheitsamtes\nRhein-Pfalz-Kreis geh\u00f6ren neben dem Landkreis auch die St\u00e4dte Ludwigshafen,\nFrankenthal und Speyer. <\/p>\n\n\n\n<p>Insgesamt\nwurden im Rhein-Pfalz-Kreis, Frankenthal, Ludwigshafen und Speyer <strong>82<\/strong>\nF\u00e4lle seit gestern gemeldet.<\/p>\n\n\n\n<table class=\"wp-block-table\"><tbody><tr><td>\n  LK\/SK\/Ort\n  <\/td><td>\n  Infizierte seit Beginn der\n  Pandemie\n  <\/td><td>\n  Aktuell infizierte Personen\n  <\/td><td>\n  Heute neu infizierte Personen\n  <\/td><td>\n  Gesundete bzw. nicht mehr\n  infizierte Personen\n  <\/td><td>\n  Leider an oder mit Covid-19\n  verstorbene Personen\n  <\/td><\/tr><tr><td>\n  _AH\n  <\/td><td>\n  6\n  <\/td><td>\n  &nbsp;\n  <\/td><td>\n  &nbsp;\n  <\/td><td>\n  6\n  <\/td><td>\n  &nbsp;\n  <\/td><\/tr><tr><td>\n  Altrip\n  <\/td><td>\n  179\n  <\/td><td>\n  68\n  <\/td><td>\n  &nbsp;\n  <\/td><td>\n  102\n  <\/td><td>\n  9\n  <\/td><\/tr><tr><td>\n  Beindersheim\n  <\/td><td>\n  74\n  <\/td><td>\n  12\n  <\/td><td>\n  1\n  <\/td><td>\n  61\n  <\/td><td>\n  1\n  <\/td><\/tr><tr><td>\n  Birkenheide\n  <\/td><td>\n  54\n  <\/td><td>\n  7\n  <\/td><td>\n  &nbsp;\n  <\/td><td>\n  46\n  <\/td><td>\n  1\n  <\/td><\/tr><tr><td>\n  Bobenheim-Roxheim\n  <\/td><td>\n  197\n  <\/td><td>\n  54\n  <\/td><td>\n  4\n  <\/td><td>\n  143\n  <\/td><td>\n  &nbsp;\n  <\/td><\/tr><tr><td>\n  B\u00f6hl-Iggelheim\n  <\/td><td>\n  289\n  <\/td><td>\n  18\n  <\/td><td>\n  1\n  <\/td><td>\n  260\n  <\/td><td>\n  11\n  <\/td><\/tr><tr><td>\n  Dannstadt-Schauernheim\n  <\/td><td>\n  188\n  <\/td><td>\n  19\n  <\/td><td>\n  1\n  <\/td><td>\n  167\n  <\/td><td>\n  2\n  <\/td><\/tr><tr><td>\n  Dudenhofen\n  <\/td><td>\n  275\n  <\/td><td>\n  34\n  <\/td><td>\n  4\n  <\/td><td>\n  229\n  <\/td><td>\n  12\n  <\/td><\/tr><tr><td>\n  Fu\u00dfg\u00f6nheim\n  <\/td><td>\n  53\n  <\/td><td>\n  9\n  <\/td><td>\n  &nbsp;\n  <\/td><td>\n  42\n  <\/td><td>\n  2\n  <\/td><\/tr><tr><td>\n  Gro\u00dfniedesheim\n  <\/td><td>\n  35\n  <\/td><td>\n  3\n  <\/td><td>\n  &nbsp;\n  <\/td><td>\n  32\n  <\/td><td>\n  &nbsp;\n  <\/td><\/tr><tr><td>\n  Hanhofen\n  <\/td><td>\n  66\n  <\/td><td>\n  11\n  <\/td><td>\n  &nbsp;\n  <\/td><td>\n  55\n  <\/td><td>\n  &nbsp;\n  <\/td><\/tr><tr><td>\n  Harthausen\n  <\/td><td>\n  112\n  <\/td><td>\n  23\n  <\/td><td>\n  3\n  <\/td><td>\n  80\n  <\/td><td>\n  9\n  <\/td><\/tr><tr><td>\n  He\u00dfheim\n  <\/td><td>\n  63\n  <\/td><td>\n  10\n  <\/td><td>\n  &nbsp;\n  <\/td><td>\n  51\n  <\/td><td>\n  2\n  <\/td><\/tr><tr><td>\n  Heuchelheim\n  <\/td><td>\n  17\n  <\/td><td>\n  4\n  <\/td><td>\n  1\n  <\/td><td>\n  13\n  <\/td><td>\n  &nbsp;\n  <\/td><\/tr><tr><td>\n  Hochdorf-Assenheim\n  <\/td><td>\n  59\n  <\/td><td>\n  6\n  <\/td><td>\n  &nbsp;\n  <\/td><td>\n  52\n  <\/td><td>\n  1\n  <\/td><\/tr><tr><td>\n  Kleinniedesheim\n  <\/td><td>\n  25\n  <\/td><td>\n  7\n  <\/td><td>\n  &nbsp;\n  <\/td><td>\n  18\n  <\/td><td>\n  &nbsp;\n  <\/td><\/tr><tr><td>\n  Lambsheim\n  <\/td><td>\n  138\n  <\/td><td>\n  36\n  <\/td><td>\n  3\n  <\/td><td>\n  100\n  <\/td><td>\n  2\n  <\/td><\/tr><tr><td>\n  Limburgerhof\n  <\/td><td>\n  256\n  <\/td><td>\n  67\n  <\/td><td>\n  7\n  <\/td><td>\n  181\n  <\/td><td>\n  8\n  <\/td><\/tr><tr><td>\n  Maxdorf\n  <\/td><td>\n  242\n  <\/td><td>\n  30\n  <\/td><td>\n  4\n  <\/td><td>\n  188\n  <\/td><td>\n  24\n  <\/td><\/tr><tr><td>\n  Mutterstadt\n  <\/td><td>\n  423\n  <\/td><td>\n  39\n  <\/td><td>\n  1\n  <\/td><td>\n  355\n  <\/td><td>\n  29\n  <\/td><\/tr><tr><td>\n  Neuhofen\n  <\/td><td>\n  185\n  <\/td><td>\n  43\n  <\/td><td>\n  1\n  <\/td><td>\n  136\n  <\/td><td>\n  6\n  <\/td><\/tr><tr><td>\n  Otterstadt\n  <\/td><td>\n  104\n  <\/td><td>\n  8\n  <\/td><td>\n  1\n  <\/td><td>\n  94\n  <\/td><td>\n  2\n  <\/td><\/tr><tr><td>\n  R\u00f6dersheim-Gronau\n  <\/td><td>\n  62\n  <\/td><td>\n  12\n  <\/td><td>\n  &nbsp;\n  <\/td><td>\n  48\n  <\/td><td>\n  2\n  <\/td><\/tr><tr><td>\n  R\u00f6merberg\n  <\/td><td>\n  356\n  <\/td><td>\n  70\n  <\/td><td>\n  7\n  <\/td><td>\n  277\n  <\/td><td>\n  9\n  <\/td><\/tr><tr><td>\n  Schifferstadt\n  <\/td><td>\n  668\n  <\/td><td>\n  76\n  <\/td><td>\n  3\n  <\/td><td>\n  579\n  <\/td><td>\n  13\n  <\/td><\/tr><tr><td>\n  Waldsee\n  <\/td><td>\n  145\n  <\/td><td>\n  12\n  <\/td><td>\n  &nbsp;\n  <\/td><td>\n  126\n  <\/td><td>\n  7\n  <\/td><\/tr><tr><td>\n  &nbsp;\n  <\/td><td>\n  &nbsp;\n  <\/td><td>\n  &nbsp;\n  <\/td><td>\n  &nbsp;\n  <\/td><td>\n  &nbsp;\n  <\/td><td>\n  &nbsp;\n  <\/td><\/tr><tr><td>\n  <strong>LK Rhein-Pfalz-Kreis<\/strong>\n  <\/td><td>\n  <strong>4271<\/strong>\n  <\/td><td>\n  <strong>678<\/strong>\n  <\/td><td>\n  <strong>42<\/strong>\n  <\/td><td>\n  <strong>3441<\/strong>\n  <\/td><td>\n  <strong>152<\/strong>\n  <\/td><\/tr><tr><td>\n  <strong>SK Frankenthal<\/strong>\n  <\/td><td>\n  <strong>1304<\/strong>\n  <\/td><td>\n  <strong>197<\/strong>\n  <\/td><td>\n  <strong>4<\/strong>\n  <\/td><td>\n  <strong>1070<\/strong>\n  <\/td><td>\n  <strong>37<\/strong>\n  <\/td><\/tr><tr><td>\n  <strong>SK Ludwigshafen<\/strong>\n  <\/td><td>\n  <strong>6385<\/strong>\n  <\/td><td>\n  <strong>999<\/strong>\n  <\/td><td>\n  <strong>28<\/strong>\n  <\/td><td>\n  <strong>5153<\/strong>\n  <\/td><td>\n  <strong>233<\/strong>\n  <\/td><\/tr><tr><td>\n  <strong>SK Speyer<\/strong>\n  <\/td><td>\n  <strong>1908<\/strong>\n  <\/td><td>\n  <strong>167<\/strong>\n  <\/td><td>\n  <strong>6<\/strong>\n  <\/td><td>\n  <strong>1697<\/strong>\n  <\/td><td>\n  <strong>44<\/strong>\n  <\/td><\/tr><\/tbody><\/table>\n\n\n\n<p>_AH: Personen mit Hauptwohnsitz au\u00dferhalb des\nZust\u00e4ndigkeitsbereiches des Gesundheitsamts aber mit fehlerhaften Meldekreis\n\u201eLK Rhein-Pfalz-Kreis\u201c. Es wird gepr\u00fcft, ob diese noch nachtr\u00e4glich richtig\nzugeordnet werden k\u00f6nnen. <\/p>\n\n\n\n<p><strong>Die Todeszahlen:<\/strong><\/p>\n\n\n\n<table class=\"wp-block-table\"><tbody><tr><td>\n  &nbsp;\n  <\/td><td>\n  28.01.2021\n  <\/td><\/tr><tr><td>\n  SK\n  Ludwigshafen\n  <\/td><td>\n  3\n  <\/td><\/tr><tr><td>\n  SK\n  Frankenthal\n  <\/td><td>\n  0\n  <\/td><\/tr><tr><td>\n  SK\n  Speyer\n  <\/td><td>\n  0\n  <\/td><\/tr><tr><td>\n  LK\n  Rhein-Pfalz-Kreis\n  <\/td><td>\n  2\n  <\/td><\/tr><tr><td>\n  Summe:\n  <\/td><td>\n  5\n  <\/td><\/tr><\/tbody><\/table>\n\n\n\n<p>Die betroffenen Gemeinden im Rhein-Pfalz-Kreis:<\/p>\n\n\n\n<p>Waldsee, B\u00f6hl-Iggelheim<\/p>\n\n\n\n<p>Die Einrichtungen (Krankenh\u00e4user &amp; Pflege) mit Anz.\nneuer Cov19 Meldungen:<\/p>\n\n\n\n<table class=\"wp-block-table\"><tbody><tr><td>\n  Lage\n  <\/td><td><\/td><td>\n  Typ\n  <\/td><td>\n  Name\n  <\/td><\/tr><tr><td>\n  RPK\n  <\/td><td>\n  Limburgerhof\n  <\/td><td>\n  Pflege\n  <\/td><td>\n  Caritas\n  Altenzentrum St. Bonifatius\n  <\/td><\/tr><\/tbody><\/table>\n\n\n\n<p>Weiterhin sind die Zahlen der mit dem\nCoronavirus infizierten Personen seit Beginn des Ausbruchs und die aktuellen\nZahlen sind auf den Seiten des Ministeriums f\u00fcr Soziales, Arbeit, Gesundheit\nund Demografie unter <a href=\"http:\/\/www.msagd.rlp.de\">www.msagd.rlp.de<\/a> oder www.corona.rlp einzusehen. <\/p>\n\n\n\n<p>Die Kreisverwaltung Rhein-Pfalz-Kreis weist\ndarauf hin, dass es zu Differenzen durch zeitlich versetzte Eingabezeiten zu\nden Zahlen des Landesuntersuchungsamtes bzw. des Robert-Koch-Institutes kommen\nkann.<\/p>\n\n\n\n<h2 class=\"wp-block-heading\">Mittwoch, 27.01.2021<\/h2>\n\n\n\n<p>Die Kreisverwaltung Rhein-Pfalz-Kreis \u00fcbermittelt\neine \u00dcbersicht der Infektionszahlen aus ihrem Zust\u00e4ndigkeitsbereich des\nGesundheitsamtes. In den Zust\u00e4ndigkeitsbereich des Gesundheitsamtes\nRhein-Pfalz-Kreis geh\u00f6ren neben dem Landkreis auch die St\u00e4dte Ludwigshafen,\nFrankenthal und Speyer. <\/p>\n\n\n\n<p>Insgesamt\nwurden im Rhein-Pfalz-Kreis, Frankenthal, Ludwigshafen und Speyer <strong>72<\/strong>\nF\u00e4lle seit gestern gemeldet.<\/p>\n\n\n\n<table class=\"wp-block-table\"><tbody><tr><td>\n  LK\/SK\/Ort\n  <\/td><td>\n  Infizierte seit Beginn der\n  Pandemie\n  <\/td><td>\n  Aktuell infizierte Personen\n  <\/td><td>\n  Heute neu infizierte Personen\n  <\/td><td>\n  Gesundete bzw. nicht mehr\n  infizierte Personen\n  <\/td><td>\n  Leider an oder mit Covid-19\n  verstorbene Personen\n  <\/td><\/tr><tr><td>\n  _AH\n  <\/td><td>\n  6\n  <\/td><td>\n  &nbsp;\n  <\/td><td>\n  &nbsp;\n  <\/td><td>\n  6\n  <\/td><td>\n  &nbsp;\n  <\/td><\/tr><tr><td>\n  Altrip\n  <\/td><td>\n  179\n  <\/td><td>\n  73\n  <\/td><td>\n  &nbsp;\n  <\/td><td>\n  97\n  <\/td><td>\n  9\n  <\/td><\/tr><tr><td>\n  Beindersheim\n  <\/td><td>\n  73\n  <\/td><td>\n  12\n  <\/td><td>\n  &nbsp;\n  <\/td><td>\n  60\n  <\/td><td>\n  1\n  <\/td><\/tr><tr><td>\n  Birkenheide\n  <\/td><td>\n  54\n  <\/td><td>\n  7\n  <\/td><td>\n  1\n  <\/td><td>\n  46\n  <\/td><td>\n  1\n  <\/td><\/tr><tr><td>\n  Bobenheim-Roxheim\n  <\/td><td>\n  193\n  <\/td><td>\n  52\n  <\/td><td>\n  3\n  <\/td><td>\n  141\n  <\/td><td>\n  &nbsp;\n  <\/td><\/tr><tr><td>\n  B\u00f6hl-Iggelheim\n  <\/td><td>\n  288\n  <\/td><td>\n  19\n  <\/td><td>\n  1\n  <\/td><td>\n  259\n  <\/td><td>\n  10\n  <\/td><\/tr><tr><td>\n  Dannstadt-Schauernheim\n  <\/td><td>\n  187\n  <\/td><td>\n  18\n  <\/td><td>\n  &nbsp;\n  <\/td><td>\n  167\n  <\/td><td>\n  2\n  <\/td><\/tr><tr><td>\n  Dudenhofen\n  <\/td><td>\n  271\n  <\/td><td>\n  30\n  <\/td><td>\n  &nbsp;\n  <\/td><td>\n  229\n  <\/td><td>\n  12\n  <\/td><\/tr><tr><td>\n  Fu\u00dfg\u00f6nheim\n  <\/td><td>\n  53\n  <\/td><td>\n  10\n  <\/td><td>\n  1\n  <\/td><td>\n  41\n  <\/td><td>\n  2\n  <\/td><\/tr><tr><td>\n  Gro\u00dfniedesheim\n  <\/td><td>\n  35\n  <\/td><td>\n  3\n  <\/td><td>\n  &nbsp;\n  <\/td><td>\n  32\n  <\/td><td>\n  &nbsp;\n  <\/td><\/tr><tr><td>\n  Hanhofen\n  <\/td><td>\n  66\n  <\/td><td>\n  11\n  <\/td><td>\n  &nbsp;\n  <\/td><td>\n  55\n  <\/td><td>\n  &nbsp;\n  <\/td><\/tr><tr><td>\n  Harthausen\n  <\/td><td>\n  109\n  <\/td><td>\n  20\n  <\/td><td>\n  1\n  <\/td><td>\n  80\n  <\/td><td>\n  9\n  <\/td><\/tr><tr><td>\n  He\u00dfheim\n  <\/td><td>\n  63\n  <\/td><td>\n  10\n  <\/td><td>\n  &nbsp;\n  <\/td><td>\n  51\n  <\/td><td>\n  2\n  <\/td><\/tr><tr><td>\n  Heuchelheim\n  <\/td><td>\n  16\n  <\/td><td>\n  3\n  <\/td><td>\n  &nbsp;\n  <\/td><td>\n  13\n  <\/td><td>\n  &nbsp;\n  <\/td><\/tr><tr><td>\n  Hochdorf-Assenheim\n  <\/td><td>\n  59\n  <\/td><td>\n  6\n  <\/td><td>\n  &nbsp;\n  <\/td><td>\n  52\n  <\/td><td>\n  1\n  <\/td><\/tr><tr><td>\n  Kleinniedesheim\n  <\/td><td>\n  25\n  <\/td><td>\n  8\n  <\/td><td>\n  &nbsp;\n  <\/td><td>\n  17\n  <\/td><td>\n  &nbsp;\n  <\/td><\/tr><tr><td>\n  Lambsheim\n  <\/td><td>\n  135\n  <\/td><td>\n  33\n  <\/td><td>\n  1\n  <\/td><td>\n  100\n  <\/td><td>\n  2\n  <\/td><\/tr><tr><td>\n  Limburgerhof\n  <\/td><td>\n  247\n  <\/td><td>\n  60\n  <\/td><td>\n  13\n  <\/td><td>\n  179\n  <\/td><td>\n  8\n  <\/td><\/tr><tr><td>\n  Maxdorf\n  <\/td><td>\n  237\n  <\/td><td>\n  25\n  <\/td><td>\n  &nbsp;\n  <\/td><td>\n  188\n  <\/td><td>\n  24\n  <\/td><\/tr><tr><td>\n  Mutterstadt\n  <\/td><td>\n  422\n  <\/td><td>\n  40\n  <\/td><td>\n  2\n  <\/td><td>\n  353\n  <\/td><td>\n  29\n  <\/td><\/tr><tr><td>\n  Neuhofen\n  <\/td><td>\n  184\n  <\/td><td>\n  47\n  <\/td><td>\n  &nbsp;\n  <\/td><td>\n  131\n  <\/td><td>\n  6\n  <\/td><\/tr><tr><td>\n  Otterstadt\n  <\/td><td>\n  103\n  <\/td><td>\n  7\n  <\/td><td>\n  1\n  <\/td><td>\n  94\n  <\/td><td>\n  2\n  <\/td><\/tr><tr><td>\n  R\u00f6dersheim-Gronau\n  <\/td><td>\n  62\n  <\/td><td>\n  13\n  <\/td><td>\n  &nbsp;\n  <\/td><td>\n  47\n  <\/td><td>\n  2\n  <\/td><\/tr><tr><td>\n  R\u00f6merberg\n  <\/td><td>\n  349\n  <\/td><td>\n  65\n  <\/td><td>\n  2\n  <\/td><td>\n  275\n  <\/td><td>\n  9\n  <\/td><\/tr><tr><td>\n  Schifferstadt\n  <\/td><td>\n  665\n  <\/td><td>\n  77\n  <\/td><td>\n  6\n  <\/td><td>\n  575\n  <\/td><td>\n  13\n  <\/td><\/tr><tr><td>\n  Waldsee\n  <\/td><td>\n  145\n  <\/td><td>\n  16\n  <\/td><td>\n  &nbsp;\n  <\/td><td>\n  123\n  <\/td><td>\n  6\n  <\/td><\/tr><tr><td>\n  &nbsp;\n  <\/td><td>\n  &nbsp;\n  <\/td><td>\n  &nbsp;\n  <\/td><td>\n  &nbsp;\n  <\/td><td>\n  &nbsp;\n  <\/td><td>\n  &nbsp;\n  <\/td><\/tr><tr><td>\n  <strong>LK Rhein-Pfalz-Kreis<\/strong>\n  <\/td><td>\n  <strong>4226<\/strong>\n  <\/td><td>\n  <strong>665<\/strong>\n  <\/td><td>\n  <strong>32<\/strong>\n  <\/td><td>\n  <strong>3411<\/strong>\n  <\/td><td>\n  <strong>150<\/strong>\n  <\/td><\/tr><tr><td>\n  <strong>SK Frankenthal<\/strong>\n  <\/td><td>\n  <strong>1300<\/strong>\n  <\/td><td>\n  <strong>199<\/strong>\n  <\/td><td>\n  <strong>10<\/strong>\n  <\/td><td>\n  <strong>1064<\/strong>\n  <\/td><td>\n  <strong>37<\/strong>\n  <\/td><\/tr><tr><td>\n  <strong>SK Ludwigshafen<\/strong>\n  <\/td><td>\n  <strong>6357<\/strong>\n  <\/td><td>\n  <strong>1014<\/strong>\n  <\/td><td>\n  <strong>20<\/strong>\n  <\/td><td>\n  <strong>5112<\/strong>\n  <\/td><td>\n  <strong>231<\/strong>\n  <\/td><\/tr><tr><td>\n  <strong>SK Speyer<\/strong>\n  <\/td><td>\n  <strong>1901<\/strong>\n  <\/td><td>\n  <strong>165<\/strong>\n  <\/td><td>\n  <strong>10<\/strong>\n  <\/td><td>\n  <strong>1692<\/strong>\n  <\/td><td>\n  <strong>44<\/strong>\n  <\/td><\/tr><\/tbody><\/table>\n\n\n\n<p>_AH: Personen mit Hauptwohnsitz au\u00dferhalb des\nZust\u00e4ndigkeitsbereiches des Gesundheitsamts aber mit fehlerhaften Meldekreis\n\u201eLK Rhein-Pfalz-Kreis\u201c. Es wird gepr\u00fcft, ob diese noch nachtr\u00e4glich richtig\nzugeordnet werden k\u00f6nnen. <\/p>\n\n\n\n<p><strong>Die Todeszahlen:<\/strong><\/p>\n\n\n\n<table class=\"wp-block-table\"><tbody><tr><td>\n  &nbsp;\n  <\/td><td>\n  27.01.2021\n  <\/td><\/tr><tr><td>\n  SK\n  Ludwigshafen\n  <\/td><td>\n  5\n  <\/td><\/tr><tr><td>\n  SK\n  Frankenthal\n  <\/td><td>\n  0\n  <\/td><\/tr><tr><td>\n  SK\n  Speyer\n  <\/td><td>\n  0\n  <\/td><\/tr><tr><td>\n  LK\n  Rhein-Pfalz-Kreis\n  <\/td><td>\n  0\n  <\/td><\/tr><tr><td>\n  Summe:\n  <\/td><td>\n  5\n  <\/td><\/tr><\/tbody><\/table>\n\n\n\n<p>Die betroffenen Gemeinden im Rhein-Pfalz-Kreis:<\/p>\n\n\n\n<p>&#8211;<\/p>\n\n\n\n<p>Es sind seit gestern keine Meldungen von Einrichtungen mit\nneuen Cov19-Erkrankungen eingegangen.<\/p>\n\n\n\n<p>Weiterhin sind die Zahlen der mit dem\nCoronavirus infizierten Personen seit Beginn des Ausbruchs und die aktuellen\nZahlen sind auf den Seiten des Ministeriums f\u00fcr Soziales, Arbeit, Gesundheit\nund Demografie unter <a href=\"http:\/\/www.msagd.rlp.de\">www.msagd.rlp.de<\/a> oder www.corona.rlp einzusehen. <\/p>\n\n\n\n<p>Die Kreisverwaltung Rhein-Pfalz-Kreis weist\ndarauf hin, dass es zu Differenzen durch zeitlich versetzte Eingabezeiten zu\nden Zahlen des Landesuntersuchungsamtes bzw. des Robert-Koch-Institutes kommen\nkann.<\/p>\n\n\n\n<h2 class=\"wp-block-heading\">Dienstag, 26.01.2021<\/h2>\n\n\n\n<p>Die Kreisverwaltung Rhein-Pfalz-Kreis \u00fcbermittelt\neine \u00dcbersicht der Infektionszahlen aus ihrem Zust\u00e4ndigkeitsbereich des\nGesundheitsamtes. In den Zust\u00e4ndigkeitsbereich des Gesundheitsamtes\nRhein-Pfalz-Kreis geh\u00f6ren neben dem Landkreis auch die St\u00e4dte Ludwigshafen,\nFrankenthal und Speyer. <\/p>\n\n\n\n<p>Insgesamt\nwurden im Rhein-Pfalz-Kreis, Frankenthal, Ludwigshafen und Speyer <strong>66<\/strong>\nF\u00e4lle im Zeitraum seit gestern gemeldet.<\/p>\n\n\n\n<table class=\"wp-block-table\"><tbody><tr><td>\n  LK\/SK\/Ort\n  <\/td><td>\n  Infizierte seit Beginn der\n  Pandemie\n  <\/td><td>\n  Aktuell infizierte Personen\n  <\/td><td>\n  Heute neu infizierte Personen\n  <\/td><td>\n  Gesundete bzw. nicht mehr\n  infizierte Personen\n  <\/td><td>\n  Leider an oder mit Covid-19\n  verstorbene Personen\n  <\/td><\/tr><tr><td>\n  _AH\n  <\/td><td>\n  6\n  <\/td><td>\n  &nbsp;\n  <\/td><td>\n  &nbsp;\n  <\/td><td>\n  6\n  <\/td><td>\n  &nbsp;\n  <\/td><\/tr><tr><td>\n  Altrip\n  <\/td><td>\n  179\n  <\/td><td>\n  73\n  <\/td><td>\n  1\n  <\/td><td>\n  97\n  <\/td><td>\n  9\n  <\/td><\/tr><tr><td>\n  Beindersheim\n  <\/td><td>\n  73\n  <\/td><td>\n  12\n  <\/td><td>\n  1\n  <\/td><td>\n  60\n  <\/td><td>\n  1\n  <\/td><\/tr><tr><td>\n  Birkenheide\n  <\/td><td>\n  53\n  <\/td><td>\n  6\n  <\/td><td>\n  &nbsp;\n  <\/td><td>\n  46\n  <\/td><td>\n  1\n  <\/td><\/tr><tr><td>\n  Bobenheim-Roxheim\n  <\/td><td>\n  190\n  <\/td><td>\n  50\n  <\/td><td>\n  1\n  <\/td><td>\n  140\n  <\/td><td>\n  &nbsp;\n  <\/td><\/tr><tr><td>\n  B\u00f6hl-Iggelheim\n  <\/td><td>\n  287\n  <\/td><td>\n  18\n  <\/td><td>\n  1\n  <\/td><td>\n  259\n  <\/td><td>\n  10\n  <\/td><\/tr><tr><td>\n  Dannstadt-Schauernheim\n  <\/td><td>\n  187\n  <\/td><td>\n  18\n  <\/td><td>\n  &nbsp;\n  <\/td><td>\n  167\n  <\/td><td>\n  2\n  <\/td><\/tr><tr><td>\n  Dudenhofen\n  <\/td><td>\n  271\n  <\/td><td>\n  30\n  <\/td><td>\n  &nbsp;\n  <\/td><td>\n  229\n  <\/td><td>\n  12\n  <\/td><\/tr><tr><td>\n  Fu\u00dfg\u00f6nheim\n  <\/td><td>\n  52\n  <\/td><td>\n  12\n  <\/td><td>\n  &nbsp;\n  <\/td><td>\n  38\n  <\/td><td>\n  2\n  <\/td><\/tr><tr><td>\n  Gro\u00dfniedesheim\n  <\/td><td>\n  35\n  <\/td><td>\n  3\n  <\/td><td>\n  2\n  <\/td><td>\n  32\n  <\/td><td>\n  &nbsp;\n  <\/td><\/tr><tr><td>\n  Hanhofen\n  <\/td><td>\n  66\n  <\/td><td>\n  11\n  <\/td><td>\n  2\n  <\/td><td>\n  55\n  <\/td><td>\n  &nbsp;\n  <\/td><\/tr><tr><td>\n  Harthausen\n  <\/td><td>\n  108\n  <\/td><td>\n  19\n  <\/td><td>\n  1\n  <\/td><td>\n  80\n  <\/td><td>\n  9\n  <\/td><\/tr><tr><td>\n  He\u00dfheim\n  <\/td><td>\n  63\n  <\/td><td>\n  10\n  <\/td><td>\n  &nbsp;\n  <\/td><td>\n  51\n  <\/td><td>\n  2\n  <\/td><\/tr><tr><td>\n  Heuchelheim\n  <\/td><td>\n  16\n  <\/td><td>\n  4\n  <\/td><td>\n  &nbsp;\n  <\/td><td>\n  12\n  <\/td><td>\n  &nbsp;\n  <\/td><\/tr><tr><td>\n  Hochdorf-Assenheim\n  <\/td><td>\n  59\n  <\/td><td>\n  6\n  <\/td><td>\n  1\n  <\/td><td>\n  52\n  <\/td><td>\n  1\n  <\/td><\/tr><tr><td>\n  Kleinniedesheim\n  <\/td><td>\n  25\n  <\/td><td>\n  8\n  <\/td><td>\n  &nbsp;\n  <\/td><td>\n  17\n  <\/td><td>\n  &nbsp;\n  <\/td><\/tr><tr><td>\n  Lambsheim\n  <\/td><td>\n  134\n  <\/td><td>\n  32\n  <\/td><td>\n  2\n  <\/td><td>\n  100\n  <\/td><td>\n  2\n  <\/td><\/tr><tr><td>\n  Limburgerhof\n  <\/td><td>\n  234\n  <\/td><td>\n  48\n  <\/td><td>\n  2\n  <\/td><td>\n  178\n  <\/td><td>\n  8\n  <\/td><\/tr><tr><td>\n  Maxdorf\n  <\/td><td>\n  237\n  <\/td><td>\n  27\n  <\/td><td>\n  1\n  <\/td><td>\n  186\n  <\/td><td>\n  24\n  <\/td><\/tr><tr><td>\n  Mutterstadt\n  <\/td><td>\n  420\n  <\/td><td>\n  38\n  <\/td><td>\n  &nbsp;\n  <\/td><td>\n  353\n  <\/td><td>\n  29\n  <\/td><\/tr><tr><td>\n  Neuhofen\n  <\/td><td>\n  184\n  <\/td><td>\n  47\n  <\/td><td>\n  1\n  <\/td><td>\n  131\n  <\/td><td>\n  6\n  <\/td><\/tr><tr><td>\n  Otterstadt\n  <\/td><td>\n  102\n  <\/td><td>\n  8\n  <\/td><td>\n  1\n  <\/td><td>\n  92\n  <\/td><td>\n  2\n  <\/td><\/tr><tr><td>\n  R\u00f6dersheim-Gronau\n  <\/td><td>\n  62\n  <\/td><td>\n  13\n  <\/td><td>\n  &nbsp;\n  <\/td><td>\n  47\n  <\/td><td>\n  2\n  <\/td><\/tr><tr><td>\n  R\u00f6merberg\n  <\/td><td>\n  347\n  <\/td><td>\n  63\n  <\/td><td>\n  4\n  <\/td><td>\n  275\n  <\/td><td>\n  9\n  <\/td><\/tr><tr><td>\n  Schifferstadt\n  <\/td><td>\n  658\n  <\/td><td>\n  72\n  <\/td><td>\n  &nbsp;\n  <\/td><td>\n  573\n  <\/td><td>\n  13\n  <\/td><\/tr><tr><td>\n  Waldsee\n  <\/td><td>\n  145\n  <\/td><td>\n  16\n  <\/td><td>\n  &nbsp;\n  <\/td><td>\n  123\n  <\/td><td>\n  6\n  <\/td><\/tr><tr><td>\n  &nbsp;\n  <\/td><td>\n  &nbsp;\n  <\/td><td>\n  &nbsp;\n  <\/td><td>\n  &nbsp;\n  <\/td><td>\n  &nbsp;\n  <\/td><td>\n  &nbsp;\n  <\/td><\/tr><tr><td>\n  <strong>LK Rhein-Pfalz-Kreis<\/strong>\n  <\/td><td>\n  <strong>4193<\/strong>\n  <\/td><td>\n  <strong>644<\/strong>\n  <\/td><td>\n  <strong>21<\/strong>\n  <\/td><td>\n  <strong>3399<\/strong>\n  <\/td><td>\n  <strong>150<\/strong>\n  <\/td><\/tr><tr><td>\n  <strong>SK Frankenthal<\/strong>\n  <\/td><td>\n  <strong>1290<\/strong>\n  <\/td><td>\n  <strong>193<\/strong>\n  <\/td><td>\n  <strong>15<\/strong>\n  <\/td><td>\n  <strong>1060<\/strong>\n  <\/td><td>\n  <strong>37<\/strong>\n  <\/td><\/tr><tr><td>\n  <strong>SK Ludwigshafen<\/strong>\n  <\/td><td>\n  <strong>6335<\/strong>\n  <\/td><td>\n  <strong>1012<\/strong>\n  <\/td><td>\n  <strong>25<\/strong>\n  <\/td><td>\n  <strong>5097<\/strong>\n  <\/td><td>\n  <strong>226<\/strong>\n  <\/td><\/tr><tr><td>\n  <strong>SK Speyer<\/strong>\n  <\/td><td>\n  <strong>1891<\/strong>\n  <\/td><td>\n  <strong>156<\/strong>\n  <\/td><td>\n  <strong>5<\/strong>\n  <\/td><td>\n  <strong>1691<\/strong>\n  <\/td><td>\n  <strong>44<\/strong>\n  <\/td><\/tr><\/tbody><\/table>\n\n\n\n<p>_AH: Personen mit Hauptwohnsitz au\u00dferhalb des\nZust\u00e4ndigkeitsbereiches des Gesundheitsamts aber mit fehlerhaften Meldekreis\n\u201eLK Rhein-Pfalz-Kreis\u201c. Es wird gepr\u00fcft, ob diese noch nachtr\u00e4glich richtig\nzugeordnet werden k\u00f6nnen. <\/p>\n\n\n\n<p><strong>Die Todeszahlen:<\/strong><\/p>\n\n\n\n<table class=\"wp-block-table\"><tbody><tr><td>\n  &nbsp;\n  <\/td><td>\n  26.01.2021\n  <\/td><\/tr><tr><td>\n  SK\n  Ludwigshafen\n  <\/td><td>\n  3\n  <\/td><\/tr><tr><td>\n  SK\n  Frankenthal\n  <\/td><td>\n  0\n  <\/td><\/tr><tr><td>\n  SK\n  Speyer\n  <\/td><td>\n  0\n  <\/td><\/tr><tr><td>\n  LK\n  Rhein-Pfalz-Kreis\n  <\/td><td>\n  3\n  <\/td><\/tr><tr><td>\n  Summe:\n  <\/td><td>\n  6\n  <\/td><\/tr><\/tbody><\/table>\n\n\n\n<p>Die betroffenen Gemeinden im Rhein-Pfalz-Kreis:<\/p>\n\n\n\n<p>Schifferstadt 2x, Neuhofen<\/p>\n\n\n\n<p>Die Einrichtungen (Krankenh\u00e4user &amp; Pflege) mit Anz.\nneuer Cov19 Meldungen:<\/p>\n\n\n\n<table class=\"wp-block-table\"><tbody><tr><td>\n  Lage\n  <\/td><td><\/td><td>\n  Typ\n  <\/td><td>\n  Name\n  <\/td><\/tr><tr><td>\n  RPK\n  <\/td><td>\n  Limburgerhof\n  <\/td><td>\n  Pflege\n  <\/td><td>\n  Caritas\n  Altenzentrum St. Bonifatius\n  <\/td><\/tr><\/tbody><\/table>\n\n\n\n<p>Weiterhin sind die Zahlen der mit dem\nCoronavirus infizierten Personen seit Beginn des Ausbruchs und die aktuellen\nZahlen sind auf den Seiten des Ministeriums f\u00fcr Soziales, Arbeit, Gesundheit\nund Demografie unter <a href=\"http:\/\/www.msagd.rlp.de\">www.msagd.rlp.de<\/a> oder www.corona.rlp einzusehen. <\/p>\n\n\n\n<p>Die Kreisverwaltung Rhein-Pfalz-Kreis weist\ndarauf hin, dass es zu Differenzen durch zeitlich versetzte Eingabezeiten zu\nden Zahlen des Landesuntersuchungsamtes bzw. des Robert-Koch-Institutes kommen\nkann.<\/p>\n\n\n\n<p><em>Kreisverwaltung Rhein-Pfalz-Kreis<br>01.02.2021<\/em><\/p>\n\n\n\n<h2 class=\"wp-block-heading\"><strong>Neue Corona-Bek\u00e4mpfungs-Verordnung des Landes Rheinland-Pfalz (15. CoBeLVO) sowie neue Allgemeinverf\u00fcgung des Rhein-Pfalz-Kreises<\/strong><\/h2>\n\n\n\n<div class=\"wp-block-image\"><figure class=\"aligncenter\"><img decoding=\"async\" loading=\"lazy\" width=\"500\" height=\"500\" src=\"https:\/\/speyer24news.com\/wp-content\/uploads\/2020\/02\/virus-4810549_1920.png\" alt=\"\" class=\"wp-image-25116\" srcset=\"https:\/\/speyer24news.com\/wp-content\/uploads\/2020\/02\/virus-4810549_1920.png 500w, https:\/\/speyer24news.com\/wp-content\/uploads\/2020\/02\/virus-4810549_1920-150x150.png 150w, https:\/\/speyer24news.com\/wp-content\/uploads\/2020\/02\/virus-4810549_1920-300x300.png 300w\" sizes=\"(max-width: 500px) 100vw, 500px\" \/><\/figure><\/div>\n\n\n\n<p>Nachdem das Land Rheinland-Pfalz seine\n15. Corona Bek\u00e4mpfungsverordnung (15. CoBeLVO) bereits am vergangenen Montag\nverl\u00e4ngert hat, wird auch der Rhein-Pfalz-Kreis seine Allgemeinverf\u00fcgung &#8211; basierend\nauf der 15. CoBeLVO \u2013 bis einschlie\u00dflich 14. Februar 2021 verl\u00e4ngern.<\/p>\n\n\n\n<p>Die Verl\u00e4ngerung des Lockdowns\nbedeutet, dass alle derzeit geschlossenen Gesch\u00e4fte und Einrichtungen weiterhin\nbis mindestens 14. Februar 2021 geschlossen bleiben m\u00fcssen. <\/p>\n\n\n\n<p>Au\u00dferdem sind Zusammenk\u00fcnfte weiterhin\nnur noch im Kreise der Angeh\u00f6rigen des eigenen Hausstands und einer weiteren\nPerson erlaubt. Kinder bis einschlie\u00dflich sechs Jahren sind von der Regelung\nausgenommen. <\/p>\n\n\n\n<p>Weiterhin entf\u00e4llt die\nPr\u00e4senzpflicht an Schulen bis Mitte Februar 2021. Neben einer Notbetreuung wird\nin diesem Zeitraum Fernunterricht angeboten. Nicht aufschiebbare Pr\u00fcfungen finden\njedoch statt. <\/p>\n\n\n\n<p>Die\nAllgemeinverf\u00fcgung des Rhein-Pfalz-Kreises wird in ihrer bisherigen Form\nverl\u00e4ngert und gilt ebenso bis zum 14. Februar 2021. Das bedeutet, dass die\nAusgangsbeschr\u00e4nkungen zwischen 21 und 5 Uhr weiterhin gelten. Davon weiterhin ausgenommen sind&nbsp;<\/p>\n\n\n\n<ul><li>die Aus\u00fcbung beruflicher\nT\u00e4tigkeiten,<\/li><li>Handlungen, die zur Abwendung einer\nunmittelbaren Gefahr f\u00fcr Leib, Leben und Eigentum erforderlich sind,<\/li><li>die Inanspruchnahme akut\nnotwendiger medizinischer und veterin\u00e4rmedizinischer Versorgungsleistungen,<\/li><li>der Besuch bei Lebenspartnern,\nAlten, Kranken oder Menschen mit Einschr\u00e4nkungen (au\u00dferhalb von Einrichtungen)\nund die Wahrnehmung des Sorge- und Umgangsrechts im jeweiligen privaten\nBereich,&nbsp;<\/li><li>die Begleitung von\nunterst\u00fctzungsbed\u00fcrftigen Personen und Minderj\u00e4hrigen, die Begleitung\nSterbender und von Personen in akut lebensbedrohlichen Zust\u00e4nden sowie<\/li><li>Handlungen zur Versorgung von\nTieren einschlie\u00dflich Ausf\u00fchren (eine Person).<\/li><\/ul>\n\n\n\n<p>Auch die Verkaufsst\u00e4tten (inklusive Gastronomie) m\u00fcssen sp\u00e4testens\nab&nbsp;21 Uhr geschlossen sein.&nbsp;Alkoholkonsum in\nder \u00d6ffentlichkeit ist weiterhin verboten. \u00d6ffentliche und private Sportst\u00e4tten\nbleiben geschlossen. <\/p>\n\n\n\n<p>Des Weiteren bleiben die Beschr\u00e4nkungen beim Besuch von Alters- und\nPflegeeinrichtungen bestehen. Demnach sind Besuche nur f\u00fcr eine Person f\u00fcr eine\nStunde pro Tag und nur mit Maske gestattet. Sterbebegleitungen\nsind von dieser Regelung ausgenommen.&nbsp;Die\nEinrichtungen d\u00fcrfen von Personen mit einer Absonderungspflicht nach der\nCoBeLVO nicht betreten werden.<\/p>\n\n\n\n<p>\u201eDie Inzidenzzahl im Rhein-Pfalz-Kreis ist immer noch nicht auf einem Level, das uns beruhigen k\u00f6nnte. Unser Ziel ist es, den Inzidenzwert in Richtung max. 50 Neuinfektionen pro 100.000 Einwohner sinken zu lassen, um die Infektionsherde besser erkennen und die Verbreitung des Virus eind\u00e4mmen zu k\u00f6nnen. In Absprache mit den umliegenden St\u00e4dten Ludwigshafen und Frankenthal werden wir die Allgemeinverf\u00fcgung verl\u00e4ngern. Ich halte nichts davon zu fr\u00fch zu lockern, das w\u00e4re ein falsches Signal einer nicht vorhandenen Sicherheit. \u00a0Ein Auf und Ab zwischen Lockerungen und Einschr\u00e4nkungen f\u00fchren zu Verwirrungen und Unmut in der Bev\u00f6lkerung. Ich bin mir bewusst, dass die Verl\u00e4ngerung der Ma\u00dfnahmen die B\u00fcrgerinnen und B\u00fcrger stark in ihrem Leben einschr\u00e4nken. Aber die im Moment auftretenden und noch nicht einzusch\u00e4tzenden Mutationen erfordern weiterhin unsere Geduld und Einsicht. Ich appelliere daher an alle B\u00fcrgerinnen und B\u00fcrger des Rhein-Pfalz-Kreises weiterhin durchzuhalten und nicht nachzulassen. Unsere Gesundheit ist unser h\u00f6chstes Gut und die gilt es zu sch\u00fctzen\u201c, betont Landrat Clemens K\u00f6rner.<\/p>\n\n\n\n<p><em>Kreisverwaltung Rhein-Pfalz-Kreis<br>01.02.2021<\/em><\/p>\n\n\n\n<h2 class=\"wp-block-heading\"><strong>Pflegest\u00fctzpunkte seit 2021 unter neuen E-Mail-Adressen erreichbar<\/strong><\/h2>\n\n\n\n<figure class=\"wp-block-image\"><img decoding=\"async\" loading=\"lazy\" width=\"800\" height=\"429\" src=\"https:\/\/speyer24news.com\/wp-content\/uploads\/2021\/01\/Pflege-St\u00fctzpunkte-RLP.png\" alt=\"\" class=\"wp-image-32235\" srcset=\"https:\/\/speyer24news.com\/wp-content\/uploads\/2021\/01\/Pflege-St\u00fctzpunkte-RLP.png 800w, https:\/\/speyer24news.com\/wp-content\/uploads\/2021\/01\/Pflege-St\u00fctzpunkte-RLP-300x161.png 300w, https:\/\/speyer24news.com\/wp-content\/uploads\/2021\/01\/Pflege-St\u00fctzpunkte-RLP-768x412.png 768w\" sizes=\"(max-width: 800px) 100vw, 800px\" \/><\/figure>\n\n\n\n<p>Zum Jahreswechsel haben die Pflegest\u00fctzpunkte in\nRheinland-Pfalz ein neues EDV-System erhalten. Aus diesem Grund sind die\nFachkr\u00e4fte in den Pflegest\u00fctzpunkten unter neuen E-Mail-Adressen erreichbar. <\/p>\n\n\n\n<p>Aus dem Punkt zwischen \u201epflegestuetzpunkte\u201c und\n\u201erlp\u201c wurde ein Minuszeichen:<\/p>\n\n\n\n<ul><li>Vorher: &nbsp;&nbsp;&nbsp;&nbsp;&nbsp;&nbsp;&nbsp;&nbsp;&nbsp;&nbsp;&nbsp;&nbsp;&nbsp;&nbsp;&nbsp;&nbsp;&nbsp;&nbsp;&nbsp;&nbsp;&nbsp;&nbsp;&nbsp;&nbsp;&nbsp;&nbsp;&nbsp;&nbsp;&nbsp;&nbsp;&nbsp;&nbsp;&nbsp; <a href=\"mailto:Vorname.Name@pflegestuetzpunkte.rlp.de\">Vorname.Name@pflegestuetzpunkte.rlp.de<\/a><\/li><li>Seit dem 01.\n     Januar 2021: &nbsp;&nbsp; <a href=\"mailto:Vorname.Name@pflegestuetzpunkte-rlp.de\">Vorname.Name@pflegestuetzpunkte-rlp.de<\/a><\/li><\/ul>\n\n\n\n<p>Auf die telefonische Erreichbarkeit der\nPflegest\u00fctzpunkte hat die Systemumstellung <strong>keine<\/strong>\nAuswirkungen. <\/p>\n\n\n\n<p>Die Pflegest\u00fctzpunkte sind seit dem 01. Januar 2021\nwie folgt erreichbar:<\/p>\n\n\n\n<table class=\"wp-block-table\"><tbody><tr><td>\n  Pflegest\u00fctzpunkt\n  B\u00f6hl-Iggelheim\n  <\/td><td>\n  <a href=\"mailto:elke.pohlmann@pflegestuetzpunkte-rlp.de\">elke.pohlmann@pflegestuetzpunkte-rlp.de<\/a>\n  <\/td><\/tr><tr><td>\n  Pflegest\u00fctzpunkt\n  B\u00f6hl-Iggelheim\n  <\/td><td>\n  <a href=\"mailto:manfred.krueger@pflegestuetzpunkte-rlp.de\">manfred.krueger@pflegestuetzpunkte-rlp.de<\/a>\n  <\/td><\/tr><tr><td>\n  Pflegest\u00fctzpunkt\n  Lambsheim\n  <\/td><td>\n  <a href=\"mailto:clemens.dietz@pflegestuetzpunkte-rlp.de\">clemens.dietz@pflegestuetzpunkte-rlp.de<\/a>\n  <\/td><\/tr><tr><td>\n  Pflegest\u00fctzpunkt\n  Lambsheim\n  <\/td><td>\n  <a href=\"mailto:mechthild.bopp-mohrbacher@pflegestuetzpunkte-rlp.de\">mechthild.bopp-mohrbacher@pflegestuetzpunkte-rlp.de<\/a>\n  <\/td><\/tr><tr><td>\n  Pflegest\u00fctzpunkt\n  Limburgerhof\n  <\/td><td>\n  <a href=\"mailto:elisabeth.schwarz@pflegestuetzpunkte-rlp.de\">elisabeth.schwarz@pflegestuetzpunkte-rlp.de<\/a>\n  <\/td><\/tr><tr><td>\n  Pflegest\u00fctzpunkt\n  Limburgerhof\n  <\/td><td>\n  <a href=\"mailto:britta.schwarz@pflegestuetzpunkte-rlp.de\">britta.schwarz@pflegestuetzpunkte-rlp.de<\/a>\n  <\/td><\/tr><tr><td>\n  Pflegest\u00fctzpunkt\n  Schifferstadt\n  <\/td><td>\n  <a href=\"mailto:desiree.urban@pflegestuetzpunkte-rlp.de\">desiree.urban@pflegestuetzpunkte-rlp.de<\/a>\n  <\/td><\/tr><tr><td>\n  Pflegest\u00fctzpunkt\n  Schifferstadt\n  <\/td><td>\n  <a href=\"mailto:claudia.schoeneberger@pflegestuetzpunkte-rlp.de\">claudia.schoeneberger@pflegestuetzpunkte-rlp.de<\/a>\n  <\/td><\/tr><\/tbody><\/table>\n\n\n\n<p>Die Kontaktdaten aller rheinland-pf\u00e4lzischen\nPflegest\u00fctzpunkte findet man auf der Homepage des Sozialportals Rheinland-Pfalz\nunter<\/p>\n\n\n\n<p><a href=\"http:\/\/www.pflegestuetzpunkte.rlp.de\">www.pflegestuetzpunkte.rlp.de<\/a> oder <a href=\"https:\/\/sozialportal.rlp.de\/aeltere-menschen\/pflegestuetzpunkte\/\">https:\/\/sozialportal.rlp.de\/aeltere-menschen\/pflegestuetzpunkte\/<\/a><\/p>\n\n\n\n<p>Die 135\nPflegest\u00fctzpunkte im Land sind zentrale Anlaufstellen f\u00fcr Beratungen und\nInformationen rund um die Pflege. Sie bieten eine kostenfreie, individuelle,\nunabh\u00e4ngige und tr\u00e4ger\u00fcbergreifende Beratung f\u00fcr pflegebed\u00fcrftige Menschen und\nihre Angeh\u00f6rigen an.<\/p>\n\n\n\n<p>Die Mitarbeiter der\nPflegest\u00fctzpunkte beraten bei Fragen zur Finanzierung von Pflege und helfen bei\nAntr\u00e4gen. Hier k\u00f6nnen sich interessierte B\u00fcrgerinnen und B\u00fcrger aus Mutterstadt,\nLimburgerhof und der VG Rheinauen vertraulich, kostenlos und neutral zu Themen\nrund um die Pflege beraten lassen.<\/p>\n\n\n\n<p>Der Pflegest\u00fctzpunkt stellt kompetente Beratung aus\neiner Hand sicher und koordiniert alle Formen der Versorgung. <\/p>\n\n\n\n<p>Ziel ist es, die Versorgung hilfe- und pflegebed\u00fcrftiger Menschen zu verbessern, sodass sie m\u00f6glichst lange in ihrer h\u00e4uslichen Umgebung bleiben k\u00f6nnen. Die Pflegeberater zeigen die verschiedenen regionalen Hilfen vor Ort auf und geben Informationen dazu. Die Beratung kann im Pflegest\u00fctzpunkt oder zu Hause stattfinden. <\/p>\n\n\n\n<p><em>Kreisverwaltung Rhein-Pfalz-Kreis<br>01.02.2021<\/em><\/p>\n\n\n\n<h2 class=\"wp-block-heading\"><strong>Online-Seminar:<\/strong> <strong>Nutzung von Solarenergie &#8211; auf Dach, Balkon oder Fassade<\/strong><\/h2>\n\n\n\n<div class=\"wp-block-image\"><figure class=\"aligncenter\"><img decoding=\"async\" loading=\"lazy\" width=\"800\" height=\"646\" src=\"https:\/\/speyer24news.com\/wp-content\/uploads\/2021\/02\/haus-solaranlage-tannen21.jpg\" alt=\"\" class=\"wp-image-32702\" srcset=\"https:\/\/speyer24news.com\/wp-content\/uploads\/2021\/02\/haus-solaranlage-tannen21.jpg 800w, https:\/\/speyer24news.com\/wp-content\/uploads\/2021\/02\/haus-solaranlage-tannen21-300x242.jpg 300w, https:\/\/speyer24news.com\/wp-content\/uploads\/2021\/02\/haus-solaranlage-tannen21-768x620.jpg 768w\" sizes=\"(max-width: 800px) 100vw, 800px\" \/><\/figure><\/div>\n\n\n\n<p>Fast die H\u00e4lfte aller D\u00e4cher in\nLudwigshafen und im Rhein-Pfalz-Kreis eignen sich f\u00fcr die Nutzung von\nSolarenergie. Eine Photovoltaikanlage auf dem Dach erzeugt Strom, der selbst\ngenutzt und dessen \u00dcberschuss ins Netz eingespeist werden kann. Aber welche Bedingungen\nm\u00fcssen vorliegen und wie erf\u00e4hrt man, ob sich die Energieerzeugung auf dem Dach\nlohnt? <\/p>\n\n\n\n<p>Am Montag, 22. Februar 2021, 18 Uhr, laden die Verbraucherzentrale Rheinland-Pfalz, die Klimaschutzmanagerinnen von Stadt Ludwigshafen und des Rhein-Pfalz-Kreises sowie die Volkshochschule zu einem Online-Seminar ein. Matthias Unnath, Energieberater der Verbraucherzentrale, erkl\u00e4rt die Technik und die Grundregeln f\u00fcr den sinnvollen Einsatz von Photovoltaik auf dem Dach. Ellen Schlomka, Klimaschutzkoordinatorin der Stadt Ludwigshafen, erl\u00e4utert anschlie\u00dfend die Funktionsweise und Benutzung des Solarkatasters und dessen Wirtschaftlichkeitsrechners. Hiermit k\u00f6nnen Hausbesitzer erkennen, inwieweit ihr Geb\u00e4ude f\u00fcr die Nutzung von Solarenergie geeignet ist und ab wann sich die Anlage amortisiert.<\/p>\n\n\n\n<p>F\u00fcr die Teilnahme ben\u00f6tigen Interessierte einen Computer mit Internetzugang und Lautsprecher. Ideal ist ein Kopfh\u00f6rer. \u00dcber einen Chat k\u00f6nnen auch Fragen gestellt werden. Weitere Informationen und den Link zum Web-Seminarraum bekommen Teilnehmende nach der Anmeldung unter <a href=\"http:\/\/www.vhs-lu.de\">www.vhs-lu.de<\/a> oder unter 0621\/504-2238.<\/p>\n\n\n\n<p><em>Kreisverwaltung Rhein-Pfalz-Kreis<br>01.02.2021<\/em><\/p>\n\n\n\n<h2 class=\"wp-block-heading\"><strong>Ausbruch der Gefl\u00fcgelpest \/ Vogelgrippe im\nRhein-Pfalz-Kreis <\/strong><\/h2>\n\n\n\n<h3 class=\"wp-block-heading\"><strong>Erlass einer allgemeinen Aufstallungspflicht<\/strong><\/h3>\n\n\n\n<div class=\"wp-block-image\"><figure class=\"aligncenter\"><img decoding=\"async\" loading=\"lazy\" width=\"563\" height=\"795\" src=\"https:\/\/speyer24news.com\/wp-content\/uploads\/2021\/02\/Aufstallungsgebiet.png\" alt=\"\" class=\"wp-image-32701\" srcset=\"https:\/\/speyer24news.com\/wp-content\/uploads\/2021\/02\/Aufstallungsgebiet.png 563w, https:\/\/speyer24news.com\/wp-content\/uploads\/2021\/02\/Aufstallungsgebiet-212x300.png 212w\" sizes=\"(max-width: 563px) 100vw, 563px\" \/><\/figure><\/div>\n\n\n\n<p>Das Friedrich-Loeffler-Institut hat bei\nverendeten\nV\u00f6geln den\nAusbruch der Gefl\u00fcgelpest (H5N8, auch bekannt als Vogelgrippe) in einem\nVogelpark in Bobenheim-Roxheim festgestellt. Daraufhin hat das Veterin\u00e4ramt des\nRhein-Pfalz-Kreises eine tierseuchenrechtliche Allgemeinverf\u00fcgung zur\nAufstallung von Gefl\u00fcgel zum Schutz gegen die Gefl\u00fcgelpest erlassen, die am\nMittwoch, 27. Januar 2021 in Kraft tritt. <\/p>\n\n\n\n<p>Das Veterin\u00e4ramt des\nRhein-Pfalz-Kreises hat den Betrieb umgehend gesperrt und f\u00fchrt weitere\nUntersuchungen durch. Um eine Verbreitung des Virus zu verhindern, wurden\nbereits am Freitag alle V\u00f6gel des Vogelparks aufgestallt.<\/p>\n\n\n\n<p>Die nun erlassene Aufstallungspflicht\ngilt f\u00fcr das Gebiet der Gemeinde Bobenheim-Roxheim, die Gemeinden Neuhofen,\nAltrip, Waldsee, Otterstadt und R\u00f6merberg sowie die kreisfreien St\u00e4dte\nFrankenthal (Pfalz), Ludwigshafen am Rhein und Speyer. F\u00fcr alle Best\u00e4nde mit\ngehaltenen V\u00f6geln &#8211; wie H\u00fchner, Truth\u00fchner, Perlh\u00fchner, Rebh\u00fchner, Fasane,\nLaufv\u00f6gel, Wachteln, Enten und G\u00e4nse &#8211; gilt die Haltung in geschlossenen\nSt\u00e4llen oder unter einer Vorrichtung, die aus\neiner \u00fcberstehenden, nach oben gegen Eintr\u00e4ge gesicherten dichten Abdeckung und\nmit einer gegen das Eindringen von Wildv\u00f6geln gesicherten Seitenbegrenzung\nbestehen muss (Schutzvorrichtung). Der Kontakt zwischen Gefl\u00fcgel und Wildv\u00f6geln\nsollte unbedingt verhindert werden.<\/p>\n\n\n\n<p>Der Risikobewertung wurde dabei zugrunde\ngelegt, dass Teile des Rhein-Pfalz-Kreises, sowie der genannte St\u00e4dte,\nWildvogeldurchzugsgebiet f\u00fcr wildlebende Watt- und Wasserv\u00f6gel sind und dass in\ndiesem Gebiet mehrere Fl\u00fcsse und mehrere Feuchtgebiete vorhanden sind. Da mit\nweiteren Eintr\u00e4gen des Virus durch Wildv\u00f6gel &#8211; wie auch in anderen Regionen\nDeutschlands geschehen &#8211; gerechnet werden muss, sind die Gefl\u00fcgelbest\u00e4nde vor\nder Infektion mit dem Virus zu sch\u00fctzen.<\/p>\n\n\n\n<p>Alle Gefl\u00fcgelhalter in den genannten\nGemeinden und St\u00e4dten, die ihrer Pflicht zur Meldung des gehaltenen Fl\u00fcgels\nbisher noch nicht nachgekommen sind, haben die Haltung von Gefl\u00fcgel\nunverz\u00fcglich beim Veterin\u00e4ramt der Kreisverwaltung Rhein-Pfalz-Kreis\nanzuzeigen.<\/p>\n\n\n\n<h4 class=\"wp-block-heading\"><strong>Hygienema\u00dfnahmen\nzum Schutz vor Vogelgrippe<\/strong><\/h4>\n\n\n\n<p>Das Landesuntersuchungsamt r\u00e4t\nangesichts der sich ausbreitenden Vogelgrippe allen Gefl\u00fcgelhaltern im Land,\nihre Biosicherheitsma\u00dfnahmen erneut zu \u00fcberpr\u00fcfen und einen direkten oder\nindirekten Kontakt zu Wildv\u00f6geln unbedingt zu verhindern. Mit diesen Ma\u00dfnahmen\nkann der Eintrag der Viren verhindert werden: <\/p>\n\n\n\n<ul><li>Gefl\u00fcgel darf nur an Stellen gef\u00fcttert werden,\ndie f\u00fcr Wildv\u00f6gel unerreichbar sind. Ebenso ist gesetzlich vorgeschrieben, dass\nFutter, Einstreu und Dinge mit denen Gefl\u00fcgel in Ber\u00fchrung kommt, gesch\u00fctzt\ngelagert werden m\u00fcssen.<\/li><li>Oberfl\u00e4chenwasser, das f\u00fcr Wildv\u00f6gel zug\u00e4nglich\nist und mit Kot verschmutzt sein kann, darf nicht zum Tr\u00e4nken benutzt werden. <\/li><li>Gr\u00fcnfutter von Wiesen, auf denen Wasserv\u00f6gel\ngrasen oder rasten ist ungeeignet. Ebenso ung\u00fcnstig ist das Verf\u00fcttern von\nSpeiseresten und Eierschalen. <\/li><li>Um M\u00e4use und Ratten fernzuhalten muss der\nFuttervorrat unter Verschluss gehalten werden. Schadnager m\u00fcssen bek\u00e4mpft\nwerden, denn sie \u00fcbertragen zahlreiche Krankheitserreger.<\/li><li>Im Stall sollte stalleigene Kleidung\n(Kittel\/Overall) statt Stra\u00dfenkleidung getragen werden. Besonders wichtig sind\nGummistiefel oder -clogs, die ausschlie\u00dflich im Stall getragen werden und\ndortbleiben. Eine Desinfektion des Schuhwerks ist optimal. <\/li><li>Fremde Personen sollten den Stall momentan nur\nmit triftigem Grund betreten und nur mit Schutzkleidung. Vor dem Betreten und\nnach dem Verlassen des Stalls sollten die H\u00e4nde gewaschen und desinfiziert\nwerden. <\/li><li>Nur wenn es wirklich n\u00f6tig ist, sollten\nGer\u00e4tschaften anderer Gefl\u00fcgelhalter geliehen werden. Vor der Abgabe m\u00fcssen sie\ngereinigt und desinfiziert werden. <\/li><li>Den Kontakt zu fremdem Gefl\u00fcgel sollte man\naktuell ebenso vermeiden wie den Kauf oder Tausch neuer Tiere unter\nZ\u00fcchterkollegen. L\u00e4sst sich ein Neubesatz nicht umgehen, sollten Neuank\u00f6mmlinge\nf\u00fcr mehrere Tage in Quarant\u00e4ne. <\/li><li>Katzen k\u00f6nnen die Erreger \u00fcbertragen und m\u00fcssen\ndeshalb von allen Vogelhaltungen ferngehalten werden. <\/li><\/ul>\n\n\n\n<h4 class=\"wp-block-heading\"><strong>Hintergrund:<\/strong><\/h4>\n\n\n\n<p>Seit Oktober 2020 breitet sich die Gefl\u00fcgelpest massiv in der Wildvogelpopulation in Deutschland und Europa aus. Zuletzt sind nun auch zunehmend Gefl\u00fcgelbest\u00e4nde betroffen. Die Klassische Gefl\u00fcgelpest ist eine besonders schwer verlaufende Form der avi\u00e4ren Influenza (Vogelgrippe). Sie wird durch sehr virulente St\u00e4mme avi\u00e4rer Influenzaviren der Subtypen H5 und H7 hervorgerufen. Die Krankheit ist ansteckend und verl\u00e4uft bei Hausgefl\u00fcgel meist mit schweren allgemeinen Krankheitszeichen. Bei dem derzeitigen Seuchenzug gibt es keinen Hinweis, dass dieser Erreger H5N8 f\u00fcr den Menschen gef\u00e4hrlich ist. Fleisch kann ohne Bedenken weiterhin verzehrt werden. <\/p>\n\n\n\n<h4 class=\"wp-block-heading\">Lesen sie hier die Allgemeinverf\u00fcgung als pdf:<\/h4>\n\n\n\n<div class=\"wp-block-file\"><a href=\"https:\/\/speyer24news.com\/wp-content\/uploads\/2021\/02\/21-01-26-Allgemeinverf\u00fcgung-Aufstallungsgebot-AI-21.docx\">21-01-26-Allgemeinverf\u00fcgung-Aufstallungsgebot-AI-21<\/a><a href=\"https:\/\/speyer24news.com\/wp-content\/uploads\/2021\/02\/21-01-26-Allgemeinverf\u00fcgung-Aufstallungsgebot-AI-21.docx\" class=\"wp-block-file__button\" download>Herunterladen<\/a><\/div>\n\n\n\n<p><em>Kreisverwaltung Rhein-Pfalz-Kreis<br>01.02.2021<\/em><\/p>\n","protected":false},"excerpt":{"rendered":"<div class=\"mh-excerpt\"><p>Coronavirus &#8211; Fallzahlen Freitag, 29.01.2021 Die Kreisverwaltung Rhein-Pfalz-Kreis \u00fcbermittelt eine \u00dcbersicht der Infektionszahlen aus ihrem Zust\u00e4ndigkeitsbereich des Gesundheitsamtes. In den Zust\u00e4ndigkeitsbereich des Gesundheitsamtes Rhein-Pfalz-Kreis geh\u00f6ren neben dem Landkreis auch die St\u00e4dte Ludwigshafen, Frankenthal und Speyer. <a class=\"mh-excerpt-more\" href=\"https:\/\/speyer24news.com\/?p=32699\" title=\"Rhein-Pfalz-Kreis\">[&#8230;]<\/a><\/p>\n<\/div>","protected":false},"author":3,"featured_media":0,"comment_status":"open","ping_status":"open","sticky":false,"template":"","format":"standard","meta":{"_monsterinsights_skip_tracking":false,"_monsterinsights_sitenote_active":false,"_monsterinsights_sitenote_note":"","_monsterinsights_sitenote_category":0,"footnotes":""},"categories":[1564],"tags":[8975,9581,8741,8742,8706,6634,9583,9584,9582,9284,427,1565,6480,9447,9448],"aioseo_notices":[],"amp_enabled":true,"_links":{"self":[{"href":"https:\/\/speyer24news.com\/index.php?rest_route=\/wp\/v2\/posts\/32699"}],"collection":[{"href":"https:\/\/speyer24news.com\/index.php?rest_route=\/wp\/v2\/posts"}],"about":[{"href":"https:\/\/speyer24news.com\/index.php?rest_route=\/wp\/v2\/types\/post"}],"author":[{"embeddable":true,"href":"https:\/\/speyer24news.com\/index.php?rest_route=\/wp\/v2\/users\/3"}],"replies":[{"embeddable":true,"href":"https:\/\/speyer24news.com\/index.php?rest_route=%2Fwp%2Fv2%2Fcomments&post=32699"}],"version-history":[{"count":1,"href":"https:\/\/speyer24news.com\/index.php?rest_route=\/wp\/v2\/posts\/32699\/revisions"}],"predecessor-version":[{"id":32703,"href":"https:\/\/speyer24news.com\/index.php?rest_route=\/wp\/v2\/posts\/32699\/revisions\/32703"}],"wp:attachment":[{"href":"https:\/\/speyer24news.com\/index.php?rest_route=%2Fwp%2Fv2%2Fmedia&parent=32699"}],"wp:term":[{"taxonomy":"category","embeddable":true,"href":"https:\/\/speyer24news.com\/index.php?rest_route=%2Fwp%2Fv2%2Fcategories&post=32699"},{"taxonomy":"post_tag","embeddable":true,"href":"https:\/\/speyer24news.com\/index.php?rest_route=%2Fwp%2Fv2%2Ftags&post=32699"}],"curies":[{"name":"wp","href":"https:\/\/api.w.org\/{rel}","templated":true}]}}