{"id":32713,"date":"2021-02-02T08:21:51","date_gmt":"2021-02-02T07:21:51","guid":{"rendered":"https:\/\/speyer24news.com\/?p=32713"},"modified":"2021-02-02T08:21:51","modified_gmt":"2021-02-02T07:21:51","slug":"speyer-49","status":"publish","type":"post","link":"https:\/\/speyer24news.com\/?p=32713","title":{"rendered":"Speyer"},"content":{"rendered":"<style type=\"text\/css\">\r\n\t.ads_top_disp{}\r\n\t.ads_top_corner_disp{ float:left; margin:0px 10px 10px 0px; }\r\n\t.ads_first_p_disp{}\r\n\t.ads_bottom_disp{}\r\n\t<\/style>\n<h2 class=\"wp-block-heading\"><strong>Soziale Stadt Speyer &#8211; Ausschreibung zur Vergabe von Finanzmitteln aus dem Verf\u00fcgungsfonds 2021<\/strong><\/h2>\n\n\n\n<div class=\"wp-block-image\"><figure class=\"aligncenter\"><img decoding=\"async\" loading=\"lazy\" width=\"400\" height=\"268\" src=\"https:\/\/speyer24news.com\/wp-content\/uploads\/2021\/02\/Sozial-Stadt-Speyer.jpg\" alt=\"\" class=\"wp-image-32714\" srcset=\"https:\/\/speyer24news.com\/wp-content\/uploads\/2021\/02\/Sozial-Stadt-Speyer.jpg 400w, https:\/\/speyer24news.com\/wp-content\/uploads\/2021\/02\/Sozial-Stadt-Speyer-300x201.jpg 300w\" sizes=\"(max-width: 400px) 100vw, 400px\" \/><\/figure><\/div>\n\n\n\n<p>Der Verf\u00fcgungsfonds der Sozialen Stadt dient der Finanzierung kleinteiliger Ma\u00dfnahmen, Aktionen und Projekte, die zielgerichtete Effekte in den beiden Gebieten der \u201eSozialen Stadt\u201c in Speyer \u2013 also in S\u00fcd und West &#8211; bewirken. Das k\u00f6nnen Projekte sein, die den nachbarschaftlichen Zusammenhalt st\u00e4rken, wie beispielsweise gemeinschaftliches G\u00e4rtnern, aber auch integrationsf\u00f6rdernde Ma\u00dfnahmen k\u00f6nnen Ber\u00fccksichtigung finden.&nbsp;<\/p>\n\n\n\n<p>Einzelpersonen, Gruppen und Vereine k\u00f6nnen schriftliche Antr\u00e4ge auf F\u00f6rderung von Projekten stellen, die sich an den grunds\u00e4tzlichen Zielen und Handlungsans\u00e4tzen des integrierten Entwicklungskonzepts (IEK) der Sozialen Stadt orientieren.<\/p>\n\n\n\n<p>N\u00e4here Informationen, wie Ausschreibungstext und Antr\u00e4ge, erhalten Sie direkt in den beiden Quartiersb\u00fcros am Berliner Platz und in der Windthorststra\u00dfe 18 (ehemalige Sparkasse). Dort k\u00f6nnen die fertigen Antr\u00e4ge auch wieder abgegeben werden. Insgesamt wird f\u00fcr die beiden Gebiete jeweils eine Summe von 10.000 \u20ac bereitgestellt, wobei ein Zuschuss pro Ma\u00dfnahme im Regelfall 5.000 \u20ac nicht \u00fcbersteigen soll. <strong>Die Antragsfrist endet am 18. M\u00e4rz 2021<\/strong>. Danach entscheiden die Kernarbeitsgruppen \u201eSoziale Stadt\u201c \u00fcber alle g\u00fcltig eingegangenen Antr\u00e4ge. Sp\u00e4testens zwei Monate nach erfolgter Zusage soll mit den Ma\u00dfnahmen begonnen werden, die bis zum 30. November des laufenden Jahres abgerechnet sein m\u00fcssen. Die Auszahlung der Mittel erfolgt grunds\u00e4tzlich nach Abschluss der Projekte bzw. zum 31. Dezember 2021.<\/p>\n\n\n\n<p><em>Text: Stadt Speyer Foto: Speyer 24\/7 News<br>02.02.2021<\/em><\/p>\n","protected":false},"excerpt":{"rendered":"<div class=\"mh-excerpt\"><p>Soziale Stadt Speyer &#8211; Ausschreibung zur Vergabe von Finanzmitteln aus dem Verf\u00fcgungsfonds 2021 Der Verf\u00fcgungsfonds der Sozialen Stadt dient der Finanzierung kleinteiliger Ma\u00dfnahmen, Aktionen und Projekte, die zielgerichtete Effekte in den beiden Gebieten der \u201eSozialen <a class=\"mh-excerpt-more\" href=\"https:\/\/speyer24news.com\/?p=32713\" title=\"Speyer\">[&#8230;]<\/a><\/p>\n<\/div>","protected":false},"author":3,"featured_media":23902,"comment_status":"open","ping_status":"open","sticky":false,"template":"","format":"standard","meta":{"_monsterinsights_skip_tracking":false,"_monsterinsights_sitenote_active":false,"_monsterinsights_sitenote_note":"","_monsterinsights_sitenote_category":0,"footnotes":""},"categories":[9],"tags":[1315,9589,9590,9588,2316,6160,6053,9587,6,4006,96],"aioseo_notices":[],"amp_enabled":true,"_links":{"self":[{"href":"https:\/\/speyer24news.com\/index.php?rest_route=\/wp\/v2\/posts\/32713"}],"collection":[{"href":"https:\/\/speyer24news.com\/index.php?rest_route=\/wp\/v2\/posts"}],"about":[{"href":"https:\/\/speyer24news.com\/index.php?rest_route=\/wp\/v2\/types\/post"}],"author":[{"embeddable":true,"href":"https:\/\/speyer24news.com\/index.php?rest_route=\/wp\/v2\/users\/3"}],"replies":[{"embeddable":true,"href":"https:\/\/speyer24news.com\/index.php?rest_route=%2Fwp%2Fv2%2Fcomments&post=32713"}],"version-history":[{"count":1,"href":"https:\/\/speyer24news.com\/index.php?rest_route=\/wp\/v2\/posts\/32713\/revisions"}],"predecessor-version":[{"id":32715,"href":"https:\/\/speyer24news.com\/index.php?rest_route=\/wp\/v2\/posts\/32713\/revisions\/32715"}],"wp:featuredmedia":[{"embeddable":true,"href":"https:\/\/speyer24news.com\/index.php?rest_route=\/wp\/v2\/media\/23902"}],"wp:attachment":[{"href":"https:\/\/speyer24news.com\/index.php?rest_route=%2Fwp%2Fv2%2Fmedia&parent=32713"}],"wp:term":[{"taxonomy":"category","embeddable":true,"href":"https:\/\/speyer24news.com\/index.php?rest_route=%2Fwp%2Fv2%2Fcategories&post=32713"},{"taxonomy":"post_tag","embeddable":true,"href":"https:\/\/speyer24news.com\/index.php?rest_route=%2Fwp%2Fv2%2Ftags&post=32713"}],"curies":[{"name":"wp","href":"https:\/\/api.w.org\/{rel}","templated":true}]}}