{"id":32722,"date":"2021-02-02T09:15:59","date_gmt":"2021-02-02T08:15:59","guid":{"rendered":"https:\/\/speyer24news.com\/?p=32722"},"modified":"2021-02-02T09:16:01","modified_gmt":"2021-02-02T08:16:01","slug":"hassloch-78","status":"publish","type":"post","link":"https:\/\/speyer24news.com\/?p=32722","title":{"rendered":"Ha\u00dfloch"},"content":{"rendered":"<style type=\"text\/css\">\r\n\t.ads_top_disp{}\r\n\t.ads_top_corner_disp{ float:left; margin:0px 10px 10px 0px; }\r\n\t.ads_first_p_disp{}\r\n\t.ads_bottom_disp{}\r\n\t<\/style>\n<h2 class=\"wp-block-heading\">Mit Zuversicht ins neue Jahr <\/h2>\n\n\n\n<h3 class=\"wp-block-heading\">Jugend- und Kulturhaus Blaub\u00e4r ver\u00f6ffentlicht Halbjahresprogramm<\/h3>\n\n\n\n<div class=\"wp-block-image\"><figure class=\"aligncenter\"><img decoding=\"async\" loading=\"lazy\" width=\"400\" height=\"211\" src=\"https:\/\/speyer24news.com\/wp-content\/uploads\/2020\/02\/Blaub\u00e4r-Ha\u00dfloch.png\" alt=\"\" class=\"wp-image-24985\" srcset=\"https:\/\/speyer24news.com\/wp-content\/uploads\/2020\/02\/Blaub\u00e4r-Ha\u00dfloch.png 400w, https:\/\/speyer24news.com\/wp-content\/uploads\/2020\/02\/Blaub\u00e4r-Ha\u00dfloch-300x158.png 300w\" sizes=\"(max-width: 400px) 100vw, 400px\" \/><\/figure><\/div>\n\n\n\n<p>Durch den Lockdown konnte auch das Ha\u00dflocher Jugend- und Kulturhaus Blaub\u00e4r nicht wie gewohnt aus den Weihnachts- und Winterferien zur\u00fcckkehren. Der Caf\u00e9-Betrieb sowie die Angebote des Mini-Clubs m\u00fcssen derzeit <strong>bis mindestens 14. Februar 2021<\/strong> pausieren. Dennoch blickt das Blaub\u00e4r-Team mit Zuversicht auf die kommenden Monate und hat ein Programmheft f\u00fcr das erste Halbjahr 2021 erstellt, das ab sofort erh\u00e4ltlich ist.<\/p>\n\n\n\n<p>Das neue Programm beinhaltet die Mini-Club-Termine f\u00fcr die kommenden Monate. Solange dieser nicht als Pr\u00e4senzveranstaltung in den R\u00e4umlichkeiten des Blaub\u00e4rs stattfinden kann, wird interessierten Eltern und Kindern als Alternative der Mini-Club f\u00fcr Zuhause angeboten. Wenn am 11. Februar beispielsweise das Bastelangebot \u201eDecopatch-Look f\u00fcr die Stiftedose\u201c auf dem Mini-Club-Programm steht, k\u00f6nnen die Bastelmaterialen inklusive Anleitung nach vorheriger Terminabsprache im Blaub\u00e4r abgeholt und daheim nachgebastelt werden. \u201eDas ersetzt nat\u00fcrlich nicht den Mini-Club vor Ort, ist aber eine umsetzbare Idee, die wir im Rahmen der geltenden Bestimmungen anbieten k\u00f6nnen\u201c, so Blaub\u00e4r-Mitarbeiterin Ulli Mundt-Hartmann. Sobald der Lockdown vor\u00fcber ist und die Verordnung es zul\u00e4sst, m\u00f6chte man den Mini-Club mit begrenzter Teilnehmerzahl und einer Aufteilung in Kleingruppen wieder aufnehmen.<\/p>\n\n\n\n<p>Ebenso soll w\u00e4hrend der Oster-, Pfingst- sowie Sommerferien ein Ferienangebot realisiert werden. Sowohl in den Oster- wie auch in den Pfingstferien stehen die inzwischen bekannten und beliebten \u201eHoliday im Blaub\u00e4r\u201c-Tage auf dem Programm, die eine Halbtagsbetreuung von 09:00 bis 14:00 Uhr mit Fr\u00fchst\u00fcck und Mittagessen f\u00fcr Kinder zwischen 6 und 11 Jahren bieten. W\u00e4hrend der Osterferien wird au\u00dferdem eine Wandertour mit Ponys f\u00fcr Kinder ab 8 Jahren angeboten. An Pfingsten wird das Ferienprogramm durch ein Sportangebot des 1. JJJKC Ha\u00dfloch erg\u00e4nzt, ebenso wird es die M\u00f6glichkeit geben, leckeres Fingerfood zuzubereiten. Auch die Ferienspielwochen w\u00e4hrend der ersten drei Sommerferienwochen befinden sich in Planung und werden verschiedene Ganztagsangebote, Freizeiten und Mitmachaktionen beinhalten.<\/p>\n\n\n\n<p>Zus\u00e4tzlich zum regul\u00e4ren Blaub\u00e4r-Angebot sind diverse Workshops geplant. Anfang M\u00e4rz k\u00f6nnen sich Kinder ab 8 Jahren im Rahmen der Holzwerkstatt im Nistkastenbau ausprobieren. Rund um Ostern wird in der Holzwerkstatt au\u00dferdem kreative Fr\u00fchlings- und Osterdeko hergestellt, ebenso ist ein \u00f6sterlicher Bastelworkshop vorgesehen. Im April haben Kinder ab 7 Jahren die M\u00f6glichkeit, an einem Yoga-Kurs teilzunehmen und im Juni sollen bunte und kreative Mosaikbilder gestaltet werden.<\/p>\n\n\n\n<p>Au\u00dferdem k\u00f6nnen w\u00e4hrend des Lockdowns weiterhin Eins-zu-Eins-Unterst\u00fctzungsangebote in Anspruch genommen werden. Wenn beispielsweise Eltern aufgrund der eigenen Arbeit keine Zeit haben, knifflige Schulaufgaben mit dem Kind durchzugehen oder Kinder unkonzentriert und abgelenkt sind, weil Geschwister ebenfalls ihre Schularbeiten erledigen, ist eine stundenweise Betreuung nach vorheriger Terminvereinbarung im Blaub\u00e4r m\u00f6glich. Des Weiteren h\u00e4lt man online den Kontakt zu den Kindern. Wie bereits im ersten Lockdown wurden verschiedene Videoclips mit Back- und Basteltipps gedreht, die \u00fcber den <a href=\"https:\/\/www.youtube.com\/channel\/UC9d5kLiAiAXl03mnZ-TriNw\">YouTubeKanal<\/a> des Jugend- und Kulturhauses abrufbar sind.<\/p>\n\n\n\n<p>\u201eBei all unseren Planungen fahren wir erneut auf Sicht. Wir hoffen, s\u00e4mtliche Veranstaltungen durchf\u00fchren zu k\u00f6nnen, doch wir m\u00fcssen stets die aktuelle Entwicklung im Auge behalten und unter Umst\u00e4nden kurzfristig reagieren\u201c, gibt Blaub\u00e4r-Leiterin Barbara Renner zu bedenken. Daher sind alle Angaben zum Programm ohne Gew\u00e4hr. Der Beigeordnete und zust\u00e4ndige Dezernent Claus Wolfer dankt dem Team des Jugend- und Kulturhauses f\u00fcr seinen Einsatz und Einfallsreichtum, um auch w\u00e4hrend der Schlie\u00dfung pr\u00e4sent zu sein. \u201eWir alle hoffen, bald wieder regul\u00e4r \u00f6ffnen zu k\u00f6nnen, denn die Kinder und Jugendlichen fehlen in den R\u00e4umen des Blaub\u00e4rs\u201c, so Wolfer.<\/p>\n\n\n\n<p>Weitere Informationen zum Blaub\u00e4r gibt es auf der Homepage <a href=\"http:\/\/www.blaubaer-hassloch.de\">www.blaubaer-hassloch.de<\/a>. Bei Fragen steht das Blaub\u00e4r-Team telefonisch unter 06324\/935-460 oder per Mail an <a href=\"blaubaer@hassloch.de\">blaubaer@hassloch.de<\/a> zur Verf\u00fcgung.<\/p>\n\n\n\n<p><em>Gemeindeverwaltung Ha\u00dfloch \/ Jugend- und Kulturhaus Blaub\u00e4r<br>02.02.2021 <\/em><\/p>\n\n\n\n<h2 class=\"wp-block-heading\">Der Dreck-weg-Tag 2021 wird in den Sp\u00e4tsommer verschoben<\/h2>\n\n\n\n<div class=\"wp-block-image\"><figure class=\"aligncenter\"><img decoding=\"async\" loading=\"lazy\" width=\"500\" height=\"667\" src=\"https:\/\/speyer24news.com\/wp-content\/uploads\/2020\/03\/IMG_20200307_110959.jpg\" alt=\"\" class=\"wp-image-25784\" srcset=\"https:\/\/speyer24news.com\/wp-content\/uploads\/2020\/03\/IMG_20200307_110959.jpg 500w, https:\/\/speyer24news.com\/wp-content\/uploads\/2020\/03\/IMG_20200307_110959-225x300.jpg 225w\" sizes=\"(max-width: 500px) 100vw, 500px\" \/><figcaption>Das Foto stammt vom Dreck-Weg-Tag 2020 in Speyer, hier die W\u00e4hlergruppe Schneider (WGS).<\/figcaption><\/figure><\/div>\n\n\n\n<p>Urspr\u00fcnglich sollte am 20. Februar 2021 der n\u00e4chste Dreck-weg-Tag stattfinden, doch angesichts der aktuellen Corona-Situation wird der Aktionstag in den Sp\u00e4tsommer verschoben. \u201eDerzeit ist nicht davon auszugehen, dass die geltenden Corona-Bestimmungen mit Ablauf des 14. Februars in der Form gelockert werden, als das die Durchf\u00fchrung eines Dreck-weg-Tages mit \u00fcber 200 freiwilligen Helferinnen und Helfern m\u00f6glich w\u00e4re. Daher m\u00f6chten wir in den September ausweichen\u201c, so Umweltdezernent Joachim Bl\u00f6hs. Angedachter Ausweichtermin ist der 11. September.<\/p>\n\n\n\n<p>Schon im vergangenen Jahr hatten einige Vereine ihr Interesse f\u00fcr den Februar-Termin bekundet und ihre Teilnahme am Aktionstag zugesagt. \u201eWir sind froh und dankbar \u00fcber jede helfende Hand und bitten daher alle interessierten Mitstreiter, sich den 11. September bereits heute vorzumerken\u201c, so Bl\u00f6hs weiter. Angesprochen sind neben den Vereinen auch Schulklassen, Kindergartengruppen, Unternehmen sowie Privatpersonen. Treffpunkt, Sammelorte der einzelnen Gruppen sowie weitere Details rund um den Aktionstag werden dann zu einem sp\u00e4teren Zeitpunkt bekannt gegeben.<\/p>\n\n\n\n<figure class=\"wp-block-image\"><img decoding=\"async\" loading=\"lazy\" width=\"800\" height=\"600\" src=\"https:\/\/speyer24news.com\/wp-content\/uploads\/2020\/03\/IMG_20200307_111435.jpg\" alt=\"\" class=\"wp-image-25785\" srcset=\"https:\/\/speyer24news.com\/wp-content\/uploads\/2020\/03\/IMG_20200307_111435.jpg 800w, https:\/\/speyer24news.com\/wp-content\/uploads\/2020\/03\/IMG_20200307_111435-300x225.jpg 300w, https:\/\/speyer24news.com\/wp-content\/uploads\/2020\/03\/IMG_20200307_111435-768x576.jpg 768w, https:\/\/speyer24news.com\/wp-content\/uploads\/2020\/03\/IMG_20200307_111435-678x509.jpg 678w, https:\/\/speyer24news.com\/wp-content\/uploads\/2020\/03\/IMG_20200307_111435-326x245.jpg 326w, https:\/\/speyer24news.com\/wp-content\/uploads\/2020\/03\/IMG_20200307_111435-80x60.jpg 80w\" sizes=\"(max-width: 800px) 100vw, 800px\" \/><\/figure>\n\n\n\n<p>\u201eUnachtsam weggeworfenen M\u00fcll gibt es leider auch in Corona-Zeiten, daher wollen wir auch in 2021 an dem zuletzt gut angenommenen Aktionstag festhalten und diesen unter Ber\u00fccksichtigung der im September hoffentlich gelockerten Corona-Ma\u00dfnahmen durchf\u00fchren\u201c, so die Umweltbeauftragte Andrea H\u00e4ge, die den Aktionstag in diesem Jahr erstmals organisieren wird. Der letzte Dreck-weg-Tag fand am 29. Februar 2020 statt. Damals konnte mit Hilfe zahlreicher freiwilliger Unterst\u00fctzer \u00fcber 15 Kubikmeter Restm\u00fcll gesammelt und fachgerecht entsorgt werden.<\/p>\n\n\n\n<p><em>Text: Gemeindeverwaltung Ha\u00dfloch Foto: Speyer 24\/7 News<br>02.02.2021<\/em><\/p>\n","protected":false},"excerpt":{"rendered":"<div class=\"mh-excerpt\"><p>Mit Zuversicht ins neue Jahr Jugend- und Kulturhaus Blaub\u00e4r ver\u00f6ffentlicht Halbjahresprogramm Durch den Lockdown konnte auch das Ha\u00dflocher Jugend- und Kulturhaus Blaub\u00e4r nicht wie gewohnt aus den Weihnachts- und Winterferien zur\u00fcckkehren. Der Caf\u00e9-Betrieb sowie die <a class=\"mh-excerpt-more\" href=\"https:\/\/speyer24news.com\/?p=32722\" title=\"Ha\u00dfloch\">[&#8230;]<\/a><\/p>\n<\/div>","protected":false},"author":3,"featured_media":23914,"comment_status":"open","ping_status":"open","sticky":false,"template":"","format":"standard","meta":{"_monsterinsights_skip_tracking":false,"_monsterinsights_sitenote_active":false,"_monsterinsights_sitenote_note":"","_monsterinsights_sitenote_category":0,"footnotes":""},"categories":[235],"tags":[4091,9592,5355,180,9591,4476],"aioseo_notices":[],"amp_enabled":true,"_links":{"self":[{"href":"https:\/\/speyer24news.com\/index.php?rest_route=\/wp\/v2\/posts\/32722"}],"collection":[{"href":"https:\/\/speyer24news.com\/index.php?rest_route=\/wp\/v2\/posts"}],"about":[{"href":"https:\/\/speyer24news.com\/index.php?rest_route=\/wp\/v2\/types\/post"}],"author":[{"embeddable":true,"href":"https:\/\/speyer24news.com\/index.php?rest_route=\/wp\/v2\/users\/3"}],"replies":[{"embeddable":true,"href":"https:\/\/speyer24news.com\/index.php?rest_route=%2Fwp%2Fv2%2Fcomments&post=32722"}],"version-history":[{"count":1,"href":"https:\/\/speyer24news.com\/index.php?rest_route=\/wp\/v2\/posts\/32722\/revisions"}],"predecessor-version":[{"id":32723,"href":"https:\/\/speyer24news.com\/index.php?rest_route=\/wp\/v2\/posts\/32722\/revisions\/32723"}],"wp:featuredmedia":[{"embeddable":true,"href":"https:\/\/speyer24news.com\/index.php?rest_route=\/wp\/v2\/media\/23914"}],"wp:attachment":[{"href":"https:\/\/speyer24news.com\/index.php?rest_route=%2Fwp%2Fv2%2Fmedia&parent=32722"}],"wp:term":[{"taxonomy":"category","embeddable":true,"href":"https:\/\/speyer24news.com\/index.php?rest_route=%2Fwp%2Fv2%2Fcategories&post=32722"},{"taxonomy":"post_tag","embeddable":true,"href":"https:\/\/speyer24news.com\/index.php?rest_route=%2Fwp%2Fv2%2Ftags&post=32722"}],"curies":[{"name":"wp","href":"https:\/\/api.w.org\/{rel}","templated":true}]}}