{"id":32724,"date":"2021-02-02T11:05:26","date_gmt":"2021-02-02T10:05:26","guid":{"rendered":"https:\/\/speyer24news.com\/?p=32724"},"modified":"2021-02-02T11:05:27","modified_gmt":"2021-02-02T10:05:27","slug":"germersheim-und-landkreis-germersheim-10","status":"publish","type":"post","link":"https:\/\/speyer24news.com\/?p=32724","title":{"rendered":"Germersheim und Landkreis Germersheim"},"content":{"rendered":"<style type=\"text\/css\">\r\n\t.ads_top_disp{}\r\n\t.ads_top_corner_disp{ float:left; margin:0px 10px 10px 0px; }\r\n\t.ads_first_p_disp{}\r\n\t.ads_bottom_disp{}\r\n\t<\/style>\n<h2 class=\"wp-block-heading\"><strong>Hochwasserschutz f\u00fcr Germersheim beginnt im Wald bei Westheim<\/strong><\/h2>\n\n\n\n<h3 class=\"wp-block-heading\"><strong>Wo die Queich die Druslach flutet<\/strong><\/h3>\n\n\n\n<div class=\"wp-block-image\"><figure class=\"aligncenter\"><img decoding=\"async\" loading=\"lazy\" width=\"800\" height=\"654\" src=\"https:\/\/speyer24news.com\/wp-content\/uploads\/2021\/02\/210201-Hochwasserschutz-Oberster-Katastrophenschuetzer-Landrat_Dr_Fritz_Brechtel-01.jpg\" alt=\"\" class=\"wp-image-32733\" srcset=\"https:\/\/speyer24news.com\/wp-content\/uploads\/2021\/02\/210201-Hochwasserschutz-Oberster-Katastrophenschuetzer-Landrat_Dr_Fritz_Brechtel-01.jpg 800w, https:\/\/speyer24news.com\/wp-content\/uploads\/2021\/02\/210201-Hochwasserschutz-Oberster-Katastrophenschuetzer-Landrat_Dr_Fritz_Brechtel-01-300x245.jpg 300w, https:\/\/speyer24news.com\/wp-content\/uploads\/2021\/02\/210201-Hochwasserschutz-Oberster-Katastrophenschuetzer-Landrat_Dr_Fritz_Brechtel-01-768x628.jpg 768w\" sizes=\"(max-width: 800px) 100vw, 800px\" \/><figcaption>Landrat Dr. Fritz Brechtel vor dem \u201eAbschlagbauwerk\u201c im Wald bei Westheim<\/figcaption><\/figure><\/div>\n\n\n\n<p>Die Zeiten, in denen die Stadt Germersheim vor dem Rhein-Hochwasser durch D\u00e4mme, Deiche und Polder zwar gesch\u00fctzt, dann aber von einer \u00fcberlaufenden Queich dennoch bedroht wurde, sind dank eines seit einiger Zeit verbesserten Hochwasserschutzes pass\u00e9. Das hat sich erneut am vergangenen Wochenende bewahrheitet, als sich der Pegel der Queich einer kritischen Marke n\u00e4herte und die entscheidenden Schleusentore im Wald bei Westheim ge\u00f6ffnet wurden. Germersheims Landrat Dr. Fritz Brechtel war in seiner Funktion als Oberster Katastrophensch\u00fctzer und Vorsitzender einer regionalen Arbeitsgruppe f\u00fcr besseren Hochwasserschutz am vergangenen Sonntag mit Kreisfeuerwehrinspekteur Mike Sch\u00f6nlaub an den neuralgischen Punkten im Kreis unterwegs, um sich pers\u00f6nlich ein Bild von der Hochwasser-Lage zu machen. Dazu z\u00e4hlte auch eine vor wenigen Jahren angelegte Flutmulde, die das Wasser der Queich durch den Wald von Weingarten, Lustadt und Westheim in den Druslach f\u00fchrt. Landrat Brechtel: \u201eIm Wald bei Westheim findet ein wichtiger Teil des Hochwasserschutzes f\u00fcr die Stadt Germersheim statt. Wenn hier, am Beginn der Flutmulde, die \u00dcberlaufsschwelle aktiviert und ge\u00f6ffnet wird, flie\u00dft der Gro\u00dfteil des Queichwassers nicht mehr nach Germersheim, sondern stattdessen in die Druslach und wird unsch\u00e4dlich abgeleitet. An dieser Stelle bedanke ich mich herzlich bei den Mitgliedern der Freiwilligen Feuerwehren und bei allen sonstigen Helfer, die seit Tagen pausenlos im Hochwasserschutz-Einsatz sind.\u201c<\/p>\n\n\n\n<figure class=\"wp-block-image\"><img decoding=\"async\" loading=\"lazy\" width=\"800\" height=\"535\" src=\"https:\/\/speyer24news.com\/wp-content\/uploads\/2021\/02\/210201-Hochwasserschutz-Wald-Westheim-01.jpg\" alt=\"\" class=\"wp-image-32734\" srcset=\"https:\/\/speyer24news.com\/wp-content\/uploads\/2021\/02\/210201-Hochwasserschutz-Wald-Westheim-01.jpg 800w, https:\/\/speyer24news.com\/wp-content\/uploads\/2021\/02\/210201-Hochwasserschutz-Wald-Westheim-01-300x201.jpg 300w, https:\/\/speyer24news.com\/wp-content\/uploads\/2021\/02\/210201-Hochwasserschutz-Wald-Westheim-01-768x514.jpg 768w\" sizes=\"(max-width: 800px) 100vw, 800px\" \/><figcaption>Landrat Dr. Fritz Brechtel im Gespr\u00e4ch mit dem Wehrleiter der Gemeinde Lingenfeld, Steffen Andres, und Mike Sch\u00f6nlaub (links).<\/figcaption><\/figure>\n\n\n\n<p>Die Mitarbeitenden der Wehren sind seit Tagen vor Ort, um die D\u00e4mme und Deiche zu beobachten, Wachen zu halten und Absperrma\u00dfnahmen vorzunehmen. Immer wieder wurden dabei auch Schaulustige beobachtet, die trotz Verbot und Warnhinweisen auf den D\u00e4mmen unterwegs waren. \u201eJeder Schritt auf den Deichkronen ist ein Tritt gegen die Festigkeit der Anlage. Es wird dringend darum gebeten, w\u00e4hrend des Hochwassers die Hochwassergebiete weitr\u00e4umig zu meiden und vor allen Dingen keine Deichanlagen zu betreten. Sie sch\u00fctzen sich selbst vor einer lebensbedrohlichen Gefahr und helfen, D\u00e4mme und Deiche zu schonen\u201c, so der gemeinsame Appell von Brechtel und Sch\u00f6nlaub. Trotz derzeit leicht sinkender Pegel bleibt die Gefahren- und Hochwasserlage bis mindestens Mitte dieser Woche angespannt.<\/p>\n\n\n\n<p><em>Kreisverwaltung Germersheim<br>02.02.2021<\/em><\/p>\n\n\n\n<h2 class=\"wp-block-heading\"><strong>Rheinhochwasser: Deichwachen seit Freitagabend<\/strong><\/h2>\n\n\n\n<h3 class=\"wp-block-heading\"><strong>Bev\u00f6lkerung soll \u00dcberschwemmungs- und Deichbereiche meiden<\/strong><\/h3>\n\n\n\n<div class=\"wp-block-image\"><figure class=\"aligncenter\"><img decoding=\"async\" loading=\"lazy\" width=\"800\" height=\"600\" src=\"https:\/\/speyer24news.com\/wp-content\/uploads\/2021\/02\/WhatsApp-Image-2021-02-02-at-10.52.07.jpeg\" alt=\"\" class=\"wp-image-32732\" srcset=\"https:\/\/speyer24news.com\/wp-content\/uploads\/2021\/02\/WhatsApp-Image-2021-02-02-at-10.52.07.jpeg 800w, https:\/\/speyer24news.com\/wp-content\/uploads\/2021\/02\/WhatsApp-Image-2021-02-02-at-10.52.07-300x225.jpeg 300w, https:\/\/speyer24news.com\/wp-content\/uploads\/2021\/02\/WhatsApp-Image-2021-02-02-at-10.52.07-768x576.jpeg 768w, https:\/\/speyer24news.com\/wp-content\/uploads\/2021\/02\/WhatsApp-Image-2021-02-02-at-10.52.07-678x509.jpeg 678w, https:\/\/speyer24news.com\/wp-content\/uploads\/2021\/02\/WhatsApp-Image-2021-02-02-at-10.52.07-326x245.jpeg 326w, https:\/\/speyer24news.com\/wp-content\/uploads\/2021\/02\/WhatsApp-Image-2021-02-02-at-10.52.07-80x60.jpeg 80w\" sizes=\"(max-width: 800px) 100vw, 800px\" \/><\/figure><\/div>\n\n\n\n<p>Die Pegel des Rheins steigen stark an, am Pegel Maxau werden bereits am Samstag, H\u00f6chstst\u00e4nde zwischen 740 und 780 cm vorhergesagt. Die Tendenz bleibt weiter steigend. \u201eDie Kameradinnen und Kameraden der Feuerwehren sind bereits in der Vorbereitung f\u00fcr m\u00f6gliche Eins\u00e4tze\u201c, berichtet Landrat Dr. Fritz Brechtel und f\u00fchrt aus: \u201eSo werden die Feuerwehren der Rheinanlieger ab heute Abend nach und nach mit Deichwachen beginnen.\u201c <\/p>\n\n\n\n<p>Ab einem Pegelstand von 7,80 Meter bei\nMaxau wird die Feuerwehreinsatzzentrale der Freiwilligen Feuerwehr W\u00f6rth\nbesetzt. Sie fungiert als Bindeglied der Feuerwehren und zur Kreisverwaltung.\n\u201eVorsorglich bauen wir auch die Technische Einsatzzentrale in der Bienwaldhalle\nin W\u00f6rth auf. Vielen Dank an die Stadt W\u00f6rth f\u00fcr die Bereitstellung der Halle,\ndie gro\u00df genug ist, um auch im Einsatz corona-konform handeln zu k\u00f6nnen\u201c,\nberichtet Kreisfeuerwehrinspekteur Mike Sch\u00f6nlaub. Sollte der Pegel absehbar\ndauerhaft die Marke 8,80 Meter \u00fcbersteigen, werden die Technische\nEinsatzleitung und der Katastrophenschutzstand des Landkreises die\nEinsatzleitung \u00fcbernehmen.<\/p>\n\n\n\n<p>Kreisfeuerwehrinspekteur Sch\u00f6nlaub und Landrat Brechtel bitten die B\u00fcrgerinnen und B\u00fcrger, die gesamten Deich- und \u00dcberschwemmungsbereiche in den n\u00e4chsten Tagen zu meiden, um sich nicht in Gefahr zu bringen und m\u00f6gliche Eins\u00e4tze nicht zu behindern.<\/p>\n\n\n\n<p><em>Text: Kreisverwaltung Germersheim Foto: Speyer 24\/7 News<br>02.02.2021<\/em><\/p>\n\n\n\n<h2 class=\"wp-block-heading\"><strong>Miriam Spie\u00df, zuk\u00fcnftige hauptamtliche kommunale Behindertenbeauftragte f\u00fcr den Landkreis Germersheim: \u201eHinh\u00f6ren, reflektieren, gegenseitiges Verst\u00e4ndnis erreichen und Ansprechpartner vernetzen\u201c<\/strong><\/h2>\n\n\n\n<div class=\"wp-block-image\"><figure class=\"aligncenter\"><img decoding=\"async\" loading=\"lazy\" width=\"800\" height=\"531\" src=\"https:\/\/speyer24news.com\/wp-content\/uploads\/2021\/02\/Christoph-Buttweiler-und-Miriam-Spie\u00df.jpg\" alt=\"\" class=\"wp-image-32731\" srcset=\"https:\/\/speyer24news.com\/wp-content\/uploads\/2021\/02\/Christoph-Buttweiler-und-Miriam-Spie\u00df.jpg 800w, https:\/\/speyer24news.com\/wp-content\/uploads\/2021\/02\/Christoph-Buttweiler-und-Miriam-Spie\u00df-300x199.jpg 300w, https:\/\/speyer24news.com\/wp-content\/uploads\/2021\/02\/Christoph-Buttweiler-und-Miriam-Spie\u00df-768x510.jpg 768w\" sizes=\"(max-width: 800px) 100vw, 800px\" \/><figcaption> Der f\u00fcr Soziales zust\u00e4ndige Erste Kreisbeigeordnete, Christoph Buttweiler, und Miriam Spie\u00df.<br><em>Foto: Kreisverwaltung Germersheim\/KV GER<\/em><\/figcaption><\/figure><\/div>\n\n\n\n<p>Miriam Spie\u00df wird hauptamtliche\nkommunale Beauftragte f\u00fcr die Belange von Menschen mit Behinderungen f\u00fcr den\nLandkreis Germersheim. Bereits seit \u00fcber vier Jahren leitet sie die\nGesch\u00e4ftsstelle des Eingliederungshilfeverbundes der Region S\u00fcdpfalz, die\nAufgabe als Beauftragte f\u00fcr die Belange von Menschen\nmit Behinderungen \u00fcbernimmt sie zus\u00e4tzlich. \u201eDie Belange behinderter\nMenschen und deren Angeh\u00f6rigen sind mir aus meiner Arbeit im\nEingliederungshilfeverbund sehr vertraut. Ihre Interessen k\u00fcnftig auch als\nBehindertenbeauftragte f\u00fcr den Landkreis vertreten zu k\u00f6nnen, bedeutet, mit\nvielen Akteuren gemeinsam gesellschaftliche Bereiche neu zu betrachten und zu\ndurchdenken sowie Benachteiligungen abzubauen. Darauf und auf eine\nkonstruktive, zielorientierte Zusammenarbeit freue ich mich\u201c, erkl\u00e4rt Miriam\nSpie\u00df.<\/p>\n\n\n\n<p>Im Rahmen der digitalen Sozialausschuss-Sitzung\ndes Landkreises Ende Januar 2021 stellte der f\u00fcr Soziales zust\u00e4ndige Erste\nKreisbeigeordnete, Christoph Buttweiler, Miriam Spie\u00df vor. \u201eFrau Spie\u00df\u00b4\nArbeitsfeld umfasst einen enorm wichtigen Lebensbereich. Es geht darum,\nBarrieren aller Art zu reduzieren &#8211; oder noch besser, von Anfang an zu\nvermeiden. F\u00fcr die Kreisverwaltung, den Kreis, B\u00fcrgerinnen und B\u00fcrger sowie\npolitische Gremien wird die Expertise von Frau Spie\u00df und ihre Vernetzung mit\nzum Beispiel Behindertenbeauftragten der Verbandsgemeinden und St\u00e4dte eine\nwichtige Komponente sein\u201c, so Buttweiler.<\/p>\n\n\n\n<p>Das Aufgabenspektrum von Miriam Spie\u00df\nist gro\u00df \u2013 von der Beratung bei kommunalen Planungen \u00fcber die Vernetzung\nbestehender Strukturen in der Region bis hin zur Information zu Themen wie\nbarrierefreie Kommunikation, barrierefrei Bauen und Selbstbestimmung\nbehinderter Menschen. \u201eDabei sehe ich die Aufgabe nicht nur einseitig und nicht\nnur in der Beratung\u201c, sagt Miriam Spie\u00df, \u201eEs geht darum, sich \u00fcber Situationen,\nAbl\u00e4ufe und Bedarfe bewusst zu werden und gemeinsam und mit einem starken\nNetzwerk, das Recht von Menschen mit Behinderungen, an allen Bereichen des\nLebens teilzuhaben, umzusetzen!\u201c<\/p>\n\n\n\n<p>Ihre neue Funktion als hauptamtliche\nkommunale Beauftragte f\u00fcr die Belange von Menschen mit Behinderungen f\u00fcr den\nLandkreis Germersheim wird Miriam Spie\u00df voraussichtlich ab 1.&nbsp;April 2021\nwahrnehmen. Sie ist sodann erreichbar unter Tel. 07274\/53-429, E-Mail:\nm.spiess@kreis-germersheim.de.<\/p>\n\n\n\n<p><em>Kreisverwaltung Germersheim<br>02.02.2021<\/em><\/p>\n\n\n\n<h2 class=\"wp-block-heading\"><strong>Kreisverwaltung\nGermersheim startet eigenen Twitter-Kanal:<\/strong><\/h2>\n\n\n\n<h3 class=\"wp-block-heading\"><strong>Kreis-Gezwitscher \u00fcber \u201eEin Jahr Wuhan-R\u00fcckkehrer\u201c<\/strong><\/h3>\n\n\n\n<div class=\"wp-block-image\"><figure class=\"aligncenter\"><img decoding=\"async\" loading=\"lazy\" width=\"300\" height=\"244\" src=\"https:\/\/speyer24news.com\/wp-content\/uploads\/2021\/02\/Twitter_bird_logo_2012.svg_.png\" alt=\"\" class=\"wp-image-32730\"\/><\/figure><\/div>\n\n\n\n<p>Die\nKreisverwaltung Germersheim baut ihre Social-Media-Pr\u00e4senz weiter aus. Nach dem\nerfolgreichen Launch einer neuen Facebook-Seite und nahezu 1.200\nInstagram-Followern innerhalb von f\u00fcnf Monaten, pflegt die Verwaltung seit\nBeginn dieser Woche unter @KreisGER auch einen eigenen Twitter-Kanal. \u201eDa das\nInteresse f\u00fcr den Landkreis Germersheim aus allen Bev\u00f6lkerungsschichten sehr\ngro\u00df ist, wollen wir mit unseren Themen k\u00fcnftig auch \u00fcber Twitter pr\u00e4sent sein\u201c,\nso Germersheims Landrat Dr. Fritz Brechtel zum jetzigen Twitter-Start. <\/p>\n\n\n\n<p>Das\nMedieninteresse an der Kreisverwaltung ist generell sehr hoch. Aktuell\ndominieren Fragen zum Landes-Impfzentrum in W\u00f6rth und der Schutzimpfung im\nAllgemeinen. Aber auch bundesweit interessante Themen, wie die direkte\nNachbarschaft zu Frankreich, werden am Beispiel des Landkreises immer wieder\naufgegriffen. Etliche Medien erinnern sich dieser Tage an die Quarant\u00e4nestation\nf\u00fcr Wuhan-R\u00fcckkehrer, die vor einem Jahr in der S\u00fcdpfalz-Kaserne in Germersheim\nerrichtet wurde. Dazu Landrat Brechtel: \u201eTwitter eignet sich besonders gut, um insbesondere\nJournalisten bundesweit mit Botschaften aus Germersheim zu versorgen. Wir haben\nbeobachtet, dass sich viele Medien dieser Kurz-Nachrichten bedienen und Themen\naufgreifen.\u201c Zum Start werden daher Tweets, die an die Ereignisse vor einem\nJahr erinnern, dominieren.<\/p>\n\n\n\n<p>Die Verwaltung\nbeabsichtigt mehrmals w\u00f6chentlich direkt aus dem Kreishaus zu \u201ezwitschern\u201c und\nneben \u00f6ffentlich relevanten Informationen auch Kampagnen allgemeiner Natur \u00fcber\nden Kurznachrichtendienst zu starten. So sollen zum Beispiel analog zu den\nVer\u00f6ffentlichungen auf Instagram an jedem Freitag unter #GER4Future\nklimapolitische Themen aufgegriffen und mit der k\u00fcnftigen Twitter-Gefolgschaft\ndiskutiert werden.<\/p>\n\n\n\n<p><em>Kreisverwaltung Germersheim<br>02.02.2021<\/em><\/p>\n\n\n\n<h2 class=\"wp-block-heading\"><strong>Landeswohnraumf\u00f6rderung \u00fcber die ISB: Zeitgem\u00e4\u00dfes Wohnen zu bezahlbaren Preisen<\/strong><\/h2>\n\n\n\n<figure class=\"wp-block-image\"><img decoding=\"async\" loading=\"lazy\" width=\"800\" height=\"546\" src=\"https:\/\/speyer24news.com\/wp-content\/uploads\/2021\/02\/ISB-Wohneigentum.jpg\" alt=\"\" class=\"wp-image-32729\" srcset=\"https:\/\/speyer24news.com\/wp-content\/uploads\/2021\/02\/ISB-Wohneigentum.jpg 800w, https:\/\/speyer24news.com\/wp-content\/uploads\/2021\/02\/ISB-Wohneigentum-300x205.jpg 300w, https:\/\/speyer24news.com\/wp-content\/uploads\/2021\/02\/ISB-Wohneigentum-768x524.jpg 768w\" sizes=\"(max-width: 800px) 100vw, 800px\" \/><\/figure>\n\n\n\n<p>Deutschlandweit\nsteigen die Preise f\u00fcr Immobilien und Grundst\u00fccke, zudem sind viele bestehende\nWohngeb\u00e4ude in die Jahre gekommen. Damit zeitgem\u00e4\u00dfes Wohnen in Rheinland-Pfalz\nf\u00fcr Gering- und Normalverdiener erschwinglich bleibt, unterst\u00fctzt sie das Land\n\u00fcber die Investitions- und Strukturbank Rheinland-Pfalz (ISB) mit den\nProgrammen der Wohnraumf\u00f6rderung. Antragsberechtigt sind alle Haushalte, deren\nj\u00e4hrliches Gesamteinkommen innerhalb der im Landeswohnraumf\u00f6rderungsgesetz\ndefinierten Einkommensgrenzen liegt \u2013 ein Ehepaar mit zwei Kindern ist\nbeispielsweise bis zu einem Jahresbruttoeinkommen von rund 82.000 Euro\nf\u00f6rderf\u00e4hig.<\/p>\n\n\n\n<h4 class=\"wp-block-heading\"><strong>Den\nTraum von den eigenen vier W\u00e4nden verwirklichen <\/strong><\/h4>\n\n\n\n<p>Mit\ndem nachrangig besicherten ISB-Darlehen Wohneigentum l\u00e4sst sich die\nFinanzierung der Hausbank bei Bau oder Erwerb selbst genutzter Immobilien\nerg\u00e4nzen und die monatliche Belastung langfristig reduzieren. Die Darlehen sind\nmit Zinsfestschreibungen f\u00fcr wahlweise zehn, f\u00fcnfzehn oder zwanzig Jahre oder\nbis zur Vollr\u00fcckzahlung erh\u00e4ltlich. So fallen derzeit bei einer zehnj\u00e4hrigen\nZinsfestschreibung j\u00e4hrliche Zinsen von 0,1 Prozent an, bis zur Vollr\u00fcckzahlung\nsind es niedrige 1,0 Prozent pro Jahr. Au\u00dferdem unterst\u00fctzt das Land die\nR\u00fcckzahlung der Darlehen mit Tilgungszusch\u00fcssen \u2013 je nach Haushaltseinkommen in\nH\u00f6he von 5,0 beziehungsweise 7,5 Prozent der Darlehensh\u00f6he. Unter bestimmten\nVoraussetzungen, beispielsweise wenn im Haushalt Menschen mit\nSchwerbehinderungen leben, sind Zusatzdarlehen m\u00f6glich.<\/p>\n\n\n\n<h4 class=\"wp-block-heading\"><strong>Modernisieren\nmit Rabatt<\/strong><\/h4>\n\n\n\n<p>Wer\nseine Wohnimmobilie rechtzeitig saniert und an heutige Standards anpasst, kann\nihren allgemeinen Wert und Komfort deutlich erh\u00f6hen, die Nutzung im Alter\nerm\u00f6glichen und zuk\u00fcnftig Energiekosten minimieren. F\u00fcr die Finanzierung von\nBauma\u00dfnahmen, die zur Einsparung von Wasser und Energie f\u00fchren, die\nBarrierefreiheit herstellen oder Einbrechern die Arbeit erschweren, vergibt die\nISB zinsg\u00fcnstige Nachrangdarlehen, die dank gro\u00dfz\u00fcgiger Tilgungszusch\u00fcsse nicht\nkomplett zur\u00fcckgezahlt werden m\u00fcssen. Die H\u00f6he des Darlehens h\u00e4ngt von der im\nHaushalt lebenden Personenzahl ab und betr\u00e4gt im Fall der oben genannten\nFamilie maximal 60.000 Euro, die Zinsen liegen aktuell bei einer\nZinsfestschreibung von 10 Jahren bei 0,1 Prozent p.a. Je nach Jahreseinkommen\nerg\u00e4nzt ein Tilgungszuschuss in H\u00f6he von bis zu 15 Prozent die F\u00f6rderung. <\/p>\n\n\n\n<h4 class=\"wp-block-heading\"><strong>Antragstellung\nund kostenfreie Beratung <\/strong><\/h4>\n\n\n\n<p>Die\nAntragstellung erfolgt direkt bei der ISB. Interessierte finden unter <a href=\"http:\/\/www.isb.rlp.de\">www.isb.rlp.de<\/a> und <a href=\"http:\/\/www.modernisieren-mit-rabatt.de\">www.modernisieren-mit-rabatt.de<\/a> weitere Informationen und k\u00f6nnen\nunter der Telefonnummer 06131 6172-1991 einen Termin zur kostenfreien Beratung\nvereinbaren. <\/p>\n\n\n\n<p>Informationen zu den F\u00f6rderprogrammen erhalten Interessierte au\u00dferdem unter <a href=\"http:\/\/www.kreis-germersheim.de\">www.kreis-germersheim.de<\/a> oder telefonisch bei der Kreisverwaltung unter 07274-53284 und 07274-53286.<\/p>\n\n\n\n<p><em>Kreisverwaltung Germersheim<br>02.02.2021<\/em><\/p>\n\n\n\n<h1 class=\"wp-block-heading\" style=\"text-align:center\">Corona<\/h1>\n\n\n\n<figure class=\"wp-block-image\"><img decoding=\"async\" loading=\"lazy\" width=\"800\" height=\"400\" src=\"https:\/\/speyer24news.com\/wp-content\/uploads\/2020\/02\/virus-1812092_1920.jpg\" alt=\"\" class=\"wp-image-25128\" srcset=\"https:\/\/speyer24news.com\/wp-content\/uploads\/2020\/02\/virus-1812092_1920.jpg 800w, https:\/\/speyer24news.com\/wp-content\/uploads\/2020\/02\/virus-1812092_1920-300x150.jpg 300w, https:\/\/speyer24news.com\/wp-content\/uploads\/2020\/02\/virus-1812092_1920-768x384.jpg 768w\" sizes=\"(max-width: 800px) 100vw, 800px\" \/><\/figure>\n\n\n\n<h2 class=\"wp-block-heading\"><strong>Land stimmt Vorschlag der Landr\u00e4te und des OBs zu: Impf-Sonderregelung f\u00fcr Mitarbeiterinnen und Mitarbeiter der ambulanten Pflegedienste<\/strong><\/h2>\n\n\n\n<p>\u201eF\u00fcr Pflegekr\u00e4fte im ambulanten Pflegedienst ist das eine sehr gute Nachricht. Wir bedanken uns beim Land, dass es unserem Vorschlag gefolgt ist und nun auch diese wichtige Berufsgruppe wie anderes medizinisches Personal die M\u00f6glichkeit bekommt, sich priorisiert bei Sonderterminen impfen zu lassen\u201c, so die Landr\u00e4te Dietmar Seefeldt (S\u00dcW), Dr. Fritz Brechtel (Germersheim) und Landaus Oberb\u00fcrgermeister Thomas Hirsch.<\/p>\n\n\n\n<p>Am Donnerstag, 28. Januar 2021, haben die drei Verwaltungschefs eine entsprechende Zusage aus dem Ministerium erhalten. Darin hei\u00dft es, dass in der Online-Terminvergabe in K\u00fcrze ein Formular f\u00fcr die Anmeldung von Gruppen zur Verf\u00fcgung gestellt werde, \u201emit dem sich mehrere Personen eines ambulanten Pflegedienstes anmelden k\u00f6nnen.\u201c<\/p>\n\n\n\n<p>Seefeldt, Hirsch und Brechtel hatten sich in den Wochen zuvor daf\u00fcr stark gemacht, dass unabh\u00e4ngig von der Frage eines geeigneten Impfstoffs, der zu Hause verimpft werden kann, das Pflegepersonal der ambulanten Pflegedienste unbedingt in die h\u00f6chste Priorit\u00e4t der zu Impfenden aufgenommen werden muss. \u201eDas musste dringend geregelt werden. Das Pokerspiel, dass sich jede Fachkraft eines mobilen Pflegedienstes selbst bem\u00fchen musste, \u00fcber die Hotline \u00fcberhaupt einen Termin zu bekommen, war nicht akzeptabel\u201c, so die Kommunalchefs, \u201eSchlie\u00dflich geht es hier um den beidseitigen Schutz der Mitarbeiterinnen und Mitarbeiter der ambulanten Pflegedienste und der hochbetagten Menschen. Ambulante Pflegekr\u00e4fte werden dringend gebraucht, es ist ein hohes Versorgungsrisiko, wenn sie krankheits- oder quarant\u00e4nebedingt ausfallen.\u201c<\/p>\n\n\n\n<p>Die Kreischefs und der Stadtchef begr\u00fc\u00dfen die neue Regelung, dass sich diese Pflegekr\u00e4fte gesammelt f\u00fcr spezielle Impftermine anmelden k\u00f6nnen.<\/p>\n\n\n\n<h4 class=\"wp-block-heading\"><strong>Hintergrund<\/strong><\/h4>\n\n\n\n<p>Bei der Impfpriorit\u00e4t wurde den ambulanten Pflegediensten die M\u00f6glichkeit einger\u00e4umt, sich impfen zu lassen, jedoch nicht im Verbund. Das bedeutet f\u00fcr diejenigen, die sich nicht sofort am 4. Januar 2021 anmelden konnten, dass sie keinen Termin bekommen haben. Jede Pflegekraft muss sich in Eigenverantwortung um einen Termin k\u00fcmmern. Alleine in der Sozialstation Landau hatte das zur Folge, dass bisher lediglich 8 von 300 Mitarbeiterinnen und Mitarbeitern einen Impftermin erhalten haben.<\/p>\n\n\n\n<p><em>Kreisverwaltung Germersheim<br>02.02.2021<\/em><\/p>\n\n\n\n<h2 class=\"wp-block-heading\">Verdachtsf\u00e4lle: Coronavirus-Varianten auch im Landkreis Germersheim<\/h2>\n\n\n\n<figure class=\"wp-block-image\"><img decoding=\"async\" loading=\"lazy\" width=\"800\" height=\"533\" src=\"https:\/\/speyer24news.com\/wp-content\/uploads\/2020\/02\/coronavirus-4810201_1920.jpg\" alt=\"\" class=\"wp-image-25125\" srcset=\"https:\/\/speyer24news.com\/wp-content\/uploads\/2020\/02\/coronavirus-4810201_1920.jpg 800w, https:\/\/speyer24news.com\/wp-content\/uploads\/2020\/02\/coronavirus-4810201_1920-300x200.jpg 300w, https:\/\/speyer24news.com\/wp-content\/uploads\/2020\/02\/coronavirus-4810201_1920-768x512.jpg 768w\" sizes=\"(max-width: 800px) 100vw, 800px\" \/><\/figure>\n\n\n\n<p>\u201eEs war leider zu erwarten, jetzt\nhaben es erste Laboruntersuchungen best\u00e4tigt: \u201eAuch im Landkreis Germersheim\ngibt es Corona-F\u00e4lle, die nach ersten Tests vermutlich mit Mutationen des\nCoronavirus infiziert sind\u201c, teil Landrat Dr. Fritz Brechtel mit. Insgesamt\nsind aktuell sieben Personen im Landkreis vermutlich mit einer mutierten\nVirusvariante infiziert, sechs mit der britischen Variante, eine Person mit der\ns\u00fcdafrikanischen oder brasilianischen Variante. Letzterer Fall muss noch n\u00e4her\nklassifiziert werden.<\/p>\n\n\n\n<p>Das Gesundheitsamt ist intensiv im\nAustausch mit den betroffenen Personen und mit der Kontaktnachverfolgung\nbesch\u00e4ftigt. \u201eNach jetzigem Kenntnisstand sind bei Infektionen mit diesen\nVirus-Mutationen keine \u00fcberm\u00e4\u00dfig schweren Verl\u00e4ufe der Erkrankung bekannt\u201c,\nsagt Amtsarzt Dr. Christian Jestrabek. \u201eDa sie sich aber wahrscheinlich deutlich\nleichter verbreiten lassen, d.h. sich die Menschen schneller anstecken, m\u00fcssen\nwir besondere Vorsicht walten lassen!\u201c<\/p>\n\n\n\n<p>\u201eIn den letzten Wochen\nkonnten wir das Infektionsgeschehen im Landkreis Germersheim eind\u00e4mmen. Da sich\ndie Virusmutationen leichter verbreiten, bitte ich alle \u2013 trotz aktuell\nsinkender Infektionszahlen \u2013 besonders auf die g\u00e4ngigen Ma\u00dfnahmen zu achten\u201c,\nso Landrat Dr. Fritz Brechtel. \u201eAuch wenn es sich bisher um Verdachtsf\u00e4lle\nhandelt, bitte ich Sie alle, halten Sie sich besonders an die AHA-Regeln. Bitte\nhalten Sie ausreichend Abstand, tragen Sie eine Maske und achten Sie auf den\nrichtigen Sitz dieser, waschen Sie sich h\u00e4ufig die H\u00e4nde und l\u00fcften Sie\ngeschlossene R\u00e4ume regelm\u00e4\u00dfig. Das ist das Effektivste, das wir alle beitragen\nk\u00f6nnen, um das Pandemiegeschehen einzud\u00e4mmen und auch den neuen Virusvarianten\nkeine Chance zu geben!\u201c<\/p>\n\n\n\n<p><em>Kreisverwaltung Germersheim<br>02.02.2021<\/em><\/p>\n\n\n\n<h2 class=\"wp-block-heading\"><strong>Erweiterte Maskenpflicht gilt auch in Verwaltungsgeb\u00e4uden und Recyclingh\u00f6fen<\/strong><\/h2>\n\n\n\n<figure class=\"wp-block-image\"><img decoding=\"async\" loading=\"lazy\" width=\"800\" height=\"583\" src=\"https:\/\/speyer24news.com\/wp-content\/uploads\/2020\/03\/respirator-4945550_1920.jpg\" alt=\"\" class=\"wp-image-25938\" srcset=\"https:\/\/speyer24news.com\/wp-content\/uploads\/2020\/03\/respirator-4945550_1920.jpg 800w, https:\/\/speyer24news.com\/wp-content\/uploads\/2020\/03\/respirator-4945550_1920-300x219.jpg 300w, https:\/\/speyer24news.com\/wp-content\/uploads\/2020\/03\/respirator-4945550_1920-768x560.jpg 768w\" sizes=\"(max-width: 800px) 100vw, 800px\" \/><\/figure>\n\n\n\n<p>Seit Montag, 25.01.21 gilt in\nRheinland-Pfalz eine ausgeweitete Maskenpflicht. Details regelt die erste \u00c4nderungsverordnung\nzur 15. Corona-Bek\u00e4mpfungsverordnung des Landes Rheinland-Pfalz. Die\nKreisverwaltung weist die B\u00fcrger daher insbesondere auf die Pflicht zum Tragen\nvon medizinischen Masken hin. Sie gilt auch bei Terminen, die in der\nKreisverwaltung wahrgenommen werden, beispielsweise in der Zulassungsstelle und\ngenauso auf den Recyclingh\u00f6fen.<\/p>\n\n\n\n<p>Unter medizinischen Masken sind\nsogenannte OP-Masken oder eine Maske der Standards KN95\/N95 oder FFP2 zu\nverstehen. Die Kreisverwaltung bittet um Verst\u00e4ndnis, dass die B\u00fcrger\nVerwaltungsgeb\u00e4ude und Recyclingh\u00f6fe nur betreten k\u00f6nnen, wenn sie eine solche Maske\ntragen. <\/p>\n\n\n\n<p>In Rheinland-Pfalz gilt die erweiterte Maskenpflicht unter anderem in \u00c4mtern, Beh\u00f6rden, Verwaltungen und \u00e4hnlichen Einrichtungen mit Publikumsverkehr, in gewerblichen Einrichtungen wie Einzelhandel f\u00fcr Lebensmittel, Drogeriem\u00e4rkten, Tankstellen, Banken und Sparkassen und \u00e4hnlichem, an Haltestellen, Bahnsteigen oder Einrichtungen der Fluggastabfertigung, bei Gottesdiensten in geschlossenen R\u00e4umen sowie bei zugelassenen Angeboten von Fahrschulen. Diese Regelung ist, wie die gesamte \u00c4nderungsverordnung, zun\u00e4chst bis zum Ablauf des 14.02. befristet. Auf der Internetseite corona.rlp.de sind weitere Informationen abrufbar.<\/p>\n\n\n\n<p><em>Kreisverwaltung Germersheim<br>02.02.2021<\/em><\/p>\n\n\n\n<h1 class=\"wp-block-heading\" style=\"text-align:center\">Fallzahlen aus dem Kreis Germersheim<\/h1>\n\n\n\n<h2 class=\"wp-block-heading\">Montag, 01.02.2021<\/h2>\n\n\n\n<p>Aktuell gibt\nes im Landkreis Germersheim 239 best\u00e4tigte positive F\u00e4lle, die Gesamtzahl bel\u00e4uft\nsich auf 3074 Infizierte seit Beginn der Pandemie (+22 seit Freitag).<\/p>\n\n\n\n<table class=\"wp-block-table\"><tbody><tr><td><strong>VG \/   Stadt<\/strong>   <\/td><td><strong>Ort<\/strong>   <\/td><td><strong>Infizierte seit Beginn der Pandemie<\/strong>   <\/td><td><strong>Aktuell infizierte Personen<\/strong>   <\/td><td><strong>Gesundete bzw. nicht mehr   infizierte Personen<\/strong>   <\/td><td><strong>Leider an oder mit Covid-19   verstorbene Personen<\/strong>   <\/td><\/tr><tr><td>\n  VG\n  Hagenbach\n  <\/td><td>\n  Berg\n  <\/td><td>\n  29\n  <\/td><td>\n  0\n  <\/td><td>\n  29\n  <\/td><td>\n  0\n  <\/td><\/tr><tr><td>\n  &nbsp;\n  <\/td><td>\n  Hagenbach\n  <\/td><td>\n  137\n  <\/td><td>\n  1\n  <\/td><td>\n  121\n  <\/td><td>\n  15\n  <\/td><\/tr><tr><td>\n  &nbsp;\n  <\/td><td>\n  Neuburg\n  <\/td><td>\n  68\n  <\/td><td>\n  0\n  <\/td><td>\n  65\n  <\/td><td>\n  3\n  <\/td><\/tr><tr><td>\n  &nbsp;\n  <\/td><td>\n  Scheibenhardt\n  <\/td><td>\n  13\n  <\/td><td>\n  0\n  <\/td><td>\n  13\n  <\/td><td>\n  0\n  <\/td><\/tr><tr><td>\n  <strong>&nbsp;<\/strong>\n  <\/td><td>\n  <strong>Summen<\/strong><strong><\/strong>\n  <\/td><td>\n  <strong>247<\/strong><strong><\/strong>\n  <\/td><td>\n  <strong>1<\/strong><strong><\/strong>\n  <\/td><td>\n  <strong>228<\/strong><strong><\/strong>\n  <\/td><td>\n  <strong>18<\/strong><strong><\/strong>\n  <\/td><\/tr><tr><td>\n  W\u00f6rth\n  <\/td><td>\n  Maximiliansau\n  <\/td><td>\n  136\n  <\/td><td>\n  2\n  <\/td><td>\n  133\n  <\/td><td>\n  1\n  <\/td><\/tr><tr><td>\n  &nbsp;\n  <\/td><td>\n  Schaidt\n  <\/td><td>\n  15\n  <\/td><td>\n  1\n  <\/td><td>\n  14\n  <\/td><td>\n  0\n  <\/td><\/tr><tr><td>\n  &nbsp;\n  <\/td><td>\n  W\u00f6rth,\n  Stadt\n  <\/td><td>\n  258\n  <\/td><td>\n  11\n  <\/td><td>\n  243\n  <\/td><td>\n  4\n  <\/td><\/tr><tr><td>\n  &nbsp;\n  <\/td><td>\n  B\u00fcchelberg\n  <\/td><td>\n  21\n  <\/td><td>\n  3\n  <\/td><td>\n  18\n  <\/td><td>\n  0\n  <\/td><\/tr><tr><td>\n  <strong>&nbsp;<\/strong>\n  <\/td><td>\n  <strong>Summen<\/strong><strong><\/strong>\n  <\/td><td>\n  <strong>430<\/strong><strong><\/strong>\n  <\/td><td>\n  <strong>17<\/strong><strong><\/strong>\n  <\/td><td>\n  <strong>408<\/strong><strong><\/strong>\n  <\/td><td>\n  <strong>5<\/strong><strong><\/strong>\n  <\/td><\/tr><tr><td>\n  VG Kandel\n  <\/td><td>\n  Erlenbach\n  <\/td><td>\n  9\n  <\/td><td>\n  2\n  <\/td><td>\n  7\n  <\/td><td>\n  0\n  <\/td><\/tr><tr><td>\n  &nbsp;\n  <\/td><td>\n  Freckenfeld\n  <\/td><td>\n  28\n  <\/td><td>\n  1\n  <\/td><td>\n  27\n  <\/td><td>\n  0\n  <\/td><\/tr><tr><td>\n  &nbsp;\n  <\/td><td>\n  Kandel\n  <\/td><td>\n  149\n  <\/td><td>\n  13\n  <\/td><td>\n  133\n  <\/td><td>\n  3\n  <\/td><\/tr><tr><td>\n  &nbsp;\n  <\/td><td>\n  Minfeld\n  <\/td><td>\n  29\n  <\/td><td>\n  4\n  <\/td><td>\n  25\n  <\/td><td>\n  0\n  <\/td><\/tr><tr><td>\n  &nbsp;\n  <\/td><td>\n  Steinweiler\n  <\/td><td>\n  39\n  <\/td><td>\n  6\n  <\/td><td>\n  33\n  <\/td><td>\n  0\n  <\/td><\/tr><tr><td>\n  &nbsp;\n  <\/td><td>\n  Vollmersweiler\n  <\/td><td>\n  1\n  <\/td><td>\n  0\n  <\/td><td>\n  1\n  <\/td><td>\n  0\n  <\/td><\/tr><tr><td>\n  &nbsp;\n  <\/td><td>\n  Winden\n  <\/td><td>\n  19\n  <\/td><td>\n  1\n  <\/td><td>\n  17\n  <\/td><td>\n  1\n  <\/td><\/tr><tr><td>\n  &nbsp;\n  <\/td><td>\n  <strong>Summen<\/strong><strong><\/strong>\n  <\/td><td>\n  <strong>274<\/strong><strong><\/strong>\n  <\/td><td>\n  <strong>27<\/strong><strong><\/strong>\n  <\/td><td>\n  <strong>243<\/strong><strong><\/strong>\n  <\/td><td>\n  <strong>4<\/strong><strong><\/strong>\n  <\/td><\/tr><tr><td>\n  VG\n  Jockgrim\n  <\/td><td>\n  Hatzenb\u00fchl\n  <\/td><td>\n  36\n  <\/td><td>\n  4\n  <\/td><td>\n  32\n  <\/td><td>\n  0\n  <\/td><\/tr><tr><td>\n  &nbsp;\n  <\/td><td>\n  Jockgrim\n  <\/td><td>\n  136\n  <\/td><td>\n  8\n  <\/td><td>\n  123\n  <\/td><td>\n  5\n  <\/td><\/tr><tr><td>\n  &nbsp;\n  <\/td><td>\n  Neupotz\n  <\/td><td>\n  27\n  <\/td><td>\n  3\n  <\/td><td>\n  21\n  <\/td><td>\n  3\n  <\/td><\/tr><tr><td>\n  &nbsp;\n  <\/td><td>\n  Rheinzabern\n  <\/td><td>\n  82\n  <\/td><td>\n  9\n  <\/td><td>\n  71\n  <\/td><td>\n  2\n  <\/td><\/tr><tr><td>\n  &nbsp;\n  <\/td><td>\n  <strong>Summen<\/strong><strong><\/strong>\n  <\/td><td>\n  <strong>281<\/strong><strong><\/strong>\n  <\/td><td>\n  <strong>24<\/strong><strong><\/strong>\n  <\/td><td>\n  <strong>247<\/strong><strong><\/strong>\n  <\/td><td>\n  <strong>10<\/strong><strong><\/strong>\n  <\/td><\/tr><tr><td>\n  VG\n  R\u00fclzheim\n  <\/td><td>\n  H\u00f6rdt\n  <\/td><td>\n  63\n  <\/td><td>\n  9\n  <\/td><td>\n  54\n  <\/td><td>\n  0\n  <\/td><\/tr><tr><td>\n  &nbsp;\n  <\/td><td>\n  Kuhardt\n  <\/td><td>\n  47\n  <\/td><td>\n  8\n  <\/td><td>\n  39\n  <\/td><td>\n  0\n  <\/td><\/tr><tr><td>\n  &nbsp;\n  <\/td><td>\n  Leimersheim\n  <\/td><td>\n  43\n  <\/td><td>\n  4\n  <\/td><td>\n  38\n  <\/td><td>\n  1\n  <\/td><\/tr><tr><td>\n  &nbsp;\n  <\/td><td>\n  R\u00fclzheim\n  <\/td><td>\n  164\n  <\/td><td>\n  12\n  <\/td><td>\n  148\n  <\/td><td>\n  4\n  <\/td><\/tr><tr><td>\n  &nbsp;\n  <\/td><td>\n  <strong>Summen<\/strong><strong><\/strong>\n  <\/td><td>\n  <strong>317<\/strong><strong><\/strong>\n  <\/td><td>\n  <strong>33<\/strong><strong><\/strong>\n  <\/td><td>\n  <strong>279<\/strong><strong><\/strong>\n  <\/td><td>\n  <strong>5<\/strong><strong><\/strong>\n  <\/td><\/tr><tr><td>\n  VG Bellheim\n  <\/td><td>\n  Bellheim\n  <\/td><td>\n  269\n  <\/td><td>\n  10\n  <\/td><td>\n  233\n  <\/td><td>\n  26\n  <\/td><\/tr><tr><td>\n  &nbsp;\n  <\/td><td>\n  Knittelsheim\n  <\/td><td>\n  25\n  <\/td><td>\n  2\n  <\/td><td>\n  23\n  <\/td><td>\n  0\n  <\/td><\/tr><tr><td>\n  &nbsp;\n  <\/td><td>\n  Ottersheim\n  <\/td><td>\n  42\n  <\/td><td>\n  4\n  <\/td><td>\n  38\n  <\/td><td>\n  0\n  <\/td><\/tr><tr><td>\n  &nbsp;\n  <\/td><td>\n  Zeiskam\n  <\/td><td>\n  44\n  <\/td><td>\n  0\n  <\/td><td>\n  44\n  <\/td><td>\n  0\n  <\/td><\/tr><tr><td>\n  &nbsp;\n  <\/td><td>\n  <strong>Summen<\/strong><strong><\/strong>\n  <\/td><td>\n  <strong>380<\/strong><strong><\/strong>\n  <\/td><td>\n  <strong>16<\/strong><strong><\/strong>\n  <\/td><td>\n  <strong>338<\/strong><strong><\/strong>\n  <\/td><td>\n  <strong>26<\/strong><strong><\/strong>\n  <\/td><\/tr><tr><td>\n  Germersheim\n  + So\n  <\/td><td>\n  &nbsp;\n  <\/td><td>\n  639\n  <\/td><td>\n  47\n  <\/td><td>\n  582\n  <\/td><td>\n  10\n  <\/td><\/tr><tr><td>\n  &nbsp;\n  <\/td><td>\n  <strong>Summen<\/strong><strong><\/strong>\n  <\/td><td>\n  <strong>639<\/strong><strong><\/strong>\n  <\/td><td>\n  <strong>47<\/strong><strong><\/strong>\n  <\/td><td>\n  <strong>582<\/strong><strong><\/strong>\n  <\/td><td>\n  <strong>10<\/strong><strong><\/strong>\n  <\/td><\/tr><tr><td>\n  VG\n  Lingenfeld\n  <\/td><td>\n  Freisbach\n  <\/td><td>\n  37\n  <\/td><td>\n  3\n  <\/td><td>\n  33\n  <\/td><td>\n  1\n  <\/td><\/tr><tr><td>\n  &nbsp;\n  <\/td><td>\n  Lingenfeld\n  <\/td><td>\n  177\n  <\/td><td>\n  55\n  <\/td><td>\n  118\n  <\/td><td>\n  4\n  <\/td><\/tr><tr><td>\n  &nbsp;\n  <\/td><td>\n  Lustadt\n  <\/td><td>\n  63\n  <\/td><td>\n  3\n  <\/td><td>\n  59\n  <\/td><td>\n  1\n  <\/td><\/tr><tr><td>\n  &nbsp;\n  <\/td><td>\n  Schwegenheim\n  <\/td><td>\n  103\n  <\/td><td>\n  3\n  <\/td><td>\n  100\n  <\/td><td>\n  0\n  <\/td><\/tr><tr><td>\n  &nbsp;\n  <\/td><td>\n  Weingarten\n  <\/td><td>\n  59\n  <\/td><td>\n  3\n  <\/td><td>\n  55\n  <\/td><td>\n  1\n  <\/td><\/tr><tr><td>\n  &nbsp;\n  <\/td><td>\n  Westheim\n  <\/td><td>\n  67\n  <\/td><td>\n  7\n  <\/td><td>\n  54\n  <\/td><td>\n  6\n  <\/td><\/tr><tr><td>\n  &nbsp;\n  <\/td><td>\n  <strong>Summen<\/strong><strong><\/strong>\n  <\/td><td>\n  <strong>506<\/strong><strong><\/strong>\n  <\/td><td>\n  <strong>74<\/strong><strong><\/strong>\n  <\/td><td>\n  <strong>419<\/strong><strong><\/strong>\n  <\/td><td>\n  <strong>13<\/strong><strong><\/strong>\n  <\/td><\/tr><tr><td>\n  &nbsp;\n  <\/td><td>\n  <strong>Endsummen<\/strong><strong><\/strong>\n  <\/td><td>\n  <strong>3074<\/strong><strong><\/strong>\n  <\/td><td>\n  <strong>239<\/strong><strong><\/strong>\n  <\/td><td>\n  <strong>2744<\/strong><strong><\/strong>\n  <\/td><td>\n  <strong>91<\/strong><strong><\/strong>\n  <\/td><\/tr><\/tbody><\/table>\n\n\n\n<h2 class=\"wp-block-heading\">Freitag, 29. Januar 2021 <\/h2>\n\n\n\n<p>Aktuell gibt\nes im Landkreis Germersheim 245 best\u00e4tigte positive F\u00e4lle, die Gesamtzahl bel\u00e4uft\nsich auf 3052 Infizierte seit Beginn der Pandemie (+23).<\/p>\n\n\n\n<h4 class=\"wp-block-heading\"><strong>Weitere Todesf\u00e4lle<\/strong><\/h4>\n\n\n\n<p>Leider sind drei weitere Personen\nan oder mit Covid-19 verstorben. Insgesamt steigt die Anzahl der Todesf\u00e4lle\ndamit auf 91.<\/p>\n\n\n\n<h4 class=\"wp-block-heading\"><strong>Neu betroffene Einrichtungen:<\/strong><\/h4>\n\n\n\n<p><strong>Kita Faustina in Rheinzabern: <\/strong>Eine Person wurde positiv getestet. Die Kontaktpersonen befinden sich in\nQuarant\u00e4ne.<\/p>\n\n\n\n<h2 class=\"wp-block-heading\">Donnerstag, 28. Januar 2021<\/h2>\n\n\n\n<p>Aktuell gibt\nes im Landkreis Germersheim 255 best\u00e4tigte positive F\u00e4lle, die Gesamtzahl bel\u00e4uft\nsich auf 3029 Infizierte seit Beginn der Pandemie (+16).<\/p>\n\n\n\n<h4 class=\"wp-block-heading\"><strong>Weitere Todesf\u00e4lle<\/strong><\/h4>\n\n\n\n<p>Leider sind zwei weitere Personen\nan oder mit Covid-19 verstorben. Insgesamt steigt die Anzahl der Todesf\u00e4lle\ndamit auf 88.<\/p>\n\n\n\n<h4 class=\"wp-block-heading\"><strong>Neu betroffene Einrichtungen:<\/strong><\/h4>\n\n\n\n<p><strong>Kita Albertino in Jockgrim: <\/strong>Eine Person wurde positiv getestet. Die Kontaktpersonen befinden sich in\nQuarant\u00e4ne.<\/p>\n\n\n\n<h2 class=\"wp-block-heading\">Mittwoch,  27. Januar 2021 <\/h2>\n\n\n\n<p>Aktuell gibt\nes im Landkreis Germersheim 251 best\u00e4tigte positive F\u00e4lle, die Gesamtzahl bel\u00e4uft\nsich auf 3013 Infizierte seit Beginn der Pandemie (+15).<\/p>\n\n\n\n<p><strong>Weiterer\nTodesfall<\/strong><\/p>\n\n\n\n<p>Leider ist eine weitere Person an oder mit Covid-19\nverstorben. Insgesamt steigt die Anzahl der Todesf\u00e4lle damit auf 86.<\/p>\n\n\n\n<h2 class=\"wp-block-heading\">Dienstag,  26. Januar 2021 <\/h2>\n\n\n\n<p>Aktuell gibt\nes im Landkreis Germersheim 312 best\u00e4tigte positive F\u00e4lle, die Gesamtzahl bel\u00e4uft\nsich auf 2998 Infizierte seit Beginn der Pandemie (+15).<\/p>\n\n\n\n<p><em>Kreisverwaltung Germersheim<br>02.02.2021<\/em><\/p>\n","protected":false},"excerpt":{"rendered":"<div class=\"mh-excerpt\"><p>Hochwasserschutz f\u00fcr Germersheim beginnt im Wald bei Westheim Wo die Queich die Druslach flutet Die Zeiten, in denen die Stadt Germersheim vor dem Rhein-Hochwasser durch D\u00e4mme, Deiche und Polder zwar gesch\u00fctzt, dann aber von einer <a class=\"mh-excerpt-more\" href=\"https:\/\/speyer24news.com\/?p=32724\" title=\"Germersheim und Landkreis Germersheim\">[&#8230;]<\/a><\/p>\n<\/div>","protected":false},"author":3,"featured_media":0,"comment_status":"open","ping_status":"open","sticky":false,"template":"","format":"standard","meta":{"_monsterinsights_skip_tracking":false,"_monsterinsights_sitenote_active":false,"_monsterinsights_sitenote_note":"","_monsterinsights_sitenote_category":0,"footnotes":""},"categories":[449],"tags":[9605,6401,6902,6367,6323,9616,6903,9613,9614,9602,210,2826,2827,9600,5305,453,9609,9611,9612,5569,6551,9615,9606,9601,9556,9603,9604,9607,9608,457],"aioseo_notices":[],"amp_enabled":true,"_links":{"self":[{"href":"https:\/\/speyer24news.com\/index.php?rest_route=\/wp\/v2\/posts\/32724"}],"collection":[{"href":"https:\/\/speyer24news.com\/index.php?rest_route=\/wp\/v2\/posts"}],"about":[{"href":"https:\/\/speyer24news.com\/index.php?rest_route=\/wp\/v2\/types\/post"}],"author":[{"embeddable":true,"href":"https:\/\/speyer24news.com\/index.php?rest_route=\/wp\/v2\/users\/3"}],"replies":[{"embeddable":true,"href":"https:\/\/speyer24news.com\/index.php?rest_route=%2Fwp%2Fv2%2Fcomments&post=32724"}],"version-history":[{"count":2,"href":"https:\/\/speyer24news.com\/index.php?rest_route=\/wp\/v2\/posts\/32724\/revisions"}],"predecessor-version":[{"id":32735,"href":"https:\/\/speyer24news.com\/index.php?rest_route=\/wp\/v2\/posts\/32724\/revisions\/32735"}],"wp:attachment":[{"href":"https:\/\/speyer24news.com\/index.php?rest_route=%2Fwp%2Fv2%2Fmedia&parent=32724"}],"wp:term":[{"taxonomy":"category","embeddable":true,"href":"https:\/\/speyer24news.com\/index.php?rest_route=%2Fwp%2Fv2%2Fcategories&post=32724"},{"taxonomy":"post_tag","embeddable":true,"href":"https:\/\/speyer24news.com\/index.php?rest_route=%2Fwp%2Fv2%2Ftags&post=32724"}],"curies":[{"name":"wp","href":"https:\/\/api.w.org\/{rel}","templated":true}]}}