{"id":32736,"date":"2021-02-02T18:00:02","date_gmt":"2021-02-02T17:00:02","guid":{"rendered":"https:\/\/speyer24news.com\/?p=32736"},"modified":"2021-02-02T18:00:03","modified_gmt":"2021-02-02T17:00:03","slug":"corona-stadtnotiz-verkehrsnotiz-aus-speyer","status":"publish","type":"post","link":"https:\/\/speyer24news.com\/?p=32736","title":{"rendered":"Corona, Stadtnotiz &#038; Verkehrsnotiz aus Speyer"},"content":{"rendered":"<style type=\"text\/css\">\r\n\t.ads_top_disp{}\r\n\t.ads_top_corner_disp{ float:left; margin:0px 10px 10px 0px; }\r\n\t.ads_first_p_disp{}\r\n\t.ads_bottom_disp{}\r\n\t<\/style>\n<h1 class=\"wp-block-heading\" style=\"text-align:center\">Coronafallzahlen von Dienstag (02.02.2021)<\/h1>\n\n\n\n<figure class=\"wp-block-image\"><img decoding=\"async\" loading=\"lazy\" width=\"800\" height=\"400\" src=\"https:\/\/speyer24news.com\/wp-content\/uploads\/2020\/02\/virus-1812092_1920.jpg\" alt=\"\" class=\"wp-image-25128\" srcset=\"https:\/\/speyer24news.com\/wp-content\/uploads\/2020\/02\/virus-1812092_1920.jpg 800w, https:\/\/speyer24news.com\/wp-content\/uploads\/2020\/02\/virus-1812092_1920-300x150.jpg 300w, https:\/\/speyer24news.com\/wp-content\/uploads\/2020\/02\/virus-1812092_1920-768x384.jpg 768w\" sizes=\"(max-width: 800px) 100vw, 800px\" \/><\/figure>\n\n\n\n<p>Anzahl best\u00e4tigter F\u00e4lle von Coronavirus (SARS-CoV-2)-Infektionen in der Stadt Speyer: 1920 ( +0 )<\/p>\n\n\n\n<p>Davon bereits genesen:\u00a01739<br>Todesf\u00e4lle: 55 ( + 3 )<br>Gemeldete F\u00e4lle der letzten sieben Tage pro 100.000 Einwohner*innen: 53,4 ( &#8211; 11,9 )<br>Warnstufe: Rot<\/p>\n\n\n\n<p>Stand: 02.02.2021, 14:10 Uhr<\/p>\n\n\n\n<p><em>Landesuntersuchungsamt Rheinland-Pfalz<br>02.02.2021<\/em><\/p>\n\n\n\n<h1 class=\"wp-block-heading\" style=\"text-align:center\">Stadtnotiz<\/h1>\n\n\n\n<figure class=\"wp-block-image\"><img decoding=\"async\" loading=\"lazy\" width=\"800\" height=\"600\" src=\"https:\/\/speyer24news.com\/wp-content\/uploads\/2020\/01\/Speyer-Stadtnachrichten-2.jpg\" alt=\"\" class=\"wp-image-23901\" srcset=\"https:\/\/speyer24news.com\/wp-content\/uploads\/2020\/01\/Speyer-Stadtnachrichten-2.jpg 800w, https:\/\/speyer24news.com\/wp-content\/uploads\/2020\/01\/Speyer-Stadtnachrichten-2-300x225.jpg 300w, https:\/\/speyer24news.com\/wp-content\/uploads\/2020\/01\/Speyer-Stadtnachrichten-2-768x576.jpg 768w, https:\/\/speyer24news.com\/wp-content\/uploads\/2020\/01\/Speyer-Stadtnachrichten-2-678x509.jpg 678w, https:\/\/speyer24news.com\/wp-content\/uploads\/2020\/01\/Speyer-Stadtnachrichten-2-326x245.jpg 326w, https:\/\/speyer24news.com\/wp-content\/uploads\/2020\/01\/Speyer-Stadtnachrichten-2-80x60.jpg 80w\" sizes=\"(max-width: 800px) 100vw, 800px\" \/><\/figure>\n\n\n\n<h2 class=\"wp-block-heading\"><strong>Hochwasserschutz: Klipfelsau-Wiese gesperrt<\/strong><\/h2>\n\n\n\n<div class=\"wp-block-image\"><figure class=\"aligncenter\"><img decoding=\"async\" loading=\"lazy\" width=\"800\" height=\"600\" src=\"https:\/\/speyer24news.com\/wp-content\/uploads\/2021\/02\/PHOTO-2021-02-02-14-30-14.jpg\" alt=\"\" class=\"wp-image-32737\" srcset=\"https:\/\/speyer24news.com\/wp-content\/uploads\/2021\/02\/PHOTO-2021-02-02-14-30-14.jpg 800w, https:\/\/speyer24news.com\/wp-content\/uploads\/2021\/02\/PHOTO-2021-02-02-14-30-14-300x225.jpg 300w, https:\/\/speyer24news.com\/wp-content\/uploads\/2021\/02\/PHOTO-2021-02-02-14-30-14-768x576.jpg 768w, https:\/\/speyer24news.com\/wp-content\/uploads\/2021\/02\/PHOTO-2021-02-02-14-30-14-678x509.jpg 678w, https:\/\/speyer24news.com\/wp-content\/uploads\/2021\/02\/PHOTO-2021-02-02-14-30-14-326x245.jpg 326w, https:\/\/speyer24news.com\/wp-content\/uploads\/2021\/02\/PHOTO-2021-02-02-14-30-14-80x60.jpg 80w\" sizes=\"(max-width: 800px) 100vw, 800px\" \/><\/figure><\/div>\n\n\n\n<p>Die Stadtverwaltung Speyer informiert, dass die Wiese in der Klipfelsau, angrenzend an die Rheinallee, aufgrund des steigenden Druckwassers, bedingt durch das Rheinhochwasser, im Laufe des heutigen Tages abgesperrt werden musste. Der st\u00e4dtische Baubetriebshof hat an allen Zuwegungen gut sichtbare Absperrschranken aufgestellt.<\/p>\n\n\n\n<div class=\"wp-block-image\"><figure class=\"aligncenter\"><img decoding=\"async\" loading=\"lazy\" width=\"800\" height=\"600\" src=\"https:\/\/speyer24news.com\/wp-content\/uploads\/2021\/02\/PHOTO-2021-02-02-14-30-13.jpg\" alt=\"\" class=\"wp-image-32738\" srcset=\"https:\/\/speyer24news.com\/wp-content\/uploads\/2021\/02\/PHOTO-2021-02-02-14-30-13.jpg 800w, https:\/\/speyer24news.com\/wp-content\/uploads\/2021\/02\/PHOTO-2021-02-02-14-30-13-300x225.jpg 300w, https:\/\/speyer24news.com\/wp-content\/uploads\/2021\/02\/PHOTO-2021-02-02-14-30-13-768x576.jpg 768w, https:\/\/speyer24news.com\/wp-content\/uploads\/2021\/02\/PHOTO-2021-02-02-14-30-13-678x509.jpg 678w, https:\/\/speyer24news.com\/wp-content\/uploads\/2021\/02\/PHOTO-2021-02-02-14-30-13-326x245.jpg 326w, https:\/\/speyer24news.com\/wp-content\/uploads\/2021\/02\/PHOTO-2021-02-02-14-30-13-80x60.jpg 80w\" sizes=\"(max-width: 800px) 100vw, 800px\" \/><\/figure><\/div>\n\n\n\n<p>Oberb\u00fcrgermeisterin Stefanie Seiler bittet alle B\u00fcrger*innen darum, die Sperrungen zu beachten, den Deichen fernzubleiben und \u201eHochwassertourismus\u201c zu unterlassen. Dies dient sowohl dem Eigenschutz im Bereich der Unfallpr\u00e4vention als auch dem Schutz der Deiche.<\/p>\n\n\n\n<p><em>Stadt Speyer<br>02.02.2021<\/em><\/p>\n\n\n\n<h1 class=\"wp-block-heading\" style=\"text-align:center\">Verkehrsnotiz<\/h1>\n\n\n\n<figure class=\"wp-block-image\"><img decoding=\"async\" loading=\"lazy\" width=\"800\" height=\"565\" src=\"https:\/\/speyer24news.com\/wp-content\/uploads\/2020\/01\/Baustelle-2.jpg\" alt=\"\" class=\"wp-image-23900\" srcset=\"https:\/\/speyer24news.com\/wp-content\/uploads\/2020\/01\/Baustelle-2.jpg 800w, https:\/\/speyer24news.com\/wp-content\/uploads\/2020\/01\/Baustelle-2-300x212.jpg 300w, https:\/\/speyer24news.com\/wp-content\/uploads\/2020\/01\/Baustelle-2-768x542.jpg 768w\" sizes=\"(max-width: 800px) 100vw, 800px\" \/><\/figure>\n\n\n\n<h2 class=\"wp-block-heading\"><strong>Allerheiligenstra\u00dfe gesperrt<\/strong><\/h2>\n\n\n\n<figure class=\"wp-block-image\"><img decoding=\"async\" src=\"https:\/\/speyer24news.com\/wp-content\/uploads\/2020\/01\/Vollsperrung.jpg\" alt=\"\" class=\"wp-image-23970\"\/><\/figure>\n\n\n\n<p>Aufgrund eines Wasserrohrbruchs wird die Allerheiligenstra\u00dfe auf H\u00f6he der Hausnummer 28 <strong>ab sofort bis voraussichtlich 1. M\u00e4rz 2021<\/strong> f\u00fcr den Durchgangsverkehr gesperrt. F\u00fcr die Dauer der Ma\u00dfnahme wird die Allerheiligenstra\u00dfe beidseitig als Sackgasse ausgewiesen. Die Einbahnstra\u00dfenregelung in der Allerheiligenstra\u00dfe zwischen Herdstra\u00dfe und Lindenstra\u00dfe wird aufgehoben.<\/p>\n\n\n\n<p>F\u00fcr R\u00fcckfragen steht die Stra\u00dfenverkehrsbeh\u00f6rde unter der Rufnummer 14-2938 zur Verf\u00fcgung.<\/p>\n\n\n\n<p><em>Stadt Speyer<br>02.02.2021<\/em><\/p>\n","protected":false},"excerpt":{"rendered":"<div class=\"mh-excerpt\"><p>Coronafallzahlen von Dienstag (02.02.2021) Anzahl best\u00e4tigter F\u00e4lle von Coronavirus (SARS-CoV-2)-Infektionen in der Stadt Speyer: 1920 ( +0 ) Davon bereits genesen:\u00a01739Todesf\u00e4lle: 55 ( + 3 )Gemeldete F\u00e4lle der letzten sieben Tage pro 100.000 Einwohner*innen: 53,4 <a class=\"mh-excerpt-more\" href=\"https:\/\/speyer24news.com\/?p=32736\" title=\"Corona, Stadtnotiz &#038; Verkehrsnotiz aus Speyer\">[&#8230;]<\/a><\/p>\n<\/div>","protected":false},"author":3,"featured_media":23902,"comment_status":"open","ping_status":"open","sticky":false,"template":"","format":"standard","meta":{"_monsterinsights_skip_tracking":false,"_monsterinsights_sitenote_active":false,"_monsterinsights_sitenote_note":"","_monsterinsights_sitenote_category":0,"footnotes":""},"categories":[47],"tags":[8410,6401,8404,6367,6940,8725,6359,6370,5904,6358,7003,5801,6342,2827,9557,9603,6,657,1296,9617,1114],"aioseo_notices":[],"amp_enabled":true,"_links":{"self":[{"href":"https:\/\/speyer24news.com\/index.php?rest_route=\/wp\/v2\/posts\/32736"}],"collection":[{"href":"https:\/\/speyer24news.com\/index.php?rest_route=\/wp\/v2\/posts"}],"about":[{"href":"https:\/\/speyer24news.com\/index.php?rest_route=\/wp\/v2\/types\/post"}],"author":[{"embeddable":true,"href":"https:\/\/speyer24news.com\/index.php?rest_route=\/wp\/v2\/users\/3"}],"replies":[{"embeddable":true,"href":"https:\/\/speyer24news.com\/index.php?rest_route=%2Fwp%2Fv2%2Fcomments&post=32736"}],"version-history":[{"count":1,"href":"https:\/\/speyer24news.com\/index.php?rest_route=\/wp\/v2\/posts\/32736\/revisions"}],"predecessor-version":[{"id":32739,"href":"https:\/\/speyer24news.com\/index.php?rest_route=\/wp\/v2\/posts\/32736\/revisions\/32739"}],"wp:featuredmedia":[{"embeddable":true,"href":"https:\/\/speyer24news.com\/index.php?rest_route=\/wp\/v2\/media\/23902"}],"wp:attachment":[{"href":"https:\/\/speyer24news.com\/index.php?rest_route=%2Fwp%2Fv2%2Fmedia&parent=32736"}],"wp:term":[{"taxonomy":"category","embeddable":true,"href":"https:\/\/speyer24news.com\/index.php?rest_route=%2Fwp%2Fv2%2Fcategories&post=32736"},{"taxonomy":"post_tag","embeddable":true,"href":"https:\/\/speyer24news.com\/index.php?rest_route=%2Fwp%2Fv2%2Ftags&post=32736"}],"curies":[{"name":"wp","href":"https:\/\/api.w.org\/{rel}","templated":true}]}}