{"id":32755,"date":"2021-02-03T08:15:34","date_gmt":"2021-02-03T07:15:34","guid":{"rendered":"https:\/\/speyer24news.com\/?p=32755"},"modified":"2021-02-03T08:15:34","modified_gmt":"2021-02-03T07:15:34","slug":"rhein-pfalz-kreis-63","status":"publish","type":"post","link":"https:\/\/speyer24news.com\/?p=32755","title":{"rendered":"Rhein-Pfalz-Kreis"},"content":{"rendered":"<style type=\"text\/css\">\r\n\t.ads_top_disp{}\r\n\t.ads_top_corner_disp{ float:left; margin:0px 10px 10px 0px; }\r\n\t.ads_first_p_disp{}\r\n\t.ads_bottom_disp{}\r\n\t<\/style>\n<h1 class=\"wp-block-heading\" style=\"text-align:center\"><strong>Coronavirus: Aktuelle Fallzahlen im Zust\u00e4ndigkeitsbereich\ndes Gesundheitsamtes Rhein-Pfalz-Kreis<\/strong><\/h1>\n\n\n\n<figure class=\"wp-block-image\"><img decoding=\"async\" loading=\"lazy\" width=\"800\" height=\"400\" src=\"https:\/\/speyer24news.com\/wp-content\/uploads\/2020\/02\/virus-1812092_1920.jpg\" alt=\"\" class=\"wp-image-25128\" srcset=\"https:\/\/speyer24news.com\/wp-content\/uploads\/2020\/02\/virus-1812092_1920.jpg 800w, https:\/\/speyer24news.com\/wp-content\/uploads\/2020\/02\/virus-1812092_1920-300x150.jpg 300w, https:\/\/speyer24news.com\/wp-content\/uploads\/2020\/02\/virus-1812092_1920-768x384.jpg 768w\" sizes=\"(max-width: 800px) 100vw, 800px\" \/><\/figure>\n\n\n\n<p>Die Kreisverwaltung Rhein-Pfalz-Kreis \u00fcbermittelt\neine \u00dcbersicht der Infektionszahlen aus ihrem Zust\u00e4ndigkeitsbereich des\nGesundheitsamtes. In den Zust\u00e4ndigkeitsbereich des Gesundheitsamtes\nRhein-Pfalz-Kreis geh\u00f6ren neben dem Landkreis auch die St\u00e4dte Ludwigshafen,\nFrankenthal und Speyer. <\/p>\n\n\n\n<h2 class=\"wp-block-heading\">Samstag, (30.01.2021) <\/h2>\n\n\n\n<p>Insgesamt wurden im Rhein-Pfalz-Kreis, Frankenthal,\nLudwigshafen und Speyer <strong>60<\/strong> F\u00e4lle gemeldet.<\/p>\n\n\n\n<table class=\"wp-block-table\"><tbody><tr><td>\n  30.01.2021LK\/SK\/Ort\n  <\/td><td>\n  Infizierte seit Beginn der\n  Pandemie\n  <\/td><td>\n  Aktuell infizierte Personen\n  <\/td><td>\n  Heute neu infizierte Personen\n  <\/td><td>\n  Gesundete bzw. nicht mehr\n  infizierte Personen\n  <\/td><td>\n  Leider an oder mit Covid-19\n  verstorbene Personen\n  <\/td><\/tr><tr><td>\n  _AH\n  <\/td><td>\n  6\n  <\/td><td>\n  &nbsp;\n  <\/td><td>\n  &nbsp;\n  <\/td><td>\n  6\n  <\/td><td>\n  &nbsp;\n  <\/td><\/tr><tr><td>\n  Altrip\n  <\/td><td>\n  181\n  <\/td><td>\n  43\n  <\/td><td>\n  &nbsp;\n  <\/td><td>\n  129\n  <\/td><td>\n  9\n  <\/td><\/tr><tr><td>\n  Beindersheim\n  <\/td><td>\n  74\n  <\/td><td>\n  11\n  <\/td><td>\n  &nbsp;\n  <\/td><td>\n  62\n  <\/td><td>\n  1\n  <\/td><\/tr><tr><td>\n  Birkenheide\n  <\/td><td>\n  55\n  <\/td><td>\n  7\n  <\/td><td>\n  1\n  <\/td><td>\n  47\n  <\/td><td>\n  1\n  <\/td><\/tr><tr><td>\n  Bobenheim-Roxheim\n  <\/td><td>\n  200\n  <\/td><td>\n  51\n  <\/td><td>\n  2\n  <\/td><td>\n  149\n  <\/td><td>\n  &nbsp;\n  <\/td><\/tr><tr><td>\n  B\u00f6hl-Iggelheim\n  <\/td><td>\n  290\n  <\/td><td>\n  15\n  <\/td><td>\n  &nbsp;\n  <\/td><td>\n  264\n  <\/td><td>\n  11\n  <\/td><\/tr><tr><td>\n  Dannstadt-Schauernheim\n  <\/td><td>\n  188\n  <\/td><td>\n  17\n  <\/td><td>\n  &nbsp;\n  <\/td><td>\n  169\n  <\/td><td>\n  2\n  <\/td><\/tr><tr><td>\n  Dudenhofen\n  <\/td><td>\n  277\n  <\/td><td>\n  30\n  <\/td><td>\n  2\n  <\/td><td>\n  235\n  <\/td><td>\n  12\n  <\/td><\/tr><tr><td>\n  Fu\u00dfg\u00f6nheim\n  <\/td><td>\n  53\n  <\/td><td>\n  8\n  <\/td><td>\n  &nbsp;\n  <\/td><td>\n  43\n  <\/td><td>\n  2\n  <\/td><\/tr><tr><td>\n  Gro\u00dfniedesheim\n  <\/td><td>\n  35\n  <\/td><td>\n  3\n  <\/td><td>\n  &nbsp;\n  <\/td><td>\n  32\n  <\/td><td>\n  &nbsp;\n  <\/td><\/tr><tr><td>\n  Hanhofen\n  <\/td><td>\n  69\n  <\/td><td>\n  13\n  <\/td><td>\n  3\n  <\/td><td>\n  56\n  <\/td><td>\n  &nbsp;\n  <\/td><\/tr><tr><td>\n  Harthausen\n  <\/td><td>\n  112\n  <\/td><td>\n  22\n  <\/td><td>\n  &nbsp;\n  <\/td><td>\n  81\n  <\/td><td>\n  9\n  <\/td><\/tr><tr><td>\n  He\u00dfheim\n  <\/td><td>\n  63\n  <\/td><td>\n  9\n  <\/td><td>\n  &nbsp;\n  <\/td><td>\n  51\n  <\/td><td>\n  3\n  <\/td><\/tr><tr><td>\n  Heuchelheim\n  <\/td><td>\n  18\n  <\/td><td>\n  5\n  <\/td><td>\n  1\n  <\/td><td>\n  13\n  <\/td><td>\n  &nbsp;\n  <\/td><\/tr><tr><td>\n  Hochdorf-Assenheim\n  <\/td><td>\n  60\n  <\/td><td>\n  6\n  <\/td><td>\n  &nbsp;\n  <\/td><td>\n  53\n  <\/td><td>\n  1\n  <\/td><\/tr><tr><td>\n  Kleinniedesheim\n  <\/td><td>\n  25\n  <\/td><td>\n  5\n  <\/td><td>\n  &nbsp;\n  <\/td><td>\n  20\n  <\/td><td>\n  &nbsp;\n  <\/td><\/tr><tr><td>\n  Lambsheim\n  <\/td><td>\n  139\n  <\/td><td>\n  34\n  <\/td><td>\n  &nbsp;\n  <\/td><td>\n  103\n  <\/td><td>\n  2\n  <\/td><\/tr><tr><td>\n  Limburgerhof\n  <\/td><td>\n  262\n  <\/td><td>\n  67\n  <\/td><td>\n  4\n  <\/td><td>\n  187\n  <\/td><td>\n  8\n  <\/td><\/tr><tr><td>\n  Maxdorf\n  <\/td><td>\n  242\n  <\/td><td>\n  26\n  <\/td><td>\n  &nbsp;\n  <\/td><td>\n  192\n  <\/td><td>\n  24\n  <\/td><\/tr><tr><td>\n  Mutterstadt\n  <\/td><td>\n  425\n  <\/td><td>\n  35\n  <\/td><td>\n  1\n  <\/td><td>\n  361\n  <\/td><td>\n  29\n  <\/td><\/tr><tr><td>\n  Neuhofen\n  <\/td><td>\n  187\n  <\/td><td>\n  39\n  <\/td><td>\n  1\n  <\/td><td>\n  142\n  <\/td><td>\n  6\n  <\/td><\/tr><tr><td>\n  Otterstadt\n  <\/td><td>\n  104\n  <\/td><td>\n  7\n  <\/td><td>\n  &nbsp;\n  <\/td><td>\n  95\n  <\/td><td>\n  2\n  <\/td><\/tr><tr><td>\n  R\u00f6dersheim-Gronau\n  <\/td><td>\n  62\n  <\/td><td>\n  10\n  <\/td><td>\n  &nbsp;\n  <\/td><td>\n  50\n  <\/td><td>\n  2\n  <\/td><\/tr><tr><td>\n  R\u00f6merberg\n  <\/td><td>\n  356\n  <\/td><td>\n  62\n  <\/td><td>\n  &nbsp;\n  <\/td><td>\n  285\n  <\/td><td>\n  9\n  <\/td><\/tr><tr><td>\n  Schifferstadt\n  <\/td><td>\n  670\n  <\/td><td>\n  54\n  <\/td><td>\n  &nbsp;\n  <\/td><td>\n  603\n  <\/td><td>\n  13\n  <\/td><\/tr><tr><td>\n  Waldsee\n  <\/td><td>\n  145\n  <\/td><td>\n  7\n  <\/td><td>\n  &nbsp;\n  <\/td><td>\n  131\n  <\/td><td>\n  7\n  <\/td><\/tr><tr><td>\n  &nbsp;\n  <\/td><td>\n  &nbsp;\n  <\/td><td>\n  &nbsp;\n  <\/td><td>\n  &nbsp;\n  <\/td><td>\n  &nbsp;\n  <\/td><td>\n  &nbsp;\n  <\/td><\/tr><tr><td>\n  <strong>LK Rhein-Pfalz-Kreis<\/strong>\n  <\/td><td>\n  <strong>4298<\/strong>\n  <\/td><td>\n  <strong>586<\/strong>\n  <\/td><td>\n  <strong>15<\/strong>\n  <\/td><td>\n  <strong>3559<\/strong>\n  <\/td><td>\n  <strong>153<\/strong>\n  <\/td><\/tr><tr><td>\n  <strong>SK Frankenthal<\/strong>\n  <\/td><td>\n  <strong>1336<\/strong>\n  <\/td><td>\n  <strong>199<\/strong>\n  <\/td><td>\n  <strong>11<\/strong>\n  <\/td><td>\n  <strong>1100<\/strong>\n  <\/td><td>\n  <strong>37<\/strong>\n  <\/td><\/tr><tr><td>\n  <strong>SK Ludwigshafen<\/strong>\n  <\/td><td>\n  <strong>6445<\/strong>\n  <\/td><td>\n  <strong>948<\/strong>\n  <\/td><td>\n  <strong>29<\/strong>\n  <\/td><td>\n  <strong>5261<\/strong>\n  <\/td><td>\n  <strong>236<\/strong>\n  <\/td><\/tr><tr><td>\n  <strong>SK Speyer<\/strong>\n  <\/td><td>\n  <strong>1918<\/strong>\n  <\/td><td>\n  <strong>152<\/strong>\n  <\/td><td>\n  <strong>5<\/strong>\n  <\/td><td>\n  <strong>1722<\/strong>\n  <\/td><td>\n  <strong>44<\/strong>\n  <\/td><\/tr><\/tbody><\/table>\n\n\n\n<h2 class=\"wp-block-heading\">Sonntag, (31.01.2021) <\/h2>\n\n\n\n<p>Insgesamt wurden im Rhein-Pfalz-Kreis, Frankenthal,\nLudwigshafen und Speyer <strong>38<\/strong> F\u00e4lle gemeldet.<\/p>\n\n\n\n<table class=\"wp-block-table\"><tbody><tr><td>\n  LK\/SK\/Ort\n  <\/td><td>\n  Infizierte seit Beginn der\n  Pandemie\n  <\/td><td>\n  Aktuell infizierte Personen\n  <\/td><td>\n  Heute neu infizierte Personen\n  <\/td><td>\n  Gesundete bzw. nicht mehr\n  infizierte Personen\n  <\/td><td>\n  Leider an oder mit Covid-19\n  verstorbene Personen\n  <\/td><\/tr><tr><td>\n  _AH\n  <\/td><td>\n  6\n  <\/td><td>\n  &nbsp;\n  <\/td><td>\n  &nbsp;\n  <\/td><td>\n  6\n  <\/td><td>\n  &nbsp;\n  <\/td><\/tr><tr><td>\n  Altrip\n  <\/td><td>\n  182\n  <\/td><td>\n  39\n  <\/td><td>\n  1\n  <\/td><td>\n  134\n  <\/td><td>\n  9\n  <\/td><\/tr><tr><td>\n  Beindersheim\n  <\/td><td>\n  74\n  <\/td><td>\n  11\n  <\/td><td>\n  &nbsp;\n  <\/td><td>\n  62\n  <\/td><td>\n  1\n  <\/td><\/tr><tr><td>\n  Birkenheide\n  <\/td><td>\n  55\n  <\/td><td>\n  6\n  <\/td><td>\n  &nbsp;\n  <\/td><td>\n  48\n  <\/td><td>\n  1\n  <\/td><\/tr><tr><td>\n  Bobenheim-Roxheim\n  <\/td><td>\n  200\n  <\/td><td>\n  45\n  <\/td><td>\n  &nbsp;\n  <\/td><td>\n  155\n  <\/td><td>\n  &nbsp;\n  <\/td><\/tr><tr><td>\n  B\u00f6hl-Iggelheim\n  <\/td><td>\n  291\n  <\/td><td>\n  13\n  <\/td><td>\n  1\n  <\/td><td>\n  267\n  <\/td><td>\n  11\n  <\/td><\/tr><tr><td>\n  Dannstadt-Schauernheim\n  <\/td><td>\n  188\n  <\/td><td>\n  14\n  <\/td><td>\n  &nbsp;\n  <\/td><td>\n  172\n  <\/td><td>\n  2\n  <\/td><\/tr><tr><td>\n  Dudenhofen\n  <\/td><td>\n  280\n  <\/td><td>\n  33\n  <\/td><td>\n  3\n  <\/td><td>\n  235\n  <\/td><td>\n  12\n  <\/td><\/tr><tr><td>\n  Fu\u00dfg\u00f6nheim\n  <\/td><td>\n  53\n  <\/td><td>\n  8\n  <\/td><td>\n  &nbsp;\n  <\/td><td>\n  43\n  <\/td><td>\n  2\n  <\/td><\/tr><tr><td>\n  Gro\u00dfniedesheim\n  <\/td><td>\n  35\n  <\/td><td>\n  3\n  <\/td><td>\n  &nbsp;\n  <\/td><td>\n  32\n  <\/td><td>\n  &nbsp;\n  <\/td><\/tr><tr><td>\n  Hanhofen\n  <\/td><td>\n  69\n  <\/td><td>\n  13\n  <\/td><td>\n  &nbsp;\n  <\/td><td>\n  56\n  <\/td><td>\n  &nbsp;\n  <\/td><\/tr><tr><td>\n  Harthausen\n  <\/td><td>\n  114\n  <\/td><td>\n  23\n  <\/td><td>\n  2\n  <\/td><td>\n  82\n  <\/td><td>\n  9\n  <\/td><\/tr><tr><td>\n  He\u00dfheim\n  <\/td><td>\n  63\n  <\/td><td>\n  7\n  <\/td><td>\n  &nbsp;\n  <\/td><td>\n  53\n  <\/td><td>\n  3\n  <\/td><\/tr><tr><td>\n  Heuchelheim\n  <\/td><td>\n  18\n  <\/td><td>\n  5\n  <\/td><td>\n  &nbsp;\n  <\/td><td>\n  13\n  <\/td><td>\n  &nbsp;\n  <\/td><\/tr><tr><td>\n  Hochdorf-Assenheim\n  <\/td><td>\n  60\n  <\/td><td>\n  6\n  <\/td><td>\n  &nbsp;\n  <\/td><td>\n  53\n  <\/td><td>\n  1\n  <\/td><\/tr><tr><td>\n  Kleinniedesheim\n  <\/td><td>\n  25\n  <\/td><td>\n  5\n  <\/td><td>\n  &nbsp;\n  <\/td><td>\n  20\n  <\/td><td>\n  &nbsp;\n  <\/td><\/tr><tr><td>\n  Lambsheim\n  <\/td><td>\n  139\n  <\/td><td>\n  33\n  <\/td><td>\n  &nbsp;\n  <\/td><td>\n  104\n  <\/td><td>\n  2\n  <\/td><\/tr><tr><td>\n  Limburgerhof\n  <\/td><td>\n  264\n  <\/td><td>\n  66\n  <\/td><td>\n  2\n  <\/td><td>\n  190\n  <\/td><td>\n  8\n  <\/td><\/tr><tr><td>\n  Maxdorf\n  <\/td><td>\n  242\n  <\/td><td>\n  24\n  <\/td><td>\n  &nbsp;\n  <\/td><td>\n  194\n  <\/td><td>\n  24\n  <\/td><\/tr><tr><td>\n  Mutterstadt\n  <\/td><td>\n  425\n  <\/td><td>\n  33\n  <\/td><td>\n  &nbsp;\n  <\/td><td>\n  363\n  <\/td><td>\n  29\n  <\/td><\/tr><tr><td>\n  Neuhofen\n  <\/td><td>\n  187\n  <\/td><td>\n  36\n  <\/td><td>\n  &nbsp;\n  <\/td><td>\n  145\n  <\/td><td>\n  6\n  <\/td><\/tr><tr><td>\n  Otterstadt\n  <\/td><td>\n  104\n  <\/td><td>\n  7\n  <\/td><td>\n  &nbsp;\n  <\/td><td>\n  95\n  <\/td><td>\n  2\n  <\/td><\/tr><tr><td>\n  R\u00f6dersheim-Gronau\n  <\/td><td>\n  62\n  <\/td><td>\n  10\n  <\/td><td>\n  &nbsp;\n  <\/td><td>\n  50\n  <\/td><td>\n  2\n  <\/td><\/tr><tr><td>\n  R\u00f6merberg\n  <\/td><td>\n  358\n  <\/td><td>\n  61\n  <\/td><td>\n  2\n  <\/td><td>\n  288\n  <\/td><td>\n  9\n  <\/td><\/tr><tr><td>\n  Schifferstadt\n  <\/td><td>\n  671\n  <\/td><td>\n  51\n  <\/td><td>\n  1\n  <\/td><td>\n  607\n  <\/td><td>\n  13\n  <\/td><\/tr><tr><td>\n  Waldsee\n  <\/td><td>\n  145\n  <\/td><td>\n  7\n  <\/td><td>\n  &nbsp;\n  <\/td><td>\n  131\n  <\/td><td>\n  7\n  <\/td><\/tr><tr><td>\n  &nbsp;\n  <\/td><td>\n  &nbsp;\n  <\/td><td>\n  &nbsp;\n  <\/td><td>\n  &nbsp;\n  <\/td><td>\n  &nbsp;\n  <\/td><td>\n  &nbsp;\n  <\/td><\/tr><tr><td>\n  <strong>LK Rhein-Pfalz-Kreis<\/strong>\n  <\/td><td>\n  <strong>4310<\/strong>\n  <\/td><td>\n  <strong>559<\/strong>\n  <\/td><td>\n  <strong>12<\/strong>\n  <\/td><td>\n  <strong>3598<\/strong>\n  <\/td><td>\n  <strong>153<\/strong>\n  <\/td><\/tr><tr><td>\n  <strong>SK Frankenthal<\/strong>\n  <\/td><td>\n  <strong>1339<\/strong>\n  <\/td><td>\n  <strong>193<\/strong>\n  <\/td><td>\n  <strong>3<\/strong>\n  <\/td><td>\n  <strong>1109<\/strong>\n  <\/td><td>\n  <strong>37<\/strong>\n  <\/td><\/tr><tr><td>\n  <strong>SK Ludwigshafen<\/strong>\n  <\/td><td>\n  <strong>6466<\/strong>\n  <\/td><td>\n  <strong>910<\/strong>\n  <\/td><td>\n  <strong>21<\/strong>\n  <\/td><td>\n  <strong>5320<\/strong>\n  <\/td><td>\n  <strong>236<\/strong>\n  <\/td><\/tr><tr><td>\n  <strong>SK Speyer<\/strong>\n  <\/td><td>\n  <strong>1920<\/strong>\n  <\/td><td>\n  <strong>144<\/strong>\n  <\/td><td>\n  <strong>2<\/strong>\n  <\/td><td>\n  <strong>1732<\/strong>\n  <\/td><td>\n  <strong>44<\/strong>\n  <\/td><\/tr><\/tbody><\/table>\n\n\n\n<h2 class=\"wp-block-heading\">Montag, (01.02.2021) <\/h2>\n\n\n\n<p>Insgesamt wurden im Rhein-Pfalz-Kreis, Frankenthal,\nLudwigshafen und Speyer <strong>25<\/strong> F\u00e4lle gemeldet.<\/p>\n\n\n\n<table class=\"wp-block-table\"><tbody><tr><td>\n  LK\/SK\/Ort\n  <\/td><td>\n  Infizierte seit Beginn der\n  Pandemie\n  <\/td><td>\n  Aktuell infizierte Personen\n  <\/td><td>\n  Heute neu infizierte Personen\n  <\/td><td>\n  Gesundete bzw. nicht mehr\n  infizierte Personen\n  <\/td><td>\n  Leider an oder mit Covid-19\n  verstorbene Personen\n  <\/td><\/tr><tr><td>\n  _AH\n  <\/td><td>\n  6\n  <\/td><td>\n  &nbsp;\n  <\/td><td>\n  &nbsp;\n  <\/td><td>\n  6\n  <\/td><td>\n  &nbsp;\n  <\/td><\/tr><tr><td>\n  Altrip\n  <\/td><td>\n  183\n  <\/td><td>\n  40\n  <\/td><td>\n  1\n  <\/td><td>\n  134\n  <\/td><td>\n  9\n  <\/td><\/tr><tr><td>\n  Beindersheim\n  <\/td><td>\n  74\n  <\/td><td>\n  11\n  <\/td><td>\n  &nbsp;\n  <\/td><td>\n  62\n  <\/td><td>\n  1\n  <\/td><\/tr><tr><td>\n  Birkenheide\n  <\/td><td>\n  57\n  <\/td><td>\n  8\n  <\/td><td>\n  2\n  <\/td><td>\n  48\n  <\/td><td>\n  1\n  <\/td><\/tr><tr><td>\n  Bobenheim-Roxheim\n  <\/td><td>\n  200\n  <\/td><td>\n  44\n  <\/td><td>\n  &nbsp;\n  <\/td><td>\n  156\n  <\/td><td>\n  &nbsp;\n  <\/td><\/tr><tr><td>\n  B\u00f6hl-Iggelheim\n  <\/td><td>\n  291\n  <\/td><td>\n  12\n  <\/td><td>\n  &nbsp;\n  <\/td><td>\n  267\n  <\/td><td>\n  12\n  <\/td><\/tr><tr><td>\n  Dannstadt-Schauernheim\n  <\/td><td>\n  188\n  <\/td><td>\n  12\n  <\/td><td>\n  &nbsp;\n  <\/td><td>\n  174\n  <\/td><td>\n  2\n  <\/td><\/tr><tr><td>\n  Dudenhofen\n  <\/td><td>\n  280\n  <\/td><td>\n  32\n  <\/td><td>\n  &nbsp;\n  <\/td><td>\n  236\n  <\/td><td>\n  12\n  <\/td><\/tr><tr><td>\n  Fu\u00dfg\u00f6nheim\n  <\/td><td>\n  53\n  <\/td><td>\n  8\n  <\/td><td>\n  &nbsp;\n  <\/td><td>\n  43\n  <\/td><td>\n  2\n  <\/td><\/tr><tr><td>\n  Gro\u00dfniedesheim\n  <\/td><td>\n  35\n  <\/td><td>\n  3\n  <\/td><td>\n  &nbsp;\n  <\/td><td>\n  32\n  <\/td><td>\n  &nbsp;\n  <\/td><\/tr><tr><td>\n  Hanhofen\n  <\/td><td>\n  69\n  <\/td><td>\n  12\n  <\/td><td>\n  &nbsp;\n  <\/td><td>\n  57\n  <\/td><td>\n  &nbsp;\n  <\/td><\/tr><tr><td>\n  Harthausen\n  <\/td><td>\n  114\n  <\/td><td>\n  23\n  <\/td><td>\n  &nbsp;\n  <\/td><td>\n  82\n  <\/td><td>\n  9\n  <\/td><\/tr><tr><td>\n  He\u00dfheim\n  <\/td><td>\n  63\n  <\/td><td>\n  6\n  <\/td><td>\n  &nbsp;\n  <\/td><td>\n  54\n  <\/td><td>\n  3\n  <\/td><\/tr><tr><td>\n  Heuchelheim\n  <\/td><td>\n  18\n  <\/td><td>\n  5\n  <\/td><td>\n  &nbsp;\n  <\/td><td>\n  13\n  <\/td><td>\n  &nbsp;\n  <\/td><\/tr><tr><td>\n  Hochdorf-Assenheim\n  <\/td><td>\n  60\n  <\/td><td>\n  5\n  <\/td><td>\n  &nbsp;\n  <\/td><td>\n  54\n  <\/td><td>\n  1\n  <\/td><\/tr><tr><td>\n  Kleinniedesheim\n  <\/td><td>\n  25\n  <\/td><td>\n  5\n  <\/td><td>\n  &nbsp;\n  <\/td><td>\n  20\n  <\/td><td>\n  &nbsp;\n  <\/td><\/tr><tr><td>\n  Lambsheim\n  <\/td><td>\n  139\n  <\/td><td>\n  32\n  <\/td><td>\n  &nbsp;\n  <\/td><td>\n  105\n  <\/td><td>\n  2\n  <\/td><\/tr><tr><td>\n  Limburgerhof\n  <\/td><td>\n  265\n  <\/td><td>\n  65\n  <\/td><td>\n  1\n  <\/td><td>\n  192\n  <\/td><td>\n  8\n  <\/td><\/tr><tr><td>\n  Maxdorf\n  <\/td><td>\n  242\n  <\/td><td>\n  23\n  <\/td><td>\n  &nbsp;\n  <\/td><td>\n  195\n  <\/td><td>\n  24\n  <\/td><\/tr><tr><td>\n  Mutterstadt\n  <\/td><td>\n  426\n  <\/td><td>\n  33\n  <\/td><td>\n  1\n  <\/td><td>\n  363\n  <\/td><td>\n  30\n  <\/td><\/tr><tr><td>\n  Neuhofen\n  <\/td><td>\n  187\n  <\/td><td>\n  34\n  <\/td><td>\n  &nbsp;\n  <\/td><td>\n  145\n  <\/td><td>\n  8\n  <\/td><\/tr><tr><td>\n  Otterstadt\n  <\/td><td>\n  104\n  <\/td><td>\n  7\n  <\/td><td>\n  &nbsp;\n  <\/td><td>\n  95\n  <\/td><td>\n  2\n  <\/td><\/tr><tr><td>\n  R\u00f6dersheim-Gronau\n  <\/td><td>\n  62\n  <\/td><td>\n  9\n  <\/td><td>\n  &nbsp;\n  <\/td><td>\n  51\n  <\/td><td>\n  2\n  <\/td><\/tr><tr><td>\n  R\u00f6merberg\n  <\/td><td>\n  358\n  <\/td><td>\n  57\n  <\/td><td>\n  &nbsp;\n  <\/td><td>\n  292\n  <\/td><td>\n  9\n  <\/td><\/tr><tr><td>\n  Schifferstadt\n  <\/td><td>\n  671\n  <\/td><td>\n  48\n  <\/td><td>\n  &nbsp;\n  <\/td><td>\n  609\n  <\/td><td>\n  14\n  <\/td><\/tr><tr><td>\n  Waldsee\n  <\/td><td>\n  145\n  <\/td><td>\n  5\n  <\/td><td>\n  &nbsp;\n  <\/td><td>\n  133\n  <\/td><td>\n  7\n  <\/td><\/tr><tr><td>\n  &nbsp;\n  <\/td><td>\n  &nbsp;\n  <\/td><td>\n  &nbsp;\n  <\/td><td>\n  &nbsp;\n  <\/td><td>\n  &nbsp;\n  <\/td><td>\n  &nbsp;\n  <\/td><\/tr><tr><td>\n  <strong>LK Rhein-Pfalz-Kreis<\/strong>\n  <\/td><td>\n  <strong>4315<\/strong>\n  <\/td><td>\n  <strong>539<\/strong>\n  <\/td><td>\n  <strong>5<\/strong>\n  <\/td><td>\n  <strong>3618<\/strong>\n  <\/td><td>\n  <strong>158<\/strong>\n  <\/td><\/tr><tr><td>\n  <strong>SK Frankenthal<\/strong>\n  <\/td><td>\n  <strong>1340<\/strong>\n  <\/td><td>\n  <strong>191<\/strong>\n  <\/td><td>\n  <strong>1<\/strong>\n  <\/td><td>\n  <strong>1111<\/strong>\n  <\/td><td>\n  <strong>37<\/strong>\n  <\/td><\/tr><tr><td>\n  <strong>SK Ludwigshafen<\/strong>\n  <\/td><td>\n  <strong>6489<\/strong>\n  <\/td><td>\n  <strong>889<\/strong>\n  <\/td><td>\n  <strong>18<\/strong>\n  <\/td><td>\n  <strong>5359<\/strong>\n  <\/td><td>\n  <strong>241<\/strong>\n  <\/td><\/tr><tr><td>\n  <strong>SK Speyer<\/strong>\n  <\/td><td>\n  <strong>1921<\/strong>\n  <\/td><td>\n  <strong>137<\/strong>\n  <\/td><td>\n  <strong>1<\/strong>\n  <\/td><td>\n  <strong>1732<\/strong>\n  <\/td><td>\n  <strong>52<\/strong>\n  <\/td><\/tr><\/tbody><\/table>\n\n\n\n<p>_AH: Personen mit Hauptwohnsitz au\u00dferhalb des\nZust\u00e4ndigkeitsbereiches des Gesundheitsamts aber mit fehlerhaften Meldekreis\n\u201eLK Rhein-Pfalz-Kreis\u201c. Es wird gepr\u00fcft, ob diese noch nachtr\u00e4glich richtig\nzugeordnet werden k\u00f6nnen. <\/p>\n\n\n\n<p><strong>Die Todeszahlen:<\/strong><\/p>\n\n\n\n<table class=\"wp-block-table\"><tbody><tr><td>\n  &nbsp;\n  <\/td><td>\n  01.02.2021\n  <\/td><\/tr><tr><td>\n  SK\n  Ludwigshafen\n  <\/td><td>\n  5\n  <\/td><\/tr><tr><td>\n  SK\n  Frankenthal\n  <\/td><td>\n  0\n  <\/td><\/tr><tr><td>\n  SK\n  Speyer\n  <\/td><td>\n  0\n  <\/td><\/tr><tr><td>\n  LK\n  Rhein-Pfalz-Kreis\n  <\/td><td>\n  4\n  <\/td><\/tr><tr><td>\n  Summe:\n  <\/td><td>\n  9\n  <\/td><\/tr><\/tbody><\/table>\n\n\n\n<p>Die betroffenen Gemeinden im Rhein-Pfalz-Kreis:<\/p>\n\n\n\n<p>Neuhofen 2x, Schifferstadt, B\u00f6hl-Iggelheim<\/p>\n\n\n\n<p>In den Einrichtungen (Krankenh\u00e4user &amp; Pflege) wurden uns\nkeine <strong>neuen<\/strong> Cov19 \u2013Erkrankungen\ngemeldet. <\/p>\n\n\n\n<p>Weiterhin sind die Zahlen der mit dem\nCoronavirus infizierten Personen seit Beginn des Ausbruchs und die aktuellen\nZahlen auf den Seiten des Ministeriums f\u00fcr Soziales, Arbeit, Gesundheit und\nDemografie unter <a href=\"http:\/\/www.msagd.rlp.de\">www.msagd.rlp.de<\/a> oder www.corona.rlp einzusehen. <\/p>\n\n\n\n<p>Die Kreisverwaltung Rhein-Pfalz-Kreis weist darauf hin, dass es zu Differenzen durch zeitlich versetzte Eingabezeiten zu den Zahlen des Landesuntersuchungsamtes bzw. des Robert-Koch-Institutes kommen kann.<\/p>\n\n\n\n<h2 class=\"wp-block-heading\">Dienstag, (02.02.2021)<\/h2>\n\n\n\n<p>Insgesamt wurden uns seit gestern im Rhein-Pfalz-Kreis,\nFrankenthal, Ludwigshafen und Speyer <strong>31<\/strong> F\u00e4lle gemeldet.<\/p>\n\n\n\n<table class=\"wp-block-table\"><tbody><tr><td>\n  LK\/SK\/Ort\n  <\/td><td>\n  Infizierte seit Beginn der\n  Pandemie\n  <\/td><td>\n  Aktuell infizierte Personen\n  <\/td><td>\n  Heute neu infizierte Personen\n  <\/td><td>\n  Gesundete bzw. nicht mehr\n  infizierte Personen\n  <\/td><td>\n  Leider an oder mit Covid-19\n  verstorbene Personen\n  <\/td><td>\n  Heute verstorben gemeldet\n  <\/td><\/tr><tr><td>\n  _AH\n  <\/td><td>\n  6\n  <\/td><td>\n  &nbsp;\n  <\/td><td>\n  &nbsp;\n  <\/td><td>\n  6\n  <\/td><td>\n  &nbsp;\n  <\/td><td>\n  &nbsp;\n  <\/td><\/tr><tr><td>\n  Altrip\n  <\/td><td>\n  183\n  <\/td><td>\n  38\n  <\/td><td>\n  &nbsp;\n  <\/td><td>\n  136\n  <\/td><td>\n  9\n  <\/td><td>\n  &nbsp;\n  <\/td><\/tr><tr><td>\n  Beindersheim\n  <\/td><td>\n  74\n  <\/td><td>\n  6\n  <\/td><td>\n  &nbsp;\n  <\/td><td>\n  67\n  <\/td><td>\n  1\n  <\/td><td>\n  &nbsp;\n  <\/td><\/tr><tr><td>\n  Birkenheide\n  <\/td><td>\n  57\n  <\/td><td>\n  8\n  <\/td><td>\n  &nbsp;\n  <\/td><td>\n  48\n  <\/td><td>\n  1\n  <\/td><td>\n  &nbsp;\n  <\/td><\/tr><tr><td>\n  Bobenheim-Roxheim\n  <\/td><td>\n  204\n  <\/td><td>\n  44\n  <\/td><td>\n  4\n  <\/td><td>\n  160\n  <\/td><td>\n  &nbsp;\n  <\/td><td>\n  &nbsp;\n  <\/td><\/tr><tr><td>\n  B\u00f6hl-Iggelheim\n  <\/td><td>\n  292\n  <\/td><td>\n  9\n  <\/td><td>\n  1\n  <\/td><td>\n  270\n  <\/td><td>\n  13\n  <\/td><td>\n  1\n  <\/td><\/tr><tr><td>\n  Dannstadt-Schauernheim\n  <\/td><td>\n  188\n  <\/td><td>\n  11\n  <\/td><td>\n  &nbsp;\n  <\/td><td>\n  175\n  <\/td><td>\n  2\n  <\/td><td>\n  &nbsp;\n  <\/td><\/tr><tr><td>\n  Dudenhofen\n  <\/td><td>\n  280\n  <\/td><td>\n  31\n  <\/td><td>\n  &nbsp;\n  <\/td><td>\n  237\n  <\/td><td>\n  12\n  <\/td><td>\n  &nbsp;\n  <\/td><\/tr><tr><td>\n  Fu\u00dfg\u00f6nheim\n  <\/td><td>\n  53\n  <\/td><td>\n  8\n  <\/td><td>\n  &nbsp;\n  <\/td><td>\n  43\n  <\/td><td>\n  2\n  <\/td><td>\n  &nbsp;\n  <\/td><\/tr><tr><td>\n  Gro\u00dfniedesheim\n  <\/td><td>\n  36\n  <\/td><td>\n  4\n  <\/td><td>\n  1\n  <\/td><td>\n  32\n  <\/td><td>\n  &nbsp;\n  <\/td><td>\n  &nbsp;\n  <\/td><\/tr><tr><td>\n  Hanhofen\n  <\/td><td>\n  69\n  <\/td><td>\n  11\n  <\/td><td>\n  &nbsp;\n  <\/td><td>\n  58\n  <\/td><td>\n  &nbsp;\n  <\/td><td>\n  &nbsp;\n  <\/td><\/tr><tr><td>\n  Harthausen\n  <\/td><td>\n  114\n  <\/td><td>\n  22\n  <\/td><td>\n  &nbsp;\n  <\/td><td>\n  82\n  <\/td><td>\n  10\n  <\/td><td>\n  1\n  <\/td><\/tr><tr><td>\n  He\u00dfheim\n  <\/td><td>\n  63\n  <\/td><td>\n  5\n  <\/td><td>\n  &nbsp;\n  <\/td><td>\n  55\n  <\/td><td>\n  3\n  <\/td><td>\n  &nbsp;\n  <\/td><\/tr><tr><td>\n  Heuchelheim\n  <\/td><td>\n  18\n  <\/td><td>\n  5\n  <\/td><td>\n  &nbsp;\n  <\/td><td>\n  13\n  <\/td><td>\n  &nbsp;\n  <\/td><td>\n  &nbsp;\n  <\/td><\/tr><tr><td>\n  Hochdorf-Assenheim\n  <\/td><td>\n  61\n  <\/td><td>\n  6\n  <\/td><td>\n  &nbsp;\n  <\/td><td>\n  54\n  <\/td><td>\n  1\n  <\/td><td>\n  &nbsp;\n  <\/td><\/tr><tr><td>\n  Kleinniedesheim\n  <\/td><td>\n  25\n  <\/td><td>\n  5\n  <\/td><td>\n  &nbsp;\n  <\/td><td>\n  20\n  <\/td><td>\n  &nbsp;\n  <\/td><td>\n  &nbsp;\n  <\/td><\/tr><tr><td>\n  Lambsheim\n  <\/td><td>\n  139\n  <\/td><td>\n  30\n  <\/td><td>\n  &nbsp;\n  <\/td><td>\n  107\n  <\/td><td>\n  2\n  <\/td><td>\n  &nbsp;\n  <\/td><\/tr><tr><td>\n  Limburgerhof\n  <\/td><td>\n  266\n  <\/td><td>\n  67\n  <\/td><td>\n  &nbsp;\n  <\/td><td>\n  191\n  <\/td><td>\n  8\n  <\/td><td>\n  &nbsp;\n  <\/td><\/tr><tr><td>\n  Maxdorf\n  <\/td><td>\n  242\n  <\/td><td>\n  23\n  <\/td><td>\n  &nbsp;\n  <\/td><td>\n  195\n  <\/td><td>\n  24\n  <\/td><td>\n  &nbsp;\n  <\/td><\/tr><tr><td>\n  Mutterstadt\n  <\/td><td>\n  426\n  <\/td><td>\n  27\n  <\/td><td>\n  &nbsp;\n  <\/td><td>\n  369\n  <\/td><td>\n  30\n  <\/td><td>\n  &nbsp;\n  <\/td><\/tr><tr><td>\n  Neuhofen\n  <\/td><td>\n  187\n  <\/td><td>\n  31\n  <\/td><td>\n  &nbsp;\n  <\/td><td>\n  147\n  <\/td><td>\n  9\n  <\/td><td>\n  1\n  <\/td><\/tr><tr><td>\n  Otterstadt\n  <\/td><td>\n  104\n  <\/td><td>\n  7\n  <\/td><td>\n  &nbsp;\n  <\/td><td>\n  95\n  <\/td><td>\n  2\n  <\/td><td>\n  &nbsp;\n  <\/td><\/tr><tr><td>\n  R\u00f6dersheim-Gronau\n  <\/td><td>\n  63\n  <\/td><td>\n  8\n  <\/td><td>\n  1\n  <\/td><td>\n  53\n  <\/td><td>\n  2\n  <\/td><td>\n  &nbsp;\n  <\/td><\/tr><tr><td>\n  R\u00f6merberg\n  <\/td><td>\n  360\n  <\/td><td>\n  56\n  <\/td><td>\n  2\n  <\/td><td>\n  295\n  <\/td><td>\n  9\n  <\/td><td>\n  &nbsp;\n  <\/td><\/tr><tr><td>\n  Schifferstadt\n  <\/td><td>\n  672\n  <\/td><td>\n  46\n  <\/td><td>\n  1\n  <\/td><td>\n  612\n  <\/td><td>\n  14\n  <\/td><td>\n  &nbsp;\n  <\/td><\/tr><tr><td>\n  Waldsee\n  <\/td><td>\n  145\n  <\/td><td>\n  5\n  <\/td><td>\n  &nbsp;\n  <\/td><td>\n  133\n  <\/td><td>\n  7\n  <\/td><td>\n  &nbsp;\n  <\/td><\/tr><tr><td>\n  &nbsp;\n  <\/td><td>\n  &nbsp;\n  <\/td><td>\n  &nbsp;\n  <\/td><td>\n  &nbsp;\n  <\/td><td>\n  &nbsp;\n  <\/td><td>\n  &nbsp;\n  <\/td><td>\n  &nbsp;\n  <\/td><\/tr><tr><td>\n  <strong>LK Rhein-Pfalz-Kreis<\/strong>\n  <\/td><td>\n  <strong>4327<\/strong>\n  <\/td><td>\n  <strong>513<\/strong>\n  <\/td><td>\n  <strong>10<\/strong>\n  <\/td><td>\n  <strong>3653<\/strong>\n  <\/td><td>\n  <strong>161<\/strong>\n  <\/td><td>\n  <strong>3<\/strong>\n  <\/td><\/tr><tr><td>\n  <strong>SK Frankenthal<\/strong>\n  <\/td><td>\n  <strong>1344<\/strong>\n  <\/td><td>\n  <strong>180<\/strong>\n  <\/td><td>\n  <strong>4<\/strong>\n  <\/td><td>\n  <strong>1126<\/strong>\n  <\/td><td>\n  <strong>37<\/strong>\n  <\/td><td>\n  <strong>&nbsp;<\/strong>\n  <\/td><\/tr><tr><td>\n  <strong>SK Ludwigshafen<\/strong>\n  <\/td><td>\n  <strong>6509<\/strong>\n  <\/td><td>\n  <strong>839<\/strong>\n  <\/td><td>\n  <strong>17<\/strong>\n  <\/td><td>\n  <strong>5426<\/strong>\n  <\/td><td>\n  <strong>244<\/strong>\n  <\/td><td>\n  <strong>3<\/strong>\n  <\/td><\/tr><tr><td>\n  <strong>SK Speyer<\/strong>\n  <\/td><td>\n  <strong>1921<\/strong>\n  <\/td><td>\n  <strong>127<\/strong>\n  <\/td><td>\n  <strong>&nbsp;<\/strong>\n  <\/td><td>\n  <strong>1739<\/strong>\n  <\/td><td>\n  <strong>55<\/strong>\n  <\/td><td>\n  <strong>3<\/strong>\n  <\/td><\/tr><\/tbody><\/table>\n\n\n\n<p>Quelle: SurvNet@RKI<\/p>\n\n\n\n<p>AH: Personen mit Hauptwohnsitz au\u00dferhalb des\nZust\u00e4ndigkeitsbereiches des Gesundheitsamts aber mit fehlerhaften Meldekreis\n\u201eLK Rhein-Pfalz-Kreis\u201c. Es wird gepr\u00fcft, ob diese noch nachtr\u00e4glich richtig\nzugeordnet werden k\u00f6nnen. <\/p>\n\n\n\n<p>In den Einrichtungen (Krankenh\u00e4user &amp; Pflege) wurden uns\nkeine <strong>neuen<\/strong> Cov19 \u2013Erkrankungen\ngemeldet. <\/p>\n\n\n\n<p>Weiterhin sind die Zahlen der mit dem\nCoronavirus infizierten Personen seit Beginn des Ausbruchs und die aktuellen\nZahlen auf den Seiten des Ministeriums f\u00fcr Soziales, Arbeit, Gesundheit und\nDemografie unter <a href=\"http:\/\/www.msagd.rlp.de\">www.msagd.rlp.de<\/a> oder www.corona.rlp einzusehen. <\/p>\n\n\n\n<p>Die Kreisverwaltung Rhein-Pfalz-Kreis weist darauf hin, dass es zu Differenzen durch zeitlich versetzte Eingabezeiten zu den Zahlen des Landesuntersuchungsamtes bzw. des Robert-Koch-Institutes kommen kann.<\/p>\n\n\n\n<p><em>Kreisverwaltung Rhein-Pfalz-Kreis<br>03.02.2021<\/em><\/p>\n","protected":false},"excerpt":{"rendered":"<div class=\"mh-excerpt\"><p>Coronavirus: Aktuelle Fallzahlen im Zust\u00e4ndigkeitsbereich des Gesundheitsamtes Rhein-Pfalz-Kreis Die Kreisverwaltung Rhein-Pfalz-Kreis \u00fcbermittelt eine \u00dcbersicht der Infektionszahlen aus ihrem Zust\u00e4ndigkeitsbereich des Gesundheitsamtes. In den Zust\u00e4ndigkeitsbereich des Gesundheitsamtes Rhein-Pfalz-Kreis geh\u00f6ren neben dem Landkreis auch die St\u00e4dte Ludwigshafen, <a class=\"mh-excerpt-more\" href=\"https:\/\/speyer24news.com\/?p=32755\" title=\"Rhein-Pfalz-Kreis\">[&#8230;]<\/a><\/p>\n<\/div>","protected":false},"author":3,"featured_media":0,"comment_status":"open","ping_status":"open","sticky":false,"template":"","format":"standard","meta":{"_monsterinsights_skip_tracking":false,"_monsterinsights_sitenote_active":false,"_monsterinsights_sitenote_note":"","_monsterinsights_sitenote_category":0,"footnotes":""},"categories":[1564],"tags":[6401,8741,8742,8706,6634,6986,6987,427,1565],"aioseo_notices":[],"amp_enabled":true,"_links":{"self":[{"href":"https:\/\/speyer24news.com\/index.php?rest_route=\/wp\/v2\/posts\/32755"}],"collection":[{"href":"https:\/\/speyer24news.com\/index.php?rest_route=\/wp\/v2\/posts"}],"about":[{"href":"https:\/\/speyer24news.com\/index.php?rest_route=\/wp\/v2\/types\/post"}],"author":[{"embeddable":true,"href":"https:\/\/speyer24news.com\/index.php?rest_route=\/wp\/v2\/users\/3"}],"replies":[{"embeddable":true,"href":"https:\/\/speyer24news.com\/index.php?rest_route=%2Fwp%2Fv2%2Fcomments&post=32755"}],"version-history":[{"count":1,"href":"https:\/\/speyer24news.com\/index.php?rest_route=\/wp\/v2\/posts\/32755\/revisions"}],"predecessor-version":[{"id":32756,"href":"https:\/\/speyer24news.com\/index.php?rest_route=\/wp\/v2\/posts\/32755\/revisions\/32756"}],"wp:attachment":[{"href":"https:\/\/speyer24news.com\/index.php?rest_route=%2Fwp%2Fv2%2Fmedia&parent=32755"}],"wp:term":[{"taxonomy":"category","embeddable":true,"href":"https:\/\/speyer24news.com\/index.php?rest_route=%2Fwp%2Fv2%2Fcategories&post=32755"},{"taxonomy":"post_tag","embeddable":true,"href":"https:\/\/speyer24news.com\/index.php?rest_route=%2Fwp%2Fv2%2Ftags&post=32755"}],"curies":[{"name":"wp","href":"https:\/\/api.w.org\/{rel}","templated":true}]}}