{"id":32818,"date":"2021-02-05T08:10:27","date_gmt":"2021-02-05T07:10:27","guid":{"rendered":"https:\/\/speyer24news.com\/?p=32818"},"modified":"2021-02-05T08:10:28","modified_gmt":"2021-02-05T07:10:28","slug":"hockenheim-66","status":"publish","type":"post","link":"https:\/\/speyer24news.com\/?p=32818","title":{"rendered":"Hockenheim"},"content":{"rendered":"<style type=\"text\/css\">\r\n\t.ads_top_disp{}\r\n\t.ads_top_corner_disp{ float:left; margin:0px 10px 10px 0px; }\r\n\t.ads_first_p_disp{}\r\n\t.ads_bottom_disp{}\r\n\t<\/style>\n<figure class=\"wp-block-image\"><img decoding=\"async\" loading=\"lazy\" width=\"800\" height=\"559\" src=\"https:\/\/speyer24news.com\/wp-content\/uploads\/2020\/01\/1250-Jahre-Hockenheim.jpg\" alt=\"\" class=\"wp-image-23860\" srcset=\"https:\/\/speyer24news.com\/wp-content\/uploads\/2020\/01\/1250-Jahre-Hockenheim.jpg 800w, https:\/\/speyer24news.com\/wp-content\/uploads\/2020\/01\/1250-Jahre-Hockenheim-300x210.jpg 300w, https:\/\/speyer24news.com\/wp-content\/uploads\/2020\/01\/1250-Jahre-Hockenheim-768x537.jpg 768w\" sizes=\"(max-width: 800px) 100vw, 800px\" \/><\/figure>\n\n\n\n<h2 class=\"wp-block-heading\"><strong>Die Ausleihrenner des letzten Jahres<\/strong><\/h2>\n\n\n\n<figure class=\"wp-block-image\"><img decoding=\"async\" loading=\"lazy\" width=\"800\" height=\"534\" src=\"https:\/\/speyer24news.com\/wp-content\/uploads\/2021\/02\/2021-02-02-Stadtbibliothek_Ausleihrenner-2020.jpg\" alt=\"\" class=\"wp-image-32825\" srcset=\"https:\/\/speyer24news.com\/wp-content\/uploads\/2021\/02\/2021-02-02-Stadtbibliothek_Ausleihrenner-2020.jpg 800w, https:\/\/speyer24news.com\/wp-content\/uploads\/2021\/02\/2021-02-02-Stadtbibliothek_Ausleihrenner-2020-300x200.jpg 300w, https:\/\/speyer24news.com\/wp-content\/uploads\/2021\/02\/2021-02-02-Stadtbibliothek_Ausleihrenner-2020-768x513.jpg 768w\" sizes=\"(max-width: 800px) 100vw, 800px\" \/><figcaption> Bibliotheksleiter Dieter Reif und seine Mitarbeiterinnen haben die Lesegewohnheiten auf Herz und Nieren gepr\u00fcft und dabei die Ausleihrenner des Jahres 2020 ermittelt.<br> <em>Foto: Stadtverwaltung Hockenheim\/Fotografen Lenhardt<\/em><\/figcaption><\/figure>\n\n\n\n<p>Welche Geschichten fesseln die B\u00fcrgerinnen und B\u00fcrger in Hockenheim?\nAbenteuer, Krimi oder Liebesroman: Diese Antwort gibt die neue\n\u201eAusleihrenner\u201c-Liste der Stadtbibliothek Hockenheim f\u00fcr das letzte Jahr. Sie nennt\ndie Medien aus den einzelnen Bereichen, die im abgelaufenen Jahr die h\u00f6chsten\nAusleihzahlen erreicht haben. Sie bildet auch unter anderem die Grundlage f\u00fcr\ndie Bestandsplanung und den weiteren Auf- oder Ausbau des Medienangebots in der\nStadtbibliothek.<\/p>\n\n\n\n<h4 class=\"wp-block-heading\">Die ersten Pl\u00e4tze der Ausleihrenner<\/h4>\n\n\n\n<p>Auf Platz eins steht das Bilderbuch \u201eOlchi-Opas kr\u00f6tigste Abenteuer\u201c aus\nder Olchis-Reihe von Erhard Dietl. Dieser Titel wurde stark nachgefragt und\n41-mal ausgeliehen. Kein Wunder bei diesem Inhalt: Es ist Abend, die\nOlchi-Familie m\u00f6chte Ruhe haben, aber die Olchi-Kinder sind putzmunter. Nicht\nmal Olchi-Mamas Wiegenlied hilft! Da beginnt Olchi-Opa kr\u00f6tiges Olchi-Garn zu\nspinnen und erz\u00e4hlt von damals, als er Taucher-Olchi in der Tiefsee war,\nAstronauten-Olchi im Weltraum oder Seefahrer-Olchi auf dem Ozean. Von so vielen\ntollen Geschichten werden sogar die Olchi-Kinder m\u00fcde.<\/p>\n\n\n\n<p>Platz zwei belegt im Jahresbesten-Ranking der Titel \u201eDie Schule der\nmagischen Tiere f\u00fcr Erstleser\u201c von Margit Auer mit 35 Entleihungen. Dieses Buch\nrichtet sich an Kinder im Alter von sechs bis neun Jahren. Das ist schon eine\ntolle Schule in dem Buch. Wer Gl\u00fcck hat, findet hier den besten Freund, den es\nauf der Welt gibt. Ein magisches Tier. Ein Tier, das sprechen kann.<\/p>\n\n\n\n<p>Auf das Siegertreppchen schaffte es auf Platz drei auch ein Kinderfilm,\nn\u00e4mlich aus der aus dem Fernsehen bekannten Reihe \u201eLEGO Ninjago\u201c. Mit 30\nEntleihungen war diese Staffel ein Renner und somit selten in der Bibliothek\nanzutreffen. Enthalten sind hier die Episoden 85 Gib niemals auf, 86 Bei den\nDrachenj\u00e4gern, 87 Drachen anlocken, 88 Wie man einen Drachen baut und 89\nVertrauen.<\/p>\n\n\n\n<p>Der meistgelesene Roman taucht auf Platz vier in der Ausleihrenner-Liste\nauf. Mit starken 24 Ausleihen war Lucinda Rileys \u201eDie Sonnenschwester\u201c\npraktisch immer ausgeliehen und nur \u00fcber Vormerkung zu erhalten. Der sechste\nBand der Reihe \u201eDie sieben Schwestern\u201c erz\u00e4hlt folgende Geschichte. Reich,\nber\u00fchmt und bildsch\u00f6n: Das ist Elektra d\u2019Apli\u00e8se, die als Model ein glamour\u00f6ses\nLeben in New York f\u00fchrt. Doch der Schein tr\u00fcgt \u2013 in Wahrheit ist sie eine\nverzweifelte junge Frau, die im Begriff ist, ihr Leben zu ruinieren. Da taucht\neines Tages ihre Gro\u00dfmutter Stella auf, von deren Existenz Elektra nichts\nwusste. Sie ist ein Adoptivkind und kennt ihre Wurzeln nicht. Als Stella ihr\ndie ber\u00fchrende Lebensgeschichte der jungen Amerikanerin Cecily Huntley-Morgan\nerz\u00e4hlt, \u00f6ffnet sich f\u00fcr Elektra die T\u00fcr zu einer neuen Welt. Denn Cecily lebte\nin den 1940-er Jahren auf einer Farm in Afrika \u2013 wo einst Elektras Schicksal\nseinen Anfang nahm.<\/p>\n\n\n\n<p>Auf ebenfalls 24 Entleihungen kommt der beste Film f\u00fcr Erwachsene in\ndiesem Ranking: \u201eA Quiet Place\u201c. Der ab 16 Jahren frei gegebene Film erz\u00e4hlt\nvon einer Welt, die von r\u00e4tselhaften, scheinbar unverwundbaren Kreaturen\neingenommen worden ist, die durch jedes noch so kleine Ger\u00e4usch angelockt\nwerden und sich auf die Jagd begeben\u2026 Lediglich einer einzigen Familie gelang\nes bisher zu \u00fcberleben. Der Preis hierf\u00fcr ist jedoch hoch: Ihr gesamter Alltag\nist darauf ausgerichtet, sich vollkommen lautlos zu verhalten, denn das\nkleinste Ger\u00e4usch k\u00f6nnte ihr Ende bedeuten&#8230;<\/p>\n\n\n\n<h4 class=\"wp-block-heading\">Die weiteren Pl\u00e4tze<\/h4>\n\n\n\n<p>Dicht gefolgt auf Platz sechs findet sich das ausleihst\u00e4rkste Kinderbuch\nf\u00fcr Kinder von neun bis 13 Jahre: Jeff Kinneys \u201eGregs Tagebuch Band 9 \u2013 B\u00f6se\nFalle\u201c brachte es auf 23 Ausleihen in Jahr 2020. Greg trifft es hier ganz hart:\nEigentlich hat sich Greg auf entspannte Sommerferien gefreut: Jeden Tag\nausschlafen, fernsehen, nichts tun. Doch seine Mutter hat andere Pl\u00e4ne: ein\nUrlaub mit der ganzen Familie! Im Nu ist das Auto bis unters Dach vollgepackt,\nund Greg muss sich auf die R\u00fcckbank quetschen. B\u00f6se Falle &#8211; so hat sich Greg\nseine Ferien nicht vorgestellt! Aber es kommt noch schlimmer!<\/p>\n\n\n\n<p>Mit ebenso 23 Ausleihen schafft es der meist entliehene Tonie in die\nAusleihrenner-Liste. Dabei handelt es sich um einen Titel aus der Reiche\n\u201eOlchi-Detektive\u201c mit dem Titel \u201eDie Ritter der Popelrunde\u201c. Darin wird Mister\nPaddock von der Queen zum Ritter geschlagen geschlagen. In diesem Moment wird\ndas wertvolle k\u00f6nigliche Schwert von einem schwarzen Ritter gestohlen. Der Dieb\nfordert den Olchi-Detektiv zu einem Ritterturnier heraus \u2013 wer gewinnt, bekommt\ndas Schwert. Mister Paddock verspricht der K\u00f6nigin, das Schwert\nzur\u00fcckzuerobern.<\/p>\n\n\n\n<p>Platz acht belegt das bestentliehene H\u00f6rbuch der Stadtbibliothek\nHockenheim. \u201eAlles Schule! Schulgeschichten vom Raben Socke\u201c nach Nele Moost.\nZu finden ist dieses H\u00f6rbuch in der Kinderbibliothek bei den Medien f\u00fcr Sechs\nbis Neunj\u00e4hrige. Es erz\u00e4hlt den kleinen Zuh\u00f6rern, dass der Schulanfang eine\naufregende Zeit ist mit Einschulungsfeier und Schult\u00fcten, dem Schulweg, der\nneuen Lehrerin und dem Stillsitzen, dem Aufgabenmachen und dem Melden. Und f\u00fcr\nSocke ist klar: Das sch\u00f6nste Lernen ist das Kennenlernen neuer Freunde.<\/p>\n\n\n\n<p>Mit 20 Ausleihen schafft es der Kinderfilm \u201eRatatouille\u201c auf Platz neun.\nDer Film erz\u00e4hlt die Geschichte von Ratte Remy. Sie ist eine Ratte und lebt in\nParis. Remy hat eine gro\u00dfe Schw\u00e4che f\u00fcr die Haute Cousine und tr\u00e4umt davon ein\nStarkoch zu werden. Sein Leben w\u00fcrde dann endlich einen Sinn machen. Was kann\nes Sch\u00f6neres geben, als den ganzen Tag seiner Leidenschaft nachzugehen? Remy\nkann zwar gut kochen, doch er hat ein Problem: Kein K\u00fcchenchef will eine Ratte in\nseiner K\u00fcche haben.<\/p>\n\n\n\n<p>Auf Rang zehn findet sich das H\u00f6rbuch \u201eDie Schule der magischen Tiere \u2013\nEndlich Ferien \u2013 H\u00f6rspiel1: Rabbat und Ida\u201c von Margit Auer mit 19\nEntleihungen. Es richtet sich an Kinder im Alter von neun bis 13 Jahren. Sommer,\nStrand, Meer! Ida und ihr magischer Fuchs Rabbat freuen sich auf den Urlaub.\nDoch dann kommt so einiges anders als erwartet. Ein \u00fcbereifriger\nJunior-Detektiv, geheimnisvolle Hotel-Diebst\u00e4hle und ein rotes Gem\u00fcse-R\u00e4tsel\nhalten Ida und Rabbat auf Trab. Gute Sp\u00fcrnasen sind gefragt \u2013 oder ein\nmagischer Fuchs.<\/p>\n\n\n\n<h4 class=\"wp-block-heading\">Anschaffungen von Kinderb\u00fcchern lohnen sich<\/h4>\n\n\n\n<p>Die \u201eAusleihrenner\u201c-Liste zeigt, dass vor allem Kinderb\u00fccher beliebt\nsind. Unter den ersten zehn Pl\u00e4tzen sind sieben Bilderb\u00fccher f\u00fcr die\nKleinen&nbsp; zu finden. \u201eEin deutliches\nZeichen, dass Bilderb\u00fccher sehr stark frequentiert werden. Daher muss auf ihre\nAnschaffung ein Schwerpunkt gesetzt werden\u201c, meint Dieter Reif, Leiter der\nStadtbibliothek Hockenheim. \u201eAllerdings m\u00fcssen diese Anschaffungen ausgewogen\ngeschehen, denn auch andere Bereiche der Bibliothek d\u00fcrfen nicht vergessen\nwerden. Eine Aufgabe, die nicht immer leicht f\u00e4llt und die viel Wissen verlangt,\num das Angebot des Marktes auf der einen Seite sowie den W\u00fcnschen der Nutzer\nauf der anderen Seite. Beidem gerecht zu werden, kommt der Quadratur des\nKreises nahe\u201c, so Reif weiter.<\/p>\n\n\n\n<p><em>Text: Stadtverwaltung Hockenheim Foto: Stadtverwaltung Hockenheim\/Fotografen Lenhardt<br>05.02.2021<\/em><\/p>\n\n\n\n<h2 class=\"wp-block-heading\"><strong>Anmeldungen zur Kernzeitbetreuung f\u00fcr das Schuljahr 2021\/2022<\/strong><\/h2>\n\n\n\n<figure class=\"wp-block-image\"><img decoding=\"async\" loading=\"lazy\" width=\"800\" height=\"535\" src=\"https:\/\/speyer24news.com\/wp-content\/uploads\/2021\/01\/school-926213_1920-1.jpg\" alt=\"\" class=\"wp-image-32460\" srcset=\"https:\/\/speyer24news.com\/wp-content\/uploads\/2021\/01\/school-926213_1920-1.jpg 800w, https:\/\/speyer24news.com\/wp-content\/uploads\/2021\/01\/school-926213_1920-1-300x201.jpg 300w, https:\/\/speyer24news.com\/wp-content\/uploads\/2021\/01\/school-926213_1920-1-768x514.jpg 768w\" sizes=\"(max-width: 800px) 100vw, 800px\" \/><\/figure>\n\n\n\n<p>Im Rahmen der \u201eVerl\u00e4sslichen Grundschule\u201c wird\nseit vielen Jahren an den Grundschulen der Hartmann-Baumann-Schule, der\nHub\u00e4cker-Schule und der Pestalozzi-Schule eine Betreuung von Sch\u00fclern auch\nau\u00dferhalb der \u00fcblichen Unterrichtszeiten angeboten. Die Betreuungszeiten der\nKernzeit liegen zwischen 7 Uhr und dem Beginn der zweiten Unterrichtsstunde\nsowie nach Ende der f\u00fcnften Unterrichtsstunde bis maximal 16.30 Uhr.<\/p>\n\n\n\n<p>Die Anmeldeunterlagen dazu werden ab dem Mittwoch, 3. Februar 2021, auf der Internetseite der Stadtverwaltung Hockenheim abrufbar sein. Dort stehen sie unter  <a href=\"https:\/\/www.hockenheim.de\/ausserschulische%20betreuung\">Au\u00dferschulische Betreuung &#8211; Stadt Hockenheim<\/a> zum Herunterladen bereit.<\/p>\n\n\n\n<p>F\u00fcr die Anmeldung zur Kernzeit ist ein Nachweis\n\u00fcber die Masernimpfung beizuf\u00fcgen. Dieser muss im Original bei den jeweiligen\nSchulsekret\u00e4rinnen vorgelegt werden.<\/p>\n\n\n\n<p>Dabei ist zu beachten, dass das Original des\nImpfpasses nur bei Neuanmeldungen in den Schulsekretariaten abzugeben ist. <\/p>\n\n\n\n<p>Der Nachweis der Masernimpfung ist\nVoraussetzung, um die Leistung der Kernzeitbetreuung in Anspruch zu nehmen.\nEbenso verpflichtend ist eine Arbeitgeberbescheinigung des aktuellen Jahres\nbeizuf\u00fcgen. Eine Anmeldung kann erst best\u00e4tigt werden, wenn alle Unterlagen\nvollst\u00e4ndig vorliegen. Die Anmeldeunterlagen k\u00f6nnen ausschlie\u00dflich nur noch in\nden jeweiligen Schulsekretariaten abgegeben werden.<\/p>\n\n\n\n<p><em>Stadtverwaltung Hockenheim<br>05.02.2021<\/em><\/p>\n\n\n\n<h2 class=\"wp-block-heading\"><strong>Digitales Schaufenster f\u00fcr die Stadt<\/strong><\/h2>\n\n\n\n<div class=\"wp-block-image\"><figure class=\"aligncenter\"><img decoding=\"async\" loading=\"lazy\" width=\"800\" height=\"563\" src=\"https:\/\/speyer24news.com\/wp-content\/uploads\/2021\/02\/2021-01-29-Verwaltung_Info-Stele-in-Betrieb.jpg\" alt=\"\" class=\"wp-image-32824\" srcset=\"https:\/\/speyer24news.com\/wp-content\/uploads\/2021\/02\/2021-01-29-Verwaltung_Info-Stele-in-Betrieb.jpg 800w, https:\/\/speyer24news.com\/wp-content\/uploads\/2021\/02\/2021-01-29-Verwaltung_Info-Stele-in-Betrieb-300x211.jpg 300w, https:\/\/speyer24news.com\/wp-content\/uploads\/2021\/02\/2021-01-29-Verwaltung_Info-Stele-in-Betrieb-768x540.jpg 768w\" sizes=\"(max-width: 800px) 100vw, 800px\" \/><figcaption>Wirtschaftsf\u00f6rderer Donald Pape-Rese (l.) und Christian Engel (r.), Leiter Fachbereich Bauen und Wohnen, von der Stadtverwaltung Hockenheim beim Test des neuen Informationsterminals Ecke Obere Hauptstra\u00dfe\/Karlsruher Stra\u00dfe.<br><em>Foto: Stadtverwaltung Hockenheim\/Fotografen Lenhardt<\/em><\/figcaption><\/figure><\/div>\n\n\n\n<p>Die Stadt Hockenheim steht mit ihren B\u00fcrgern und\nG\u00e4sten \u00fcber vielf\u00e4ltige Kan\u00e4le in Kontakt. Neben den klassischen\nOffline-Kan\u00e4len gewinnt die digitale Kommunikation immer mehr an Bedeutung. Das\nVorhandensein von speziell ausgewiesenen und zur Verf\u00fcgung gestellten\nInformationsstellen kann gerade f\u00fcr Touristen ein weiterer Kanal sein, der zur\nInformationsvermittlung genutzt werden kann. \u201eEine gro\u00dfartige Aktion und\nBereicherung, welche Hockenheim f\u00fcr seine B\u00fcrgerinnen und B\u00fcrger sowie\nTouristen noch attraktiver gestaltet\u201c, so Oberb\u00fcrgermeister Marcus Zeitler.<\/p>\n\n\n\n<p>Die Initiative Mobilit\u00e4tsstadt Hockenheim (msh)\nengagiert sich ehrenamtlich f\u00fcr die Weiterentwicklung der Stadt Hockenheim. Auf\nVorschlag der Initiative stimmte der Gemeinderat der Stadt Hockenheim der Errichtung\neines Mobilit\u00e4tspfades zu, der inzwischen erfolgreich umgesetzt wurde. Als\nn\u00e4chstes Projekt regte die Initiative an, ein Informationsterminal f\u00fcr\ntouristische Inhalte zu installieren. <\/p>\n\n\n\n<p>Au\u00dferdem hat der Gemeinderat die Verwaltung\nbeauftragt, Infopunkte im \u00f6ffentlichen Raum zu schaffen, um dem\nInformationsbedarf der Hockenheimer B\u00fcrgerinnen und B\u00fcrger zu den anstehenden\nBauma\u00dfnahmen in der Oberen Hauptstra\u00dfe gerecht zu werden.<\/p>\n\n\n\n<p>Um zwischen beiden Anliegen Synergien zu schaffen,\nnutzt die Verwaltung deshalb ein Informationssystem f\u00fcr beide Anliegen.\nInstalliert werden zwei \u00f6ffentliche Informationsterminals: Ein Terminal im\nBereich der Fortuna-Kreuzung, eines gegen\u00fcber des Med-Centers. Ber\u00fccksichtigt\nwurden bei der Auswahl der Terminals die W\u00fcnsche der msh. Diese waren vor\nallem, den Info Punkt als Touch Screen zu konzipieren, die Bedienoberfl\u00e4che\nfrei zu gestalten, die Orientierung in Form von Rubriken zu erm\u00f6glichen und\ntagesaktuelle Informationen zu priorisieren bzw. einen Newsticker einzurichten.\nTechnisch sollte es system\u00fcbergreifende Daten-Schnittstellen geben, das\nRedaktionssystem \u00fcber Backend laufen, eine mehrsprachige Men\u00fcf\u00fchrung m\u00f6glich\nsein, eine Statistik zur Datennutzung vorhanden sein und eine App bzw. PWA\n(Progressive Web App) m\u00f6glich sein.<\/p>\n\n\n\n<h4 class=\"wp-block-heading\">Touristisches Angebot hervorheben<\/h4>\n\n\n\n<p>Zus\u00e4tzlich zu den W\u00fcnschen der msh hat die\nVerwaltung in Bezug auf die Informationen zur Baustelle Obere Hauptstra\u00dfe\nwichtige Punkte erg\u00e4nzt. So soll es m\u00f6glich sein, \u00fcber das Terminal\nUmleitungen, den aktuellen Projektstand, Parkm\u00f6glichkeiten, eventuell Links zur\nM\u00fcllabfuhr und Kontaktm\u00f6glichkeiten abzubilden. Um nach Beendigung der\nBaustelle die Informationsterminals an andere Orte wie zum Beispiel den Bahnhof\nversetzen zu k\u00f6nnen, sollten ortsungebundene Informationsstelen angeschafft werden.<\/p>\n\n\n\n<p>Das bew\u00e4hrte Ingenieurb\u00fcro PLANEN + BERATEN hat die\nStadtverwaltung bei der Anschaffung der Stelen unterst\u00fctzt. Die Stele an der\nFortuna-Kreuzung ist bereits in Betrieb, die Stele gegen\u00fcber des Med-Centers\nwird noch installiert werden. Auf der Informationsstele k\u00f6nnen derzeit die\ndigitalen Informationen zur Baustelle in der Oberen Hauptstra\u00dfe abgerufen\nwerde, die auch auf der st\u00e4dtischen Homepage gepflegt werden.<\/p>\n\n\n\n<p>Erweitert wird das Informationsangebot in den\nn\u00e4chsten Monaten noch um touristische Inhalte. Die Verwaltung wird dazu im\nGespr\u00e4ch mit der msh eine Struktur f\u00fcr die Informationsdarstellung entwickeln.\nIm Anschluss wird der technische Dienstleister die Strukturen in das System f\u00fcr\ndie Stele einpflegen. Geplant ist unter anderem, Schnittstellen zu einem\ntouristischen Datenmanagementsystem zu implementieren: Seit Jahren werden\nzahlreiche Informationen digital eingepflegt, die dann \u00fcber verschiedene Webseiten\noder per App abgerufen werden k\u00f6nnen. Unter anderem sind hier der Hockenheimer\nRadRing und der Stadtrundgang \u201eHockenheim h\u00f6ren\u201c zu finden. Aber auch\nRestaurants, Sehensw\u00fcrdigkeiten oder Freizeitsporteinrichtungen wie der\nHockenheimer Waldsportpfad sind hier digital abgebildet. Diese Informationen\nsollen zuk\u00fcnftig, wie auch Veranstaltungen, auf den neuen Stelen zu finden\nsein.<\/p>\n\n\n\n<p><em>Text: Stadtverwaltung Hockenheim Foto: Stadtverwaltung Hockenheim\/Fotografen Lenhardt<br>05.02.2021<\/em><\/p>\n\n\n\n<h2 class=\"wp-block-heading\"><strong>Fair und preislich attraktiv<\/strong><\/h2>\n\n\n\n<div class=\"wp-block-image\"><figure class=\"aligncenter\"><img decoding=\"async\" loading=\"lazy\" width=\"604\" height=\"604\" src=\"https:\/\/speyer24news.com\/wp-content\/uploads\/2021\/02\/2021-01-29-Stadtwerke_Topversorger-2021.jpg\" alt=\"\" class=\"wp-image-32823\" srcset=\"https:\/\/speyer24news.com\/wp-content\/uploads\/2021\/02\/2021-01-29-Stadtwerke_Topversorger-2021.jpg 604w, https:\/\/speyer24news.com\/wp-content\/uploads\/2021\/02\/2021-01-29-Stadtwerke_Topversorger-2021-150x150.jpg 150w, https:\/\/speyer24news.com\/wp-content\/uploads\/2021\/02\/2021-01-29-Stadtwerke_Topversorger-2021-300x300.jpg 300w\" sizes=\"(max-width: 604px) 100vw, 604px\" \/><figcaption>Mit der Auszeichnung \u201eTop Lokalversorger 2021 Strom und Gas\u201c belegen die Stadtwerke Hockenheim erneut ihr gutes Preis-Leistungs-Verh\u00e4ltnis bei ihren Produkten.<br><em>Foto: Informationsdienst Energieverbraucherportal<\/em><\/figcaption><\/figure><\/div>\n\n\n\n<p>Die\nStadtwerke Hockenheim sind vom Informationsdienst \u201eEnergieverbraucherportal\u201c erneut\ndoppelt ausgezeichnet worden. Sie wurden f\u00fcr ihre Delta-Produkte Strom und Gas erneut\nzum \u201eTop Lokalversorger\u201c pr\u00e4miert. Diese Ehrungen gelten f\u00fcr das Jahr 2021. Der\nregionale Energieversorger hat sie schon in den Vorjahren erhalten. Sie wurde\nbereits f\u00fcnfmal f\u00fcr die Strom- und dreimal f\u00fcr die Gasprodukte der Stadtwerke\nausgesprochen.<strong><\/strong><\/p>\n\n\n\n<p>Die\nAuszeichnungen f\u00fcr Strom und Gas belegen, dass die Stadtwerke Hockenheim \u00fcber\nein stimmiges Preis-Leistungs-Verh\u00e4ltnis bei ihren Tarifen verf\u00fcgen. Neben einem leichten Geldbeutel spielen\nauch andere Faktoren in die Bewertung ein. Dazu geh\u00f6ren unter anderem ein\nkundenfreundlicher Service, umweltbewusstes Handeln, Datenschutz und regionales\nEngagement. Der Energieversorger ist berechtigt, beide Pr\u00e4mierungen ein Jahr\nlang als Logo bei Anzeigen und anderen Marketingma\u00dfnahmen zu f\u00fchren.<\/p>\n\n\n\n<h4 class=\"wp-block-heading\">Best\u00e4tigung\nin schwierigen Corona-Zeiten<\/h4>\n\n\n\n<p>\u201eWir\nfreuen uns sehr \u00fcber die erneute Auszeichnung f\u00fcr unsere Strom- und\nGasprodukte. Das beweist, dass sich Kunde sein bei uns lohnt, egal ob man in\nHockenheim, Reilingen, Neulu\u00dfheim oder Altlu\u00dfheim wohnt\u201c, erkl\u00e4ren die\nWerkleiter Martina Wilk und Erhard Metzler. \u201eDie erneuten Auszeichnungen sind\neine Best\u00e4tigung f\u00fcr unsere Arbeit, vor allem in diesen schwierigen\nCorona-Zeiten. Sie sind auch f\u00fcr uns eine Herausforderung. Wir bleiben f\u00fcr\nunsere Kunden am Ball und m\u00f6chten die Auszeichnungen nat\u00fcrlich auch im n\u00e4chsten\nJahr verteidigen\u201c, erg\u00e4nzt Markus Link, Abteilungsleiter Vertrieb der\nStadtwerke Hockenheim.<\/p>\n\n\n\n<p>Die Pr\u00e4mierung \u201eTOP Lokalversorger\u201c wird j\u00e4hrlich vom Tarifrechner \u201eEnergieverbraucherportal\u201c an Unternehmen vergeben, die sich durch ein passendes Leistungspaket in ihrer Region hervorheben. Neben g\u00fcnstigen Preisen und fairen Vertragsbedingungen flie\u00dfen weitere Kriterien, unter anderen Servicequalit\u00e4t, Umweltmanagement sowie soziale F\u00f6rderung regionaler Belange in die Beurteilung ein. Ausgezeichnet werden Unternehmen wie die Stadtwerke Hockenheim, die auf den ersten drei Pl\u00e4tzen im regionalen Versorgungsgebiet im Ranking des Verbraucherportals stehen.<\/p>\n\n\n\n<p><em>Text: Stadtwerke Hockenheim Foto: Informationsdienst Energieverbraucherportal<br>05.02.2021<\/em><\/p>\n\n\n\n<h2 class=\"wp-block-heading\"><strong>Wohnungsverwaltung 2.0<\/strong><\/h2>\n\n\n\n<div class=\"wp-block-image\"><figure class=\"aligncenter\"><img decoding=\"async\" loading=\"lazy\" width=\"800\" height=\"617\" src=\"https:\/\/speyer24news.com\/wp-content\/uploads\/2021\/02\/2021-01-28-Verwaltung_hausmanager-App.jpg\" alt=\"\" class=\"wp-image-32822\" srcset=\"https:\/\/speyer24news.com\/wp-content\/uploads\/2021\/02\/2021-01-28-Verwaltung_hausmanager-App.jpg 800w, https:\/\/speyer24news.com\/wp-content\/uploads\/2021\/02\/2021-01-28-Verwaltung_hausmanager-App-300x231.jpg 300w, https:\/\/speyer24news.com\/wp-content\/uploads\/2021\/02\/2021-01-28-Verwaltung_hausmanager-App-768x592.jpg 768w\" sizes=\"(max-width: 800px) 100vw, 800px\" \/><figcaption>Laura Mujic (l.) und Christian Schleyer (r.) von der Stadtverwaltung Hockenheim testen die neue hausmanager-App an einer st\u00e4dtischen Immobilie in der Ottostra\u00dfe.<br><em>Foto: Stadtverwaltung Hockenheim\/Fotografen Lenhardt<\/em><\/figcaption><\/figure><\/div>\n\n\n\n<p>Die Digitalisierung der Stadtverwaltung Hockenheim\nschreitet voran. Neben dem gut angenommenen B\u00fcrgerchat auf der st\u00e4dtischen\nInternetseite und dem digitalen Leitsystem im Rathaus kommt ab Donnerstag, 1.\nApril, ein weiterer Baustein hinzu: Die hausmanager-App. Die Anwendungssoftware\n(kurz App) unterst\u00fctzt die Hausmeister in den rund 130 st\u00e4dtischen Wohnungen,\nObdachlosen- und Asylunterk\u00fcnften bei ihrer Arbeit. Daf\u00fcr k\u00f6nnen sie mit Hilfe\nder App mobil \u00fcber ein Smartphone oder ein Tablet anfallende Aufgaben schneller\nverwalten und bearbeiten.<\/p>\n\n\n\n<p>Zu Beginn ist bei der neuen Anwendung geplant, die Meldungen\nder Mieter an das Wohnungsamt der Stadtverwaltung Hockenheim in die App\neinzustellen. Die Hausmeister sehen dann schnell und unkompliziert, in welcher\nWohnung welche Aufgaben anstehen, beispielsweise notwendige Reparaturen oder\nM\u00fcllentleerungen. Diese Meldungen werden im System als offene Tickets gef\u00fchrt, die\nnach ihrer Bearbeitung durch die Hausmeister als \u201eerledigt\u201c gemeldet werden.\nDie Hausmeister k\u00f6nnen umgekehrt auch ihrerseits Fragen und offene Punkte an\ndas st\u00e4dtische Wohnungsamt melden, die dann dort bearbeitet werden.<\/p>\n\n\n\n<h4 class=\"wp-block-heading\">Alle Seiten profitieren von der Anwendung<\/h4>\n\n\n\n<p>Die hausmanager-App von der Firma net-haus aus\nBerlin wird von Laura Mujic vom Wohnungsamt und Christian Schleyer von der\nEDV-Abteilung in der Stadtverwaltung Hockenheim eingef\u00fchrt und betreut. \u201eDie\nMeldungen unserer Mieter werden z\u00fcgig an die Hausmeister \u00fcbermittelt. Die\nsystematische Bearbeitung im System vereinfacht unsere verwaltungsinternen\nAbl\u00e4ufe. Wir erhoffen uns von der neuen App, dass alle Seiten profitieren,\nnat\u00fcrlich auch unsere Mieterinnen und Mieter\u201c, erl\u00e4utert Laura Mujic die Idee\nhinter der neuen Anwendung.<\/p>\n\n\n\n<p>Nach erfolgreicher Einf\u00fchrung ist eine\nWeiterentwicklung der hausmeister-App angedacht. \u201eWir \u00fcberlegen in einem\nzweiten Schritt, die Anwendung auch f\u00fcr unsere externen Dienstleister zu\n\u00f6ffnen. Reparaturbetriebe k\u00f6nnen die beseitigten M\u00e4ngel dann \u00fcber eine\nSchnittstelle im System direkt an unser Wohnungsamt kommunizieren\u201c, erkl\u00e4rt\nChristian Schleyer die Pl\u00e4ne in der Zukunft.<\/p>\n\n\n\n<p><em>Text: Stadtverwaltung Hockenheim Foto: Stadtverwaltung Hockenheim\/Fotografen Lenhardt<br>05.02.2021<\/em><\/p>\n\n\n\n<h2 class=\"wp-block-heading\"><strong>Hinterlassenschaften beseitigen<\/strong><\/h2>\n\n\n\n<div class=\"wp-block-image\"><figure class=\"aligncenter\"><img decoding=\"async\" loading=\"lazy\" width=\"800\" height=\"600\" src=\"https:\/\/speyer24news.com\/wp-content\/uploads\/2021\/02\/shield-1012495_1920.jpg\" alt=\"\" class=\"wp-image-32821\" srcset=\"https:\/\/speyer24news.com\/wp-content\/uploads\/2021\/02\/shield-1012495_1920.jpg 800w, https:\/\/speyer24news.com\/wp-content\/uploads\/2021\/02\/shield-1012495_1920-300x225.jpg 300w, https:\/\/speyer24news.com\/wp-content\/uploads\/2021\/02\/shield-1012495_1920-768x576.jpg 768w, https:\/\/speyer24news.com\/wp-content\/uploads\/2021\/02\/shield-1012495_1920-678x509.jpg 678w, https:\/\/speyer24news.com\/wp-content\/uploads\/2021\/02\/shield-1012495_1920-326x245.jpg 326w, https:\/\/speyer24news.com\/wp-content\/uploads\/2021\/02\/shield-1012495_1920-80x60.jpg 80w\" sizes=\"(max-width: 800px) 100vw, 800px\" \/><\/figure><\/div>\n\n\n\n<p>Der Gartenschaupark ist immer einen Ausflug wert.\nDie Parkanlage wird mit viel M\u00fche und Sorgfalt gestaltet und dient vielen\nMenschen zur Erholung. Der Aufenthalt im Park wird jedoch nur zur Erholung,\nwenn die Besucher R\u00fccksicht aufeinander und auf die Anlage nehmen und sich\nstets so verhalten, dass kein anderer gef\u00e4hrdet oder bel\u00e4stigt wird. \u201eWir\nweisen insbesondere darauf hin, dass Tiere nicht in den Gartenschaupark\nmitgebracht werden d\u00fcrfen\u201c, macht Matthias Degen von der Gesch\u00e4ftsf\u00fchrung der\nParkanlagen GmbH auf eine Problem aufmerksam, dass vor allem in j\u00fcngster\nVergangenheit h\u00e4ufig auftrat.<\/p>\n\n\n\n<p>Die nicht erlaubten Hunde verrichten im\nGartenschaupark auch ihr Gesch\u00e4ft, was wiederum zu erheblicher Verunreinigung\ndes Gartenschauparks f\u00fchrt. Dazu geh\u00f6rt auch, Hinterlassenschaften der\nVierbeiner in den \u00f6ffentlichen Bereichen, Gr\u00fcn- und Parkanlagen zu beseitigen. Insbesondere\nim Bereich auf der Wiese hinter dem Kulturhaus Pumpwerk sowie im Bereich der Gustav-Hertz-Stra\u00dfe-\nund Ecke Otto-Hahn Stra\u00dfe sind immer wieder nicht beseitigte \u00dcberbleibsel zu\nfinden.<\/p>\n\n\n\n<p>Nicht beseitigte Hinterlassenschaften von Hunden\nk\u00f6nnen teuer werden.&nbsp; Paragraph 14 der\nPolizeiverordnung erlaubt bei nachgewiesenen Verst\u00f6\u00dfen den Erlass eines\nBu\u00dfgeldbescheids gegen Hundeeigent\u00fcmer und \u2013Besitzer.<\/p>\n\n\n\n<p><em>Stadtverwaltung Hockenheim<br>05.02.2021<\/em><\/p>\n\n\n\n<h2 class=\"wp-block-heading\"><strong>Hilfe beim Impftermin<\/strong><\/h2>\n\n\n\n<figure class=\"wp-block-image\"><img decoding=\"async\" loading=\"lazy\" width=\"800\" height=\"533\" src=\"https:\/\/speyer24news.com\/wp-content\/uploads\/2020\/11\/vaccination-2722937_1920.jpg\" alt=\"\" class=\"wp-image-31275\" srcset=\"https:\/\/speyer24news.com\/wp-content\/uploads\/2020\/11\/vaccination-2722937_1920.jpg 800w, https:\/\/speyer24news.com\/wp-content\/uploads\/2020\/11\/vaccination-2722937_1920-300x200.jpg 300w, https:\/\/speyer24news.com\/wp-content\/uploads\/2020\/11\/vaccination-2722937_1920-768x512.jpg 768w\" sizes=\"(max-width: 800px) 100vw, 800px\" \/><\/figure>\n\n\n\n<p>Die Stadtverwaltung Hockenheim bietet Senioren, die\n80 Jahre oder \u00e4lter sind, Unterst\u00fctzung bei der Vergabe von Impfterminen an.\nDieser Dienst ist ausschlie\u00dflich f\u00fcr Personen gedacht, die keine weitere\nUnterst\u00fctzung haben.<\/p>\n\n\n\n<p>Von Dienstag bis Donnerstag kann Hilfe unter den\nfolgenden Telefonnummern in Anspruch genommen werden:<\/p>\n\n\n\n<ul><li>Telefon 06205 21-209 von 9 bis 12 und 13 bis 16 Uhr<\/li><li>Telefon 06205 100062 von 9 bis 12 Uhr<\/li><li>Telefon 06205 922625 von 13 bis 16 Uhr<\/li><\/ul>\n\n\n\n<p>Aktuell dauert es lange, bis ein Impftermin\nvereinbart werden kann. Die Stadtverwaltung Hockenheim nutzt das \u00fcbliche\nAnmeldeverfahren und kann eine Anmeldung nicht beschleunigen.<\/p>\n\n\n\n<p><em>Stadtverwaltung Hockenheim<br>05.02.2021<\/em><\/p>\n\n\n\n<h2 class=\"wp-block-heading\"><strong>Thermografie nutzen und Geld sparen<\/strong><\/h2>\n\n\n\n<p>Noch bis Donnerstag, 18. Februar, haben private und\ngewerbliche Hauseigent\u00fcmer und \u2013Besitzer die Chance, die Energie in ihrem\nGeb\u00e4ude noch effizienter zu nutzen. Die AVR Energie GmbH bietet in Kooperation\nmit der Stadtverwaltung Hockenheim f\u00fcr die ersten 100 Antragssteller ein\nverg\u00fcnstigtes Thermografie-Paket f\u00fcr \u201eH\u00e4usle\u201c-Inhaber an. Es ist dank eines\nZuschusses f\u00fcr nur 79 Euro (Normalpreis: 129 Euro brutto) erh\u00e4ltlich. Das\nAngebot ist bereits gut nachgefragt worden und noch sind Antr\u00e4ge zu haben.<\/p>\n\n\n\n<p>Nach erfolgter Zusage erstellt die AVR Energie GmbH f\u00fcr\ndie Hauseigent\u00fcmer und \u2013Besitzer sechs Thermografie-Bilder von dem Geb\u00e4ude. Unter\nThermografie versteht man Fotoaufnahmen eines Hauses im f\u00fcr das menschliche\nAuge nicht sichtbaren Infrarotbereich. Dadurch lassen sich W\u00e4rmebr\u00fccken und\n\u2013Verluste, undichte Fenster und T\u00fcren sowie Leckagen entdecken. Die Ursachen\nf\u00fcr Schimmelbildung k\u00f6nnen festgestellt werden.<\/p>\n\n\n\n<p>Neben den Infrarotaufnahmen (mindestens sechs)\nenth\u00e4lt das Thermografie-Paket auch einen aussagekr\u00e4ftigen Ergebnisbericht, auf\ndessen Grundlage der private und gewerbliche Eigent\u00fcmer anschlie\u00dfend gezielte\nund konkrete Energiesparma\u00dfnahmen einleiten kann. Durch die Sanierungsma\u00dfnahmen\nk\u00f6nnen so CO<sub>2<\/sub>-Emissionen\nverringert und ein Beitrag zum Klimaschutz geleistet werden.<\/p>\n\n\n\n<h4 class=\"wp-block-heading\">Wo finde ich den Antrag f\u00fcr das Thermografie-Paket?<\/h4>\n\n\n\n<p>Interessenten erhalten das Antragsformular f\u00fcr das Thermografie-Paket auf der Internetseite der Stadt Hockenheim (<a href=\"http:\/\/www.hockenheim.de\">http:\/\/www.hockenheim.de<\/a>) unter den Bereichen \u201eLeben\u201c > Bauen und Wohnen > Thermografie-Paket\u201c (<a href=\"https:\/\/www.hockenheim.de\/startseite\/leben\/thermografie-paket.html\">https:\/\/www.hockenheim.de\/startseite\/leben\/thermografie-paket.html<\/a>). Dort lassen sich auch weitere Informationen rund um das Angebot finden.<\/p>\n\n\n\n<p><em>Stadtverwaltung Hockenheim<br>05.02.2021<\/em><\/p>\n\n\n\n<h2 class=\"wp-block-heading\"><strong>Nur dringende Angelegenheiten vor Ort kl\u00e4ren<\/strong><\/h2>\n\n\n\n<figure class=\"wp-block-image\"><img decoding=\"async\" loading=\"lazy\" width=\"800\" height=\"583\" src=\"https:\/\/speyer24news.com\/wp-content\/uploads\/2021\/01\/Atemmaske.jpg\" alt=\"\" class=\"wp-image-32311\" srcset=\"https:\/\/speyer24news.com\/wp-content\/uploads\/2021\/01\/Atemmaske.jpg 800w, https:\/\/speyer24news.com\/wp-content\/uploads\/2021\/01\/Atemmaske-300x219.jpg 300w, https:\/\/speyer24news.com\/wp-content\/uploads\/2021\/01\/Atemmaske-768x560.jpg 768w\" sizes=\"(max-width: 800px) 100vw, 800px\" \/><\/figure>\n\n\n\n<p>Aufgrund der anhaltend hohen\nCorona-Fallzahlen bleiben die Stadtverwaltung Hockenheim, ihre Au\u00dfenstellen und\nEigenbetriebe wie die Stadtwerke f\u00fcr Publikumsverkehr auch weiterhin\ngrunds\u00e4tzlich geschlossen. Die Stadtverwaltung und die Stadtwerke bitten daher\ndie B\u00fcrgerinnen und B\u00fcrger, nur mit dringenden, unaufschiebbaren Anliegen\npers\u00f6nlich vorbeizukommen. Personen mit Anliegen werden gebeten, mit den\nMitarbeiter weiterhin nur noch telefonisch, per E-Mail oder \u00fcber andere Formen\nder digitalen Kommunikation Kontakt aufzunehmen. <\/p>\n\n\n\n<p>Daneben gilt in allen st\u00e4dtischen\nEinrichtungen entsprechend der Beschl\u00fcsse auf Bundes- und Landesebene eine\nPflicht zum Tragen eines medizinischen Mund-Nasen-Schutzes. B\u00fcrgerinnen und\nB\u00fcrger k\u00f6nnen die Dienstgeb\u00e4ude daher nur mit einem medizinischen\nMund-Nasen-Schutz (also sogenannte OP-Maske oder auch Maske mit h\u00f6herem\nSchutzstandard wie KN95\/N95 oder FFP2) betreten. <\/p>\n\n\n\n<p>Wir bitten um Verst\u00e4ndnis, dass\ndiese Masken nicht vor Ort ausgegeben werden.<\/p>\n\n\n\n<p><em>Stadtverwaltung Hockenheim<br>05.02.2021<\/em><\/p>\n\n\n\n<h2 class=\"wp-block-heading\"><strong>Modernisierung des Umspannwerks im Zeitplan<\/strong><\/h2>\n\n\n\n<div class=\"wp-block-image\"><figure class=\"aligncenter\"><img decoding=\"async\" loading=\"lazy\" width=\"800\" height=\"487\" src=\"https:\/\/speyer24news.com\/wp-content\/uploads\/2021\/02\/2021-01-22-Stadtwerke_Modernisierung-Umspannwerk.jpg\" alt=\"\" class=\"wp-image-32820\" srcset=\"https:\/\/speyer24news.com\/wp-content\/uploads\/2021\/02\/2021-01-22-Stadtwerke_Modernisierung-Umspannwerk.jpg 800w, https:\/\/speyer24news.com\/wp-content\/uploads\/2021\/02\/2021-01-22-Stadtwerke_Modernisierung-Umspannwerk-300x183.jpg 300w, https:\/\/speyer24news.com\/wp-content\/uploads\/2021\/02\/2021-01-22-Stadtwerke_Modernisierung-Umspannwerk-768x468.jpg 768w\" sizes=\"(max-width: 800px) 100vw, 800px\" \/><figcaption>Das Umspannwerk Hockenheim-Talhaus wird bis Herbst 2022 modernisiert.<br><em>Foto: Stadtwerke Hockenheim\/Fotografen Lenhardt<\/em><\/figcaption><\/figure><\/div>\n\n\n\n<p>Im September letzten Jahres fand der Spatenstich zur Modernisierung des Umspannwerks Hockenheim gemeinsam mit der Netze BW statt. Das Umspannwerk wird mittelspannungsseitig (20-kV) von den Stadtwerken Hockenheim und hochspannungsseitig (110-kV) von der Netze BW betrieben. Im Zeitraum von Montag, 25. Januar, bis Donnerstag, 28. Januar 2021 wurden Teile der neuen Anlage in Betrieb genommen.<\/p>\n\n\n\n<p>Damit laufen die Modernisierungsarbeiten\nim Umspannwerk im Talhaus Hockenheim nach Plan. Im Zuge des Umbaus\nwerden neben der Betriebstechnik ebenso die Zufahrtsstra\u00dfen und die\nInfrastruktur erneuert. Der Umbau erfolgt bei\nlaufendem Betrieb und wird voraussichtlich im Herbst 2022 abgeschlossen sein.<\/p>\n\n\n\n<p><em>Stadtwerke Hockenheim<br>05.02.2021<\/em><\/p>\n\n\n\n<h2 class=\"wp-block-heading\"><strong>Hinter den Kulissen gegen Feuer gek\u00e4mpft<\/strong><\/h2>\n\n\n\n<div class=\"wp-block-image\"><figure class=\"aligncenter\"><img decoding=\"async\" loading=\"lazy\" width=\"800\" height=\"551\" src=\"https:\/\/speyer24news.com\/wp-content\/uploads\/2021\/02\/2021-01-22-Verwaltung_Verabschiedung-Willi-Achtst\u00e4tter.jpg\" alt=\"\" class=\"wp-image-32819\" srcset=\"https:\/\/speyer24news.com\/wp-content\/uploads\/2021\/02\/2021-01-22-Verwaltung_Verabschiedung-Willi-Achtst\u00e4tter.jpg 800w, https:\/\/speyer24news.com\/wp-content\/uploads\/2021\/02\/2021-01-22-Verwaltung_Verabschiedung-Willi-Achtst\u00e4tter-300x207.jpg 300w, https:\/\/speyer24news.com\/wp-content\/uploads\/2021\/02\/2021-01-22-Verwaltung_Verabschiedung-Willi-Achtst\u00e4tter-768x529.jpg 768w\" sizes=\"(max-width: 800px) 100vw, 800px\" \/><figcaption>OB Marcus Zeitler und Willi Achtst\u00e4tter blickten bei der Verabschiedung auch mit dem Buch \u201e150 Jahre Freiwillige Feuerwehr Hockenheim\u201c auf die Geschichte der Wehr zur\u00fcck, Personalrat Johannes Lienstromberg steuerte Anekdoten bei (v.l.). <br><em>Foto: Stadtverwaltung Hockenheim<\/em><\/figcaption><\/figure><\/div>\n\n\n\n<p>Urspr\u00fcnglich war alles ganz anders\ngedacht. Die Verabschiedung des langj\u00e4hrigen Feuerwehr-Ger\u00e4tewarts Willi\nAchtst\u00e4tter Ende Januar in den Ruhestand sollte als tolles Fest mit den\nKameradinnen und Kameraden im Feuerwehrhaus \u00fcber die B\u00fchne gehen. Aber dann kam\nCorona. Oberb\u00fcrgermeister Marcus Zeitler und der Personalratsvorsitzende\nJohannes Lienstromberg lie\u00dfen sich aber nicht die Gelegenheit nehmen, ihn im\nRathaus pers\u00f6nlich in den neuen Lebensabschnitt zu entlassen. Das Fest bei der\nFeuerwehr wird einfach sp\u00e4ter nachgeholt.<\/p>\n\n\n\n<p>Der angehende Pension\u00e4r Willi\nAchtst\u00e4tter arbeitet seit dem 1. M\u00e4rz 2015 als Ger\u00e4tewart bei der Freiwilligen\nFeuerwehr Hockenheim. In dieser Rolle unterst\u00fctzt er die Kameradinnen und\nKameraden bei ihren Eins\u00e4tzen zu \u201e99 Prozent hinter den Kulissen\u201c. Seine Rolle\ndarf dabei aber nicht untersch\u00e4tzt werden. \u201eOhne die Bereitstellung und Wartung\nder technischen Ger\u00e4tschaften k\u00f6nnten unsere Feuerwehrleute nicht f\u00fcr unsere\nB\u00fcrgerinnen und B\u00fcrger gegen die Flammen k\u00e4mpfen\u201c, stellt OB Marcus Zeitler bei\nder Verabschiedung klar.<\/p>\n\n\n\n<p>Die berufliche T\u00e4tigkeit von Willi\nAchtst\u00e4tter bei der Stadtverwaltung Hockenheim begann vor bald 28 Jahren. Am 1.\nJuni 1993 erfolgte die Einstellung als Hausmeister in der Hub\u00e4ckerschule und im\nPark-Kindergarten. Ab dem 1. Mai 1995 \u00fcbernahm er den Schlie\u00dfdienst in der Hub\u00e4cker-Turnhalle.\nIm M\u00e4rz 2015 erfolgte der Wechsel zur Freiwilligen Feuerwehr. Ein Themengebiet,\ndas Willi Achtst\u00e4tter sehr am Herzen liegt und dem er auch im Ruhestand\nberatend zur Verf\u00fcgung steht.<\/p>\n\n\n\n<p>\u201eDie Kameradinnen und Kameraden lassen Sie nur ungern in die Rente ziehen. Ich habe nur lobende Worte \u00fcber Sie geh\u00f6rt, vor allem, weil Sie auch viel \u00fcber ihren eigentlichen T\u00e4tigkeitsbereich hinaus f\u00fcr die Feuerwehr gemacht haben\u201c, sagte OB Marcus Zeitler bei der Verabschiedung. Er bedankte sich bei Willi Achtst\u00e4tter im Namen der Stadt und des Kreisfeuerwehrverbands, dessen Vorsitzender er ist, herzlich f\u00fcr seine Arbeit. In der Rente wird es dem angehenden Rentner nicht langweilig werden. Das Enkelkind und der Garten warten bereits auf Willi Achtst\u00e4tter.<\/p>\n\n\n\n<p><em>Stadtverwaltung Hockenheim<br>05.02.2021<\/em><\/p>\n\n\n\n<h1 class=\"wp-block-heading\" style=\"text-align:center\">Verkehrsnotizen<\/h1>\n\n\n\n<figure class=\"wp-block-image\"><img decoding=\"async\" loading=\"lazy\" width=\"800\" height=\"565\" src=\"https:\/\/speyer24news.com\/wp-content\/uploads\/2020\/01\/Baustelle-2.jpg\" alt=\"\" class=\"wp-image-23900\" srcset=\"https:\/\/speyer24news.com\/wp-content\/uploads\/2020\/01\/Baustelle-2.jpg 800w, https:\/\/speyer24news.com\/wp-content\/uploads\/2020\/01\/Baustelle-2-300x212.jpg 300w, https:\/\/speyer24news.com\/wp-content\/uploads\/2020\/01\/Baustelle-2-768x542.jpg 768w\" sizes=\"(max-width: 800px) 100vw, 800px\" \/><\/figure>\n\n\n\n<h2 class=\"wp-block-heading\"><strong>Neuer\nWeg zum Rathaus<\/strong><\/h2>\n\n\n\n<p>Der Kreuzungsbereich Obere Hauptstra\u00dfe\/Rathausstra\u00dfe ist <strong>seit Montag, 1. Februar, bis voraussichtlich Ende April<\/strong> f\u00fcr den Fahrzeugverkehr gesperrt. Daher ist die Zufahrt zum Rathaus vom MedCenter kommend nur noch \u00fcber den Eichhorn-Parkplatz m\u00f6glich. Hintergrund daf\u00fcr ist die Erweiterung der Bauarbeiten entlang der Oberen Hauptstra\u00dfe, in der unter anderem Gas- und Wasserleitungen erneuert werden.<\/p>\n\n\n\n<p><em>Stadtverwaltung Hockenheim<br>05.02.2021<\/em><\/p>\n","protected":false},"excerpt":{"rendered":"<div class=\"mh-excerpt\"><p>Die Ausleihrenner des letzten Jahres Welche Geschichten fesseln die B\u00fcrgerinnen und B\u00fcrger in Hockenheim? Abenteuer, Krimi oder Liebesroman: Diese Antwort gibt die neue \u201eAusleihrenner\u201c-Liste der Stadtbibliothek Hockenheim f\u00fcr das letzte Jahr. Sie nennt die Medien <a class=\"mh-excerpt-more\" href=\"https:\/\/speyer24news.com\/?p=32818\" title=\"Hockenheim\">[&#8230;]<\/a><\/p>\n<\/div>","protected":false},"author":3,"featured_media":23861,"comment_status":"open","ping_status":"open","sticky":false,"template":"","format":"standard","meta":{"_monsterinsights_skip_tracking":false,"_monsterinsights_sitenote_active":false,"_monsterinsights_sitenote_note":"","_monsterinsights_sitenote_category":0,"footnotes":""},"categories":[489],"tags":[9176,9656,9654,9668,1284,9660,108,9661,9653,9652,9651,7181,1286,492,9658,4506,9663,5458,9657,9665,9666,9667,9659],"aioseo_notices":[],"amp_enabled":true,"_links":{"self":[{"href":"https:\/\/speyer24news.com\/index.php?rest_route=\/wp\/v2\/posts\/32818"}],"collection":[{"href":"https:\/\/speyer24news.com\/index.php?rest_route=\/wp\/v2\/posts"}],"about":[{"href":"https:\/\/speyer24news.com\/index.php?rest_route=\/wp\/v2\/types\/post"}],"author":[{"embeddable":true,"href":"https:\/\/speyer24news.com\/index.php?rest_route=\/wp\/v2\/users\/3"}],"replies":[{"embeddable":true,"href":"https:\/\/speyer24news.com\/index.php?rest_route=%2Fwp%2Fv2%2Fcomments&post=32818"}],"version-history":[{"count":1,"href":"https:\/\/speyer24news.com\/index.php?rest_route=\/wp\/v2\/posts\/32818\/revisions"}],"predecessor-version":[{"id":32826,"href":"https:\/\/speyer24news.com\/index.php?rest_route=\/wp\/v2\/posts\/32818\/revisions\/32826"}],"wp:featuredmedia":[{"embeddable":true,"href":"https:\/\/speyer24news.com\/index.php?rest_route=\/wp\/v2\/media\/23861"}],"wp:attachment":[{"href":"https:\/\/speyer24news.com\/index.php?rest_route=%2Fwp%2Fv2%2Fmedia&parent=32818"}],"wp:term":[{"taxonomy":"category","embeddable":true,"href":"https:\/\/speyer24news.com\/index.php?rest_route=%2Fwp%2Fv2%2Fcategories&post=32818"},{"taxonomy":"post_tag","embeddable":true,"href":"https:\/\/speyer24news.com\/index.php?rest_route=%2Fwp%2Fv2%2Ftags&post=32818"}],"curies":[{"name":"wp","href":"https:\/\/api.w.org\/{rel}","templated":true}]}}