{"id":32827,"date":"2021-02-05T08:33:40","date_gmt":"2021-02-05T07:33:40","guid":{"rendered":"https:\/\/speyer24news.com\/?p=32827"},"modified":"2021-02-05T08:33:40","modified_gmt":"2021-02-05T07:33:40","slug":"schwetzingen-55","status":"publish","type":"post","link":"https:\/\/speyer24news.com\/?p=32827","title":{"rendered":"Schwetzingen"},"content":{"rendered":"<style type=\"text\/css\">\r\n\t.ads_top_disp{}\r\n\t.ads_top_corner_disp{ float:left; margin:0px 10px 10px 0px; }\r\n\t.ads_first_p_disp{}\r\n\t.ads_bottom_disp{}\r\n\t<\/style>\n<h2 class=\"wp-block-heading\">Aus dem Gemeinderat am 3. Februar 2021: <strong>St\u00e4dtisches F\u00f6rderprogramm \u201eKlimaIMPULS\u201c verabschiedet \/ Marstallinnenhof wird umgestaltet\u00a0<\/strong><\/h2>\n\n\n\n<h3 class=\"wp-block-heading\">Verwaltungsgeb\u00e4ude erhalten Notstromversorgung<\/h3>\n\n\n\n<h4 class=\"wp-block-heading\"><strong>F\u00f6rderprogamm \u201eKlimaIMPULS\u201c verabschiedet<\/strong><\/h4>\n\n\n\n<p>Mit dem F\u00f6rderprogramm soll ein entscheidender Beitrag zur Reduzierung der Treibhausgasemissionen in Schwetzingen geleistet werden. Das Programm beginnt am 1. M\u00e4rz 2021 und hat eine Laufzeit von mindestens zwei Jahren.<\/p>\n\n\n\n<p>Mit dem Baustein \u201e<strong>Mobilit\u00e4tsIMPULS\u201c<\/strong>&nbsp;m\u00f6chte die Stadt den Schwetzinger B\u00fcrger\/innen den Umstieg auf klimafreundliche Mobilit\u00e4t erleichtern. Unter anderem werden folgende Ma\u00dfnahmen gef\u00f6rdert:<\/p>\n\n\n\n<p>Die Anschaffung eines E-Lastenrades und der Erwerb einer Jahreskarte \u00d6PNV\/ Rhein-Neckar-Ticket mit maximal je 500 Euro sowie ein Mobilit\u00e4ts-Bonus bei Stilllegung des PKW in Form eines kostenlosen Rhein-Neckar-Tickets f\u00fcr ein Jahr oder einem Zuschuss in H\u00f6he von 500 Euro f\u00fcr ein Lastenrad.<\/p>\n\n\n\n<p>Mit dem Baustein&nbsp;<strong>\u201eSolarIMPULS<\/strong>\u201c soll die Installation von Photovoltaik-Anlagen und der damit erzeugte lokale Strom gesteigert werden. Hier sieht die Stadtverwaltung unter anderem folgendes als f\u00f6rderf\u00e4hig an:<\/p>\n\n\n\n<p>Die Neuinstallation einer Photovoltaikanlage wird mit maximal 1.000 Euro je Anlage gef\u00f6rdert. Photovoltaikanlagen an Fassaden, auf Gr\u00fcnd\u00e4chern sowie kombinierte Photovoltaik\/Solarthermie Kollektoren erhalten einen Investitionszuschuss von maximal 1.500 Euro. Zudem gibt es einen Zuschuss zu Batteriespeichern in H\u00f6he von maximal 1.500 Euro. Die Neuanschaffung einer Mini-Photovoltaik-Anlage (so genannte \u201aBalkonkraftwerke\u2018) wird einmalig mit maximal 300 Euro, h\u00f6chstens mit 30% der Anschaffungskosten gef\u00f6rdert.<\/p>\n\n\n\n<p>Auch die Stadtverwaltung geht mit gutem Beispiel voran und wird ein betriebliches Mobilit\u00e4tsmanagement einf\u00fchren, um die Mobilit\u00e4t der Mitarbeiter\/innen zu analysieren und die Dienstfahrten und den Fuhrpark zu optimieren. Zudem wird die Verwaltung das Solarpotenzial auf \u00f6ffentlichen D\u00e4chern und Fassaden ermitteln und umsetzen.<\/p>\n\n\n\n<p>Die bisher g\u00fcltigen F\u00f6rderprogramme \u201eFassadenbegr\u00fcnungsma\u00dfnahmen\u201c, \u201eDachbegr\u00fcnung\u201c, \u201eRegenwassernutzungsanlagen zur Gartenbew\u00e4sserung\u201c sowie \u201eBedarfsgesteuerte L\u00fcftung mit W\u00e4rmer\u00fcckgewinnung\u201c liefen zum 31.12.2020 aus und werden eingestellt.<\/p>\n\n\n\n<p>F\u00fcr die Umsetzung dieses F\u00f6rderprogramms stehen im Haushaltsjahr 2021 \u00fcberplanm\u00e4\u00dfig 90.000 Euro bereit. F\u00fcr das Jahr 2022 werden 150.000 Euro bereitgestellt.<\/p>\n\n\n\n<h4 class=\"wp-block-heading\"><strong>Verwaltungsgeb\u00e4ude erhalten Notstromversorgung<\/strong><\/h4>\n\n\n\n<p>Um gegen Ausf\u00e4lle und Schwankungen im Stromnetz ger\u00fcstet zu sein, werden die elektrischen Anlagen im Rathaus, im Bauamt sowie im Ordnungsamt mit einer Notstromversorgung ausgestattet. Den Auftrag f\u00fcr den Umbau der Stromversorgung und der Stromversorgungsanlage erh\u00e4lt die Firma Thamerus Elektrotechnik GmbH aus Mutterstadt zum Angebotspreis von 309.109,12 Euro.<\/p>\n\n\n\n<h4 class=\"wp-block-heading\"><strong>Stadt gestaltet Pflanzfl\u00e4chen im Marstallinnenhof neu<\/strong><\/h4>\n\n\n\n<p>Die Stadt plant die Umgestaltung und Versch\u00f6nerung der Pflanzfl\u00e4chen im ehemaligen kurf\u00fcrstlichen Marstallinnenhof. Die Neugestaltung wird zum einen n\u00f6tig, da die bisherige Holzfassung der Pflanzbeete in weiten Teilen in marodem Zustand ist und ausgetauscht werden muss. Zum anderen weist die Stahlbetonkonstruktion der darunterliegenden Tiefgarage Sch\u00e4den auf, die auch die Statik beeintr\u00e4chtigen k\u00f6nnten. Um generell die Tiefgarage von Gewicht zu entlasten, wird nur ein Teil der Hochbeete wiederhergestellt.<\/p>\n\n\n\n<p>Die weiteren Fl\u00e4chen werden niveaugleich mit den umgebenden Fl\u00e4chen angelegt und mit einem langlebigen Corten-Stahlband eingefasst. Die bestehende park\u00e4hnliche Struktur mit Barockarchitektur bleibt erhalten und spiegelt sich auch in der Art der Bepflanzung wider. Die Verwaltung m\u00f6chte mit der Neugestaltung des Marstallinnenhofs auch den Gedanken des \u201eUrban Gardenings\u201c aufgreifen. Dazu soll eine neue und gr\u00f6\u00dfere Fl\u00e4che als Nachbarschafts- und Gemeinschaftsgarten entstehen. Dazu wurde mit der Business School der Universit\u00e4t Mannheim ein gemeinsames Projekt entwickelt.<\/p>\n\n\n\n<p>Da das gesamte Ensemble unter Denkmalschutz steht und das Land Baden-W\u00fcrttemberg Eigent\u00fcmer ist, m\u00fcssen die Pl\u00e4ne zur Umgestaltung noch mit dem Land und der Denkmalschutzbeh\u00f6rde des Regierungspr\u00e4sidiums Karlsruhe abgestimmt werden.<\/p>\n\n\n\n<h4 class=\"wp-block-heading\"><strong>Integriertes Klimaschutzkonzept: Bauamt berichtet zu ersten Umsetzungsma\u00dfnahmen<\/strong><\/h4>\n\n\n\n<p>Der Gemeinderat hatte im Jahr 2018 einstimmig das integrierte Klimaschutzkonzept beschlossen. Daf\u00fcr wurde ab Juni 2019 eine halbe Personalstelle geschaffen, die bis zum 30.4.2022 vom Projekttr\u00e4ger J\u00fclich gef\u00f6rdert wird. Im Bauamt wird diese halbe Personalstelle eingesetzt, um im Bereich Geb\u00e4udeenergiemanagement gem\u00e4\u00df den Klimaschutzzielen K4 (energetische Optimierung der \u00f6ffentlichen Infrastruktur mit Einf\u00fchrung eines Energiemanagementsystems) die Energieverbr\u00e4uche zu ermitteln. Hiermit k\u00f6nnen Einsparpotenziale in den \u00f6ffentlichen Geb\u00e4uden ermittelt werden, die bei Umbau- oder Sanierungsma\u00dfnahmen ber\u00fccksichtigt werden sollen. Dar\u00fcber hinaus konnten bereits einige weitere konkrete Ma\u00dfnahmen umgesetzt werden. Bei den \u00f6ffentlichen Geb\u00e4uden wurde 2019 begonnen, die Geb\u00e4udeverbrauchsdaten zu erfassen. Diese sollen bis 2022 digitalisiert werden, um Einsparpotenziale zu ermitteln. Die \u00f6ffentlichen Schul- und Verwaltungsgeb\u00e4ude wurden vermessen, um die Voraussetzungen f\u00fcr die Bildung von Kennzahlen (zum Beispiel Energieverbr\u00e4uche pro Quadratmeter) zu schaffen. Auch die Hausmeister wurden f\u00fcr das Energiesparthema sensibilisiert. In verschiedenen Schulen und Turnhallen wurde die Beleuchtung klimafreundlich erneuert. Bei der Stra\u00dfenbeleuchtung wurde bereits 2016 mit der Umr\u00fcstung und Austausch der Leuchtenk\u00f6pfe auf energiesparende LED Technik begonnen. 2022 werden weitere Stadtteile dazu kommen. Die Fahrzeuge des st\u00e4dtischen Fuhrparks werden turnusm\u00e4\u00dfig mit klimafreundlicheren Antrieben ausgetauscht. Bei Nutzfahrzeugen wird auf elektrische oder andere klimafreundliche Antriebe geachtet.<\/p>\n\n\n\n<p>Die Jahre 2020 und 2021 werden jedoch bei der Betrachtung der Umsetzung und Erreichung von Klimaschutzzielen und Terminplanungen im Hinblick auf die Covid-19 Pandemie einer besonderen Betrachtung und Bewertung bed\u00fcrfen.<\/p>\n\n\n\n<p>Soweit nicht anders beschrieben, erfolgten die Beschl\u00fcsse einstimmig. Die komplette Sitzung sowie die Vorlagen und Beschl\u00fcsse sind auch im Internet unter&nbsp;<a href=\"https:\/\/deref-web.de\/mail\/client\/KNkBAdzeygM\/dereferrer\/?redirectUrl=http%3A%2F%2Fratsinfo.schwetzingen.de\" target=\"_blank\" rel=\"noreferrer noopener\">http:\/\/ratsinfo.schwetzingen.de<\/a>&nbsp;nachzulesen.<\/p>\n\n\n\n<p><em>Stadtverwaltung Schwetzingen<br>05.02.2021<\/em><\/p>\n\n\n\n<h2 class=\"wp-block-heading\"><strong>Landtagswahl 2021: Briefwahlunterlagen k\u00f6nnen jetzt beantragt werden<\/strong><\/h2>\n\n\n\n<h4 class=\"wp-block-heading\">Insgesamt 15.194 \u00a0Wahlberechtigte in Schwetzingen \/ Im Wahlkreis 40 sind 12 Wahlvorschl\u00e4ge zugelassen<\/h4>\n\n\n\n<figure class=\"wp-block-image\"><img decoding=\"async\" loading=\"lazy\" width=\"800\" height=\"533\" src=\"https:\/\/speyer24news.com\/wp-content\/uploads\/2021\/02\/064-Landtagswahl_Landr\u00e4te-und-OB-weisen-auf-die-M\u00f6glichkeit-der-Briefwahl-hin-\u2013-Pr\u00fcfantr\u00e4ge-an-Landeswahlleiter-gestellt.jpg\" alt=\"\" class=\"wp-image-32767\" srcset=\"https:\/\/speyer24news.com\/wp-content\/uploads\/2021\/02\/064-Landtagswahl_Landr\u00e4te-und-OB-weisen-auf-die-M\u00f6glichkeit-der-Briefwahl-hin-\u2013-Pr\u00fcfantr\u00e4ge-an-Landeswahlleiter-gestellt.jpg 800w, https:\/\/speyer24news.com\/wp-content\/uploads\/2021\/02\/064-Landtagswahl_Landr\u00e4te-und-OB-weisen-auf-die-M\u00f6glichkeit-der-Briefwahl-hin-\u2013-Pr\u00fcfantr\u00e4ge-an-Landeswahlleiter-gestellt-300x200.jpg 300w, https:\/\/speyer24news.com\/wp-content\/uploads\/2021\/02\/064-Landtagswahl_Landr\u00e4te-und-OB-weisen-auf-die-M\u00f6glichkeit-der-Briefwahl-hin-\u2013-Pr\u00fcfantr\u00e4ge-an-Landeswahlleiter-gestellt-768x512.jpg 768w\" sizes=\"(max-width: 800px) 100vw, 800px\" \/><\/figure>\n\n\n\n<p>Die Vorbereitungen f\u00fcr die Landtagswahl am 14. M\u00e4rz 2021 laufen auch in Schwetzingen an. In Schwetzingen gibt es diesmal 15.194 Wahlberechtigte, die sich wieder auf 16 allgemeine und f\u00fcnf Briefwahlbezirke verteilen.&nbsp;Alle Wahlberechtigten, die ihre Stimme am 14.03.2021 nicht pers\u00f6nlich im Wahllokal abgeben m\u00f6chten, k\u00f6nnen ab sofort Briefwahlunterlagen beantragen.<\/p>\n\n\n\n<p>In Zeiten von Corona stehen Ihnen folgende&nbsp;<strong>kontaktlose Antragsm\u00f6glichkeiten<\/strong>&nbsp;zur Verf\u00fcgung:<\/p>\n\n\n\n<ul><li>schriftlich \u00fcber den Antrag auf der R\u00fcckseite der Wahlbenachrichtigung. Dieser kann per Post, Fax, Email zur\u00fcckgesendet oder direkt in die Briefk\u00e4sten an den Verwaltungsgeb\u00e4uden der Stadt eingeworfen werden.<\/li><li>sollte die Wahlbenachrichtigung nicht vorliegen, kann der Antrag auch formlos schriftlich per Post, Fax, Mail gestellt werden.<\/li><li>Online mit Mobilger\u00e4ten \u00fcber den auf der Wahlbenachrichtigung aufgedruckten QR-Code.<\/li><li>Online \u00fcber den Link auf\u00a0<a rel=\"noreferrer noopener\" href=\"https:\/\/deref-web.de\/mail\/client\/69usd-vhnf8\/dereferrer\/?redirectUrl=http%3A%2F%2Fwww.schwetzingen.de\" target=\"_blank\">www.schwetzingen.de<\/a>.<\/li><\/ul>\n\n\n\n<h4 class=\"wp-block-heading\"><strong>Eine telefonische Antragstellung ist nicht m\u00f6glich.<\/strong><\/h4>\n\n\n\n<p>Eine pers\u00f6nliche Antragstellung im B\u00fcrgerb\u00fcro ist ebenfalls nach wie vor m\u00f6glich. In diesem Zusammenhang bittet die Stadt allerdings alle Besucher des Rathauses und seiner Einrichtungen weiterhin nur pers\u00f6nlich vorzusprechen, wenn dies tats\u00e4chlich dringend erforderlich ist. Es sind die AHA-Regeln zu beachten.<\/p>\n\n\n\n<h4 class=\"wp-block-heading\"><strong>Wahlscheinantrag auch bequem per Internet beantragen &#8211; So funktioniert es:<\/strong><\/h4>\n\n\n\n<p>Der Wahlscheinantrag kann auch online beantragt werden. Auf der st\u00e4dtischen Internetseite unter&nbsp;<a href=\"https:\/\/deref-web.de\/mail\/client\/69usd-vhnf8\/dereferrer\/?redirectUrl=http%3A%2F%2Fwww.schwetzingen.de\" target=\"_blank\" rel=\"noreferrer noopener\">www.schwetzingen.de<\/a>&nbsp;finden Sie dazu den Button \u201eBriefwahlunterlagen online beantragen\u201c. Durch einen Klick kommen Sie auf ein Erfassungsformular f\u00fcr Ihre Antragsdaten. In dieses Formular m\u00fcssen Sie die Daten auf Ihrer Wahlbenachrichtigung eintragen. Ihnen steht es offen, sich die Unterlagen nach Hause oder an eine abweichende Versandanschrift senden zu lassen. Ihre Antragsdaten werden verschl\u00fcsselt \u00fcber das Internet in eine Sammeldatei zur Abarbeitung \u00fcbertragen. Sollten Ihre Antragsdaten nicht mit unserem dialogisierten W\u00e4hlerverzeichnis \u00fcbereinstimmen, erhalten Sie automatisch einen Hinweis. Der Wahlschein und die Briefwahlunterlagen werden Ihnen von uns anschlie\u00dfend per&nbsp;<strong>Post&nbsp;<\/strong>zugestellt. F\u00fcr die automatische Pr\u00fcfung Ihrer Daten ben\u00f6tigen wir unter anderem die Eingabe Ihrer Wahlbezirks- und W\u00e4hlernummer.<\/p>\n\n\n\n<p>Sollten Sie Ihre Wahlbenachrichtigung nicht vorliegen haben, k\u00f6nnen Sie auch formlos per E-Mail an&nbsp;<strong><a href=\"mailto:matthias.jaekel@schwetzingen.de\" target=\"_blank\" rel=\"noreferrer noopener\">matthias.jaekel@schwetzingen.de<\/a>&nbsp;<\/strong>einen Wahlschein beantragen. In diesem Fall m\u00fcssen Sie Ihren&nbsp;<strong>Familiennamen<\/strong>, Ihre&nbsp;<strong>Vornamen<\/strong>, Ihr&nbsp;<strong>Geburtsdatum<\/strong>&nbsp;und Ihre&nbsp;<strong>Wohnanschrift<\/strong>&nbsp;(Stra\u00dfe, Hausnummer, PLZ, Ort) angeben.<\/p>\n\n\n\n<h4 class=\"wp-block-heading\"><strong>Der Versand der Briefwahlunterlagen wird voraussichtlich im Lauf der n\u00e4chsten Woche beginnen.<\/strong><\/h4>\n\n\n\n<p>Bei Fragen zum Antragsverfahren wenden Sie sich bitte an das Wahlamt unter folgenden Kontaktm\u00f6glichkeiten:<\/p>\n\n\n\n<p>Stadtverwaltung Schwetzingen, Wahlamt, Zeyherstra\u00dfe 1, Zimmer 203, E-Mail&nbsp;<a href=\"mailto:matthias.jaekel@schwetzingen.de\" target=\"_blank\" rel=\"noreferrer noopener\">matthias.jaekel@schwetzingen.de<\/a>, Tel. 06202 87-241, Fax 06202 87-239<\/p>\n\n\n\n<p><em>Text: Stadtverwaltung Schwetzingen Foto: Stadt Landau<br>05.02.2021<\/em><\/p>\n\n\n\n<h2 class=\"wp-block-heading\">Aktion 1000 B\u00e4ume f\u00fcr den Klimaschutz geht in die Verl\u00e4ngerung<\/h2>\n\n\n\n<h3 class=\"wp-block-heading\">Stadt gibt noch bis M\u00e4rz an Vereine und Privatleute kostenlos Obstgeh\u00f6lze ab\/ Jetzt ist die beste Pflanzzeit<\/h3>\n\n\n\n<div class=\"wp-block-image\"><figure class=\"aligncenter\"><img decoding=\"async\" loading=\"lazy\" width=\"800\" height=\"598\" src=\"https:\/\/speyer24news.com\/wp-content\/uploads\/2021\/02\/1000-Baeume-small.jpg\" alt=\"\" class=\"wp-image-32828\" srcset=\"https:\/\/speyer24news.com\/wp-content\/uploads\/2021\/02\/1000-Baeume-small.jpg 800w, https:\/\/speyer24news.com\/wp-content\/uploads\/2021\/02\/1000-Baeume-small-300x224.jpg 300w, https:\/\/speyer24news.com\/wp-content\/uploads\/2021\/02\/1000-Baeume-small-768x574.jpg 768w, https:\/\/speyer24news.com\/wp-content\/uploads\/2021\/02\/1000-Baeume-small-326x245.jpg 326w, https:\/\/speyer24news.com\/wp-content\/uploads\/2021\/02\/1000-Baeume-small-80x60.jpg 80w\" sizes=\"(max-width: 800px) 100vw, 800px\" \/><figcaption> Die Stadtg\u00e4rterinnen Mikaela Zeuner (links) und Heike Otto \u00fcbergeben die Obstb\u00e4ume an die Erste Vorsitzende des Kleing\u00e4rtnervereins Jutta Sturm und Kleingartenp\u00e4chter Gerd Fleissig.<\/figcaption><\/figure><\/div>\n\n\n\n<p>Die Stadt Schwetzingen beteiligt sich an der landesweiten Klimaschutzaktion \u201a1000 B\u00e4ume in 1000 Kommunen\u2018. Einen Baum zu pflanzen bedeutet aktiv etwas f\u00fcr den Klimaschutz zu tun. Denn B\u00e4ume binden Kohlendioxid (CO\u00b2) und produzieren im Gegenzug wertvollen Sauerstoff.<\/p>\n\n\n\n<p>Ziel der Klimaschutzaktion ist, in den kommenden Monaten stadtweit rund 1000 neue B\u00e4ume anzupflanzen. Um dieses ehrgeizige Ziel zu erreichen, ist die Stadt jedoch auf die Mithilfe der Schwetzinger\/innen angewiesen, da die st\u00e4dtische Fl\u00e4che nur f\u00fcr die Neuanpflanzung von circa 200 B\u00e4umen ausreicht. Daf\u00fcr gibt die Stadt seit Ende des letzten Jahres kostenlos Obstgeh\u00f6lze an Privatleute zur Pflanzung im heimischen Garten ab. \u201eDie Aktion kam gut an\u201c, freut sich der Leiter der Stadtg\u00e4rtnerei Bernd Kolb. \u201eBereits 350 B\u00e4ume haben meine Mitarbeiter\/innen bislang an Schwetzinger B\u00fcrger\/innen ausgegeben. Damit noch m\u00f6glichst viele der restlichen 450 B\u00e4ume gepflanzt werden, l\u00e4uft unsere Aktion noch bis in den M\u00e4rz.&#8220; Hier hofft Kolb nun auch auf die Unterst\u00fctzung durch die Schwetzinger Vereine. Vereine, die auf ihren Freifl\u00e4chen und Au\u00dfengel\u00e4nden Platz f\u00fcr die Pflanzung der B\u00e4ume haben, sollen sich daf\u00fcr bei der Stadtg\u00e4rtnerei melden.<\/p>\n\n\n\n<h4 class=\"wp-block-heading\">Kleing\u00e4rtnerverein pflanzt 25 B\u00e4ume<\/h4>\n\n\n\n<p>Diese Chance hat die Erste Vorsitzende des Kleing\u00e4rtnervereins Schwetzingen e.V. Jutta Sturm genutzt. Sie bestellte 25 Obstb\u00e4ume f\u00fcr den Verein. Zehn B\u00e4ume sind f\u00fcr Kleing\u00e4rtner und deren Parzelle reserviert. Einen davon erh\u00e4lt Gartenp\u00e4chter Gerd Fleissig. Er freut sich \u00fcber einen jungen Zwetschgenbaum. Die \u00fcbrigen 15 B\u00e4ume wird der Verein auf den Gemeinschaftsfl\u00e4chen pflanzen. Davon haben dann sp\u00e4ter alle Vereinsmitglieder etwas, ist Sturm \u00fcberzeugt.<\/p>\n\n\n\n<p>Zur Auswahl stehen verschiedene Sorten an jungen Obstbaumpflanzen, z.B. Apfel, Birne, Zwetschge oder Reineclauden. Wer einen Obstbaum haben m\u00f6chte, kann im Internet unter\u00a0<a rel=\"noreferrer noopener\" href=\"https:\/\/deref-web.de\/mail\/client\/_x_xvMMIxEc\/dereferrer\/?redirectUrl=http%3A%2F%2Fwww.schwetzingen.de%2Fbaum\" target=\"_blank\">www.schwetzingen.de\/baum<\/a> ein Antragsformular ausf\u00fcllen. Dort bitte den Wunschbaum und eine Alternative angeben, da von jeder Sorte nur eine gewisse Anzahl zur Verf\u00fcgung steht. \u00dcber die Abgabe entscheidet daher auch die Nachfrage. Schnell sein lohnt sich also, sollte man einen ausdr\u00fccklichen Obstsortenwunsch haben.<\/p>\n\n\n\n<p>Die Stadtg\u00e4rtnerei liefert die B\u00e4ume dann bis ans Grundst\u00fcck. Einpflanzen m\u00fcssen die Gartenbesitzer den Baum selbst. Die G\u00e4rtner leisten aber noch Beratung und Starthilfe mit der Zugabe eines Startersets D\u00fcnger, eines Wasserspeichers und einer Pflanzanleitung.<\/p>\n\n\n\n<p>\u201eWir haben bei den B\u00e4umen bewusst auf Obstb\u00e4ume gesetzt, um somit auch den Insekten ein reichhaltiges Buffet an Nahrung anzubieten. Die verschiedenen Sorten bl\u00fchen auch teilweise zeitversetzt, um hier m\u00f6glichst lange Nahrungsquelle f\u00fcr Bienen, Hummeln und andere Insekten zu bieten\u201c, erkl\u00e4rt Kolb die Auswahl. Und nat\u00fcrlich handelt es sich hier um essbare Sorten, die nicht nur den Insekten munden sondern auch den G\u00e4rtner\/innen.<\/p>\n\n\n\n<h4 class=\"wp-block-heading\">Bis M\u00e4rz ist die beste Pflanzzeit<\/h4>\n\n\n\n<p>Jetzt ist \u00fcbrigens die beste Pflanzzeit. Wird es ab dem Fr\u00fchling warm, ben\u00f6tigen die B\u00e4ume viel mehr Wasser um gut anwachsen und Wurzeln ausbilden zu k\u00f6nnen. Die B\u00e4ume k\u00f6nnen in frostfreiem Boden eingepflanzt werden. Bei Frost verwenden die Stadtg\u00e4rtner einen einfach nachzumachenden Trick: Einfach Rindenmulch auf die zur Pflanzung vorgesehene Stelle im Garten aufbringen \u2013 zwei bis drei Tage warten \u2013 dann ist der Boden unter dem Rindenmulch frostfrei und kann bepflanzt werden.<\/p>\n\n\n\n<p><strong>Zum Hintergrund: <\/strong>Der Gemeindetag Baden-W\u00fcrttemberg hat f\u00fcr die Jahre 2019\/2020 das Ziel ausgegeben, \u201a1000 B\u00e4ume in 1000 Kommunen\u2018 anzupflanzen. Dieser landesweiten Klimaschutzaktion hatte sich auch der Rhein-Neckar-Kreis mit seinen 54 Mitgliedskommunen angeschlossen. <\/p>\n\n\n\n<p><em>Stadtverwaltung Schwetzingen<br>05.02.2021<\/em><\/p>\n\n\n\n<h2 class=\"wp-block-heading\"><strong>Altersgerecht Umbauen &#8211; gewusst wie!<\/strong><\/h2>\n\n\n\n<h4 class=\"wp-block-heading\">N\u00e4chste kostenlose Wohnberatung am 17. Februar 2021 findet als telefonische Beratung statt<\/h4>\n\n\n\n<p>Am Mittwoch, 17. Februar 2021, findet von 9.30 \u2013 10.30 Uhr die n\u00e4chste kostenlose Wohnberatung zu altersgerechtem Wohnen statt.&nbsp;Da aufgrund der aktuell wieder steigenden Corona-Fallzahlen derzeit keine Beratung im Generationenb\u00fcro stattfinden kann, wird die Innenarchitektin Ulla Badura eine telefonische Beratung anbieten.<\/p>\n\n\n\n<p>Das Generationenb\u00fcro bittet per E-Mail:&nbsp;<a href=\"mailto:generationenbuero@schwetzingen.de\" target=\"_blank\" rel=\"noreferrer noopener\">generationenbuero@schwetzingen.de<\/a>&nbsp;oder unter der Telefonnummer&nbsp; 06202\/87-492 oder -493 um Voranmeldung.<\/p>\n\n\n\n<p><em>Stadtverwaltung Schwetzingen<br>05.02.2021<\/em><\/p>\n\n\n\n<h2 class=\"wp-block-heading\"><strong>Touristinfo und alla hopp!-Anlage bis 14. Februar 2021 geschlossen<\/strong><\/h2>\n\n\n\n<figure class=\"wp-block-image\"><img decoding=\"async\" src=\"https:\/\/speyer24news.com\/wp-content\/uploads\/2020\/01\/Closed.jpg\" alt=\"\" class=\"wp-image-24022\"\/><\/figure>\n\n\n\n<p>Nachdem das Land die Corona Verordnung \u00fcber den 31.1.21 hinaus verl\u00e4ngert hat, bleibt die Touristinfo der Stadt Schwetzingen in der Dreik\u00f6nigstra\u00dfe bis 14.02.2021 f\u00fcr den Publikumsverkehr geschlossen. Die Mitarbeiterinnen sind jedoch per Mail unter&nbsp;<a href=\"mailto:touristinfo@schwetzingen.de\" target=\"_blank\" rel=\"noreferrer noopener\">touristinfo@schwetzingen.de<\/a>&nbsp;oder telefonisch unter 06202 87400 an den Werktagen erreichbar.<\/p>\n\n\n\n<p>Auch die alla hopp!-Anlage in der Sternallee bleibt bis zum 14.02.2021 geschlossen.<\/p>\n\n\n\n<p><em>Stadtverwaltung Schwetzingen<br>05.02.2021<\/em><\/p>\n","protected":false},"excerpt":{"rendered":"<div class=\"mh-excerpt\"><p>Aus dem Gemeinderat am 3. Februar 2021: St\u00e4dtisches F\u00f6rderprogramm \u201eKlimaIMPULS\u201c verabschiedet \/ Marstallinnenhof wird umgestaltet\u00a0 Verwaltungsgeb\u00e4ude erhalten Notstromversorgung F\u00f6rderprogamm \u201eKlimaIMPULS\u201c verabschiedet Mit dem F\u00f6rderprogramm soll ein entscheidender Beitrag zur Reduzierung der Treibhausgasemissionen in Schwetzingen geleistet <a class=\"mh-excerpt-more\" href=\"https:\/\/speyer24news.com\/?p=32827\" title=\"Schwetzingen\">[&#8230;]<\/a><\/p>\n<\/div>","protected":false},"author":3,"featured_media":0,"comment_status":"open","ping_status":"open","sticky":false,"template":"","format":"standard","meta":{"_monsterinsights_skip_tracking":false,"_monsterinsights_sitenote_active":false,"_monsterinsights_sitenote_note":"","_monsterinsights_sitenote_category":0,"footnotes":""},"categories":[477],"tags":[9672,5604,882,5440,3710,9673,9669,9670,7765,9671,154,9674],"aioseo_notices":[],"amp_enabled":true,"_links":{"self":[{"href":"https:\/\/speyer24news.com\/index.php?rest_route=\/wp\/v2\/posts\/32827"}],"collection":[{"href":"https:\/\/speyer24news.com\/index.php?rest_route=\/wp\/v2\/posts"}],"about":[{"href":"https:\/\/speyer24news.com\/index.php?rest_route=\/wp\/v2\/types\/post"}],"author":[{"embeddable":true,"href":"https:\/\/speyer24news.com\/index.php?rest_route=\/wp\/v2\/users\/3"}],"replies":[{"embeddable":true,"href":"https:\/\/speyer24news.com\/index.php?rest_route=%2Fwp%2Fv2%2Fcomments&post=32827"}],"version-history":[{"count":1,"href":"https:\/\/speyer24news.com\/index.php?rest_route=\/wp\/v2\/posts\/32827\/revisions"}],"predecessor-version":[{"id":32829,"href":"https:\/\/speyer24news.com\/index.php?rest_route=\/wp\/v2\/posts\/32827\/revisions\/32829"}],"wp:attachment":[{"href":"https:\/\/speyer24news.com\/index.php?rest_route=%2Fwp%2Fv2%2Fmedia&parent=32827"}],"wp:term":[{"taxonomy":"category","embeddable":true,"href":"https:\/\/speyer24news.com\/index.php?rest_route=%2Fwp%2Fv2%2Fcategories&post=32827"},{"taxonomy":"post_tag","embeddable":true,"href":"https:\/\/speyer24news.com\/index.php?rest_route=%2Fwp%2Fv2%2Ftags&post=32827"}],"curies":[{"name":"wp","href":"https:\/\/api.w.org\/{rel}","templated":true}]}}