{"id":32855,"date":"2021-02-06T09:53:59","date_gmt":"2021-02-06T08:53:59","guid":{"rendered":"https:\/\/speyer24news.com\/?p=32855"},"modified":"2021-02-06T09:54:00","modified_gmt":"2021-02-06T08:54:00","slug":"corona-stadtnotiz-aus-speyer-4","status":"publish","type":"post","link":"https:\/\/speyer24news.com\/?p=32855","title":{"rendered":"Corona &#038; Stadtnotiz aus Speyer"},"content":{"rendered":"<style type=\"text\/css\">\r\n\t.ads_top_disp{}\r\n\t.ads_top_corner_disp{ float:left; margin:0px 10px 10px 0px; }\r\n\t.ads_first_p_disp{}\r\n\t.ads_bottom_disp{}\r\n\t<\/style>\n<h1 class=\"wp-block-heading\">Coronafallzahlen von Freitag (05.02.2021)<\/h1>\n\n\n\n<figure class=\"wp-block-image\"><img decoding=\"async\" loading=\"lazy\" width=\"800\" height=\"400\" src=\"https:\/\/speyer24news.com\/wp-content\/uploads\/2020\/02\/virus-1812092_1920.jpg\" alt=\"\" class=\"wp-image-25128\" srcset=\"https:\/\/speyer24news.com\/wp-content\/uploads\/2020\/02\/virus-1812092_1920.jpg 800w, https:\/\/speyer24news.com\/wp-content\/uploads\/2020\/02\/virus-1812092_1920-300x150.jpg 300w, https:\/\/speyer24news.com\/wp-content\/uploads\/2020\/02\/virus-1812092_1920-768x384.jpg 768w\" sizes=\"(max-width: 800px) 100vw, 800px\" \/><\/figure>\n\n\n\n<p>Anzahl best\u00e4tigter F\u00e4lle von Coronavirus (SARS-CoV-2)-Infektionen in der Stadt Speyer: 1930 ( +3 )<\/p>\n\n\n\n<p>Davon bereits genesen:\u00a01753<br>Todesf\u00e4lle: 62 ( + 3 )<br>Gemeldete F\u00e4lle der letzten sieben Tage pro 100.000 Einwohner*innen: 33,6 ( unver\u00e4ndert)<br><strong>Warnstufe: Gelb<\/strong><\/p>\n\n\n\n<p>Stand: 05.02.2021, 14:10 Uhr<\/p>\n\n\n\n<p><em>Landesuntersuchungsamt Rheinland-Pfalz<br>06.02.2021<\/em><\/p>\n\n\n\n<h1 class=\"wp-block-heading\" style=\"text-align:center\">Stadtnotiz<\/h1>\n\n\n\n<figure class=\"wp-block-image\"><img decoding=\"async\" loading=\"lazy\" width=\"800\" height=\"600\" src=\"https:\/\/speyer24news.com\/wp-content\/uploads\/2020\/01\/Speyer-Stadtnachrichten-2.jpg\" alt=\"\" class=\"wp-image-23901\" srcset=\"https:\/\/speyer24news.com\/wp-content\/uploads\/2020\/01\/Speyer-Stadtnachrichten-2.jpg 800w, https:\/\/speyer24news.com\/wp-content\/uploads\/2020\/01\/Speyer-Stadtnachrichten-2-300x225.jpg 300w, https:\/\/speyer24news.com\/wp-content\/uploads\/2020\/01\/Speyer-Stadtnachrichten-2-768x576.jpg 768w, https:\/\/speyer24news.com\/wp-content\/uploads\/2020\/01\/Speyer-Stadtnachrichten-2-678x509.jpg 678w, https:\/\/speyer24news.com\/wp-content\/uploads\/2020\/01\/Speyer-Stadtnachrichten-2-326x245.jpg 326w, https:\/\/speyer24news.com\/wp-content\/uploads\/2020\/01\/Speyer-Stadtnachrichten-2-80x60.jpg 80w\" sizes=\"(max-width: 800px) 100vw, 800px\" \/><\/figure>\n\n\n\n<h2 class=\"wp-block-heading\"><strong>Ab Montag: Beide B\u00fcrgerb\u00fcros wieder ge\u00f6ffnet<\/strong><\/h2>\n\n\n\n<figure class=\"wp-block-image\"><img decoding=\"async\" src=\"https:\/\/speyer24news.com\/wp-content\/uploads\/2021\/01\/B\u00fcrgerb\u00fcro-Maria6.jpg\" alt=\"\" class=\"wp-image-32225\"\/><\/figure>\n\n\n\n<p>Die Stadtverwaltung Speyer informiert, dass <strong>ab kommenden Montag, 8. Februar 2021<\/strong> wieder beide B\u00fcrgerb\u00fcros nach vorheriger Terminvereinbarung ge\u00f6ffnet sind.<\/p>\n\n\n\n<p>F\u00fcr die Terminvereinbarung ist das B\u00fcrgerb\u00fcro Maximilianstra\u00dfe unter der Rufnummer 0 62 32 \u2013 14 13 33 und das B\u00fcrgerb\u00fcro Industriestra\u00dfe inklusive der KfZ-Zulassungsstelle unter 0 62 32 &#8211; 14 13 34 erreichbar. Sollten B\u00fcrger*innen telefonisch nicht durchkommen, ist eine Kontaktaufnahme auch per E-Mail unter <a href=\"buergerbuero@stadt-speyer.de\">buergerbuero@stadt-speyer.de<\/a> m\u00f6glich.<\/p>\n\n\n\n<figure class=\"wp-block-image\"><img decoding=\"async\" loading=\"lazy\" width=\"800\" height=\"556\" src=\"https:\/\/speyer24news.com\/wp-content\/uploads\/2021\/01\/Mundschutz-Speyer.jpg\" alt=\"\" class=\"wp-image-32542\" srcset=\"https:\/\/speyer24news.com\/wp-content\/uploads\/2021\/01\/Mundschutz-Speyer.jpg 800w, https:\/\/speyer24news.com\/wp-content\/uploads\/2021\/01\/Mundschutz-Speyer-300x209.jpg 300w, https:\/\/speyer24news.com\/wp-content\/uploads\/2021\/01\/Mundschutz-Speyer-768x534.jpg 768w\" sizes=\"(max-width: 800px) 100vw, 800px\" \/><\/figure>\n\n\n\n<p>Es sei darauf hingewiesen, dass das Tragen einer medizinischen Gesichtsmaske (OP-Maske oder Maske der Standards KN95\/N95 oder FFP2) sowie die Desinfektion der H\u00e4nde Voraussetzung f\u00fcr das Betreten der Verwaltungsgeb\u00e4ude der Stadtverwaltung Speyer durch Besucher*innen sind.<\/p>\n\n\n\n<p><em>Stadt Speyer<br>06.02.2021<\/em><\/p>\n","protected":false},"excerpt":{"rendered":"<div class=\"mh-excerpt\"><p>Coronafallzahlen von Freitag (05.02.2021) Anzahl best\u00e4tigter F\u00e4lle von Coronavirus (SARS-CoV-2)-Infektionen in der Stadt Speyer: 1930 ( +3 ) Davon bereits genesen:\u00a01753Todesf\u00e4lle: 62 ( + 3 )Gemeldete F\u00e4lle der letzten sieben Tage pro 100.000 Einwohner*innen: 33,6 <a class=\"mh-excerpt-more\" href=\"https:\/\/speyer24news.com\/?p=32855\" title=\"Corona &#038; Stadtnotiz aus Speyer\">[&#8230;]<\/a><\/p>\n<\/div>","protected":false},"author":3,"featured_media":23902,"comment_status":"open","ping_status":"open","sticky":false,"template":"","format":"standard","meta":{"_monsterinsights_skip_tracking":false,"_monsterinsights_sitenote_active":false,"_monsterinsights_sitenote_note":"","_monsterinsights_sitenote_category":0,"footnotes":""},"categories":[47],"tags":[639,6401,8404,6367,6940,8725,6370,5904,6358,7003,5801,6342,657,1296],"aioseo_notices":[],"amp_enabled":true,"_links":{"self":[{"href":"https:\/\/speyer24news.com\/index.php?rest_route=\/wp\/v2\/posts\/32855"}],"collection":[{"href":"https:\/\/speyer24news.com\/index.php?rest_route=\/wp\/v2\/posts"}],"about":[{"href":"https:\/\/speyer24news.com\/index.php?rest_route=\/wp\/v2\/types\/post"}],"author":[{"embeddable":true,"href":"https:\/\/speyer24news.com\/index.php?rest_route=\/wp\/v2\/users\/3"}],"replies":[{"embeddable":true,"href":"https:\/\/speyer24news.com\/index.php?rest_route=%2Fwp%2Fv2%2Fcomments&post=32855"}],"version-history":[{"count":1,"href":"https:\/\/speyer24news.com\/index.php?rest_route=\/wp\/v2\/posts\/32855\/revisions"}],"predecessor-version":[{"id":32856,"href":"https:\/\/speyer24news.com\/index.php?rest_route=\/wp\/v2\/posts\/32855\/revisions\/32856"}],"wp:featuredmedia":[{"embeddable":true,"href":"https:\/\/speyer24news.com\/index.php?rest_route=\/wp\/v2\/media\/23902"}],"wp:attachment":[{"href":"https:\/\/speyer24news.com\/index.php?rest_route=%2Fwp%2Fv2%2Fmedia&parent=32855"}],"wp:term":[{"taxonomy":"category","embeddable":true,"href":"https:\/\/speyer24news.com\/index.php?rest_route=%2Fwp%2Fv2%2Fcategories&post=32855"},{"taxonomy":"post_tag","embeddable":true,"href":"https:\/\/speyer24news.com\/index.php?rest_route=%2Fwp%2Fv2%2Ftags&post=32855"}],"curies":[{"name":"wp","href":"https:\/\/api.w.org\/{rel}","templated":true}]}}