{"id":32919,"date":"2021-02-07T16:02:39","date_gmt":"2021-02-07T15:02:39","guid":{"rendered":"https:\/\/speyer24news.com\/?p=32919"},"modified":"2021-02-07T16:02:41","modified_gmt":"2021-02-07T15:02:41","slug":"polizei-491","status":"publish","type":"post","link":"https:\/\/speyer24news.com\/?p=32919","title":{"rendered":"Polizei"},"content":{"rendered":"<style type=\"text\/css\">\r\n\t.ads_top_disp{}\r\n\t.ads_top_corner_disp{ float:left; margin:0px 10px 10px 0px; }\r\n\t.ads_first_p_disp{}\r\n\t.ads_bottom_disp{}\r\n\t<\/style>\n<h2 class=\"wp-block-heading\">Polizeimeldungen vom Sonntag (07.02.2021)<\/h2>\n\n\n\n<div class=\"wp-block-image\"><figure class=\"aligncenter\"><img decoding=\"async\" src=\"https:\/\/speyer24news.com\/wp-content\/uploads\/2020\/01\/Aktuelles-Polizeilogo.jpg\" alt=\"\" class=\"wp-image-23832\"\/><\/figure><\/div>\n\n\n\n<h4 class=\"wp-block-heading\">(Speyer) &#8211; Fahrraddiebstahl-Suche nach Eigent\u00fcmer<\/h4>\n\n\n\n<div class=\"wp-block-image\"><figure class=\"aligncenter\"><img decoding=\"async\" loading=\"lazy\" width=\"800\" height=\"600\" src=\"https:\/\/speyer24news.com\/wp-content\/uploads\/2021\/02\/FahrradRehberg.jpg\" alt=\"\" class=\"wp-image-32920\" srcset=\"https:\/\/speyer24news.com\/wp-content\/uploads\/2021\/02\/FahrradRehberg.jpg 800w, https:\/\/speyer24news.com\/wp-content\/uploads\/2021\/02\/FahrradRehberg-300x225.jpg 300w, https:\/\/speyer24news.com\/wp-content\/uploads\/2021\/02\/FahrradRehberg-768x576.jpg 768w, https:\/\/speyer24news.com\/wp-content\/uploads\/2021\/02\/FahrradRehberg-678x509.jpg 678w, https:\/\/speyer24news.com\/wp-content\/uploads\/2021\/02\/FahrradRehberg-326x245.jpg 326w, https:\/\/speyer24news.com\/wp-content\/uploads\/2021\/02\/FahrradRehberg-80x60.jpg 80w\" sizes=\"(max-width: 800px) 100vw, 800px\" \/><figcaption>Wem geh\u00f6rt das Fahrrad?<\/figcaption><\/figure><\/div>\n\n\n\n<p>Am fr\u00fchen Sonntagmorgen nahmen die Beamten in einem Wohngebiet in Speyer-Nord eine m\u00e4nnliche Person auf einem Fahrrad wahr, welche unmittelbar nach Erblicken der Beamten fl\u00fcchtete. Im Rahmen der Verfolgung stie\u00dfen die Beamten auf einen Zeugen, der die Person ebenso wahrgenommen hatte. Zu diesem Zeitpunkt hatte die Person zwei Fahrr\u00e4der bei sich. Der Zeuge konnte beobachten, dass die Person im Rahmen des sich Verbergens vor der Polizei ein Fahrrad zur\u00fccklie\u00df und mit dem zweiten Fahrrad in Richtung Waldseer Stra\u00dfe fl\u00fcchtete. Der Zeuge beschrieb den Mann lediglich als dunkel gekleideten, jugendlichen Mann, der eine Basecap trug. Das zur\u00fcckgelassene Fahrrad wurde durch die Beamten sichergestellt.<\/p>\n\n\n\n<p>In diesem Zusammenhang sucht die Polizei nach weiteren Zeugen, die im Bereich des Birkenweg\/Nu\u00dfbaumweg\/Waldseer Stra\u00dfe Feststellungen hinsichtlich des jungen Mannes treffen konnten.<\/p>\n\n\n\n<p>Weiterhin wird nach dem Eigent\u00fcmer des sichergestellten Fahrrades (siehe beigef\u00fcgtes Lichtbild) gesucht.<\/p>\n\n\n\n<p>Hinweise nimmt die Polizei Speyer unter der Tel. 06232-1370 oder per E-Mail an\u00a0<a href=\"mailto:pispeyer@polizei.rlp.de\">pispeyer@polizei.rlp.de<\/a>\u00a0entgegen.<\/p>\n\n\n\n<h4 class=\"wp-block-heading\">(Speyer) &#8211; M\u00f6gliches Falschgeld<\/h4>\n\n\n\n<p>Die Mitarbeiterin einer Tankstelle in Speyer entdeckte am Samstagnachmittag im Rahmen einer routinem\u00e4\u00dfigen \u00dcberpr\u00fcfung von Banknoten einen m\u00f6glicherweise gef\u00e4lschten 20 Euro Geldschein. Die Kundin, welche mit der Banknote bezahlen wollte teilte hierzu mit, dass sie die Banknote bei einem, vor Tagen durchgef\u00fchrten Bezahlvorgang erhalten habe. Durch die alarmierten Beamten wurde der verd\u00e4chtige Geldschein sichergestellt. Er wird nunmehr einer Pr\u00fcfung auf Echtheit unterzogen.<\/p>\n\n\n\n<p>In diesem Zusammenhang r\u00e4t die Polizei:<\/p>\n\n\n\n<ul><li>Pr\u00fcfen Sie nach Erhalt von Geldscheinen diese auf ihre Echtheit<\/li><li>Geben Sie verd\u00e4chtige Banknoten oder Falschgeld keinesfalls an denjenigen zur\u00fcck, von dem Sie es bekommen haben, beziehungsweise an andere Personen weiter. Sie setzen sich damit dem Risiko aus, wegen Falschgeldverbreitung bestraft zu werden.<\/li><li>\u00dcbergeben Sie verd\u00e4chtige Banknoten oder Falschgeld der Polizei.<\/li><li>Stecken Sie die Scheine in einen Briefumschlag oder in eine Papiert\u00fcte. Das Falschgeld\/der verd\u00e4chtige Geldschein sollte von so wenigen Personen wie m\u00f6glich angefasst werden, damit die Fingerabdr\u00fccke des T\u00e4ters nicht vernichtet werden. <\/li><\/ul>\n\n\n\n<p>Die Deutsche Bundesbank informiert auf ihrer Homepage \u00fcber die Sicherheitsmerkmale von Euro-Banknoten.<\/p>\n\n\n\n<h4 class=\"wp-block-heading\">(Schifferstadt) &#8211; Geschwindigkeitskontrollen der Polizei<\/h4>\n\n\n\n<p>Am Samstagabend, zwischen 17:00 &#8211; 18:00 Uhr, haben Beamte der Polizeiinspektion Schifferstadt Laserkontrollen in der Burgstra\u00dfe (30 km\/h) durchgef\u00fchrt. Es sind insgesamt 15 Verst\u00f6\u00dfe festgestellt und geahndet worden. Die gemessene H\u00f6chstgeschwindigkeit lag bei 45 km\/h, was nach Abzug der Toleranz ein Verwarnungsgeld in H\u00f6he von 25 Euro nach sich zieht.<\/p>\n\n\n\n<h4 class=\"wp-block-heading\">(Altrip \/ Schifferstadt) &#8211; Mehrere Betrugsanrufe<\/h4>\n\n\n\n<p>Am Freitag, 05.02.2021, im Zeitraum von 09:00 &#8211; 14:45 Uhr, kam es in Altrip und Schifferstadt zu mehreren betr\u00fcgerischen Telefonanrufen. Die Anrufer gaben sich als angebliche Microsoft-Mitarbeiter, Mitarbeiter einer Abbuchungsagentur, sowie vermeintliche Mitarbeiter einer Gewinnspielfirma aus und forderten Geldbetr\u00e4ge. In allen F\u00e4llen durschauten die Angerufenen die Betrugsmaschen und beendeten das Telefonat, sodass es zu keinem finanziellen Schaden kam. Die Polizei r\u00e4t in diesem Zusammenhang: Geben Sie nie ihre PIN oder andere Zugangsdaten zu Ihrem Online-Banking am Telefon weiter. Sprechen Sie am Telefon nicht \u00fcber pers\u00f6nliche und finanzielle Verh\u00e4ltnisse. Gew\u00e4hren Sie Fremden keinen Fernzugriff auf ihren Computer. Machen Sie keine Zusagen am Telefon und ziehen Sie eine Vertrauensperson hinzu.<\/p>\n\n\n\n<h4 class=\"wp-block-heading\">(Lingenfeld) &#8211; Unfall mit Personenschaden auf der K 31<\/h4>\n\n\n\n<p>Ein 23-j\u00e4hriger rum\u00e4nischer Lkw-Fahrer fuhr am Freitagmittag mit seinem Lkw von der B 9 ab. Als er an der Einm\u00fcndung zur K 31 nach links Richtung Lingenfeld abbiegen wollte, \u00fcbersah er den Pkw eines 30-J\u00e4hrigen und es kam zum Zusammensto\u00df. Hierbei wurden die beteiligten Fahrzeuge so stark besch\u00e4digt, dass sie abgeschleppt werden mussten. Der 30-J\u00e4hrige wurde durch den Aufprall leicht verletzt. Der rum\u00e4nische Lkw verlor eine gr\u00f6\u00dfere Menge Kraftstoff, so dass auch die Feuerwehr und die Stra\u00dfenmeisterei zur Stra\u00dfenreinigung im Einsatz waren.<\/p>\n\n\n\n<h4 class=\"wp-block-heading\">(Bellheim) &#8211; Weiterer Unfall mit Personenschaden<\/h4>\n\n\n\n<p>Eine 46-j\u00e4hrige S\u00fcdpf\u00e4lzerin befuhr Freitagabend die Hauptstra\u00dfe in Bellheim in Fahrtrichtung Knittelsheim. Aus noch ungekl\u00e4rter Ursache kollidierte sie mit einem am rechten Fahrbahnrand geparkten Pkw. An beiden Pkw entstand erheblicher Sachschaden. Am Pkw der S\u00fcdpf\u00e4lzerin l\u00f6sten sogar die Airbags aus, so dass ihr Pkw abgeschleppt werden musste. Sie erlitt vermutlich eine Handfraktur und klagte \u00fcber Schmerzen im Hals-\/Nackenbereich. Durch das hinzugerufene DRK wurde sie zur weiteren Versorgung ins Krankenhaus nach Germersheim verbracht.<\/p>\n\n\n\n<h4 class=\"wp-block-heading\">(Rheinzabern) &#8211; Diebstahl aus Scheune<\/h4>\n\n\n\n<p>Am 05.02.2021 wurde im Zeitraum zwischen 19 Uhr und 19:30 Uhr ein PKW Anh\u00e4nger aus einer unverschlossenen Scheune entwendet. Der zugelassene Anh\u00e4nger mit einem Zeitwert von gesch\u00e4tzten 300 Euro verschwand in unbekannte Richtung. Nach derzeitigem Stand d\u00fcrfte der ungesicherte PKW Anh\u00e4nger an ein Zugfahrzeug angekoppelt oder aufgeladen worden sein. Desweiteren wurde versucht am Tatort verschlossene R\u00e4umlichkeiten aufzubrechen, was jedoch aufgrund der Sicherung misslang. Entsprechende Zeugenhinwiese k\u00f6nnen an die Polizei W\u00f6rth unter der Rufnummer 07271-92210 oder unter&nbsp;<a href=\"mailto:piwoerth@polizei.rlp.de\">piwoerth@polizei.rlp.de<\/a>&nbsp;weitergegeben werden.<\/p>\n\n\n\n<h4 class=\"wp-block-heading\">(W\u00f6rth) &#8211; Autofahrt unter Alkoholeinwirkung<\/h4>\n\n\n\n<p>Am 06.02.2021 f\u00fchrte gegen 21 Uhr eine Polizeistreife der Polizeiinspektion W\u00f6rth eine Verkehrskontrolle durch. Bei der Kontrolle wurde ein 53-j\u00e4hriger Autofahrer festgestellt. Er legte die erforderliche Fahrerlaubnis und die Fahrzeugpapiere vor. Am Fahrzeug waren keine M\u00e4ngel, jedoch konnte Alkoholgeruch in der Atemluft festgestellt werden. Ein Alkotest vor Ort ergab einen Wert von deutlich mehr als 1,1 Promille. Es wurde eine Blutprobe angeordnet, der F\u00fchrerschien einbehalten, ein Strafverfahren eingeleitet.<\/p>\n\n\n\n<h4 class=\"wp-block-heading\">(Berg) &#8211; Ohne F\u00fchrerschein und vermutlich unter Medikamenteneinfluss mit dem PKW unterwegs<\/h4>\n\n\n\n<p>Am 05.02.2021 wurde gegen 12:30 Uhr am Grenz\u00fcbergang Bienwald durch die Streife der Polizei W\u00f6rth ein PKW kontrolliert. Der 48-j\u00e4hrige Fahrer konnte keine Fahrerlaubnis vorweisen, weshalb entsprechende Ermittlungen an der Kontrollstelle eingeleitet wurden. Diese ergaben, dass der Autofahrer keine g\u00fcltige Fahrerlaubnis besitzt. Weiterhin wurde im Rahmen der Kontrollt\u00e4tigkeiten Auff\u00e4lligkeiten festgestellt, die auf eine Beeinflussung von berauschenden Mitteln hindeuteten. Der Autofahrer berichtete schl\u00e4frig und immer wieder abwesend, dass er die &#8222;Ausfahrt&#8220; verpasst habe. Er habe nach eigenen Angaben am Vortag viele Medikamente eingenommen. Bei der Durchsuchung des Fahrzeuges konnte eine gr\u00f6\u00dfere Menge an Medikamenten mit beruhigender Wirkung aufgefunden werden. Diese verst\u00e4rkten den Verdacht der Polizei, dass der PKW unter Beeinflussung von Medikamenten gef\u00fchrt worden sein k\u00f6nnte. Die Autofahrt wurde untersagt, eine Blutprobe durch die verst\u00e4ndigte \u00c4rztin auf hiesiger Dienststelle entnommen. Ein Strafverfahren wurde eingeleitet und wird nach Abschluss der Staatsanwaltschaft vorgelegt.<\/p>\n\n\n\n<h4 class=\"wp-block-heading\">(Kandel) &#8211; Unfall unter Alkoholeinwirkung<\/h4>\n\n\n\n<p>Am 06.02.2021 streifte ein PKW gegen 17:40 Uhr im Ortsbereich Kandel eine Grundst\u00fccksmauer. Laut Zeugenaussage stieg der m\u00e4nnliche Fahrer aus dem Auto aus, begutachtete den Schaden und fuhr dann weiter, ohne seiner Feststellungspflicht nachzukommen. Der Kraftfahrer hatte jedoch durch die Wucht des Aufpralles das amtliche Kennzeichen seines PKW an der Unfallstelle verloren. Entsprechende, sofort eingeleitete Fahndungsma\u00dfnahmen nach dem fl\u00fcchtigen PKW im Ortsbereich und an der Halteranschrift blieben zun\u00e4chst erfolglos. Am Abend meldete sich ein 33-j\u00e4hriger Autofahrer mit dem Unfallfahrzeug aus Kandel. Die Streife konnte den Fahrer und das Unfallfahrzeug feststellen. Der Autofahrer gab sich als Verantwortlicher zu erkennen, es konnte Alkoholgeruch festgestellt werden, ein Alkotest ergab einen Wert von knapp 2 Promille. Es wurde eine Blutprobe entnommen, der F\u00fchrerschein sichergestellt. Der Sachschaden am PKW wurde auf mehr als 1000 Euro gesch\u00e4tzt, das Besch\u00e4digungsausma\u00df an der Mauer ist derzeit noch unklar.<\/p>\n\n\n\n<h4 class=\"wp-block-heading\">(Bad Bergzabern \/ B 38) &#8211; Rollerfahrer ohne F\u00fchrerschein unterwegs<\/h4>\n\n\n\n<p>Am 07.02.2021 um 01:20 Uhr wurde ein 18-J\u00e4hriger aus dem Kreis S\u00fcdliche Weinstra\u00dfe mit seinem Roller einer allgemeinen Verkehrskontrolle unterzogen. Hierbei konnte festgestellt werden, dass der junge Mann nicht im Besitz einer erforderlichen Fahrerlaubnis war. Au\u00dferdem hatte der Roller keinen Versicherungsschutz. Auf den Fahrer kommt nun ein Strafverfahren wegen Fahren ohne Fahrerlaubnis sowie Versto\u00df gegen das Pflichtversicherungsgesetz zu.<\/p>\n\n\n\n<h4 class=\"wp-block-heading\">(Bad Bergzabern) &#8211; Diebstahl von Blumenk\u00fcbel<\/h4>\n\n\n\n<p>Im Zeitraum vom 31.01.2021 bis 06.02.2021 entwendeten bisher unbekannte T\u00e4ter zwei Blumenk\u00fcbel von einer Terrasse eines Anwesens in der Weinstra\u00dfe in Bad Bergzabern. Der Schaden bel\u00e4uft sich \u00fcber 80 Euro. Zeugen werden gebeten sich unter 06343-93340 oder per E-Mail unter\u00a0<a href=\"mailto:pibadbergzabern@polizei.rlp.de\">pibadbergzabern@polizei.rlp.de<\/a>\u00a0an die Polizeiinspektion Bad Bergzabern zu wenden.<\/p>\n\n\n\n<h4 class=\"wp-block-heading\">(Landau) &#8211; Sachbesch\u00e4digung durch Farbschmierereien<\/h4>\n\n\n\n<div class=\"wp-block-image\"><figure class=\"aligncenter\"><img decoding=\"async\" loading=\"lazy\" width=\"800\" height=\"600\" src=\"https:\/\/speyer24news.com\/wp-content\/uploads\/2021\/02\/Graffiti.jpg\" alt=\"\" class=\"wp-image-32921\" srcset=\"https:\/\/speyer24news.com\/wp-content\/uploads\/2021\/02\/Graffiti.jpg 800w, https:\/\/speyer24news.com\/wp-content\/uploads\/2021\/02\/Graffiti-300x225.jpg 300w, https:\/\/speyer24news.com\/wp-content\/uploads\/2021\/02\/Graffiti-768x576.jpg 768w, https:\/\/speyer24news.com\/wp-content\/uploads\/2021\/02\/Graffiti-678x509.jpg 678w, https:\/\/speyer24news.com\/wp-content\/uploads\/2021\/02\/Graffiti-326x245.jpg 326w, https:\/\/speyer24news.com\/wp-content\/uploads\/2021\/02\/Graffiti-80x60.jpg 80w\" sizes=\"(max-width: 800px) 100vw, 800px\" \/><\/figure><\/div>\n\n\n\n<p>In der Nacht vom 05.02.2021 auf den 06.02.2021 beschmierten bislang unbekannte T\u00e4ter diverse Gegenst\u00e4nde sowie die Sporthalle am ehemaligen Gel\u00e4nde der Landesgartenschau. Mit Spraydosen beschmierten die T\u00e4ter unter anderem M\u00fclleimer, mehrere Begrenzungssteine des Parkplatzes und mehrere Banner des dort ans\u00e4ssigen Sportvereins. Der entstandene Sachschaden d\u00fcrfte nach ersten Sch\u00e4tzungen bei ca. 1000 Euro liegen.<\/p>\n\n\n\n<p>Zeugen, die die Tat beobachtet haben oder Hinweise zum T\u00e4ter geben k\u00f6nnen, werden gebeten sich telefonisch unter 06341\/287-0 oder per E-Mail an\u00a0<a href=\"mailto:pilandau@polizei.rlp.de\">pilandau@polizei.rlp.de<\/a>\u00a0bei der Polizei in Landau zu melden.<\/p>\n\n\n\n<h4 class=\"wp-block-heading\">(Lachen) &#8211; Brand im Diakonissen-Mutterhaus Lachen<\/h4>\n\n\n\n<p>Am Sonntagmorgen, gegen 10:15 Uhr wurde ein Brandmeldealarm im Diakonissen-Mutterhaus Lachen gemeldet. Die Feuerwehr konnte vor Ort tats\u00e4chlich einen kleinen Brandherd, ausgehend von der Heizungsanlage im Keller, ausmachen. In dem Geb\u00e4ude befanden sich zu diesem Zeitpunkt keinerlei Personen. Die Feuerwehr hatte die Lage schnell im Griff und konnte den Brand l\u00f6schen. Letztendlich handelte es sich um einen technischen Defekt. Die Feuerwehren Lachen-Speyerdorf, Duttweiler und Geinsheim waren mit insgesamt 60 Einsatzkr\u00e4ften vor Ort.<\/p>\n\n\n\n<h4 class=\"wp-block-heading\">(Neustadt) &#8211; Eigendynamische Verkehrskontrolle<br>Alkohol-Drogen-Fahren ohne Fahrerlaubnis-Fahren ohne Versicherungsschutz<\/h4>\n\n\n\n<p>Am 07.02.2021, gg. 11:30 Uhr wurde ein 43j\u00e4hriger aus Lachen-Speyerdorf in der Landauer Stra\u00dfe einer Verkehrskontrolle unterzogen. W\u00e4hrend der Kontrolle konnten die Beamten leichten Alkoholgeruch wahrnehmen. Ein angebotener Alkoholtest ergab 0,52 Promille. Im weiteren Verlauf ergaben sich noch Anzeichen auf den Konsum von Bet\u00e4ubungsmitteln. Auch der hier durchgef\u00fchrte Vortest verlief positiv. Weiter stellte sich heraus, dass dem Mann die Fahrerlaubnis in Deutschland entzogen wurde und er den polnischen Pkw ohne Versicherungsschutz f\u00fchrt. Der Pkw wurde an der Kontroll\u00f6rtlichkeit belassen, die Schl\u00fcssel wurden in beh\u00f6rdliche Verwahrung genommen.<\/p>\n\n\n\n<h4 class=\"wp-block-heading\">(Neustadt) &#8211; Versto\u00df gegen das Bet\u00e4ubungsmittelgesetz in Lambrecht<\/h4>\n\n\n\n<p>Am 05.02.2021 wurden gegen 16:50 Uhr zwei Personen am Gemeinschaftshaus in Lambrecht einer Personenkontrolle unterzogen. Hierbei konnten bei den 18 und 28 Jahre alten M\u00e4nnern ein Joint und mehrere Gramm Marihuana aufgefunden werden. Die Personen hatten sich nach dem Erblicken des Streifenwagens zuvor versucht, einer Kontrolle zu entziehen. Gegen beide Personen wurde ein Strafverfahren wegen des Besitzes von Bet\u00e4ubungsmitteln eingeleitet.<\/p>\n\n\n\n<h4 class=\"wp-block-heading\">(Ha\u00dfloch) &#8211; Fahrradfahrer unter Alkoholeinfluss<\/h4>\n\n\n\n<p>Im Rahmen der Streifenfahrt konnte durch 2 Beamte der Polizeiinspektion Ha\u00dfloch in der Kirchgasse in Ha\u00dfloch am Sonntag, 07.02.2021, gegen 01:55 Uhr ein Fahrradfahrer festgestellt werden, der starke Gleichgewichtsprobleme hatte und zudem nach Alkohol roch. Ein Atemalkoholtest ergab einen Wert von 1,99 Promille. Gegen den 19j\u00e4hrigen wurde eine Strafverfahren wegen Trunkenheit im Verkehr eingeleitet und eine Blutprobe entnommen. Zudem muss er mit weiteren Ma\u00dfnahmen der Fahrerlaubnisbeh\u00f6rde rechnen.<\/p>\n\n\n\n<h4 class=\"wp-block-heading\">(Ha\u00dfloch) &#8211; Haftbefehl vollstreckt<\/h4>\n\n\n\n<p>Im Rahmen einer Verkehrskontrolle eines Pkw-Fahrers in Ha\u00dfloch am 06.02.2021 gegen 23:19 Uhr konnte festgestellt werden, dass gegen den 29j\u00e4hrigen Mann ein Haftbefehl wegen Nichtbezahlens einer Geldstrafe vorlag. Durch Zahlung eines entsprechenden Geldbetrages vor Ort an die zust\u00e4ndige Staatsanwaltschaft konnte er eine Verhaftung abwenden.<\/p>\n\n\n\n<h4 class=\"wp-block-heading\">(Kirchheim \/ A 6) &#8211; Unfall mit schwer verletzter Person<\/h4>\n\n\n\n<figure class=\"wp-block-image\"><img decoding=\"async\" loading=\"lazy\" width=\"800\" height=\"533\" src=\"https:\/\/speyer24news.com\/wp-content\/uploads\/2021\/02\/IMG_3355.jpg\" alt=\"\" class=\"wp-image-32922\" srcset=\"https:\/\/speyer24news.com\/wp-content\/uploads\/2021\/02\/IMG_3355.jpg 800w, https:\/\/speyer24news.com\/wp-content\/uploads\/2021\/02\/IMG_3355-300x200.jpg 300w, https:\/\/speyer24news.com\/wp-content\/uploads\/2021\/02\/IMG_3355-768x512.jpg 768w\" sizes=\"(max-width: 800px) 100vw, 800px\" \/><\/figure>\n\n\n\n<p>Am Sonntag gegen 09:45 h ereignete sich auf der BAB 6, H\u00f6he AS Gr\u00fcnstadt, ein Verkehrsunfall. Der zwanzigj\u00e4hrige Fahrer aus Bayern verlor aus ungekl\u00e4rter Ursache die Kontrolle \u00fcber sein Fahrzeug und kam nach rechts von der Fahrbahn ab. Anschlie\u00dfend prallte er rechtsseitig gegen die Schutzplanke, wodurch er leicht verletzt wurde. Die achtzehnj\u00e4hrige Beifahrerin zog sich schwere Verletzungen zu. Bei \u00dcberpr\u00fcfung der Fahrt\u00fcchtigkeit stellte sich heraus, dass der Fahrer unter dem Einfluss von THC stand, weshalb ihm eine Blutprobe entnommen wurde. Im Rahmen einer Fahrzeugdurchsuchung konnten durch die Beamten der PAST Ruchheim zudem Marihuana, Haschisch sowie ein Einhandmesser aufgefunden werden. Den Fahrer erwarten nun mehrere Anzeigen wegen Versto\u00dfes gegen das Bet\u00e4ubungsmittelgesetz, des F\u00fchrens eines Kraftfahrzeuges unter dem Einfluss von THC, Versto\u00dfes gegen das Waffengesetz sowie fahrl\u00e4ssiger K\u00f6rperverletzung. Am Fahrzeug entstand wirtschaftlicher Totalschaden. Kurzzeitig musste die Autobahnauffahrt in Fahrtrichtung Mannheim sowie der rechte Fahrstreifen der BAB 6 gesperrt werden. Insgesamt waren zwei Streifen der PAST Ruchheim, eine Streife der PI Gr\u00fcnstadt, 4 Fahrzeuge und 20 Kr\u00e4fte der Feuerwehr Gr\u00fcnstadt sowie 3 Rettungsfahrzeuge im Einsatz.<\/p>\n\n\n\n<h4 class=\"wp-block-heading\">(Fu\u00dfg\u00f6nheim) &#8211; Ladendiebin von Verk\u00e4uferin eingeholt<\/h4>\n\n\n\n<p>Am Samstag, 06.02.2021 gegen 17:10 Uhr entwendete ein 13-j\u00e4hriges M\u00e4dchen in einem Drogeriemarkt in Fu\u00dfg\u00f6nheim Kosmetikartikel. Dies wurde durch eine aufmerksame Verk\u00e4uferin bemerkt. Nachdem der akustische Alarm des Ladens ausl\u00f6ste, rannte die 13-j\u00e4hrige davon. Die Verk\u00e4uferin konnte die fl\u00fcchtige Diebin letztendlich stellen und zum Laden zur\u00fcckbringen.<\/p>\n\n\n\n<h4 class=\"wp-block-heading\">(Frankenthal) &#8211; Aufbruch eines Staubsaugerautomaten<\/h4>\n\n\n\n<p>In der Nacht von Freitag, 05.02.2021, auf Samstag, 06.02.2021 wurde an einer Waschstra\u00dfe in der Adam-Opel-Stra\u00dfe ein Staubsaugerautomat aufgebrochen. Der bislang unbekannten T\u00e4ter hebelte das M\u00fcnzfach auf und erbeutete 10EUR Kleingeld. Am Automaten entstand Sachschaden in H\u00f6he von etwa 150EUR. Der T\u00e4ter wurde durch die Kamera\u00fcberwachung der Waschstra\u00dfe gefilmt.<\/p>\n\n\n\n<h4 class=\"wp-block-heading\">(Bobenheim-Roxheim) &#8211; Mehrere Autos zerkratzt<\/h4>\n\n\n\n<p>In der Nacht von Freitag, 05.02.2021, auf Samstag, 06.02.2021 wurden in der Danziger Stra\u00dfe in Bobenheim-Roxheim zwei geparkte Fahrzeuge, ein BMW und ein Seat, besch\u00e4digt. Die Fahrzeuge waren hintereinander geparkt und wurden an beiden Seiten zerkratzt. Der Schaden d\u00fcrfte mehrere Tausend Euro betragen. Hinweise auf einen T\u00e4ter gibt es aktuell nicht.<\/p>\n\n\n\n<h4 class=\"wp-block-heading\">(Ludwigshafen) &#8211; Falscher Handwerker verschafft sich Zutritt zu einer Wohnung<\/h4>\n\n\n\n<p>Am Samstag, den 06.02.2021, gegen 10:10 Uhr wurde eine Bewohnerin in der Waltraudenstra\u00dfe in Ludwigshafen vor dem Mehrfamilienhaus von einer ihr unbekannten, m\u00e4nnlichen Person angesprochen, welche sich als Handwerker des Notfalldienstes ausgab. Der unbekannte Mann gab hierbei an, einen Wasserschaden bei der Bewohnerin beheben zu m\u00fcssen. Als die Bewohnerin hierauf ihre Wohnung aufsuchte, bemerkte sie, dass der ihr unbekannte Mann ebenfalls ihre Wohnung betreten hatte und sich umschaute. Da der Mann keinerlei Werkzeug mit sich f\u00fchrte, wurde die Bewohnerin skeptisch und verwies ihn aus ihrer Wohnung. Ein Schaden entstand hierdurch nicht.<\/p>\n\n\n\n<p>Der Mann sei dann \u00fcber das Treppenhaus in unbekannte Richtung gefl\u00fcchtet. Die Zeugin beschrieb den Mann wie folgt: <\/p>\n\n\n\n<ul><li>ca. 25 Jahre alt<\/li><li>1,80m gro\u00df<\/li><li>dunkle Hautfarbe<\/li><li>kurze Haare<\/li><li>schwarze Steppjacke, Jeans, wei\u00dfe FFP2 Maske.<\/li><\/ul>\n\n\n\n<p>Seien Sie daher skeptisch und lassen Sie niemanden un\u00fcberlegt in Ihre Wohnung.<\/p>\n\n\n\n<p>Hinweise nimmt die Polizeiinspektion Ludwigshafen 2 unter der Telefonnummer 0621\/963-2222 oder per Mail an\u00a0<a href=\"mailto:piludwigshafen2@polizei.rlp.de\">piludwigshafen2@polizei.rlp.de<\/a>\u00a0entgegen.<\/p>\n\n\n\n<h4 class=\"wp-block-heading\">(Mannheim-Lindenhof) &#8211; Betrunkener Radfahrer missachtet n\u00e4chtliche Ausgangsbeschr\u00e4nkung<\/h4>\n\n\n\n<p>Am fr\u00fchen Sonntagmorgen, gegen 03.40 Uhr, kontrollierten Beamte des Polizeireviers Mannheim-Neckarau in der Meerfeldstra\u00dfe einen 24-j\u00e4hrigen Radfahrer, der ihnen aufgrund seiner unsicheren Fahrweise auffiel. Im Verlauf der Kontrolle konnten die Beamten bei ihm deutlichen Atemalkoholgeruch feststellen. Ein durchgef\u00fchrter Atemalkoholtest f\u00f6rderte eine Atemalkoholkonzentration von 1,96 Promille zu Tage. Einen triftigen Grund f\u00fcr seinen n\u00e4chtlichen Ausflug konnte der 24-J\u00e4hrige den Beamten zudem nicht nennen. Dem 24-J\u00e4hrigen wurde eine Blutprobe entnommen. Er muss sich nun wegen der Trunkenheit im Verkehr und Versto\u00df gegen die Coronaverordnung verantworten.<\/p>\n\n\n\n<h4 class=\"wp-block-heading\">(Mannheim-Neckarau) &#8211; Vermeintlicher Brand entpuppt sich als angebranntes Essen \/ Vier Personen verletzt<\/h4>\n\n\n\n<p>Feuerwehr, Rettungsdienst und Polizei wurden am Samstagabend gegen 23:00 Uhr zu einem Brandeinsatz in die Casterfeldstra\u00dfe gerufen. Nach ersten Ermittlungen, hatte der 36-j\u00e4hrige Bewohner, einer Wohnung im Untergeschoss eines Mehrfamilienhauses, Fett in einer Pfanne erhitzt und war kurz darauf eingeschlafen. Das Fett entz\u00fcndete sich, wodurch die Wohnung, sowie das Treppenhaus stark verraucht wurden. Vier Personen klagten \u00fcber Atembeschwerden und wurden vor Ort durch den hinzugerufenen Rettungsdienst versorgt. Eine Person wurde, zur Beobachtung, mit Verdacht auf Rauchgasintoxikation, in ein nahegelegenes Krankenhaus eingeliefert. Am Geb\u00e4ude selbst oder der Einrichtung, entstand kein Schaden. Das Mehrfamilienhaus konnte, nach L\u00fcftung durch die Feuerwehr, wieder betreten werden.<\/p>\n\n\n\n<h4 class=\"wp-block-heading\">(Mannheim-Neckarau) &#8211; Ohne F\u00fchrerschein Verkehrsunfall mit gestohlenem Motorroller verursacht \/ Beifahrer schwer verletzt<\/h4>\n\n\n\n<p>Bei einem Verkehrsunfall am fr\u00fchen Samstagabend wurde im Mannheimer Stadtteil Neckarau der Beifahrer eines Motorrollers schwer, aber nicht lebensgef\u00e4hrlich verletzt. Nach derzeitigem Ermittlungstand befuhr eine 70-j\u00e4hrige Dame gegen 18.20 Uhr mit einem Pkw Toyota die Rhenaniastra\u00dfe und bremste aus noch unklarer Ursache ihren Pkw stark ab. Der hinter dem Toyota befindliche 26-j\u00e4hrige Fahrer eines Motorrollers Yamaha erkannte die Situation offensichtlich nicht rechtzeitig und fuhr den Toyota auf. Bei der Kollision zog sich der 35-j\u00e4hrige Beifahrer auf dem Roller schwere Verletzungen zu und wurde durch den Rettungsdienst in ein nahegelegenes Krankenhaus eingeliefert. Der Rollerfahrer selbst blieb unverletzt. Bei der Unfallaufnahme stellte sich heraus, dass die Toyota-Fahrerin unter dem Einfluss alkoholischer Getr\u00e4nk stand, der Rollerfahrer keinen F\u00fchrerschein hatte und der Roller gestohlen gemeldet war. W\u00e4hrend die Pkw-Fahrerin neben einer Blutprobe auch ihren F\u00fchrerschein abgeben musste, war der 26-J\u00e4hrige nur den gestohlenen Roller wieder los; einen F\u00fchrerschein hatte er ja nicht. An dem Pkw Toyota entstand ein Sachschaden in H\u00f6he von 1000EUR, am Roller von 500EUR.<\/p>\n\n\n\n<h4 class=\"wp-block-heading\">(Mannheim-Neckarau) &#8211; Bei VW Scheibe eingeschlagen und Parfum entwendet \/ Zeugen gesucht<\/h4>\n\n\n\n<p>Ein oder mehrere Unbekannte schlugen, in der Zeit von Freitag den 05.02.2021 bis Samstag den 06.02.2021, zwischen 23.00 und 13.00 Uhr, die Seitenscheibe eines in der Casterfeldstra\u00dfe geparkten VW ein. Aus dem Fahrzeuginneren entwendeten der oder die Unbekannten ein Parfum im Wert von ca. 100,- Euro. Der Schaden am VW bel\u00e4uft sich auf ca. 400,- Euro. Zeugen und\/oder Anwohner, die zur fraglichen Zeit verd\u00e4chtige Wahrnehmungen gemacht haben, werden gebeten, Kontakt mit dem Polizeirevier Mannheim-Neckarau, Tel.: 0621\/833970, aufzunehmen.<\/p>\n\n\n\n<h4 class=\"wp-block-heading\">(Br\u00fchl \/ Rhein-Neckar-Kreis) &#8211; Vorfahrt missachtet und Radfahrerin leicht verletzt<\/h4>\n\n\n\n<p>Am Samstagnachmittag, gegen 16.30 Uhr, befuhr ein 65-j\u00e4hriger VW-Fahrer die Br\u00fchler Stra\u00dfe in Richtung Ortsmitte. An der Einm\u00fcndung zur Adlerstra\u00dfe bog der 65-J\u00e4hrige nach links ab und \u00fcbersah hierbei eine ihm entgegenkommende 52-j\u00e4hrige Radfahrerin. Diese st\u00fcrzte in der Folge der Kollision auf die Fahrbahn und wurde gl\u00fccklicherweise nur leicht verletzt. Eine medizinische Behandlung war nicht erforderlich. Der Unfallverursacher blieb unverletzt. W\u00e4hrend am Pkw lediglich ein Schaden in H\u00f6he von ca. 100,- Euro entstand wird der am Fahrrad mit 300,- Euro beziffert.<\/p>\n","protected":false},"excerpt":{"rendered":"<div class=\"mh-excerpt\"><p>Polizeimeldungen vom Sonntag (07.02.2021) (Speyer) &#8211; Fahrraddiebstahl-Suche nach Eigent\u00fcmer Am fr\u00fchen Sonntagmorgen nahmen die Beamten in einem Wohngebiet in Speyer-Nord eine m\u00e4nnliche Person auf einem Fahrrad wahr, welche unmittelbar nach Erblicken der Beamten fl\u00fcchtete. Im <a class=\"mh-excerpt-more\" href=\"https:\/\/speyer24news.com\/?p=32919\" title=\"Polizei\">[&#8230;]<\/a><\/p>\n<\/div>","protected":false},"author":3,"featured_media":0,"comment_status":"open","ping_status":"open","sticky":false,"template":"","format":"standard","meta":{"_monsterinsights_skip_tracking":false,"_monsterinsights_sitenote_active":false,"_monsterinsights_sitenote_note":"","_monsterinsights_sitenote_category":0,"footnotes":""},"categories":[12],"tags":[3614,61,2555,6955,6986,6263,63,105,6987,53,4854,4683,1548,102,213,55,5261,103,106,2803,2423,427,2625,380,104,979,1565],"aioseo_notices":[],"amp_enabled":true,"_links":{"self":[{"href":"https:\/\/speyer24news.com\/index.php?rest_route=\/wp\/v2\/posts\/32919"}],"collection":[{"href":"https:\/\/speyer24news.com\/index.php?rest_route=\/wp\/v2\/posts"}],"about":[{"href":"https:\/\/speyer24news.com\/index.php?rest_route=\/wp\/v2\/types\/post"}],"author":[{"embeddable":true,"href":"https:\/\/speyer24news.com\/index.php?rest_route=\/wp\/v2\/users\/3"}],"replies":[{"embeddable":true,"href":"https:\/\/speyer24news.com\/index.php?rest_route=%2Fwp%2Fv2%2Fcomments&post=32919"}],"version-history":[{"count":1,"href":"https:\/\/speyer24news.com\/index.php?rest_route=\/wp\/v2\/posts\/32919\/revisions"}],"predecessor-version":[{"id":32923,"href":"https:\/\/speyer24news.com\/index.php?rest_route=\/wp\/v2\/posts\/32919\/revisions\/32923"}],"wp:attachment":[{"href":"https:\/\/speyer24news.com\/index.php?rest_route=%2Fwp%2Fv2%2Fmedia&parent=32919"}],"wp:term":[{"taxonomy":"category","embeddable":true,"href":"https:\/\/speyer24news.com\/index.php?rest_route=%2Fwp%2Fv2%2Fcategories&post=32919"},{"taxonomy":"post_tag","embeddable":true,"href":"https:\/\/speyer24news.com\/index.php?rest_route=%2Fwp%2Fv2%2Ftags&post=32919"}],"curies":[{"name":"wp","href":"https:\/\/api.w.org\/{rel}","templated":true}]}}