{"id":32924,"date":"2021-02-07T16:10:35","date_gmt":"2021-02-07T15:10:35","guid":{"rendered":"https:\/\/speyer24news.com\/?p=32924"},"modified":"2021-02-07T16:11:13","modified_gmt":"2021-02-07T15:11:13","slug":"sport-34","status":"publish","type":"post","link":"https:\/\/speyer24news.com\/?p=32924","title":{"rendered":"Sport"},"content":{"rendered":"<style type=\"text\/css\">\r\n\t.ads_top_disp{}\r\n\t.ads_top_corner_disp{ float:left; margin:0px 10px 10px 0px; }\r\n\t.ads_first_p_disp{}\r\n\t.ads_bottom_disp{}\r\n\t<\/style>\n<h1 class=\"wp-block-heading\" style=\"text-align:center\">Eishockey \/ Adler Mannheim<\/h1>\n\n\n\n<div class=\"wp-block-image\"><figure class=\"aligncenter\"><img decoding=\"async\" loading=\"lazy\" width=\"600\" height=\"522\" src=\"https:\/\/speyer24news.com\/wp-content\/uploads\/2021\/02\/Mannheim-Adler-Logo.jpg\" alt=\"\" class=\"wp-image-32808\" srcset=\"https:\/\/speyer24news.com\/wp-content\/uploads\/2021\/02\/Mannheim-Adler-Logo.jpg 600w, https:\/\/speyer24news.com\/wp-content\/uploads\/2021\/02\/Mannheim-Adler-Logo-300x261.jpg 300w\" sizes=\"(max-width: 600px) 100vw, 600px\" \/><\/figure><\/div>\n\n\n\n<h2 class=\"wp-block-heading\">Adler rund sechs Wochen ohne Shinnimin<\/h2>\n\n\n\n<div class=\"wp-block-image\"><figure class=\"aligncenter\"><img decoding=\"async\" loading=\"lazy\" width=\"800\" height=\"533\" src=\"https:\/\/speyer24news.com\/wp-content\/uploads\/2021\/02\/Brendan-Shinnimin.jpg\" alt=\"\" class=\"wp-image-32925\" srcset=\"https:\/\/speyer24news.com\/wp-content\/uploads\/2021\/02\/Brendan-Shinnimin.jpg 800w, https:\/\/speyer24news.com\/wp-content\/uploads\/2021\/02\/Brendan-Shinnimin-300x200.jpg 300w, https:\/\/speyer24news.com\/wp-content\/uploads\/2021\/02\/Brendan-Shinnimin-768x512.jpg 768w\" sizes=\"(max-width: 800px) 100vw, 800px\" \/><figcaption>Brendan Shinnimin #24 \/ Adler<br><em>\u00a9 Copyright: AS Sportfoto \/ Soerli Binder,  www. as-sportfoto.de<\/em><\/figcaption><\/figure><\/div>\n\n\n\n<p><strong>Mannheim &#8211; <\/strong>Bittere Nachrichten f\u00fcr die Adler Mannheim: Der amtierende Meister der PENNY DEL und aktuelle Tabellenf\u00fchrer der S\u00fcdgruppe muss bei optimalem Heilungsverlauf rund sechs Wochen auf Brendan Shinnimin verzichten. Der 30-j\u00e4hrige Kanadier verletzte sich am vergangenen Donnerstag im Ausw\u00e4rtsspiel bei den Augsburger Panthern am Knie. Das ergab die medizinische Untersuchung.<\/p>\n\n\n\n<p>Shinnimin wechselte im Fr\u00fchherbst letzten Jahres vom schwedischen Topclub V\u00e4xj\u00f6 Lakers zu den Adlern und stellte bereits mehrfach seine Klasse unter Beweis. Mit sechs Toren und drei Vorlagen ist der l\u00e4uferisch starke und technisch versierte Angreifer momentan hinter Markus Eisenschmid zweitbester Scorer der Mannheimer.<\/p>\n\n\n\n<p>\u201eBrendan ist f\u00fcr uns ein sehr, sehr wichtiger Spieler. Daher ist es auch nicht ganz so leicht, ihn zu ersetzen\u201c, sagt Sportmanager Jan-Axel Alavaara zur Zwangspause von Shinnimin. \u201eMit seinen l\u00e4uferischen F\u00e4higkeiten bringt er viel Geschwindigkeit in unser Spiel, zudem ist er in \u00dcberzahl eine feste Gr\u00f6\u00dfe und \u00fcberaus torgef\u00e4hrlich.\u201c<\/p>\n\n\n\n<p><em>Text: Die Adler Mannheim Eishockey Spielbetriebs GmbH &amp; Co.KG Foto: AS Sportfoto \/ S\u00f6rli Binder <br>07.02.2021<\/em><\/p>\n","protected":false},"excerpt":{"rendered":"<div class=\"mh-excerpt\"><p>Eishockey \/ Adler Mannheim Adler rund sechs Wochen ohne Shinnimin Mannheim &#8211; Bittere Nachrichten f\u00fcr die Adler Mannheim: Der amtierende Meister der PENNY DEL und aktuelle Tabellenf\u00fchrer der S\u00fcdgruppe muss bei optimalem Heilungsverlauf rund sechs <a class=\"mh-excerpt-more\" href=\"https:\/\/speyer24news.com\/?p=32924\" title=\"Sport\">[&#8230;]<\/a><\/p>\n<\/div>","protected":false},"author":3,"featured_media":0,"comment_status":"open","ping_status":"open","sticky":false,"template":"","format":"standard","meta":{"_monsterinsights_skip_tracking":false,"_monsterinsights_sitenote_active":false,"_monsterinsights_sitenote_note":"","_monsterinsights_sitenote_category":0,"footnotes":""},"categories":[339],"tags":[9644,9765,9763,9764,9641,9642,56,193],"aioseo_notices":[],"amp_enabled":true,"_links":{"self":[{"href":"https:\/\/speyer24news.com\/index.php?rest_route=\/wp\/v2\/posts\/32924"}],"collection":[{"href":"https:\/\/speyer24news.com\/index.php?rest_route=\/wp\/v2\/posts"}],"about":[{"href":"https:\/\/speyer24news.com\/index.php?rest_route=\/wp\/v2\/types\/post"}],"author":[{"embeddable":true,"href":"https:\/\/speyer24news.com\/index.php?rest_route=\/wp\/v2\/users\/3"}],"replies":[{"embeddable":true,"href":"https:\/\/speyer24news.com\/index.php?rest_route=%2Fwp%2Fv2%2Fcomments&post=32924"}],"version-history":[{"count":2,"href":"https:\/\/speyer24news.com\/index.php?rest_route=\/wp\/v2\/posts\/32924\/revisions"}],"predecessor-version":[{"id":32927,"href":"https:\/\/speyer24news.com\/index.php?rest_route=\/wp\/v2\/posts\/32924\/revisions\/32927"}],"wp:attachment":[{"href":"https:\/\/speyer24news.com\/index.php?rest_route=%2Fwp%2Fv2%2Fmedia&parent=32924"}],"wp:term":[{"taxonomy":"category","embeddable":true,"href":"https:\/\/speyer24news.com\/index.php?rest_route=%2Fwp%2Fv2%2Fcategories&post=32924"},{"taxonomy":"post_tag","embeddable":true,"href":"https:\/\/speyer24news.com\/index.php?rest_route=%2Fwp%2Fv2%2Ftags&post=32924"}],"curies":[{"name":"wp","href":"https:\/\/api.w.org\/{rel}","templated":true}]}}