{"id":33026,"date":"2021-02-09T12:11:39","date_gmt":"2021-02-09T11:11:39","guid":{"rendered":"https:\/\/speyer24news.com\/?p=33026"},"modified":"2021-02-09T12:11:40","modified_gmt":"2021-02-09T11:11:40","slug":"radio-audiotainment","status":"publish","type":"post","link":"https:\/\/speyer24news.com\/?p=33026","title":{"rendered":"Radio \/ Audiotainment"},"content":{"rendered":"<style type=\"text\/css\">\r\n\t.ads_top_disp{}\r\n\t.ads_top_corner_disp{ float:left; margin:0px 10px 10px 0px; }\r\n\t.ads_first_p_disp{}\r\n\t.ads_bottom_disp{}\r\n\t<\/style>\n<h2 class=\"wp-block-heading\">Radio Regenbogen Award 2021 zum Jahresende?<\/h2>\n\n\n\n<figure class=\"wp-block-image\"><img decoding=\"async\" loading=\"lazy\" width=\"800\" height=\"611\" src=\"https:\/\/speyer24news.com\/wp-content\/uploads\/2021\/02\/01_DX1_9943_sh-gty.jpg\" alt=\"\" class=\"wp-image-33029\" srcset=\"https:\/\/speyer24news.com\/wp-content\/uploads\/2021\/02\/01_DX1_9943_sh-gty.jpg 800w, https:\/\/speyer24news.com\/wp-content\/uploads\/2021\/02\/01_DX1_9943_sh-gty-300x229.jpg 300w, https:\/\/speyer24news.com\/wp-content\/uploads\/2021\/02\/01_DX1_9943_sh-gty-768x587.jpg 768w, https:\/\/speyer24news.com\/wp-content\/uploads\/2021\/02\/01_DX1_9943_sh-gty-80x60.jpg 80w\" sizes=\"(max-width: 800px) 100vw, 800px\" \/><figcaption> Preistr\u00e4ger des Radio Regenbogen Award: Michael \u201eBully\u201c Herbig, Medienmann 2014.<br><em>Foto: Radio Regenbogen<\/em><\/figcaption><\/figure>\n\n\n\n<p>Der traditionelle Radio Regenbogen Award wird wegen der Corona-Pandemie dieses Jahr nicht wie geplant im April stattfinden k\u00f6nnen \u2013 \u201eaber hoffentlich im Herbst\u201c, so Radio Regenbogen Gesch\u00e4ftsf\u00fchrerin und Programmdirektorin Manuela Bleifu\u00df. Derzeit pr\u00fcft der Sender gemeinsam mit dem Europa-Park, die Preisverleihung ausnahmsweise im Sp\u00e4therbst in Rust zu veranstalten. Eine Entscheidung soll bis zur Jahresmitte fallen.<\/p>\n\n\n\n<p>\u201eAuch dank der gro\u00dfartigen Kooperation mit dem Europa-Park ist es m\u00f6glich, dass wir mit einer noch glanzvolleren Award-Verleihung da sein werden, sobald es die Umst\u00e4nde wieder zulassen. Darauf freuen wir uns schon heute\u201c, so Manuela Bleifu\u00df, Gesch\u00e4ftsf\u00fchrerin und Programmdirektorin von Radio Regenbogen. \u201eWir sind froh, den Europa-Park, die Eigent\u00fcmerfamilie Mack und ihr Team seit vielen Jahren an unserer Seite zu haben, um mit unseren H\u00f6rerInnen aus Baden und der Pfalz und Prominenten aus der ganzen Welt diese Show in unserer Heimat zu feiern\u201c.<\/p>\n\n\n\n<p>Die Live-Veranstaltung des Radio Regenbogen Award 2020 mit rund 1.500 G\u00e4sten wurde kurz nach Beginn der Corona-Krise im M\u00e4rz des vergangenen Jahres erstmalig abgesagt.<\/p>\n\n\n\n<p>\u201eF\u00fcr die Event-Abteilung von Radio Regenbogen ist die erneut coronabedingte Absage ein harter Schlag, haben wir mit dem Award doch in \u00fcber 20 Jahren eine Marke geschaffen, die bundesweite Bekanntheit erlangt hat. Ohne Frage steht aber nat\u00fcrlich die Gesundheit der Preistr\u00e4ger und die unserer G\u00e4ste an erster Stelle\u201c, versichert Andreas Ksionsek, Eventleiter und Prokurist von Radio Regenbogen. Eine Chance auf Glitzer und Glamour in 2021 gibt es dennoch: \u201eWir pr\u00fcfen derzeit gemeinsam mit den Verantwortlichen im Europa-Park, ob der Radio Regenbogen Award im Sp\u00e4therbst in Rust verliehen werden kann. Bis Juni sollte eine Entscheidung gefallen sein.\u201c<\/p>\n\n\n\n<figure class=\"wp-block-image\"><img decoding=\"async\" loading=\"lazy\" width=\"800\" height=\"533\" src=\"https:\/\/speyer24news.com\/wp-content\/uploads\/2021\/02\/02_RRAward2017_0399.jpg\" alt=\"\" class=\"wp-image-33030\" srcset=\"https:\/\/speyer24news.com\/wp-content\/uploads\/2021\/02\/02_RRAward2017_0399.jpg 800w, https:\/\/speyer24news.com\/wp-content\/uploads\/2021\/02\/02_RRAward2017_0399-300x200.jpg 300w, https:\/\/speyer24news.com\/wp-content\/uploads\/2021\/02\/02_RRAward2017_0399-768x512.jpg 768w\" sizes=\"(max-width: 800px) 100vw, 800px\" \/><figcaption>Max Giesinger, Newcomer National 2016.<br><em>Foto: Radio Regenbogen<\/em><\/figcaption><\/figure>\n\n\n\n<p>Von der aktuellen Situation unber\u00fchrt bleiben die Veranstaltungstermine in den Folgejahren: Bereits jetzt steht fest, dass der Radio Regenbogen Award am 8. April 2022 und im Jahr darauf am 31. M\u00e4rz 2023 im Europa-Park verliehen wird.<\/p>\n\n\n\n<p>Mit dem Radio Regenbogen Award werden seit 1998 Stars und prominente Pers\u00f6nlichkeiten aus Deutschland und der Welt ausgezeichnet. Die Gala im Fr\u00fchjahr z\u00e4hlt zu den gr\u00f6\u00dften Medienereignissen in Deutschland. An fast 300 Pers\u00f6nlichkeiten aus Musik, TV und Medien wurde die kunstvolle Skulptur mit dem Radio Regenbogen Signet bislang verliehen.<br>\nDazu z\u00e4hlen Musikstars wie Nena, Rea Garvey, Jan Delay, Marius M\u00fcller-Westernhagen, die Scorpions, Nico Santos, Max Giesinger und Lena, TV-Gr\u00f6\u00dfen von Iris Berben, Thomas Gottschalk, G\u00fcnther Jauch, Michael \u201eBully\u201c Herbig und Barbara Sch\u00f6neberger bis hin zu Joko &amp; Klaas und Guido Maria Kretschmer, aber auch internationale Namen wie Tom Jones, Olivia Newton-John, Spandau Ballet und James Blunt.<\/p>\n\n\n\n<figure class=\"wp-block-image\"><img decoding=\"async\" loading=\"lazy\" width=\"800\" height=\"533\" src=\"https:\/\/speyer24news.com\/wp-content\/uploads\/2021\/02\/03_9_Kretschmer_DX2_4301.jpg\" alt=\"\" class=\"wp-image-33031\" srcset=\"https:\/\/speyer24news.com\/wp-content\/uploads\/2021\/02\/03_9_Kretschmer_DX2_4301.jpg 800w, https:\/\/speyer24news.com\/wp-content\/uploads\/2021\/02\/03_9_Kretschmer_DX2_4301-300x200.jpg 300w, https:\/\/speyer24news.com\/wp-content\/uploads\/2021\/02\/03_9_Kretschmer_DX2_4301-768x512.jpg 768w\" sizes=\"(max-width: 800px) 100vw, 800px\" \/><figcaption> Guido Maria Kretschmer, Medienmann 2015.<br><em>Foto: Radio Regenbogen<\/em><\/figcaption><\/figure>\n\n\n\n<p>Personen des Zeitgeschehens werden im Namen der H\u00f6rer von Radio Regenbogen ebenso regelm\u00e4\u00dfig geehrt, darunter etwa Helmut Kohl, Hans-Dietrich Genscher und Michail Gorbatschow, zuletzt Franziska van Almsick und Dietmar Hopp. Auch die Namen der Laudatoren lesen sich allj\u00e4hrlich wie ein Who-is-who der deutschen Medienlandschaft, von Christian Wulff und G\u00fcnther Oettinger bis zu J\u00f6rg Wontorra, Anna Loos, Suzanne von Borsody, Marcel Reif und Natalia W\u00f6rner.<\/p>\n\n\n\n<p>Seit mittlerweile acht Jahren \u2013 nach Stationen in Mannheim und Karlsruhe \u2013 ist der Europa-Park Heimat des Radio Regenbogen Award.<\/p>\n\n\n\n<p><em>RADIO REGENBOGEN H\u00f6rfunk in Baden GmbH &amp; Co. KG<br>09.02.2021<\/em><\/p>\n\n\n\n<h2 class=\"wp-block-heading\"><strong>Radio Regenbogen, Radio RPR und bigFM vertiefen ihre seit 2004 bestehende Kooperation und haben zum 01.01.2021 die Audiotainment S\u00fcdwest GmbH &amp; Co. KG gegr\u00fcndet.<\/strong><\/h2>\n\n\n\n<h4 class=\"wp-block-heading\"><strong>\u201eDurch den Verbund soll die hohe Qualit\u00e4t der Programme gesichert und der vielf\u00e4ltige Ausbau der digitalen Angebote erm\u00f6glicht werden\u201c, so die Radio Regenbogen-Gesch\u00e4ftsf\u00fchrer Manuela Bleifu\u00df und Gregor Spachmann.<\/strong><\/h4>\n\n\n\n<div class=\"wp-block-image\"><figure class=\"aligncenter\"><img decoding=\"async\" loading=\"lazy\" width=\"500\" height=\"687\" src=\"https:\/\/speyer24news.com\/wp-content\/uploads\/2021\/02\/Gregor-Spachmann.jpg\" alt=\"\" class=\"wp-image-33028\" srcset=\"https:\/\/speyer24news.com\/wp-content\/uploads\/2021\/02\/Gregor-Spachmann.jpg 500w, https:\/\/speyer24news.com\/wp-content\/uploads\/2021\/02\/Gregor-Spachmann-218x300.jpg 218w\" sizes=\"(max-width: 500px) 100vw, 500px\" \/><\/figure><\/div>\n\n\n\n<p>Bereits in den letzten 17 Jahren\nkooperieren die drei Unternehmen erfolgreich in unterschiedlichen Bereichen,\nunter anderem mit mehreren gemeinsamen Tochtergesellschaften. Mit dem\nkonsequenten n\u00e4chsten Schritt wird diese Kooperation vertieft und die Kr\u00e4fte in\neinem Funkhaus geb\u00fcndelt, um die Zukunft der privaten Radiolandschaft im\nS\u00fcdwesten in Bezug auf die digitalen und terrestrischen Herausforderungen noch\naktiver gestalten und Wachstum generieren zu k\u00f6nnen. <\/p>\n\n\n\n<p>Die Muttergesellschaften &#8211; Radio Regenbogen\nund bigFM jeweils mit Sitz in Mannheim und RPR mit Sitz in Ludwigshafen &#8211;\nbleiben erhalten und haben nach wie vor die Lizenzhoheit der Programme.\nMitarbeiterinnen und Mitarbeiter gehen zu den gleichen Bedingungen ihrer\nbisherigen Vertr\u00e4ge in die operativ t\u00e4tige Audiotainment S\u00fcdwest mit Hauptsitz\nin Mannheim \u00fcber. <\/p>\n\n\n\n<p>Die erfolgreichen Marken und bei den H\u00f6rern beliebten Radioprogramme bleiben bestehen und agieren weiter am Markt. Jedes zuk\u00fcnftige Produktionskonzept muss die Kernmerkmale von erfolgreichen Radiomarken st\u00e4rken: Regionalit\u00e4t, H\u00f6rern\u00e4he und Personalities. Aus diesem Grund sollen die Regionalstudios in Baden-W\u00fcrttemberg und Rheinland-Pfalz erhalten bleiben.<\/p>\n\n\n\n<p>Durch die Diversifikation der Werbemedien\nstehen werbefinanzierte Massenmedien vor gro\u00dfen Herausforderungen. Versch\u00e4rft\nwird die Lage im H\u00f6rfunkmarkt durch die Streamingdienste und den\n\u00f6ffentlich-rechtlichen Wettbewerber, der in seiner Garantiefinanzierung von\nKrisen &#8211; wie aktuell der Corona-Pandemie \u2013 nicht in dem Ma\u00dfe betroffen ist wie\nprivate Anbieter.<\/p>\n\n\n\n<p>Die Gesch\u00e4ftsf\u00fchrung von Radio Regenbogen,\nManuela Bleifu\u00df und Gregor Spachmann, freut sich \u00fcber das Vertrauen der\nGesellschafter, weiter in Radio zu investieren: \u201eEin gemeinsames Funkhaus, mit\ngleichberechtigten Partnern, wird zu einer St\u00e4rkung des privaten Radiomarktes\nim S\u00fcdwesten f\u00fchren und die Wettbewerbsf\u00e4higkeit gegen\u00fcber dem\n\u00f6ffentlich-rechtlichen Rundfunk und den Global Playern wie Spotify, Google,\nFacebook und Co. erh\u00f6hen.\u201c&nbsp; <\/p>\n\n\n\n<p><em>Radio Regenbogen ist die erfolgreichste\nprivate Radiomarke im S\u00fcdwesten, mit den beiden Programmen Radio Regenbogen und\nREGENBOGEN ZWEI, sowie \u00fcber 20 Musik-Channel-Angeboten auf regenbogen.de.<\/em><\/p>\n\n\n\n<p><em>RADIO REGENBOGEN \u2013 mein Lieblingsmix ist\nseit \u00fcber 30 Jahren der Sender von hier f\u00fcr die Menschen von hier. Mit Themen,\ndie die Menschen in Baden und der Pfalz bewegen <\/em><\/p>\n\n\n\n<p><em>REGENBOGEN ZWEI \u2013 Maximum Rock\u2019n Pop ist der Lokalsender f\u00fcr die Metropolregion Rhein-Neckar und den Odenwald, hier ist der Rock zu Hause.<\/em><\/p>\n\n\n\n<p><em>RADIO REGENBOGEN H\u00f6rfunk in Baden GmbH &amp; Co. KG<br>09.02.2021<\/em><\/p>\n","protected":false},"excerpt":{"rendered":"<div class=\"mh-excerpt\"><p>Radio Regenbogen Award 2021 zum Jahresende? Der traditionelle Radio Regenbogen Award wird wegen der Corona-Pandemie dieses Jahr nicht wie geplant im April stattfinden k\u00f6nnen \u2013 \u201eaber hoffentlich im Herbst\u201c, so Radio Regenbogen Gesch\u00e4ftsf\u00fchrerin und Programmdirektorin <a class=\"mh-excerpt-more\" href=\"https:\/\/speyer24news.com\/?p=33026\" title=\"Radio \/ Audiotainment\">[&#8230;]<\/a><\/p>\n<\/div>","protected":false},"author":3,"featured_media":33027,"comment_status":"open","ping_status":"open","sticky":false,"template":"","format":"standard","meta":{"_monsterinsights_skip_tracking":false,"_monsterinsights_sitenote_active":false,"_monsterinsights_sitenote_note":"","_monsterinsights_sitenote_category":0,"footnotes":""},"categories":[14],"tags":[9855,9854,9850,1349,9852,9851,9849,9847,2797,9848,9853],"aioseo_notices":[],"amp_enabled":true,"_links":{"self":[{"href":"https:\/\/speyer24news.com\/index.php?rest_route=\/wp\/v2\/posts\/33026"}],"collection":[{"href":"https:\/\/speyer24news.com\/index.php?rest_route=\/wp\/v2\/posts"}],"about":[{"href":"https:\/\/speyer24news.com\/index.php?rest_route=\/wp\/v2\/types\/post"}],"author":[{"embeddable":true,"href":"https:\/\/speyer24news.com\/index.php?rest_route=\/wp\/v2\/users\/3"}],"replies":[{"embeddable":true,"href":"https:\/\/speyer24news.com\/index.php?rest_route=%2Fwp%2Fv2%2Fcomments&post=33026"}],"version-history":[{"count":1,"href":"https:\/\/speyer24news.com\/index.php?rest_route=\/wp\/v2\/posts\/33026\/revisions"}],"predecessor-version":[{"id":33032,"href":"https:\/\/speyer24news.com\/index.php?rest_route=\/wp\/v2\/posts\/33026\/revisions\/33032"}],"wp:featuredmedia":[{"embeddable":true,"href":"https:\/\/speyer24news.com\/index.php?rest_route=\/wp\/v2\/media\/33027"}],"wp:attachment":[{"href":"https:\/\/speyer24news.com\/index.php?rest_route=%2Fwp%2Fv2%2Fmedia&parent=33026"}],"wp:term":[{"taxonomy":"category","embeddable":true,"href":"https:\/\/speyer24news.com\/index.php?rest_route=%2Fwp%2Fv2%2Fcategories&post=33026"},{"taxonomy":"post_tag","embeddable":true,"href":"https:\/\/speyer24news.com\/index.php?rest_route=%2Fwp%2Fv2%2Ftags&post=33026"}],"curies":[{"name":"wp","href":"https:\/\/api.w.org\/{rel}","templated":true}]}}