{"id":33059,"date":"2021-02-10T10:57:51","date_gmt":"2021-02-10T09:57:51","guid":{"rendered":"https:\/\/speyer24news.com\/?p=33059"},"modified":"2021-02-10T10:57:51","modified_gmt":"2021-02-10T09:57:51","slug":"rhein-pfalz-kreis-66","status":"publish","type":"post","link":"https:\/\/speyer24news.com\/?p=33059","title":{"rendered":"Rhein-Pfalz-Kreis"},"content":{"rendered":"<style type=\"text\/css\">\r\n\t.ads_top_disp{}\r\n\t.ads_top_corner_disp{ float:left; margin:0px 10px 10px 0px; }\r\n\t.ads_first_p_disp{}\r\n\t.ads_bottom_disp{}\r\n\t<\/style>\n<h1 class=\"wp-block-heading\" style=\"text-align:center\"><strong>Coronavirus: Aktuelle Fallzahlen im Zust\u00e4ndigkeitsbereich des Gesundheitsamtes Rhein-Pfalz-Kreis<\/strong><\/h1>\n\n\n\n<figure class=\"wp-block-image\"><img decoding=\"async\" loading=\"lazy\" width=\"800\" height=\"400\" src=\"https:\/\/speyer24news.com\/wp-content\/uploads\/2020\/02\/virus-1812092_1920.jpg\" alt=\"\" class=\"wp-image-25128\" srcset=\"https:\/\/speyer24news.com\/wp-content\/uploads\/2020\/02\/virus-1812092_1920.jpg 800w, https:\/\/speyer24news.com\/wp-content\/uploads\/2020\/02\/virus-1812092_1920-300x150.jpg 300w, https:\/\/speyer24news.com\/wp-content\/uploads\/2020\/02\/virus-1812092_1920-768x384.jpg 768w\" sizes=\"(max-width: 800px) 100vw, 800px\" \/><\/figure>\n\n\n\n<h2 class=\"wp-block-heading\">Dienstag, (09.02.2021)<\/h2>\n\n\n\n<p>Die Kreisverwaltung Rhein-Pfalz-Kreis \u00fcbermittelt\neine \u00dcbersicht der Infektionszahlen aus ihrem Zust\u00e4ndigkeitsbereich des\nGesundheitsamtes. In den Zust\u00e4ndigkeitsbereich des Gesundheitsamtes\nRhein-Pfalz-Kreis geh\u00f6ren neben dem Landkreis auch die St\u00e4dte Ludwigshafen,\nFrankenthal und Speyer. <\/p>\n\n\n\n<p>Im Folgenden erhalten Sie Meldung \u00fcber die Cov19 Fallzahlen\nvom 09.02.2021.<\/p>\n\n\n\n<table class=\"wp-block-table\"><tbody><tr><td>LK\/SK\/Ort   <\/td><td>Infizierte seit Beginn der   Pandemie   <\/td><td>Aktuell infizierte Personen   <\/td><td>Heute neu infizierte Personen   <\/td><td>Gesundete bzw. nicht mehr   infizierte Personen   <\/td><td>Leider an oder mit Covid-19 verstorbene   Personen   <\/td><td>Heute verstorben gemeldet   <\/td><\/tr><tr><td>\n  _AH\n  <\/td><td>\n  6\n  <\/td><td>\n  &nbsp;\n  <\/td><td>\n  &nbsp;\n  <\/td><td>\n  6\n  <\/td><td>\n  &nbsp;\n  <\/td><td>\n  &nbsp;\n  <\/td><\/tr><tr><td>\n  Altrip\n  <\/td><td>\n  183\n  <\/td><td>\n  22\n  <\/td><td>\n  &nbsp;\n  <\/td><td>\n  152\n  <\/td><td>\n  9\n  <\/td><td>\n  &nbsp;\n  <\/td><\/tr><tr><td>\n  Beindersheim\n  <\/td><td>\n  76\n  <\/td><td>\n  5\n  <\/td><td>\n  &nbsp;\n  <\/td><td>\n  70\n  <\/td><td>\n  1\n  <\/td><td>\n  &nbsp;\n  <\/td><\/tr><tr><td>\n  Birkenheide\n  <\/td><td>\n  58\n  <\/td><td>\n  6\n  <\/td><td>\n  &nbsp;\n  <\/td><td>\n  51\n  <\/td><td>\n  1\n  <\/td><td>\n  &nbsp;\n  <\/td><\/tr><tr><td>\n  Bobenheim-Roxheim\n  <\/td><td>\n  211\n  <\/td><td>\n  30\n  <\/td><td>\n  &nbsp;\n  <\/td><td>\n  181\n  <\/td><td>\n  &nbsp;\n  <\/td><td>\n  &nbsp;\n  <\/td><\/tr><tr><td>\n  B\u00f6hl-Iggelheim\n  <\/td><td>\n  299\n  <\/td><td>\n  13\n  <\/td><td>\n  2\n  <\/td><td>\n  273\n  <\/td><td>\n  13\n  <\/td><td>\n  &nbsp;\n  <\/td><\/tr><tr><td>\n  Dannstadt-Schauernheim\n  <\/td><td>\n  190\n  <\/td><td>\n  10\n  <\/td><td>\n  &nbsp;\n  <\/td><td>\n  178\n  <\/td><td>\n  2\n  <\/td><td>\n  &nbsp;\n  <\/td><\/tr><tr><td>\n  Dudenhofen\n  <\/td><td>\n  281\n  <\/td><td>\n  17\n  <\/td><td>\n  &nbsp;\n  <\/td><td>\n  252\n  <\/td><td>\n  12\n  <\/td><td>\n  &nbsp;\n  <\/td><\/tr><tr><td>\n  Fu\u00dfg\u00f6nheim\n  <\/td><td>\n  53\n  <\/td><td>\n  5\n  <\/td><td>\n  &nbsp;\n  <\/td><td>\n  45\n  <\/td><td>\n  3\n  <\/td><td>\n  1\n  <\/td><\/tr><tr><td>\n  Gro\u00dfniedesheim\n  <\/td><td>\n  36\n  <\/td><td>\n  4\n  <\/td><td>\n  &nbsp;\n  <\/td><td>\n  32\n  <\/td><td>\n  &nbsp;\n  <\/td><td>\n  &nbsp;\n  <\/td><\/tr><tr><td>\n  Hanhofen\n  <\/td><td>\n  70\n  <\/td><td>\n  7\n  <\/td><td>\n  &nbsp;\n  <\/td><td>\n  63\n  <\/td><td>\n  &nbsp;\n  <\/td><td>\n  &nbsp;\n  <\/td><\/tr><tr><td>\n  Harthausen\n  <\/td><td>\n  115\n  <\/td><td>\n  13\n  <\/td><td>\n  &nbsp;\n  <\/td><td>\n  91\n  <\/td><td>\n  11\n  <\/td><td>\n  &nbsp;\n  <\/td><\/tr><tr><td>\n  He\u00dfheim\n  <\/td><td>\n  64\n  <\/td><td>\n  5\n  <\/td><td>\n  &nbsp;\n  <\/td><td>\n  56\n  <\/td><td>\n  3\n  <\/td><td>\n  &nbsp;\n  <\/td><\/tr><tr><td>\n  Heuchelheim\n  <\/td><td>\n  20\n  <\/td><td>\n  7\n  <\/td><td>\n  &nbsp;\n  <\/td><td>\n  13\n  <\/td><td>\n  &nbsp;\n  <\/td><td>\n  &nbsp;\n  <\/td><\/tr><tr><td>\n  Hochdorf-Assenheim\n  <\/td><td>\n  64\n  <\/td><td>\n  8\n  <\/td><td>\n  &nbsp;\n  <\/td><td>\n  55\n  <\/td><td>\n  1\n  <\/td><td>\n  &nbsp;\n  <\/td><\/tr><tr><td>\n  Kleinniedesheim\n  <\/td><td>\n  25\n  <\/td><td>\n  5\n  <\/td><td>\n  &nbsp;\n  <\/td><td>\n  20\n  <\/td><td>\n  &nbsp;\n  <\/td><td>\n  &nbsp;\n  <\/td><\/tr><tr><td>\n  Lambsheim\n  <\/td><td>\n  142\n  <\/td><td>\n  27\n  <\/td><td>\n  &nbsp;\n  <\/td><td>\n  113\n  <\/td><td>\n  2\n  <\/td><td>\n  &nbsp;\n  <\/td><\/tr><tr><td>\n  Limburgerhof\n  <\/td><td>\n  278\n  <\/td><td>\n  69\n  <\/td><td>\n  2\n  <\/td><td>\n  198\n  <\/td><td>\n  11\n  <\/td><td>\n  &nbsp;\n  <\/td><\/tr><tr><td>\n  Maxdorf\n  <\/td><td>\n  248\n  <\/td><td>\n  18\n  <\/td><td>\n  1\n  <\/td><td>\n  206\n  <\/td><td>\n  24\n  <\/td><td>\n  &nbsp;\n  <\/td><\/tr><tr><td>\n  Mutterstadt\n  <\/td><td>\n  434\n  <\/td><td>\n  26\n  <\/td><td>\n  1\n  <\/td><td>\n  378\n  <\/td><td>\n  30\n  <\/td><td>\n  &nbsp;\n  <\/td><\/tr><tr><td>\n  Neuhofen\n  <\/td><td>\n  192\n  <\/td><td>\n  13\n  <\/td><td>\n  1\n  <\/td><td>\n  170\n  <\/td><td>\n  9\n  <\/td><td>\n  &nbsp;\n  <\/td><\/tr><tr><td>\n  Otterstadt\n  <\/td><td>\n  107\n  <\/td><td>\n  6\n  <\/td><td>\n  &nbsp;\n  <\/td><td>\n  99\n  <\/td><td>\n  2\n  <\/td><td>\n  &nbsp;\n  <\/td><\/tr><tr><td>\n  R\u00f6dersheim-Gronau\n  <\/td><td>\n  65\n  <\/td><td>\n  6\n  <\/td><td>\n  1\n  <\/td><td>\n  57\n  <\/td><td>\n  2\n  <\/td><td>\n  &nbsp;\n  <\/td><\/tr><tr><td>\n  R\u00f6merberg\n  <\/td><td>\n  374\n  <\/td><td>\n  53\n  <\/td><td>\n  &nbsp;\n  <\/td><td>\n  312\n  <\/td><td>\n  9\n  <\/td><td>\n  &nbsp;\n  <\/td><\/tr><tr><td>\n  Schifferstadt\n  <\/td><td>\n  683\n  <\/td><td>\n  36\n  <\/td><td>\n  2\n  <\/td><td>\n  633\n  <\/td><td>\n  14\n  <\/td><td>\n  &nbsp;\n  <\/td><\/tr><tr><td>\n  Waldsee\n  <\/td><td>\n  151\n  <\/td><td>\n  9\n  <\/td><td>\n  &nbsp;\n  <\/td><td>\n  135\n  <\/td><td>\n  7\n  <\/td><td>\n  &nbsp;\n  <\/td><\/tr><tr><td>\n  &nbsp;\n  <\/td><td>\n  &nbsp;\n  <\/td><td>\n  &nbsp;\n  <\/td><td>\n  &nbsp;\n  <\/td><td>\n  &nbsp;\n  <\/td><td>\n  &nbsp;\n  <\/td><td>\n  &nbsp;\n  <\/td><\/tr><tr><td>\n  <strong>LK Rhein-Pfalz-Kreis<\/strong>\n  <\/td><td>\n  <strong>4425<\/strong>\n  <\/td><td>\n  <strong>420<\/strong>\n  <\/td><td>\n  <strong>10<\/strong>\n  <\/td><td>\n  <strong>3839<\/strong>\n  <\/td><td>\n  <strong>166<\/strong>\n  <\/td><td>\n  <strong>1<\/strong>\n  <\/td><\/tr><tr><td>\n  <strong>SK Frankenthal<\/strong>\n  <\/td><td>\n  <strong>1374<\/strong>\n  <\/td><td>\n  <strong>163<\/strong>\n  <\/td><td>\n  <strong>7<\/strong>\n  <\/td><td>\n  <strong>1174<\/strong>\n  <\/td><td>\n  <strong>36<\/strong>\n  <\/td><td>\n  <strong>&nbsp;<\/strong>\n  <\/td><\/tr><tr><td>\n  <strong>SK Ludwigshafen<\/strong>\n  <\/td><td>\n  <strong>6608<\/strong>\n  <\/td><td>\n  <strong>555<\/strong>\n  <\/td><td>\n  <strong>4<\/strong>\n  <\/td><td>\n  <strong>5797<\/strong>\n  <\/td><td>\n  <strong>256<\/strong>\n  <\/td><td>\n  <strong>4<\/strong>\n  <\/td><\/tr><tr><td>\n  <strong>SK Speyer<\/strong>\n  <\/td><td>\n  <strong>1945<\/strong>\n  <\/td><td>\n  <strong>95<\/strong>\n  <\/td><td>\n  <strong>5<\/strong>\n  <\/td><td>\n  <strong>1782<\/strong>\n  <\/td><td>\n  <strong>68<\/strong>\n  <\/td><td>\n  <strong>3<\/strong>\n  <\/td><\/tr><tr><td>\n  &nbsp;\n  <\/td><td>\n  &nbsp;\n  <\/td><td>\n  &nbsp;\n  <\/td><td>\n  &nbsp;\n  <\/td><td>\n  &nbsp;\n  <\/td><td>\n  &nbsp;\n  <\/td><td>\n  &nbsp;\n  <\/td><\/tr><tr><td>\n  <strong>Summe:<\/strong>\n  <\/td><td>\n  <strong>14352<\/strong>\n  <\/td><td>\n  <strong>1233<\/strong>\n  <\/td><td>\n  <strong>26<\/strong>\n  <\/td><td>\n  <strong>12592<\/strong>\n  <\/td><td>\n  <strong>526<\/strong>\n  <\/td><td>\n  <strong>8<\/strong>\n  <\/td><\/tr><\/tbody><\/table>\n\n\n\n<p>Quelle: SurvNet@RKI<\/p>\n\n\n\n<p>_AH: Personen mit Hauptwohnsitz au\u00dferhalb des\nZust\u00e4ndigkeitsbereiches des Gesundheitsamts aber mit fehlerhaften Meldekreis\n\u201eLK Rhein-Pfalz-Kreis\u201c. Es wird gepr\u00fcft, ob diese noch nachtr\u00e4glich richtig\nzugeordnet werden k\u00f6nnen. <\/p>\n\n\n\n<p>Aus den Einrichtungen wurden uns keine neuen\nCorona-Virus-Ausbr\u00fcche gemeldet. <\/p>\n\n\n\n<p>Weiterhin sind die Zahlen der mit dem\nCoronavirus infizierten Personen seit Beginn des Ausbruchs und die aktuellen\nZahlen auf den Seiten des Ministeriums f\u00fcr Soziales, Arbeit, Gesundheit und\nDemografie unter <a href=\"http:\/\/www.msagd.rlp.de\">www.msagd.rlp.de<\/a> oder www.corona.rlp einzusehen. <\/p>\n\n\n\n<p>Die Kreisverwaltung Rhein-Pfalz-Kreis weist darauf hin, dass es zu Differenzen durch zeitlich versetzte Eingabezeiten zu den Zahlen des Landesuntersuchungsamtes bzw. des Robert-Koch-Institutes kommen kann.<\/p>\n\n\n\n<p><em>Kreisverwaltung Rhein-Pfalz-Kreis<br>10.02.2021<\/em><\/p>\n\n\n\n<h2 class=\"wp-block-heading\">KULTUR IM KREIS<\/h2>\n\n\n\n<figure class=\"wp-block-image\"><img decoding=\"async\" src=\"https:\/\/speyer24news.com\/wp-content\/uploads\/2021\/02\/KULTUR-IM-KREIS.png\" alt=\"\" class=\"wp-image-33060\"\/><\/figure>\n\n\n\n<h3 class=\"wp-block-heading\">&#8222;Thomas Duttenh\u00f6fer&#8220;<\/h3>\n\n\n\n<figure class=\"wp-block-embed-youtube wp-block-embed is-type-video is-provider-youtube wp-embed-aspect-16-9 wp-has-aspect-ratio\"><div class=\"wp-block-embed__wrapper\">\n<iframe loading=\"lazy\" title=\"Rhein-Pfalz-Kreis - Thomas Duttenhoefer\" width=\"500\" height=\"281\" src=\"https:\/\/www.youtube.com\/embed\/HMn98TW7T1U?feature=oembed\" frameborder=\"0\" allow=\"accelerometer; autoplay; clipboard-write; encrypted-media; gyroscope; picture-in-picture\" allowfullscreen><\/iframe>\n<\/div><\/figure>\n\n\n\n<p><em>Kulturb\u00fcro Rhein-Pfalz-Kreis<br>10.02.2021<\/em><\/p>\n","protected":false},"excerpt":{"rendered":"<div class=\"mh-excerpt\"><p>Coronavirus: Aktuelle Fallzahlen im Zust\u00e4ndigkeitsbereich des Gesundheitsamtes Rhein-Pfalz-Kreis Dienstag, (09.02.2021) Die Kreisverwaltung Rhein-Pfalz-Kreis \u00fcbermittelt eine \u00dcbersicht der Infektionszahlen aus ihrem Zust\u00e4ndigkeitsbereich des Gesundheitsamtes. In den Zust\u00e4ndigkeitsbereich des Gesundheitsamtes Rhein-Pfalz-Kreis geh\u00f6ren neben dem Landkreis auch die <a class=\"mh-excerpt-more\" href=\"https:\/\/speyer24news.com\/?p=33059\" title=\"Rhein-Pfalz-Kreis\">[&#8230;]<\/a><\/p>\n<\/div>","protected":false},"author":3,"featured_media":0,"comment_status":"open","ping_status":"open","sticky":false,"template":"","format":"standard","meta":{"_monsterinsights_skip_tracking":false,"_monsterinsights_sitenote_active":false,"_monsterinsights_sitenote_note":"","_monsterinsights_sitenote_category":0,"footnotes":""},"categories":[1564],"tags":[8741,8742,8706,6634,7075,7471,7295,427,1565,8529],"aioseo_notices":[],"amp_enabled":true,"_links":{"self":[{"href":"https:\/\/speyer24news.com\/index.php?rest_route=\/wp\/v2\/posts\/33059"}],"collection":[{"href":"https:\/\/speyer24news.com\/index.php?rest_route=\/wp\/v2\/posts"}],"about":[{"href":"https:\/\/speyer24news.com\/index.php?rest_route=\/wp\/v2\/types\/post"}],"author":[{"embeddable":true,"href":"https:\/\/speyer24news.com\/index.php?rest_route=\/wp\/v2\/users\/3"}],"replies":[{"embeddable":true,"href":"https:\/\/speyer24news.com\/index.php?rest_route=%2Fwp%2Fv2%2Fcomments&post=33059"}],"version-history":[{"count":1,"href":"https:\/\/speyer24news.com\/index.php?rest_route=\/wp\/v2\/posts\/33059\/revisions"}],"predecessor-version":[{"id":33061,"href":"https:\/\/speyer24news.com\/index.php?rest_route=\/wp\/v2\/posts\/33059\/revisions\/33061"}],"wp:attachment":[{"href":"https:\/\/speyer24news.com\/index.php?rest_route=%2Fwp%2Fv2%2Fmedia&parent=33059"}],"wp:term":[{"taxonomy":"category","embeddable":true,"href":"https:\/\/speyer24news.com\/index.php?rest_route=%2Fwp%2Fv2%2Fcategories&post=33059"},{"taxonomy":"post_tag","embeddable":true,"href":"https:\/\/speyer24news.com\/index.php?rest_route=%2Fwp%2Fv2%2Ftags&post=33059"}],"curies":[{"name":"wp","href":"https:\/\/api.w.org\/{rel}","templated":true}]}}