{"id":33098,"date":"2021-02-11T10:50:19","date_gmt":"2021-02-11T09:50:19","guid":{"rendered":"https:\/\/speyer24news.com\/?p=33098"},"modified":"2021-02-11T10:50:21","modified_gmt":"2021-02-11T09:50:21","slug":"corona-stadtnotizen-aus-speyer-3","status":"publish","type":"post","link":"https:\/\/speyer24news.com\/?p=33098","title":{"rendered":"Corona &#038; Stadtnotizen aus Speyer"},"content":{"rendered":"<style type=\"text\/css\">\r\n\t.ads_top_disp{}\r\n\t.ads_top_corner_disp{ float:left; margin:0px 10px 10px 0px; }\r\n\t.ads_first_p_disp{}\r\n\t.ads_bottom_disp{}\r\n\t<\/style>\n<h1 class=\"wp-block-heading\">Coronafallzahlen von Mittwoch (10.02.2021)<\/h1>\n\n\n\n<figure class=\"wp-block-image\"><img decoding=\"async\" loading=\"lazy\" width=\"800\" height=\"400\" src=\"https:\/\/speyer24news.com\/wp-content\/uploads\/2020\/02\/virus-1812092_1920.jpg\" alt=\"\" class=\"wp-image-25128\" srcset=\"https:\/\/speyer24news.com\/wp-content\/uploads\/2020\/02\/virus-1812092_1920.jpg 800w, https:\/\/speyer24news.com\/wp-content\/uploads\/2020\/02\/virus-1812092_1920-300x150.jpg 300w, https:\/\/speyer24news.com\/wp-content\/uploads\/2020\/02\/virus-1812092_1920-768x384.jpg 768w\" sizes=\"(max-width: 800px) 100vw, 800px\" \/><\/figure>\n\n\n\n<p>Anzahl best\u00e4tigter F\u00e4lle von Coronavirus (SARS-CoV-2)-Infektionen in der Stadt Speyer: 1948 ( +4 )<\/p>\n\n\n\n<p>Davon bereits genesen:\u00a01785<br>Todesf\u00e4lle: 69 ( &#8211; 8 &#8230; Tote wurden versehentlich Speyer zugeschrieben )<br>Gemeldete F\u00e4lle der letzten sieben Tage pro 100.000 Einwohner*innen: 43,5 ( unver\u00e4ndert )<br><strong>Warnstufe: Orange<\/strong><\/p>\n\n\n\n<p>Stand: 10.02.2021, 14:10 Uhr<\/p>\n\n\n\n<p><em>Landesuntersuchungsamt Rheinland-Pfalz<br>11.02.2021<\/em><\/p>\n\n\n\n<h1 class=\"wp-block-heading\" style=\"text-align:center\">Stadtnotizen<\/h1>\n\n\n\n<figure class=\"wp-block-image\"><img decoding=\"async\" loading=\"lazy\" width=\"800\" height=\"600\" src=\"https:\/\/speyer24news.com\/wp-content\/uploads\/2020\/01\/Speyer-Stadtnachrichten-2.jpg\" alt=\"\" class=\"wp-image-23901\" srcset=\"https:\/\/speyer24news.com\/wp-content\/uploads\/2020\/01\/Speyer-Stadtnachrichten-2.jpg 800w, https:\/\/speyer24news.com\/wp-content\/uploads\/2020\/01\/Speyer-Stadtnachrichten-2-300x225.jpg 300w, https:\/\/speyer24news.com\/wp-content\/uploads\/2020\/01\/Speyer-Stadtnachrichten-2-768x576.jpg 768w, https:\/\/speyer24news.com\/wp-content\/uploads\/2020\/01\/Speyer-Stadtnachrichten-2-678x509.jpg 678w, https:\/\/speyer24news.com\/wp-content\/uploads\/2020\/01\/Speyer-Stadtnachrichten-2-326x245.jpg 326w, https:\/\/speyer24news.com\/wp-content\/uploads\/2020\/01\/Speyer-Stadtnachrichten-2-80x60.jpg 80w\" sizes=\"(max-width: 800px) 100vw, 800px\" \/><\/figure>\n\n\n\n<h2 class=\"wp-block-heading\"><strong>Digitale Lesung: Young Rebels \u2013 Jugendliche, die die Welt ver\u00e4ndern<\/strong><\/h2>\n\n\n\n<figure class=\"wp-block-image\"><img decoding=\"async\" loading=\"lazy\" width=\"800\" height=\"600\" src=\"https:\/\/speyer24news.com\/wp-content\/uploads\/2020\/03\/Villa-Ecarius.jpg\" alt=\"\" class=\"wp-image-26108\" srcset=\"https:\/\/speyer24news.com\/wp-content\/uploads\/2020\/03\/Villa-Ecarius.jpg 800w, https:\/\/speyer24news.com\/wp-content\/uploads\/2020\/03\/Villa-Ecarius-300x225.jpg 300w, https:\/\/speyer24news.com\/wp-content\/uploads\/2020\/03\/Villa-Ecarius-768x576.jpg 768w, https:\/\/speyer24news.com\/wp-content\/uploads\/2020\/03\/Villa-Ecarius-678x509.jpg 678w, https:\/\/speyer24news.com\/wp-content\/uploads\/2020\/03\/Villa-Ecarius-326x245.jpg 326w, https:\/\/speyer24news.com\/wp-content\/uploads\/2020\/03\/Villa-Ecarius-80x60.jpg 80w\" sizes=\"(max-width: 800px) 100vw, 800px\" \/><\/figure>\n\n\n\n<p>Sie k\u00e4mpfen f\u00fcr die Umwelt, Minderheiten und Gleichberechtigung und engagieren sich gegen die Waffenlobby, Diskriminierung und Korruption. 25 Jugendliche im Kampf f\u00fcr eine bessere Welt, portr\u00e4tiert von Christine und Benjamin Kn\u00f6dler. Greta Thunberg ist 16, als sie mit ihrem Schulstreik f\u00fcr die Umwelt weltweite Klimaproteste ausl\u00f6st. Der 14-j\u00e4hrige Netiwit Chotiphatphaisal gr\u00fcndet eine Zeitung, um sich in Thailand f\u00fcr Demokratie, Redefreiheit und eine Bildungsreform einzusetzen. Malala Yousafzai bloggt mit 11 Jahren von der Unterdr\u00fcckung der Frauen in Pakistan. Felix Finkbeiner entwickelt in der 4. Klasse seine Idee, dass Kinder in jedem Land eine Million B\u00e4ume pflanzen sollten. Jugendliche auf der ganzen Welt zeigen soziales Engagement und bewirken wegweisende Ver\u00e4nderungen. Ihre Entschlossenheit inspiriert uns alle.<\/p>\n\n\n\n<p>Christine und Benjamin Kn\u00f6dler lesen abwechselnd aus den Portr\u00e4ts, zeigen Bilder, spielen Musik ein, berichten von ihrer Recherche und geben ber\u00fchrende Einblicke in die Beweggr\u00fcnde der Jugendlichen, die mit dem Publikum diskutiert werden.<\/p>\n\n\n\n<p>Im Anschluss wird im Chat diskutiert: Welche Geschichten findet ihr besonders mutig und bemerkenswert? Wer ist f\u00fcr euch ein echtes Vorbild? Habt ihr \u00e4hnliche Ideen, wie ihr die Welt ver\u00e4ndern k\u00f6nntet? Zusammen k\u00f6nnen viele weitere Ideen gesammelt werden. Denn jede noch so kleine Idee kann Gro\u00dfes bewirken, wenn wir den Mut haben, ihr zu folgen.<\/p>\n\n\n\n<p>Die kostenlose Veranstaltung ist f\u00fcr Kinder und Jugendliche ab zehn Jahren geeignet und findet am <strong>Freitag, 19. Februar 2021, 17:00 Uhr<\/strong> digital statt. Sie wird von der Stadtbibliothek Speyer in Kooperation mit der Jungen VHS im Rahmen des Zusatzangebots des digitalen Wissenschaftsprogramms vhs.wissen live angeboten. Die Anmeldung erfolgt online \u00fcber die VHS Speyer, Kursnummer 10013.<\/p>\n\n\n\n<p><\/p>\n","protected":false},"excerpt":{"rendered":"<div class=\"mh-excerpt\"><p>Coronafallzahlen von Mittwoch (10.02.2021) Anzahl best\u00e4tigter F\u00e4lle von Coronavirus (SARS-CoV-2)-Infektionen in der Stadt Speyer: 1948 ( +4 ) Davon bereits genesen:\u00a01785Todesf\u00e4lle: 69 ( &#8211; 8 &#8230; Tote wurden versehentlich Speyer zugeschrieben )Gemeldete F\u00e4lle der letzten <a class=\"mh-excerpt-more\" href=\"https:\/\/speyer24news.com\/?p=33098\" title=\"Corona &#038; Stadtnotizen aus Speyer\">[&#8230;]<\/a><\/p>\n<\/div>","protected":false},"author":3,"featured_media":23902,"comment_status":"open","ping_status":"open","sticky":false,"template":"","format":"standard","meta":{"_monsterinsights_skip_tracking":false,"_monsterinsights_sitenote_active":false,"_monsterinsights_sitenote_note":"","_monsterinsights_sitenote_category":0,"footnotes":""},"categories":[47],"tags":[8404,6940,9918,8725,6358,7003,6342,9014,9920,9919,6,1434,657,1296],"aioseo_notices":[],"amp_enabled":true,"_links":{"self":[{"href":"https:\/\/speyer24news.com\/index.php?rest_route=\/wp\/v2\/posts\/33098"}],"collection":[{"href":"https:\/\/speyer24news.com\/index.php?rest_route=\/wp\/v2\/posts"}],"about":[{"href":"https:\/\/speyer24news.com\/index.php?rest_route=\/wp\/v2\/types\/post"}],"author":[{"embeddable":true,"href":"https:\/\/speyer24news.com\/index.php?rest_route=\/wp\/v2\/users\/3"}],"replies":[{"embeddable":true,"href":"https:\/\/speyer24news.com\/index.php?rest_route=%2Fwp%2Fv2%2Fcomments&post=33098"}],"version-history":[{"count":1,"href":"https:\/\/speyer24news.com\/index.php?rest_route=\/wp\/v2\/posts\/33098\/revisions"}],"predecessor-version":[{"id":33099,"href":"https:\/\/speyer24news.com\/index.php?rest_route=\/wp\/v2\/posts\/33098\/revisions\/33099"}],"wp:featuredmedia":[{"embeddable":true,"href":"https:\/\/speyer24news.com\/index.php?rest_route=\/wp\/v2\/media\/23902"}],"wp:attachment":[{"href":"https:\/\/speyer24news.com\/index.php?rest_route=%2Fwp%2Fv2%2Fmedia&parent=33098"}],"wp:term":[{"taxonomy":"category","embeddable":true,"href":"https:\/\/speyer24news.com\/index.php?rest_route=%2Fwp%2Fv2%2Fcategories&post=33098"},{"taxonomy":"post_tag","embeddable":true,"href":"https:\/\/speyer24news.com\/index.php?rest_route=%2Fwp%2Fv2%2Ftags&post=33098"}],"curies":[{"name":"wp","href":"https:\/\/api.w.org\/{rel}","templated":true}]}}