{"id":33127,"date":"2021-02-12T09:47:06","date_gmt":"2021-02-12T08:47:06","guid":{"rendered":"https:\/\/speyer24news.com\/?p=33127"},"modified":"2021-02-12T09:47:08","modified_gmt":"2021-02-12T08:47:08","slug":"staatskanzlei-rheinland-pfalz","status":"publish","type":"post","link":"https:\/\/speyer24news.com\/?p=33127","title":{"rendered":"Staatskanzlei Rheinland-Pfalz"},"content":{"rendered":"<style type=\"text\/css\">\r\n\t.ads_top_disp{}\r\n\t.ads_top_corner_disp{ float:left; margin:0px 10px 10px 0px; }\r\n\t.ads_first_p_disp{}\r\n\t.ads_bottom_disp{}\r\n\t<\/style>\n<h2 class=\"wp-block-heading\">Ministerpr\u00e4sidentin Malu Dreyer: Kitas und Grundschulen starten am 22. Februar \u2013 Friseure k\u00f6nnen am 1. M\u00e4rz \u00f6ffnen<\/h2>\n\n\n\n<figure class=\"wp-block-image\"><img decoding=\"async\" src=\"https:\/\/speyer24news.com\/wp-content\/uploads\/2019\/12\/Dreyer-Malu.jpg\" alt=\"\" class=\"wp-image-23819\"\/><\/figure>\n\n\n\n<p>\u201eWir haben gemeinsam viel erreicht, daf\u00fcr haben die Menschen in Rheinland-Pfalz meinen gr\u00f6\u00dften Dank. Unsere 7-Tagesinzidenz liegt Stand 10. Februar bei 55,3. Das ist der niedrigste Wert aller Bundesl\u00e4nder. Vor allem unsere ehemaligen Hot-Spots haben sich sehr gut entwickelt. Und dennoch: Wir haben eine gegenl\u00e4ufige Entwicklung. Eine h\u00f6here Ansteckungsrate durch mutierte Viren ist zunehmend auch in Rheinland-Pfalz zu verzeichnen. Die Warnungen der Wissenschaftler m\u00fcssen wir ernst nehmen, dass die Mutationen jetzt schon 20 Prozent der Infektionszahlen betragen k\u00f6nnten\u201c, so Ministerpr\u00e4sidentin Malu Dreyer. Die Wissenschaft k\u00f6nne auch heute noch keine Gewissheiten liefern. Deswegen m\u00fcssten die Kontaktbeschr\u00e4nkungen bis zum 7. M\u00e4rz beibehalten werden. Die Grunds\u00e4tze \u201eWir bleiben zuhause, halten Abstand und tragen Maske\u201c blieben das wesentliche Instrument im Kampf gegen die Pandemie.<\/p>\n\n\n\n<p>\u201eIch appelliere an alle Rheinland-Pf\u00e4lzer und Rheinland-Pf\u00e4lzerinnen: Bitte halten Sie sich an die Regeln, treffen m\u00f6glichst niemanden und passen Sie auf sich auf. Jetzt beginnen die n\u00e4rrischen Tage und der Drang, Karneval und Fastnacht zu feiern ist gro\u00df. Wir haben wahnsinnig viel gemeinsam erreicht in den vergangenen Wochen, das d\u00fcrfen wir nicht gef\u00e4hrden\u201c, so die Ministerpr\u00e4sidentin.<\/p>\n\n\n\n<p>Das Tragen medizinischer Masken in Innenr\u00e4umen reduziere das Infektions-geschehen deutlich \u2013 es werde, sofern nicht ohnehin rechtlich vorgeschrieben, daher weiter dringend in allen Situationen empfohlen, bei denen zwei oder mehr Personen in Innenr\u00e4umen zusammenkommen.<\/p>\n\n\n\n<h4 class=\"wp-block-heading\"><strong>Grundschulen beginnen am 22. Februar mit Wechselunterricht<\/strong><\/h4>\n\n\n\n<figure class=\"wp-block-image\"><img decoding=\"async\" loading=\"lazy\" width=\"800\" height=\"535\" src=\"https:\/\/speyer24news.com\/wp-content\/uploads\/2021\/01\/school-926213_1920-1.jpg\" alt=\"\" class=\"wp-image-32460\" srcset=\"https:\/\/speyer24news.com\/wp-content\/uploads\/2021\/01\/school-926213_1920-1.jpg 800w, https:\/\/speyer24news.com\/wp-content\/uploads\/2021\/01\/school-926213_1920-1-300x201.jpg 300w, https:\/\/speyer24news.com\/wp-content\/uploads\/2021\/01\/school-926213_1920-1-768x514.jpg 768w\" sizes=\"(max-width: 800px) 100vw, 800px\" \/><\/figure>\n\n\n\n<p>\u201eF\u00fcr mich war immer klar: Bildung hat Priorit\u00e4t. Wir beginnen mit den Kleinen in der Grundschule, f\u00fcr die es besonders schwierig ist, im Fernunterricht klar zu kommen. Um die Gruppen klein zu halten, werden wir im Wechselunterricht starten. Ab dem 22. Februar sollen die Klassen 1 bis 4 wieder zur Schule gehen. Die Klassen der Orientierungsstufe sollen im M\u00e4rz z\u00fcgig folgen. Das war uns in Rheinland-Pfalz besonders wichtig. Die Kinder und Jugendlichen haben eine gro\u00dfe Last getragen, ebenso wie ihre Eltern. Corona-Schutzma\u00dfnahmen bleiben wichtig. Wann immer m\u00f6glich, sollen medizinische Masken getragen werden, L\u00fcften und Hygienema\u00dfnahmen m\u00fcssen eingehalten werden. Aber da sind unsere Schulen sehr gut aufgestellt\u201c, so Ministerpr\u00e4sidentin Malu Dreyer.<\/p>\n\n\n\n<p>\u201eDa es besonders in Kitas und Grundschulen schwierig ist die Abstandsregeln einzuhalten und es auch nicht m\u00f6glich ist, durchgehend Masken zu tragen, freue ich mich, dass die Ministerpr\u00e4sidentenkonferenz und die Bundeskanzlerin gestern dem Vorschlag aus Rheinland-Pfalz und anderen L\u00e4ndern gefolgt sind, Erzieher und Erzieherinnen, die \u00fcbrigen Besch\u00e4ftigten in der Kindertagespflege sowie die Lehrer und Lehrerinnen und weitere Besch\u00e4ftigte in den Grundschulen in der Impfreihenfolge zu priorisieren. Wir haben den Gesundheitsminister gebeten zu pr\u00fcfen, ob dies bei der n\u00e4chsten Fortschreibung der Impfverordnung erfolgen kann\u201c, so Ministerpr\u00e4sidentin Malu Dreyer. \u201eWenn der Bundesgesundheitsminister die Impfverordnung kurzfristig \u00e4ndert, werden wir in Rheinland-Pfalz den Besch\u00e4ftigten in Kitas und Grundschulen noch vor Ostern ein Impfangebot machen.\u201c<\/p>\n\n\n\n<h4 class=\"wp-block-heading\"><strong>Schnelltests f\u00fcr Eigengebrauch schnell zulassen<\/strong><\/h4>\n\n\n\n<figure class=\"wp-block-image\"><img decoding=\"async\" loading=\"lazy\" width=\"800\" height=\"535\" src=\"https:\/\/speyer24news.com\/wp-content\/uploads\/2021\/01\/Schnelltest-Corona-1.jpg\" alt=\"\" class=\"wp-image-32515\" srcset=\"https:\/\/speyer24news.com\/wp-content\/uploads\/2021\/01\/Schnelltest-Corona-1.jpg 800w, https:\/\/speyer24news.com\/wp-content\/uploads\/2021\/01\/Schnelltest-Corona-1-300x201.jpg 300w, https:\/\/speyer24news.com\/wp-content\/uploads\/2021\/01\/Schnelltest-Corona-1-768x514.jpg 768w\" sizes=\"(max-width: 800px) 100vw, 800px\" \/><\/figure>\n\n\n\n<p>\u201eSchnelltests sollen Infektionsrisiken minimieren. Wir haben 215 Testeinrichtungen in Rheinland-Pfalz. Erzieher und Erzieherinnen sowie die Lehrerschaft k\u00f6nnen sich schon jetzt in Rheinland-Pfalz anlasslos testen lassen. Dieser Schutz ist uns sehr wichtig. Zus\u00e4tzlich sollen jetzt Selbsttests f\u00fcr den Eigengebrauchvom Bund auf Zulassung gepr\u00fcft und bei erfolgreicher Pr\u00fcfung zugelassen werden. Der Bund muss hier das Zulassungsverfahren beschleunigen.<\/p>\n\n\n\n<h4 class=\"wp-block-heading\"><strong>Am 1. M\u00e4rz k\u00f6nnen Friseurbetriebe wieder \u00f6ffnen<\/strong><\/h4>\n\n\n\n<div class=\"wp-block-image\"><figure class=\"aligncenter\"><img decoding=\"async\" loading=\"lazy\" width=\"800\" height=\"531\" src=\"https:\/\/speyer24news.com\/wp-content\/uploads\/2021\/02\/hairdressing-salon-2693077_1920.jpg\" alt=\"\" class=\"wp-image-33128\" srcset=\"https:\/\/speyer24news.com\/wp-content\/uploads\/2021\/02\/hairdressing-salon-2693077_1920.jpg 800w, https:\/\/speyer24news.com\/wp-content\/uploads\/2021\/02\/hairdressing-salon-2693077_1920-300x199.jpg 300w, https:\/\/speyer24news.com\/wp-content\/uploads\/2021\/02\/hairdressing-salon-2693077_1920-768x510.jpg 768w\" sizes=\"(max-width: 800px) 100vw, 800px\" \/><\/figure><\/div>\n\n\n\n<p>\u201eFriseure erbringen besonders f\u00fcr viele \u00e4ltere Menschen eine ganz wichtige hygienische Dienstleistung. Nat\u00fcrlich bleiben auch hier die Schutzma\u00dfnahmen wichtig. Auflagen zur Hygiene, Steuerung des Zutritts mit Reservierungen sowie die Nutzung medizinischer Masken sollen f\u00fcr Sicherheit sorgen\u201c, so Ministerpr\u00e4sidentin Malu Dreyer. \u201eWir werden stufenweise vorgehen. Das gibt uns die Chance, immer zu pr\u00fcfen, welche Folgen eine \u00d6ffnung hat\u201c, sagte die Ministerpr\u00e4sidentin: \u201eIch beabsichtige, meinem Kabinett vorzuschlagen, dass wir in Rheinland-Pfalz Angleichungen an die bisher schon erfolgten \u00d6ffnungen im Bereich von Dienstleistung und Handel in den Nachbarbundesl\u00e4ndern pr\u00fcfen. Dies betrifft zum Beispiel den praktischen Unterricht und Pr\u00fcfungen in Fahrschulen oder auch kleine Blumengesch\u00e4fte.\u201c<\/p>\n\n\n\n<h4 class=\"wp-block-heading\"><strong>\u00d6ffnungsperspektiven schaffen und Kontrolle \u00fcber die Virusentwicklung behalten<\/strong><\/h4>\n\n\n\n<div class=\"wp-block-image\"><figure class=\"aligncenter\"><img decoding=\"async\" loading=\"lazy\" width=\"500\" height=\"500\" src=\"https:\/\/speyer24news.com\/wp-content\/uploads\/2020\/02\/virus-4810549_1920.png\" alt=\"\" class=\"wp-image-25116\" srcset=\"https:\/\/speyer24news.com\/wp-content\/uploads\/2020\/02\/virus-4810549_1920.png 500w, https:\/\/speyer24news.com\/wp-content\/uploads\/2020\/02\/virus-4810549_1920-150x150.png 150w, https:\/\/speyer24news.com\/wp-content\/uploads\/2020\/02\/virus-4810549_1920-300x300.png 300w\" sizes=\"(max-width: 500px) 100vw, 500px\" \/><\/figure><\/div>\n\n\n\n<p>\u201eIch bedaure, dass es in dieser Konferenz noch nicht m\u00f6glich war, ein Stufenkonzept f\u00fcr ganz Deutschland umzusetzen. Wir hatten mit dem Rheinland-Pfalz-Plan vorgearbeitet. Es ist aber ein hohes Gut, dass wir gemeinsam handeln, daher werden wir im Geleitzug der L\u00e4nder vorgehen. Die Bev\u00f6lkerung muss wissen, was zu tun ist, ohne dass sie vorher verschiedene Landesverordnungen studieren muss\u201c, so Ministerpr\u00e4sidentin Malu Dreyer. Bund und L\u00e4nder arbeiteten weiter an der Entwicklung n\u00e4chster Schritte, um auch Kultur, Sport in Gruppen, Freizeit, Gastronomie und Hotelgewerbe eine realistische Perspektive zu geben. Hierzu finde am 3. M\u00e4rz die n\u00e4chste Besprechung statt.<\/p>\n\n\n\n<h4 class=\"wp-block-heading\"><strong>7-Tagesinzidenz von 35 als Zielmarke f\u00fcr weitere \u00d6ffnungen wegen der Virusmutationen<\/strong><\/h4>\n\n\n\n<figure class=\"wp-block-image\"><img decoding=\"async\" loading=\"lazy\" width=\"800\" height=\"400\" src=\"https:\/\/speyer24news.com\/wp-content\/uploads\/2020\/02\/virus-1812092_1920.jpg\" alt=\"\" class=\"wp-image-25128\" srcset=\"https:\/\/speyer24news.com\/wp-content\/uploads\/2020\/02\/virus-1812092_1920.jpg 800w, https:\/\/speyer24news.com\/wp-content\/uploads\/2020\/02\/virus-1812092_1920-300x150.jpg 300w, https:\/\/speyer24news.com\/wp-content\/uploads\/2020\/02\/virus-1812092_1920-768x384.jpg 768w\" sizes=\"(max-width: 800px) 100vw, 800px\" \/><\/figure>\n\n\n\n<p>\u201eGerade, weil wir so wenige gesicherte Erkenntnisse \u00fcber die Mutationen haben, m\u00fcssen wir sehr vorsichtig sein. Daher sehen wir vor, dass n\u00e4chste \u00d6ffnungsschritte erst bei einer stabilen Landesinzidenz von h\u00f6chstens 35 Neuinfektionen pro 100.000 Einwohnern und Einwohnerinnen erfolgen. Daf\u00fcr sehen wir die \u00d6ffnung des Einzelhandels und die \u00d6ffnung von Museen und Galerien vor. Um einen regen Reiseverkehr zwischen L\u00e4ndern, in denen der Einzelhandel schon ge\u00f6ffnet wurde und denen, in denen er geschlossen bleiben muss, zu verhindern, sollen benachbarte Gebiete mit h\u00f6heren Inzidenzen gemeinsame Vorkehrungen treffen, um l\u00e4nder\u00fcbergreifende Inanspruchnahme der ge\u00f6ffneten Angebote m\u00f6glichst zu vermeiden\u201c, so die Ministerpr\u00e4sidentin. Au\u00dferdem werde man noch strikter in Hot-Spots gegensteuern. In Landkreisen und kreisfreien St\u00e4dten, die aufgrund ihrer hohen 7-Tages-Inzidenz weiterhin die Inzidenz von 50 nicht unterschreiten k\u00f6nnten, w\u00fcrden umfangreiche weitere lokale oder regionale Ma\u00dfnahmen nach dem Infektionsschutzgesetz beibehalten oder ausgeweitet, damit eine entsprechend schnelle Senkung der Infektionszahlen erreicht werde.<\/p>\n\n\n\n<h4 class=\"wp-block-heading\"><strong>Impfen bleibt Schl\u00fcssel bei der \u00d6ffnungsstrategie<\/strong><\/h4>\n\n\n\n<figure class=\"wp-block-image\"><img decoding=\"async\" loading=\"lazy\" width=\"800\" height=\"486\" src=\"https:\/\/speyer24news.com\/wp-content\/uploads\/2021\/01\/Corona-Impfstoff-1.jpg\" alt=\"\" class=\"wp-image-32102\" srcset=\"https:\/\/speyer24news.com\/wp-content\/uploads\/2021\/01\/Corona-Impfstoff-1.jpg 800w, https:\/\/speyer24news.com\/wp-content\/uploads\/2021\/01\/Corona-Impfstoff-1-300x182.jpg 300w, https:\/\/speyer24news.com\/wp-content\/uploads\/2021\/01\/Corona-Impfstoff-1-768x467.jpg 768w\" sizes=\"(max-width: 800px) 100vw, 800px\" \/><\/figure>\n\n\n\n<p>\u201eIn Rheinland-Pfalz wurden in nahezu allen Altenheimen Erstimpfungen vorgenommen. Wir haben in den Alten- und Pflegeeinrichtungen 200 Hilfsorganisations-Teams im Einsatz und 460 Soldaten. Das ist ein wichtiger Meilenstein\u201c, sagte Ministerpr\u00e4sidentin Malu Dreyer. \u201eSo sch\u00fctzen wir in Rheinland-Pfalz die besonders verwundbaren Menschen nachhaltig und effektiv.\u201c<\/p>\n\n\n\n<p>\u201eAktuell haben fast 150.000 Menschen in Rheinland-Pfalz ihre Erstimpfung erhalten, das sind 3,6 Prozent der Bev\u00f6lkerung, einer der Spitzenpl\u00e4tze bundesweit. \u00dcber 75.000 Menschen haben auch ihre Zweitimpfung bereits bekommen, gemessen an der Bev\u00f6lkerungszahl so viele wie in keinem anderen Bundesland.<\/p>\n\n\n\n<p>Wenn der Bund kontinuierlich und ausreichend f\u00fcr Impfstoff sogt, sind Bund und L\u00e4nder weiterhin optimistisch, dass allen B\u00fcrgern und B\u00fcrgerinnen sp\u00e4testens bis zum Ende des Sommers ein Impfangebot gemacht werden kann. Dies ist nach dem Stand der aktuell von den Herstellern zugesagten Zulassungsdaten und Liefervolumen erreichbar.<\/p>\n\n\n\n<p>F\u00fcr das 1. Quartal pr\u00e4zisieren sich nun zunehmend die zu erwartenden Liefermengen. Vor allem ist sehr erfreulich, dass BioNTech mehr liefern wird, als bisher kalkuliert. Ich bin froh, dass wir so ein gutes Unternehmen hier in der Heimat haben. Damit werden wir nun in die konkrete Impfplanung f\u00fcr M\u00e4rz einsteigen k\u00f6nnen. Unser Ziel ist es, m\u00f6glichst noch im M\u00e4rz Jedem und Jeder der Priorit\u00e4tsgruppe 1 ein Impfangebot zu machen. Details dazu werden wir in der kommenden Woche vorstellen,\u201c so Ministerpr\u00e4sidentin Malu Dreyer.<\/p>\n\n\n\n<h4 class=\"wp-block-heading\"><strong>Wirtschaftshilfen<\/strong><\/h4>\n\n\n\n<figure class=\"wp-block-image\"><img decoding=\"async\" loading=\"lazy\" width=\"768\" height=\"551\" src=\"https:\/\/speyer24news.com\/wp-content\/uploads\/2021\/01\/Geld.jpg\" alt=\"\" class=\"wp-image-31982\" srcset=\"https:\/\/speyer24news.com\/wp-content\/uploads\/2021\/01\/Geld.jpg 768w, https:\/\/speyer24news.com\/wp-content\/uploads\/2021\/01\/Geld-300x215.jpg 300w\" sizes=\"(max-width: 768px) 100vw, 768px\" \/><\/figure>\n\n\n\n<p>\u201eGanz klar ist: Unsere Unternehmen brauchen finanzielle Unterst\u00fctzung und zwar schnell\u201c, sagte die Ministerpr\u00e4sidentin. Gestern habe der Bundeswirtschaftsminister die \u00dcberbr\u00fcckungshilfe III online gestellt. Damit k\u00f6nnten jetzt unmittelbar Antr\u00e4ge gestellt werden: Abschlagszahlungen bis 100.000 Euro je Monat und maximal 400.000 Euro automatisiert f\u00fcr vier Monate beginnen.<\/p>\n\n\n\n<p>Kulturschaffende seien besonders von der Pandemie betroffen, deshalb habe der Bund das Rettungs- und Zukunfts-Programm \u201eNeustart Kultur\u201c mit einer weiteren Milliarde Euro ausgestattet, die auch z\u00fcgig zur Auszahlung gebracht werden solle.<\/p>\n\n\n\n<p><em>Staatskanzlei Rheinland-Pfalz<br>12.02.2021<\/em><\/p>\n","protected":false},"excerpt":{"rendered":"<div class=\"mh-excerpt\"><p>Ministerpr\u00e4sidentin Malu Dreyer: Kitas und Grundschulen starten am 22. Februar \u2013 Friseure k\u00f6nnen am 1. M\u00e4rz \u00f6ffnen \u201eWir haben gemeinsam viel erreicht, daf\u00fcr haben die Menschen in Rheinland-Pfalz meinen gr\u00f6\u00dften Dank. Unsere 7-Tagesinzidenz liegt Stand <a class=\"mh-excerpt-more\" href=\"https:\/\/speyer24news.com\/?p=33127\" title=\"Staatskanzlei Rheinland-Pfalz\">[&#8230;]<\/a><\/p>\n<\/div>","protected":false},"author":3,"featured_media":33129,"comment_status":"open","ping_status":"open","sticky":false,"template":"","format":"standard","meta":{"_monsterinsights_skip_tracking":false,"_monsterinsights_sitenote_active":false,"_monsterinsights_sitenote_note":"","_monsterinsights_sitenote_category":0,"footnotes":""},"categories":[1529],"tags":[6401,8766,9943,9941,5904,6614,9942,4124,2625,380],"aioseo_notices":[],"amp_enabled":true,"_links":{"self":[{"href":"https:\/\/speyer24news.com\/index.php?rest_route=\/wp\/v2\/posts\/33127"}],"collection":[{"href":"https:\/\/speyer24news.com\/index.php?rest_route=\/wp\/v2\/posts"}],"about":[{"href":"https:\/\/speyer24news.com\/index.php?rest_route=\/wp\/v2\/types\/post"}],"author":[{"embeddable":true,"href":"https:\/\/speyer24news.com\/index.php?rest_route=\/wp\/v2\/users\/3"}],"replies":[{"embeddable":true,"href":"https:\/\/speyer24news.com\/index.php?rest_route=%2Fwp%2Fv2%2Fcomments&post=33127"}],"version-history":[{"count":1,"href":"https:\/\/speyer24news.com\/index.php?rest_route=\/wp\/v2\/posts\/33127\/revisions"}],"predecessor-version":[{"id":33130,"href":"https:\/\/speyer24news.com\/index.php?rest_route=\/wp\/v2\/posts\/33127\/revisions\/33130"}],"wp:featuredmedia":[{"embeddable":true,"href":"https:\/\/speyer24news.com\/index.php?rest_route=\/wp\/v2\/media\/33129"}],"wp:attachment":[{"href":"https:\/\/speyer24news.com\/index.php?rest_route=%2Fwp%2Fv2%2Fmedia&parent=33127"}],"wp:term":[{"taxonomy":"category","embeddable":true,"href":"https:\/\/speyer24news.com\/index.php?rest_route=%2Fwp%2Fv2%2Fcategories&post=33127"},{"taxonomy":"post_tag","embeddable":true,"href":"https:\/\/speyer24news.com\/index.php?rest_route=%2Fwp%2Fv2%2Ftags&post=33127"}],"curies":[{"name":"wp","href":"https:\/\/api.w.org\/{rel}","templated":true}]}}