{"id":33142,"date":"2021-02-12T10:56:29","date_gmt":"2021-02-12T09:56:29","guid":{"rendered":"https:\/\/speyer24news.com\/?p=33142"},"modified":"2021-02-12T10:56:30","modified_gmt":"2021-02-12T09:56:30","slug":"landau-kreis-ld-und-landkreis-suedliche-weinstrasse","status":"publish","type":"post","link":"https:\/\/speyer24news.com\/?p=33142","title":{"rendered":"Landau, Kreis LD und Landkreis S\u00fcdliche Weinstra\u00dfe"},"content":{"rendered":"<style type=\"text\/css\">\r\n\t.ads_top_disp{}\r\n\t.ads_top_corner_disp{ float:left; margin:0px 10px 10px 0px; }\r\n\t.ads_first_p_disp{}\r\n\t.ads_bottom_disp{}\r\n\t<\/style>\n<h2 class=\"wp-block-heading\">Zwei \u00dcberquerungshilfen f\u00fcr Fu\u00dfg\u00e4ngerinnen und Fu\u00dfg\u00e4nger und ein Schutzstreifen f\u00fcr Radfahrerinnen und Radfahrer: Stadt Landau will Eichbornstra\u00dfe bei Ausbau verkehrssicherer machen<\/h2>\n\n\n\n<div class=\"wp-block-image\"><figure class=\"aligncenter\"><img decoding=\"async\" loading=\"lazy\" width=\"800\" height=\"533\" src=\"https:\/\/speyer24news.com\/wp-content\/uploads\/2021\/02\/11-02-2021-Info-Eichbornstra\u00dfe_1.jpg\" alt=\"\" class=\"wp-image-33149\" srcset=\"https:\/\/speyer24news.com\/wp-content\/uploads\/2021\/02\/11-02-2021-Info-Eichbornstra\u00dfe_1.jpg 800w, https:\/\/speyer24news.com\/wp-content\/uploads\/2021\/02\/11-02-2021-Info-Eichbornstra\u00dfe_1-300x200.jpg 300w, https:\/\/speyer24news.com\/wp-content\/uploads\/2021\/02\/11-02-2021-Info-Eichbornstra\u00dfe_1-768x512.jpg 768w\" sizes=\"(max-width: 800px) 100vw, 800px\" \/><figcaption>Bei einer digitalen Veranstaltung wurden die Anwohnerinnen und Anwohner jetzt \u00fcber die konkreten Planungen f\u00fcr die Eichbornstra\u00dfe informiert.<br><em>Foto: Stadt Landau<\/em><\/figcaption><\/figure><\/div>\n\n\n\n<p>Wie sieht die\nEichbornstra\u00dfe der Zukunft aus? Die Mobilit\u00e4tsabteilung der Stadt Landau hat\nihre Planungen f\u00fcr die Verbesserung der Verkehrssicherheit in der\ninnenstadtnahen Stra\u00dfe vorgelegt. Die Pl\u00e4ne, die auf einer Vor-Ort-Begehung mit\nden Anwohnerinnen und Anwohnern im Oktober vergangenen Jahres basieren, wurden\nvon Verkehrsdezernent Lukas Hartmann und Mobilit\u00e4tsabteilungsleiter Ralf\nBernhard jetzt zuerst bei einer digitalen B\u00fcrgerinformationsveranstaltung\nvorgestellt und sollen nun im st\u00e4dtischen Mobilit\u00e4tsausschuss beraten werden. <\/p>\n\n\n\n<p>\u201eDie\nEichbornstra\u00dfe soll sicherer f\u00fcr Fu\u00dfg\u00e4ngerinnen und Fu\u00dfg\u00e4nger sowie\nRadfahrerinnen und Radfahrer gemacht werden \u2013 und gleichzeitig weiter ihre\nFunktion als wichtiger Zubringer der B10 zur Innenstadt wahrnehmen k\u00f6nnen\u201c,\nfasst Verkehrsdezernent Hartmann die schwierige Ausgangslage zusammen. \u201eDie\nPlanungen, die wir nun vorgestellt und gemeinsam mit rund 50 Anwohnerinnen und\nAnwohnern sowie sonstigen Interessierten diskutiert haben, stellen aus diesem\nGrund einen klassischen Kompromiss dar.\u201c <\/p>\n\n\n\n<p>Die Planungen der Verwaltung sehen den Bau von zwei \u00dcberquerungshilfen im westlichen und \u00f6stlichen Bereich der Eichbornstra\u00dfe vor. Diese sollen nicht nur das \u00dcberqueren der Stra\u00dfe f\u00fcr Fu\u00dfg\u00e4ngerinnen und Fu\u00dfg\u00e4ngern sicherer machen, sondern durch eine Verschwenkung der stadteinw\u00e4rts f\u00fchrenden Fahrbahn auch die gefahrene Geschwindigkeit reduzieren. Auch soll stadtausw\u00e4rts ein 1,50m breiter Schutzstreifen f\u00fcr Radfahrerinnen und Radfahrer angelegt und der Knotenpunkt Eichbornstra\u00dfe\/L\u00f6hlstra\u00dfe\/Luitpoldstra\u00dfe kompakter und damit \u00fcbersichtlicher gestaltet werden. Zudem sind die Pflanzung von drei B\u00e4umen und die Anlage von Fahrradabstellm\u00f6glichkeiten geplant. <\/p>\n\n\n\n<div class=\"wp-block-image\"><figure class=\"aligncenter\"><img decoding=\"async\" loading=\"lazy\" width=\"800\" height=\"533\" src=\"https:\/\/speyer24news.com\/wp-content\/uploads\/2021\/02\/11-02-2021-Info-Eichbornstra\u00dfe_2.jpg\" alt=\"\" class=\"wp-image-33150\" srcset=\"https:\/\/speyer24news.com\/wp-content\/uploads\/2021\/02\/11-02-2021-Info-Eichbornstra\u00dfe_2.jpg 800w, https:\/\/speyer24news.com\/wp-content\/uploads\/2021\/02\/11-02-2021-Info-Eichbornstra\u00dfe_2-300x200.jpg 300w, https:\/\/speyer24news.com\/wp-content\/uploads\/2021\/02\/11-02-2021-Info-Eichbornstra\u00dfe_2-768x512.jpg 768w\" sizes=\"(max-width: 800px) 100vw, 800px\" \/><figcaption>Die Landauer Eichbornstra\u00dfe, aufgenommen im Sp\u00e4therbst 2020. Im laufenden Jahr soll die Stra\u00dfe saniert werden.<br><em>Foto: Stadt Landau<\/em><\/figcaption><\/figure><\/div>\n\n\n\n<p>Nach\nUmsetzung der Ma\u00dfnahme wird die Stra\u00dfenverkehrsabteilung des Ordnungsamts\nGeschwindigkeitsmessungen sowie eine Verkehrsz\u00e4hlung in der Eichbornstra\u00dfe durchf\u00fchren.\nZuk\u00fcnftig \u2013 nach \u00dcbertragung der Geschwindigkeits\u00fcberwachung auf die Stadt \u2013\nsollen dann Blitzer-Eins\u00e4tze folgen. \u00dcber die neuen Erfahrungen nach der\nUmgestaltung will der Verkehrsdezernent in sechs bis neun Monaten erneut mit\nden Anwohnerinnen und Anwohnern ins Gespr\u00e4ch kommen. <\/p>\n\n\n\n<p>Der Mobilit\u00e4tsausschuss tagt am Mittwoch, 17. Februar, ab 17 Uhr digital. Anmeldungen nimmt die Stabsstelle f\u00fcr \u00d6ffentlichkeitsarbeit und B\u00fcrgerbeteiligung per E-Mail an <a href=\"presse@landau.de\">presse@landau.de<\/a> entgegen.<\/p>\n\n\n\n<p><em>Stadtverwaltung Landau in der Pfalz<br>12.02.2021<\/em><\/p>\n\n\n\n<h2 class=\"wp-block-heading\">Bei frostigen Temperaturen: So k\u00f6nnen Sie Obdachlosen in Landau helfen<\/h2>\n\n\n\n<div class=\"wp-block-image\"><figure class=\"aligncenter\"><img decoding=\"async\" loading=\"lazy\" width=\"800\" height=\"532\" src=\"https:\/\/speyer24news.com\/wp-content\/uploads\/2021\/02\/11-02-2021-Info-Obdachlosigkeit.jpg\" alt=\"\" class=\"wp-image-33148\" srcset=\"https:\/\/speyer24news.com\/wp-content\/uploads\/2021\/02\/11-02-2021-Info-Obdachlosigkeit.jpg 800w, https:\/\/speyer24news.com\/wp-content\/uploads\/2021\/02\/11-02-2021-Info-Obdachlosigkeit-300x200.jpg 300w, https:\/\/speyer24news.com\/wp-content\/uploads\/2021\/02\/11-02-2021-Info-Obdachlosigkeit-768x511.jpg 768w\" sizes=\"(max-width: 800px) 100vw, 800px\" \/><figcaption>Eisige Temperaturen herrschen aktuell in Landau \u2013 und viele Menschen sorgen sich um Obdachlose.<br><em>Foto: Stadt Landau<\/em><\/figcaption><\/figure><\/div>\n\n\n\n<p>Temperaturen\nweit unter dem Gefrierpunkt, dazu Schneefall und Eisregen: So kalt wie aktuell\nwar es in der S\u00fcdpfalz, der \u201eToskana Deutschlands\u201c, schon lange nicht mehr. Die\nStadt Landau achtet mit ihren verschiedenen Stellen darauf, dass Menschen ohne\nObdach unbeschadet durch diese schwere Zeit kommen \u2013 doch auch jede und jeder\nEinzelne kann etwas tun. <\/p>\n\n\n\n<p>\u201eUnser\nOrdnungsamt wie auch die Polizei passen bei den aktuellen Temperaturen\nbesonders darauf auf, dass niemand nachts drau\u00dfen schl\u00e4ft, und unsere\nStreetworkerinnen stehen im st\u00e4ndigen Kontakt mit obdachlosen Menschen sowie\nMenschen, die von Obdachlosigkeit bedroht sind\u201c, betont Oberb\u00fcrgermeister Thomas\nHirsch. \u201eWenn Sie aber jemanden sehen, der Hilfe ben\u00f6tigt, zeigen Sie bitte\nMitgef\u00fchl und Zivilcourage. Bieten Sie Ihre Hilfe an und weisen Sie auf\nUnterst\u00fctzungsangebote hin.\u201c <\/p>\n\n\n\n<h4 class=\"wp-block-heading\">Bei akuten\nNotlagen ist stets der Notruf 112 die richtige Adresse.&nbsp; <\/h4>\n\n\n\n<p>Die beiden\nst\u00e4dtischen Streetworkerinnen Johanna Dreisigacker und Nina Sappert sowie\nCaritas-Streetworker Michael Jessl, der u.a. die Menschen in der st\u00e4dtischen\nObdachlosenunterkunft betreut, machen deutlich: \u201eNiemand muss auf der Stra\u00dfe\nleben und wir haben in Landau die M\u00f6glichkeit, die Menschen unterzubringen.\nViele Obdachlose nehmen das Angebot einer Notunterkunft auch an \u2013 aber eben\nnicht alle.\u201c F\u00fcr diese Menschen gebe es trotzdem Unterst\u00fctzungsangebote, u.a.\ndie Ausgabe von Schlafs\u00e4cken bei der Caritas oder von warmen Winterkleidern bei\nder st\u00e4dtischen Streetwork. <\/p>\n\n\n\n<p>Kontakte sind\nJohanna Dreisigacker (01 74\/9 08 93 53), Nina Sappert (01 52\/04 18 89 16) und\nMichael Jessl (01 52\/09 11 93 89). <\/p>\n\n\n\n<h4 class=\"wp-block-heading\">Die\nObdachlosenunterkunft in Landau kann 40 Menschen aufnehmen und ist zurzeit\nnicht voll belegt.&nbsp; <\/h4>\n\n\n\n<p>Eine besondere Herausforderung f\u00fcr die Streetworkerinnen und Streetworker stellt aktuell die Corona-Pandemie dar. Trotzdem halte man selbstverst\u00e4ndlich den Kontakt mit obdachlosen Menschen sowie Menschen, die von Obdachlosigkeit bedroht seien, so Dreisigacker, Sappert und Jessl \u2013 auch, um \u00fcber das Virus, den richtigen Schutz und die geltenden Regeln zu informieren. Von Seiten der Stadt wurden auch medizinische Masken angeschafft, um diese an bed\u00fcrftige Menschen ausgeben zu k\u00f6nnen.<\/p>\n\n\n\n<p><em>Stadtverwaltung Landau in der Pfalz<br>12.02.2021<\/em><\/p>\n\n\n\n<h2 class=\"wp-block-heading\">Lesestoff zu Landaus ber\u00fchmtem Sohn: 27. Band der Landauer Schriften zur Kommunikations- und Kulturwissenschaft widmet sich Werk des Karikaturisten Thomas Nast<\/h2>\n\n\n\n<div class=\"wp-block-image\"><figure class=\"aligncenter\"><img decoding=\"async\" loading=\"lazy\" width=\"500\" height=\"666\" src=\"https:\/\/speyer24news.com\/wp-content\/uploads\/2021\/02\/11-02-2021-Info-Aufsatzsammlung-Thomas-Nast.jpg\" alt=\"\" class=\"wp-image-33147\" srcset=\"https:\/\/speyer24news.com\/wp-content\/uploads\/2021\/02\/11-02-2021-Info-Aufsatzsammlung-Thomas-Nast.jpg 500w, https:\/\/speyer24news.com\/wp-content\/uploads\/2021\/02\/11-02-2021-Info-Aufsatzsammlung-Thomas-Nast-225x300.jpg 225w\" sizes=\"(max-width: 500px) 100vw, 500px\" \/><figcaption>Hubert Lehmanns Buch \u201eThomas Nast \u2013 Karikaturist zwischen Kunst und Kritik\u201c ist jetzt im Landauer Verlag Empirische P\u00e4dagogik erschienen.<br><em>Foto: Stadt Landau<\/em><\/figcaption><\/figure><\/div>\n\n\n\n<p>\u201eKarikaturist zwischen Kunst\nund Kritik\u201c hei\u00dft es im Titel des 27. Bands der Landauer Schriften zur\nKommunikations- und Kulturwissenschaft, der ab sofort erh\u00e4ltlich ist. Gemeint\nist nat\u00fcrlich Landaus ber\u00fchmter Sohn Thomas Nast. Gemeinsam mit verschiedenen\nAutorinnen und Autoren beleuchtet der inzwischen leider verstorbene ehemalige\nVorsitzende des Thomas-Nast-Vereins Hubert Lehmann darin das Werk des\ndeutsch-amerikanischen Karikaturisten.<\/p>\n\n\n\n<p>Der 1840 in Landau geborene\nThomas Nast emigrierte mit seiner Familie in die Vereinigten Staaten und machte\ndort schon bald Karriere als einflussreicher Karikaturist. In dem jetzt\nerschienenen Band wird Nasts Wirken unter anderem in Bezug auf sein Engagement\ngegen Korruption, Sklaverei und Rassismus behandelt. \u201eDie Stadt Landau ist\nstolz auf ihren ber\u00fchmten Sohn Thomas Nast, den Vater der modernen politischen\nKarikatur\u201c, so Landaus Oberb\u00fcrgermeister Thomas Hirsch. \u201eHubert Lehmann hat mit\nseinem langj\u00e4hrigen Engagement im Thomas-Nast-Verein dazu beigetragen, das\nAndenken an den bedeutenden K\u00fcnstler\nzu wahren und zu pflegen. Als Herausgeber des Werks \u00bbThomas Nast \u2013 Karikaturist\nzwischen Kunst und Kritik\u00ab h\u00e4lt er nun auch post mortem das Erbe und die\nErinnerung an Thomas Nast aufrecht.\u201c <\/p>\n\n\n\n<p>Der 27. Band der Landauer Schriften zur Kommunikations- und Kulturwissenschaft \u201eThomas Nast \u2013 Karikaturist zwischen Kunst und Kritik\u201c, erschienen im Verlag Empirische P\u00e4dagogik, kann ab sofort im Landauer Buchhandel sowie beim Verlag bestellt werden. Die 370 Seiten starke Aufsatzsammlung kostet 24,90 Euro. Schnell sein lohnt sich: Es sind nur noch rund 100 Exemplare verf\u00fcgbar. <\/p>\n\n\n\n<p><em>Stadtverwaltung Landau in der Pfalz<br>12.02.2021<\/em><\/p>\n\n\n\n<h2 class=\"wp-block-heading\">Digitalisierung an Landaus Schulen: 983 Tablets f\u00fcr Sch\u00fclerinnen und Sch\u00fcler eingetroffen<\/h2>\n\n\n\n<div class=\"wp-block-image\"><figure class=\"aligncenter\"><img decoding=\"async\" loading=\"lazy\" width=\"800\" height=\"533\" src=\"https:\/\/speyer24news.com\/wp-content\/uploads\/2021\/02\/11-02-2021-Info-Tablets.jpg\" alt=\"\" class=\"wp-image-33146\" srcset=\"https:\/\/speyer24news.com\/wp-content\/uploads\/2021\/02\/11-02-2021-Info-Tablets.jpg 800w, https:\/\/speyer24news.com\/wp-content\/uploads\/2021\/02\/11-02-2021-Info-Tablets-300x200.jpg 300w, https:\/\/speyer24news.com\/wp-content\/uploads\/2021\/02\/11-02-2021-Info-Tablets-768x512.jpg 768w\" sizes=\"(max-width: 800px) 100vw, 800px\" \/><figcaption>B\u00fcrgermeister Dr. Maximilian Ingenthron (r.) und der Leiter des Medienzentrums Landau-S\u00fcdliche Weinstra\u00dfe, Daniel Behr, mit den Tablets, die in K\u00fcrze den Landauer Schulen zur Verf\u00fcgung gestellt werden.<br><em>Foto: Stadt Landau<\/em><\/figcaption><\/figure><\/div>\n\n\n\n<p>Grund zur\nFreude f\u00fcr Landaus Sch\u00fclerinnen und Sch\u00fcler: Um die 17 Schulen in st\u00e4dtischer\nTr\u00e4gerschaft fit f\u00fcr die Zukunft zu machen und insbesondere in Zeiten von\nHomeschooling und digitalem Unterricht die technische Ausstattung zu\nverbessern, hat die Stadt Landau 983 Tablets bestellt. Die Ger\u00e4te, davon 812\nfinanziert \u00fcber das Sofortaustattungsprogramm des Bundes und weitere 171 \u00fcber\ndas Land Rheinland-Pfalz, sind jetzt in Landau eingetroffen und werden mit\nUnterst\u00fctzung des Medienzentrums Landau-S\u00fcdliche Weinstra\u00dfe f\u00fcr den Unterricht aufbereitet.\nIn K\u00fcrze k\u00f6nnen sie den Schulen zur Ausleihe an Sch\u00fclerinnen und Sch\u00fcler zur\nVerf\u00fcgung gestellt werden.<\/p>\n\n\n\n<p>\u201eWir freuen\nuns, dass die schon sehns\u00fcchtig erwartete Lieferung endlich bei uns\neingetroffen ist\u201c, erkl\u00e4rt B\u00fcrgermeister Dr. Maximilian Ingenthron. \u201eDie\nTablets sind nicht nur wichtige Unterst\u00fctzung in Zeiten von Corona, sondern\nauch ein ganz wichtiger Schritt auf dem Weg zu einer umfassenden digitalen\nAusstattung unserer Schulgemeinschaften. Ein Schritt, dem noch viele weitere\nfolgen m\u00fcssen und werden\u201c, ist der Schuldezernent \u00fcberzeugt. <\/p>\n\n\n\n<p>Nach einem an\nder Zahl der Sch\u00fclerinnen und Sch\u00fcler sowie den bewilligten Antr\u00e4gen auf\nLernmittelfreiheit orientierten Schl\u00fcssel werden die Ger\u00e4te den Schulen\nzugeteilt. Wem ein Ger\u00e4t zugeteilt wird, entscheiden die Schulen selbst. Die\nGer\u00e4te bleiben im Eigentum der Stadt, werden aber dauerhaft an die Sch\u00fclerinnen\nund Sch\u00fclern ausgeliehen.<\/p>\n\n\n\n<p><em>Stadtverwaltung Landau in der Pfalz<br>12.02.2021<\/em><\/p>\n\n\n\n<h2 class=\"wp-block-heading\">R\u00fcckblick auf ein ereignisreiches Jahr: Stadtbibliothek Landau pr\u00e4sentiert Jahresbericht 2020<\/h2>\n\n\n\n<div class=\"wp-block-image\"><figure class=\"aligncenter\"><img decoding=\"async\" loading=\"lazy\" width=\"800\" height=\"534\" src=\"https:\/\/speyer24news.com\/wp-content\/uploads\/2021\/02\/11-02-2021-Info-Jahresbericht-Stadtbibliothek.jpg\" alt=\"\" class=\"wp-image-33145\" srcset=\"https:\/\/speyer24news.com\/wp-content\/uploads\/2021\/02\/11-02-2021-Info-Jahresbericht-Stadtbibliothek.jpg 800w, https:\/\/speyer24news.com\/wp-content\/uploads\/2021\/02\/11-02-2021-Info-Jahresbericht-Stadtbibliothek-300x200.jpg 300w, https:\/\/speyer24news.com\/wp-content\/uploads\/2021\/02\/11-02-2021-Info-Jahresbericht-Stadtbibliothek-768x513.jpg 768w\" sizes=\"(max-width: 800px) 100vw, 800px\" \/><figcaption>Bibliotheksleiterin Amelie L\u00f6hlein und Kulturdezernent Dr. Ingenthron mit einigen der im vergangenen Jahr meistgefragten Medien der Stadtbibliothek<em>.<\/em><br><em>Foto: Stadt Landau<\/em><\/figcaption><\/figure><\/div>\n\n\n\n<p>Landau liest auch in der\nPandemie: Besonders gerne greifen die Landauerinnen und Landauer dabei etwa zu\n\u201eLeben, schreiben, atmen\u201c von Doris D\u00f6rrie, \u201eDie Sonnenschwester\u201c von Lucinda\nRiley oder \u201eGregs Tagebuch 11\u201c. Das gilt zumindest f\u00fcr die 4.462 aktiven Nutzerinnen\nund Nutzer der Stadtbibliothek im Jahr 2020. Dass die Bibliothek zuerst wegen\nSanierungsarbeiten und dann wegen der Corona-Pandemie insgesamt elf Wochen\ngeschlossen bleiben musste, trug wohl auch dazu bei, dass die Leserinnen und\nLeser dazu st\u00e4rker als in den Vorjahren die Onleihe nutzten. Diese und viele\nweitere interessante Fakten rund um die Stadtbibliothek hat Leiterin Amelie\nL\u00f6hlein in ihrem Jahresbericht 2020 zusammengetragen und jetzt gemeinsam mit\nKulturdezernent Dr. Maximilian Ingenthron der \u00d6ffentlichkeit vorgestellt.<\/p>\n\n\n\n<p>\u201eWie viele andere blickt auch\ndas Team der Stadtbibliothek auf ein au\u00dfergew\u00f6hnliches Jahr 2020 zur\u00fcck\u201c, so\nDr. Ingenthron. \u201eEs gab keine B\u00fcchereitage, kaum Bibliotheksf\u00fchrungen und das\nneue Vorlese-Angebot konnte Corona-bedingt erstmal nur an zwei Terminen\nstattfinden. Daf\u00fcr wurde das Geb\u00e4ude der Stadtbibliothek saniert, die\nMitarbeiterinnen arrangierten f\u00fcr die Leserinnen und Leser B\u00fccher-Blind Dates\nund bieten seit Beginn des zweiten Lockdowns auch einen Abholservice an\u201c,\nerkl\u00e4rt der Kulturdezernent. So habe die Bibliothek auch im Corona-Jahr 2020\nihrer Bedeutung als kulturelle Einrichtung gerecht werden k\u00f6nnen. Sein\nbesonderer Dank daf\u00fcr gelte dem Team der Stadtbibliothek Landau um Amelie\nL\u00f6hlein, das diese wertvolle Institution auch in der aktuell schwierigen Zeit mit\nLeben f\u00fclle. \u201eOb zwischen zwei Buchdeckeln\noder virtuell \u2013 Lesen bleibt eine der tragenden S\u00e4ulen im kulturellen Gepr\u00e4ge\neiner freien und lebendigen Gesellschaft\u201c, bilanziert Dr. Ingenthron.<\/p>\n\n\n\n<p>\u201eNach diesem turbulenten und\nereignisreichen Jahr stellen wir dankbar fest, dass trotz oder gerade in der\nKrise der Stellenwert unserer Einrichtung f\u00fcr die Menschen in unserem\nEinzugsgebiet sehr hoch ist und B\u00fccher und andere Medien weiterhin eine gro\u00dfe\nRolle spielen\u201c, so Bibliotheksleiterin L\u00f6hlein. <\/p>\n\n\n\n<p>Obwohl die Bibliothek lange\nnicht f\u00fcr die Nutzerinnen und Nutzer zug\u00e4nglich gewesen sei, betrage das\nDefizit bei den Entleihungen lediglich knapp 6.000 Ausleihen im Vergleich zum\nVorjahr. Insgesamt wurden 265.405\nEntleihungen get\u00e4tigt. \u201eEinen deutlichen Zuwachs von \u00fcber 8.000 Entleihungen\nk\u00f6nnen wir daf\u00fcr bei der Onleihe verzeichnen, die vor allem w\u00e4hrend der Schlie\u00dfzeiten\nvermehrt genutzt wurde\u201c, so L\u00f6hlein. Auch bei der Zahl der aktiven Nutzerinnen\nund Nutzer sowie bei der Zahl der Neuanmeldungen seien die Einschr\u00e4nkungen durch\ndie Corona-Pandemie deutlich zu sp\u00fcren. \u201eVor allem die Besuche der Schulklassen\nsind in diesem Jahr ausgeblieben. Was sich auch bei den Besucherzahlen mit\neinem Defizit von etwa einem Drittel im Vergleich zum Vorjahr bemerkbar macht.\u201c\n<\/p>\n\n\n\n<p>Umso erfreulicher sei es\ngewesen, dass der Lesesommer trotz aller Einschr\u00e4nkungen mit nur kleinen\nVer\u00e4nderungen habe stattfinden k\u00f6nnen. \u201e341 Kinder und Jugendliche waren in\ndiesem Jahr wieder dabei und eine unserer Leserinnen hat sogar den landesweiten\nHauptpreis gewonnen\u201c; berichtet L\u00f6hlein.<\/p>\n\n\n\n<p>F\u00fcr 2021 hat sich die Stadtbibliothek\neiniges vorgenommen: Neben dem Ausbau des Vorleseangebots hat sie zus\u00e4tzliche Lizenzen\nf\u00fcr Kursangebote der Onleihe erworben. Themenschwerpunkte sind\nF\u00fchrungskompetenz, Kommunikation und Selbstmanagement. Au\u00dferdem soll das\ndigitale Ausleihangebot durch den Beitritt zum englischsprachigen Portal\nOverdrive erweitert werden. Wenn es die Infektionslage zul\u00e4sst, sollen auch die\nB\u00fcchereitage in diesem Jahr wieder stattfinden. Das geplante Programm findet\nsich unter <a href=\"http:\/\/www.landau.de\/B\u00fcchereitage\">www.landau.de\/B\u00fcchereitage<\/a>. Aufgrund des verl\u00e4ngerten Lockdowns m\u00fcssen die ersten\nbeiden Veranstaltungen \u201eDas Gewicht von Badeschaum\u201c und \u201eZur\u00fcck ins Leben \u2013 mit INTERPLAST-Germany in Nordindien\u201c leider entfallen.<\/p>\n\n\n\n<p><em>Stadtverwaltung Landau in der Pfalz \/ Stadtbibliothek Landau<br>12.02.2021<\/em><\/p>\n\n\n\n<h2 class=\"wp-block-heading\">Auch bei digitalem Format: B\u00fcrgerinnen und B\u00fcrger k\u00f6nnen weiter an allen Sitzungen der Gremien der Stadt Landau teilnehmen \u2013 Kurze vorherige Anmeldung gen\u00fcgt<\/h2>\n\n\n\n<figure class=\"wp-block-image\"><img decoding=\"async\" loading=\"lazy\" width=\"800\" height=\"533\" src=\"https:\/\/speyer24news.com\/wp-content\/uploads\/2021\/02\/10-02-2021-Info-Aussch\u00fcsse.jpg\" alt=\"\" class=\"wp-image-33144\" srcset=\"https:\/\/speyer24news.com\/wp-content\/uploads\/2021\/02\/10-02-2021-Info-Aussch\u00fcsse.jpg 800w, https:\/\/speyer24news.com\/wp-content\/uploads\/2021\/02\/10-02-2021-Info-Aussch\u00fcsse-300x200.jpg 300w, https:\/\/speyer24news.com\/wp-content\/uploads\/2021\/02\/10-02-2021-Info-Aussch\u00fcsse-768x512.jpg 768w\" sizes=\"(max-width: 800px) 100vw, 800px\" \/><figcaption>So wie hier der Hauptausschuss tagen viele st\u00e4dtische Gremien in der Corona-Krise digital.<br><em>Foto: Stadt Landau<\/em><\/figcaption><\/figure>\n\n\n\n<p>Die\nStadtverwaltung Landau macht nun darauf aufmerksam, dass B\u00fcrgerinnen und B\u00fcrger\nselbstverst\u00e4ndlich weiter an den \u00f6ffentlichen Teilen aller Sitzungen der\nst\u00e4dtischen Gremien teilnehmen k\u00f6nnen \u2013 auch wenn diese pandemiebedingt digital\nstattfinden. Eine kurze, formlose Anmeldung gen\u00fcgt. <\/p>\n\n\n\n<p>Ein Gro\u00dfteil der st\u00e4dtischen Aussch\u00fcsse und Beir\u00e4te tagt aktuell per Videokonferenz. Wer als B\u00fcrgerin bzw. B\u00fcrger teilnehmen m\u00f6chte, wird gebeten, vorab eine E-Mail an die Stabsstelle \u00d6ffentlichkeitsarbeit und B\u00fcrgerbeteiligung unter <a href=\"presse@landau.de\">presse@landau.de<\/a> zu schicken und erh\u00e4lt dann die Zugangsdaten. Eine Liste mit allen Sitzungen findet sich im st\u00e4dtischen Gremieninfoportal unter <a href=\"https:\/\/info.landau.de\/0001_bi\/info.asp\">https:\/\/info.landau.de\/0001_bi\/info.asp<\/a>. Alle Termine werden auch im Amtsblatt bekanntgegeben. Dieses wird in der Regel montags und donnerstags ver\u00f6ffentlicht und findet sich u.a. auf der Internetseite der Stadt unter <a href=\"http:\/\/www.landau.de\/amtsblatt\">www.landau.de\/amtsblatt<\/a>. <\/p>\n\n\n\n<p>Wer Interesse, jedoch keine M\u00f6glichkeit hat, digital an den st\u00e4dtischen Sitzungen teilzunehmen, wird gebeten, sich f\u00fcr eine individuelle L\u00f6sung telefonisch bei der Stabsstelle \u00d6ffentlichkeitsarbeit und B\u00fcrgerbeteiligung unter 0 63 41\/13 14 00 zu melden.<\/p>\n\n\n\n<p><em>Stadtverwaltung Landau in der Pfalz<br>12.02.2021<\/em><\/p>\n\n\n\n<h2 class=\"wp-block-heading\">Jugendarbeit st\u00e4rken und sichtbar machen: Jugendsammelwoche des Landesjugendrings von 22. April bis 1. Mai auch in Landau \u2013 Anmeldungen bis 27. Februar m\u00f6glich<\/h2>\n\n\n\n<div class=\"wp-block-image\"><figure class=\"aligncenter\"><img decoding=\"async\" loading=\"lazy\" width=\"500\" height=\"660\" src=\"https:\/\/speyer24news.com\/wp-content\/uploads\/2021\/02\/10-02-2021-Info-Jugendsammelwoche-.jpg\" alt=\"\" class=\"wp-image-33143\" srcset=\"https:\/\/speyer24news.com\/wp-content\/uploads\/2021\/02\/10-02-2021-Info-Jugendsammelwoche-.jpg 500w, https:\/\/speyer24news.com\/wp-content\/uploads\/2021\/02\/10-02-2021-Info-Jugendsammelwoche--227x300.jpg 227w\" sizes=\"(max-width: 500px) 100vw, 500px\" \/><figcaption>Die Jugendsammelwoche des Landesjugendrings findet in diesem Jahr von 22. April bis 1. Mai statt.<br><em>Foto: Landesjugendring Rheinland-Pfalz<\/em><\/figcaption><\/figure><\/div>\n\n\n\n<p>Jugendarbeit\nwird \u00fcberall in Rheinland-Pfalz durch ehrenamtliche T\u00e4tigkeit getragen und\norganisiert \u2013 auch w\u00e4hrend der Corona-Pandemie. Dieses gro\u00dfe Engagement braucht\nUnterst\u00fctzung. Die Jugendf\u00f6rderung der Stadt Landau macht deshalb auf die\ndiesj\u00e4hrige Jugendsammelwoche des Landesjugendrings Rheinland-Pfalz aufmerksam,\ndie von Donnerstag, 22. April, bis Samstag, 1. Mai, stattfindet. Anmeldeschluss\nist Samstag, 27. Februar.<\/p>\n\n\n\n<p>Teilnehmende Jugendgruppen k\u00f6nnen w\u00e4hrend\ndieses Zeitraums an verschiedenen Orten und zu unterschiedlichen Gelegenheiten Geld\nf\u00fcr die Jugendarbeit sammeln, nat\u00fcrlich unter Beachtung der geltenden Corona-Regeln.\nDie eine H\u00e4lfte des Gelds darf die sammelnde Gruppe selbst behalten und kann davon\ndas finanzieren, was ihnen wichtig ist, von der Renovierung der eigenen\nGruppenr\u00e4ume \u00fcber die Anschaffung von Spielen und sonstigen Materialien bis hin\nzum n\u00e4chsten Gruppenausflug. Die andere H\u00e4lfte der Spenden geht an den\nLandesjugendring, der damit verschiedene Projekte der Mitgliedsverb\u00e4nde und des\nLandesjugendrings unterst\u00fctzt. <\/p>\n\n\n\n<p>An der Sammlung d\u00fcrfen sich alle Jugendgruppen\nin Rheinland-Pfalz beteiligen, unabh\u00e4ngig von einer Mitgliedschaft im\nLandesjugendring. Schirmherrin ist Ministerpr\u00e4sidentin Malu Dreyer.<\/p>\n\n\n\n<p>Wer an der Sammelwoche teilnehmen m\u00f6chte, kann\nsich bis 27. Februar unter <a href=\"http:\/\/www.jugendsammelwoche.de\">www.jugendsammelwoche.de<\/a>\nanmelden und erh\u00e4lt dann etwa eine Woche vor Beginn des Aktionszeitraums die\nSammlungsunterlagen. Aufgrund des aktuell noch andauernden Pandemiegeschehens\nk\u00f6nnen sich kurzfristig \u00c4nderungen f\u00fcr den Ablauf ergeben. Teilnehmende Gruppen\nwerden deshalb gebeten, sich \u00fcber die Webseite auf dem Laufenden zu halten.<\/p>\n\n\n\n<p><em>Text: Jugendf\u00f6rderung der Stadt Landau Foto: Landesjugendring Rheinland-Pfalz<br>12.02.2021<\/em><\/p>\n\n\n\n<h1 class=\"wp-block-heading\" style=\"text-align:center\"><strong>Coronavirus: Fallzahlen im Landkreis S\u00fcdliche Weinstra\u00dfe und der Stadt Landau<\/strong><\/h1>\n\n\n\n<figure class=\"wp-block-image\"><img decoding=\"async\" loading=\"lazy\" width=\"800\" height=\"400\" src=\"https:\/\/speyer24news.com\/wp-content\/uploads\/2020\/02\/virus-1812092_1920.jpg\" alt=\"\" class=\"wp-image-25128\" srcset=\"https:\/\/speyer24news.com\/wp-content\/uploads\/2020\/02\/virus-1812092_1920.jpg 800w, https:\/\/speyer24news.com\/wp-content\/uploads\/2020\/02\/virus-1812092_1920-300x150.jpg 300w, https:\/\/speyer24news.com\/wp-content\/uploads\/2020\/02\/virus-1812092_1920-768x384.jpg 768w\" sizes=\"(max-width: 800px) 100vw, 800px\" \/><\/figure>\n\n\n\n<h2 class=\"wp-block-heading\">Donnerstag, (11.02.2021) <\/h2>\n\n\n\n<p>Nach aktuellem Stand (11.02.2021, 11:02 Uhr) haben\nsich seit der gestrigen Meldung <strong>9 <\/strong>weitereF\u00e4lle des\nCoronavirus (COVID-19) im Landkreis S\u00fcdliche Weinstra\u00dfe und der Stadt Landau best\u00e4tigt.\nInsgesamt wurden <strong>3.448 <\/strong>F\u00e4lle im\nZust\u00e4ndigkeitsbereich des Gesundheitsamts S\u00fcdliche Weinstra\u00dfe an das Landesuntersuchungsamt\n\u00fcbermittelt. <strong>3.014<\/strong> Personen sind\ngesundet*. <br>\nLeider muss ein neuer Todesfall verzeichnet werden. Es handelt sich um eine m\u00e4nnliche,\n\u00e4ltere Person aus der Verbandsgemeinde Annweiler, die mit oder an COVID-19\nverstorben ist. Insgesamt sind <strong>122<\/strong>\nPersonen verstorben. Den Angeh\u00f6rigen und Hinterbliebenen sprechen Landrat\nDietmar Seefeldt und Oberb\u00fcrgermeister Thomas Hirsch ihr herzliches Beileid\naus. <\/p>\n\n\n\n<h4 class=\"wp-block-heading\">Folgende Einrichtungen im Landkreis S\u00fcdliche Weinstra\u00dfe\nund der Stadt Landau sind aktuell neu betroffen:<\/h4>\n\n\n\n<ul><li><strong>Seniorenheim Ludwigsh\u00f6he Edenkoben<\/strong><\/li><li>1 Mitarbeiter wurde positiv auf SARS-CoV-2 getestet. Die weiteren Ermittlungen dauern noch an.<\/li><\/ul>\n\n\n\n<p>Aus Datenschutzgr\u00fcnden wird bei\nPersonenbezeichnungen und personenbezogenen Hauptw\u00f6rtern in dieser Meldung die\nm\u00e4nnliche Form verwendet. Entsprechende Begriffe k\u00f6nnen sich auch auf weibliche\nPersonen beziehen. <\/p>\n\n\n\n<ul><li><strong>Verbandsgemeinde Annweiler:<\/strong> 311 Personen (265 davon gesundet, 8 verstorben)<\/li><li><strong>Verbandsgemeinde Bad Bergzabern<\/strong>:515 Personen (450 davon gesundet, 16 verstorben)<\/li><li><strong>Verbandsgemeinde Edenkoben<\/strong>: 474 Personen (403 davon gesundet, 20 verstorben)<\/li><li><strong>Verbandsgemeinde Herxheim: <\/strong>361 Personen (329 davon gesundet, 16 verstorben)<\/li><li><strong>Verbandsgemeinde Landau-Land<\/strong>: 258 Personen (234 davon gesundet, 12 verstorben)<\/li><li><strong>Verbandsgemeinde Maikammer<\/strong>: 142 Personen (128 davon gesundet, 3 verstorben)<\/li><li><strong>Verbandsgemeinde Offenbach<\/strong>: 301 Personen (252 davon gesundet, 19 verstorben)<\/li><li><strong>Stadt Landau<\/strong>: 1.086 Personen (953 davon gesundet, 28 verstorben).<\/li><\/ul>\n\n\n\n<p>*Eine Person gilt als gesundet und wird aus\nder 10-t\u00e4gigen h\u00e4uslichen Quarant\u00e4ne entlassen, wenn sie 48 Stunden (an Tag 9\nund 10 der h\u00e4uslichen Quarant\u00e4ne) symptomfrei war. Ein erneuter Test findet bei\nPersonen in h\u00e4uslicher Quarant\u00e4ne nicht statt.<\/p>\n\n\n\n<p>Informationen zum Thema Coronavirus finden Sie\nauf der Homepage des Landkreises: <a href=\"http:\/\/www.suedliche-weinstrasse.de\">www.suedliche-weinstrasse.de<\/a>. Die aktuellen 7-Tage-Inzidenzwerte<strong> <\/strong>sind unter <a href=\"http:\/\/www.corona.rlp.de\/de\/aktuelles\/corona-warn-und-aktionsplan-rlp\/\">www.corona.rlp.de\/de\/aktuelles\/corona-warn-und-aktionsplan-rlp\/<\/a> zu finden.<\/p>\n\n\n\n<h2 class=\"wp-block-heading\">Mittwoch, (10.02.2021)<\/h2>\n\n\n\n<p>Nach aktuellem Stand (10.02.2021, 10:45 Uhr) haben\nsich seit der gestrigen Meldung <strong>21 <\/strong>weitereF\u00e4lle des\nCoronavirus (COVID-19) im Landkreis S\u00fcdliche Weinstra\u00dfe und der Stadt Landau best\u00e4tigt.\nInsgesamt wurden <strong>3.439 <\/strong>F\u00e4lle im\nZust\u00e4ndigkeitsbereich des Gesundheitsamts S\u00fcdliche Weinstra\u00dfe an das Landesuntersuchungsamt\n\u00fcbermittelt. <strong>2.957<\/strong> Personen sind\ngesundet*. <br>\nLeider muss ein neuer Todesfall verzeichnet werden. Es handelt sich um eine\nweibliche, \u00e4ltere Person aus der Verbandsgemeinde Offenbach, die mit oder an\nCOVID-19 verstorben ist. Insgesamt sind <strong>121<\/strong>\nPersonen verstorben. Den Angeh\u00f6rigen und Hinterbliebenen sprechen Landrat\nDietmar Seefeldt und Oberb\u00fcrgermeister Thomas Hirsch ihr herzliches Beileid\naus. <\/p>\n\n\n\n<h4 class=\"wp-block-heading\">Folgende Einrichtungen im Landkreis S\u00fcdliche Weinstra\u00dfe\nund der Stadt Landau sind aktuell neu betroffen:<\/h4>\n\n\n\n<ul><li><strong>Bethesda Landau<\/strong><\/li><li>1 Mitarbeiter und 1 Bewohner wurden positiv auf SARS-CoV-2 getestet. Die weiteren Ermittlungen dauern noch an. <\/li><\/ul>\n\n\n\n<p>Aus Datenschutzgr\u00fcnden wird bei\nPersonenbezeichnungen und personenbezogenen Hauptw\u00f6rtern in dieser Meldung die\nm\u00e4nnliche Form verwendet. Entsprechende Begriffe k\u00f6nnen sich auch auf weibliche\nPersonen beziehen. <\/p>\n\n\n\n<ul><li><strong>Verbandsgemeinde Annweiler:<\/strong> 309 Personen (260 davon gesundet, 7 verstorben)<\/li><li><strong>Verbandsgemeinde Bad Bergzabern<\/strong>:515 Personen (442 davon gesundet, 16 verstorben)<\/li><li><strong>Verbandsgemeinde Edenkoben<\/strong>: 474 Personen (396 davon gesundet, 20 verstorben)<\/li><li><strong>Verbandsgemeinde Herxheim: <\/strong>360 Personen (327 davon gesundet, 16 verstorben)<\/li><li><strong>Verbandsgemeinde Landau-Land<\/strong>: 256 Personen (228 davon gesundet, 12 verstorben)<\/li><li><strong>Verbandsgemeinde Maikammer<\/strong>: 141 Personen (123 davon gesundet, 3 verstorben)<\/li><li><strong>Verbandsgemeinde Offenbach<\/strong>: 301 Personen (251 davon gesundet, 19 verstorben)<\/li><li><strong>Stadt Landau<\/strong>: 1.083 Personen (930 davon gesundet, 28 verstorben).<\/li><\/ul>\n\n\n\n<p>*Eine Person gilt als gesundet und wird aus\nder 10-t\u00e4gigen h\u00e4uslichen Quarant\u00e4ne entlassen, wenn sie 48 Stunden (an Tag 9\nund 10 der h\u00e4uslichen Quarant\u00e4ne) symptomfrei war. Ein erneuter Test findet bei\nPersonen in h\u00e4uslicher Quarant\u00e4ne nicht statt.<\/p>\n\n\n\n<p>Informationen zum Thema Coronavirus finden Sie auf der Homepage des Landkreises: <a href=\"http:\/\/www.suedliche-weinstrasse.de\">www.suedliche-weinstrasse.de<\/a>. Die aktuellen 7-Tage-Inzidenzwerte<strong> <\/strong>sind unter <a href=\"http:\/\/www.corona.rlp.de\/de\/aktuelles\/corona-warn-und-aktionsplan-rlp\/\">www.corona.rlp.de\/de\/aktuelles\/corona-warn-und-aktionsplan-rlp\/<\/a> zu finden.<\/p>\n\n\n\n<p><em>Gemeinsame Pressemitteilung der Kreisverwaltung S\u00fcdliche Weinstra\u00dfe und der Stadtverwaltung Landau<br>12.02.2021<\/em><\/p>\n","protected":false},"excerpt":{"rendered":"<div class=\"mh-excerpt\"><p>Zwei \u00dcberquerungshilfen f\u00fcr Fu\u00dfg\u00e4ngerinnen und Fu\u00dfg\u00e4nger und ein Schutzstreifen f\u00fcr Radfahrerinnen und Radfahrer: Stadt Landau will Eichbornstra\u00dfe bei Ausbau verkehrssicherer machen Wie sieht die Eichbornstra\u00dfe der Zukunft aus? Die Mobilit\u00e4tsabteilung der Stadt Landau hat ihre <a class=\"mh-excerpt-more\" href=\"https:\/\/speyer24news.com\/?p=33142\" title=\"Landau, Kreis LD und Landkreis S\u00fcdliche Weinstra\u00dfe\">[&#8230;]<\/a><\/p>\n<\/div>","protected":false},"author":3,"featured_media":33151,"comment_status":"open","ping_status":"open","sticky":false,"template":"","format":"standard","meta":{"_monsterinsights_skip_tracking":false,"_monsterinsights_sitenote_active":false,"_monsterinsights_sitenote_note":"","_monsterinsights_sitenote_category":0,"footnotes":""},"categories":[675,1622],"tags":[6648,6913,7076,7400,9634,9889,7252,7251,7399,9965,934,9962,9751,6681,9394,4494,9967,9966,9968,4149,58,1697,9960,9961,9969,2865,2280,359,8572,9963,9964,9959,9957,9956,9958],"aioseo_notices":[],"amp_enabled":true,"_links":{"self":[{"href":"https:\/\/speyer24news.com\/index.php?rest_route=\/wp\/v2\/posts\/33142"}],"collection":[{"href":"https:\/\/speyer24news.com\/index.php?rest_route=\/wp\/v2\/posts"}],"about":[{"href":"https:\/\/speyer24news.com\/index.php?rest_route=\/wp\/v2\/types\/post"}],"author":[{"embeddable":true,"href":"https:\/\/speyer24news.com\/index.php?rest_route=\/wp\/v2\/users\/3"}],"replies":[{"embeddable":true,"href":"https:\/\/speyer24news.com\/index.php?rest_route=%2Fwp%2Fv2%2Fcomments&post=33142"}],"version-history":[{"count":1,"href":"https:\/\/speyer24news.com\/index.php?rest_route=\/wp\/v2\/posts\/33142\/revisions"}],"predecessor-version":[{"id":33152,"href":"https:\/\/speyer24news.com\/index.php?rest_route=\/wp\/v2\/posts\/33142\/revisions\/33152"}],"wp:featuredmedia":[{"embeddable":true,"href":"https:\/\/speyer24news.com\/index.php?rest_route=\/wp\/v2\/media\/33151"}],"wp:attachment":[{"href":"https:\/\/speyer24news.com\/index.php?rest_route=%2Fwp%2Fv2%2Fmedia&parent=33142"}],"wp:term":[{"taxonomy":"category","embeddable":true,"href":"https:\/\/speyer24news.com\/index.php?rest_route=%2Fwp%2Fv2%2Fcategories&post=33142"},{"taxonomy":"post_tag","embeddable":true,"href":"https:\/\/speyer24news.com\/index.php?rest_route=%2Fwp%2Fv2%2Ftags&post=33142"}],"curies":[{"name":"wp","href":"https:\/\/api.w.org\/{rel}","templated":true}]}}