{"id":33153,"date":"2021-02-12T11:18:05","date_gmt":"2021-02-12T10:18:05","guid":{"rendered":"https:\/\/speyer24news.com\/?p=33153"},"modified":"2021-02-12T11:18:06","modified_gmt":"2021-02-12T10:18:06","slug":"ludwigshafen-7","status":"publish","type":"post","link":"https:\/\/speyer24news.com\/?p=33153","title":{"rendered":"Ludwigshafen"},"content":{"rendered":"<style type=\"text\/css\">\r\n\t.ads_top_disp{}\r\n\t.ads_top_corner_disp{ float:left; margin:0px 10px 10px 0px; }\r\n\t.ads_first_p_disp{}\r\n\t.ads_bottom_disp{}\r\n\t<\/style>\n<div class=\"wp-block-image\"><figure class=\"aligncenter\"><img decoding=\"async\" loading=\"lazy\" width=\"180\" height=\"199\" src=\"https:\/\/speyer24news.com\/wp-content\/uploads\/2020\/01\/Ludwigshafen-Wappen.jpg\" alt=\"\" class=\"wp-image-24393\"\/><\/figure><\/div>\n\n\n\n<h2 class=\"wp-block-heading\"><strong>Sprechstunde des Ortsvorstehers<\/strong><\/h2>\n\n\n\n<p>Die Sprechstunde des Ortsvorstehers der S\u00fcdlichen\nInnenstadt, Christoph Heller, am Donnerstag, 18. Februar 2021 findet nicht\nstatt. Die B\u00fcrger*innen k\u00f6nnen sich in der Zeit von 16 bis 17 Uhr\ntelefonisch unter der Nummer 0171 5247720 an den Ortsvorsteher wenden.<\/p>\n\n\n\n<p><em>Stadt Ludwigshafen am Rhein<br>12.02.2021<\/em><\/p>\n\n\n\n<h2 class=\"wp-block-heading\"><strong>Umgang mit der Biotonne im Winter<\/strong><\/h2>\n\n\n\n<figure class=\"wp-block-image\"><img decoding=\"async\" loading=\"lazy\" width=\"800\" height=\"557\" src=\"https:\/\/speyer24news.com\/wp-content\/uploads\/2021\/02\/WhatsApp-Image-2021-02-11-at-09.48.53.jpeg\" alt=\"\" class=\"wp-image-33091\" srcset=\"https:\/\/speyer24news.com\/wp-content\/uploads\/2021\/02\/WhatsApp-Image-2021-02-11-at-09.48.53.jpeg 800w, https:\/\/speyer24news.com\/wp-content\/uploads\/2021\/02\/WhatsApp-Image-2021-02-11-at-09.48.53-300x209.jpeg 300w, https:\/\/speyer24news.com\/wp-content\/uploads\/2021\/02\/WhatsApp-Image-2021-02-11-at-09.48.53-768x535.jpeg 768w\" sizes=\"(max-width: 800px) 100vw, 800px\" \/><\/figure>\n\n\n\n<p>An diesen frostigen Tagen frieren oftmals Bioabf\u00e4lle am Boden und an den Seitenw\u00e4nden der Biom\u00fclltonnen an. Der gefrorene Inhalt bleibt zum \u00c4rger der Benutzer*innen in der Tonne h\u00e4ngen, anstatt ins M\u00fcllfahrzeug zu rutschen. Obwohl die Mitarbeiter*innen des Wirtschaftsbetriebes Ludwigshafen (WBL) versuchen, den Tonneninhalt durch mehrmaliges Klopfen zu lockern, kommt es vor, dass halbvolle Beh\u00e4lter zur\u00fcckbleiben.<\/p>\n\n\n\n<p>Damit die Abfuhr auch bei anhaltenden Minustemperaturen effektiv durchgef\u00fchrt werden kann, wird angeraten, Bioabf\u00e4lle in der K\u00fcche abtropfen und antrocknen zu lassen, bevor sie dick in Zeitungspapier eingewickelt in die Biotonne gegeben werden. Alternativ hierzu k\u00f6nnen auch im Handel erh\u00e4ltliche Papiert\u00fcten verwendet werden. Die Abfallberatung der Stadt Ludwigsh\u00e4fen r\u00e4t, die eingewickelten Bioabf\u00e4lle nur locker in die Tonne einzuf\u00fcllen, da jedes Zusammendr\u00fccken die Leerung zus\u00e4tzlich erschwert. Abhilfe gegen das Festfrieren schaffe ebenfalls das Auslegen der Biotonne mit Zeitungspapier oder Pappe. <\/p>\n\n\n\n<p>Die Biotonne sollte nach M\u00f6glichkeit an einen frostgesch\u00fctzten Ort stehen wie zum Beispiel Garage, Schuppen oder warme Hauswand. Von dort aus sollte diese am besten erst am Tag der Leerung an die Stra\u00dfe gestellt werden und nicht schon am Vorabend. Sollte trotz all dieser Ma\u00dfnahmen der Inhalt der Biotonne am Entleerungstag festsitzen, dann kann er zum Beispiel mit einem langen Stock oder einem Spaten vorsichtig aufgelockert oder von der Tonnenwand gel\u00f6st werden. <\/p>\n\n\n\n<p>Bleiben festgefrorene Abf\u00e4lle bei der Leerung in der Tonne, besteht kein Anspruch auf nachtr\u00e4gliche Entsorgung. Weitere Informationen bei der Abfallberatung unter 0621 504-3455 oder <a href=\"mailto:umwelt@ludwigshafen.de\">umwelt@ludwigshafen.de<\/a><\/p>\n\n\n\n<p><em>Stadt Ludwigshafen am Rhein<br>12.02.2021<\/em><\/p>\n\n\n\n<h2 class=\"wp-block-heading\"><strong>Digitales Bienenarchiv: Es summt und brummt im World Wide Web<\/strong><\/h2>\n\n\n\n<figure class=\"wp-block-image\"><img decoding=\"async\" loading=\"lazy\" width=\"800\" height=\"600\" src=\"https:\/\/speyer24news.com\/wp-content\/uploads\/2020\/01\/Wilhelm-Hack-Museum-800x600.jpg\" alt=\"\" class=\"wp-image-24704\" srcset=\"https:\/\/speyer24news.com\/wp-content\/uploads\/2020\/01\/Wilhelm-Hack-Museum-800x600.jpg 800w, https:\/\/speyer24news.com\/wp-content\/uploads\/2020\/01\/Wilhelm-Hack-Museum-800x600-300x225.jpg 300w, https:\/\/speyer24news.com\/wp-content\/uploads\/2020\/01\/Wilhelm-Hack-Museum-800x600-768x576.jpg 768w, https:\/\/speyer24news.com\/wp-content\/uploads\/2020\/01\/Wilhelm-Hack-Museum-800x600-678x509.jpg 678w, https:\/\/speyer24news.com\/wp-content\/uploads\/2020\/01\/Wilhelm-Hack-Museum-800x600-326x245.jpg 326w, https:\/\/speyer24news.com\/wp-content\/uploads\/2020\/01\/Wilhelm-Hack-Museum-800x600-80x60.jpg 80w\" sizes=\"(max-width: 800px) 100vw, 800px\" \/><\/figure>\n\n\n\n<p>Im\nSommer 2019 hat das Kunstprojekt &#8222;Ludwigshafen summt und brummt&#8220; des\nWilhelm-Hack-Museums die unverzichtbare Bedeutung der Insekten, insbesondere\nder (Wild-)Bienen, f\u00fcr Mensch und Natur in den Fokus genommen. Aufgrund der\nhohen Aktualit\u00e4t und steigenden Relevanz bereitete das Wilhelm-Hack-Museum sein\nk\u00fcnstlerisches Projekt digital auf und macht es jetzt in Form eines\nOnline-Archivs dauerhaft zug\u00e4nglich.<\/p>\n\n\n\n<p>R\u00fcckblick:\nDas interdisziplin\u00e4re und teilhabeorientierte Projekt hatte Besucher*innen,\nK\u00fcnstler*innen, Wissenschaftler*innen und lokale Akteur*innen zusammengebracht\nund das komplexe Gef\u00fcge zwischen Menschen und (Wild-)Bienen multiperspektivisch\nsichtbar, erfahrbar und diskutierbar gemacht. Es er\u00f6ffnete neue und kritische\nDenk- und Handlungsr\u00e4ume in Bezug auf den Erhalt der Artenvielfalt, eine\nnachhaltige Stadtentwicklung und das eigene insektenfreundliche Handeln. <\/p>\n\n\n\n<p>\u00c4hnlich\nwie &#8222;Ludwigshafen summt und brummt&#8220;, das mit einer Ausstellung in der\nRudolf-Scharpf-Galerie, mit dem k\u00fcnstlerischen Forschungslabor SUMMARIUM sowie\nmit Bl\u00fchwiesen im Stadtraum zu einer verantwortungsvollen Beziehung zwischen\nMensch und Natur anregen wollte, ist auch die Website in unterschiedliche,\nteils interaktiv gestaltete, Bereiche gegliedert: So ist unter dem Men\u00fcpunkt\nhack-museumsgARTen\u201c Wissenswertes zu eben jenem zusammengefasst und bebildert mittels\nzahlreicher Fotoaufnahmen, wie der Gemeinschaftsgarten im Herzen der Stadt\nLudwigshafen zu einem Paradies f\u00fcr Bienen und Raum der Entfaltung von Pflanzen\nund Insekten wurde.<\/p>\n\n\n\n<p>An\neinen sich aufl\u00f6senden Bienenschwarm erinnert die Ausstellungsdokumentation in\nder Rudolf-Scharpf-Galerie. Arbeiten von K\u00fcnstler*innen wie Olaf Nicolai, Fritz\nEicher oder AnneMarie Maes, die beispielsweise die Funktion der (Wild-)Bienen\nals best\u00e4ubende Nutztiere, ihre Relevanz f\u00fcr die Artenvielfalt und die\n\u00f6kologischen Kreisl\u00e4ufe thematisieren, werden hier noch einmal genauer\nvorgestellt. <\/p>\n\n\n\n<p>Auch\ndas SUMMARIUM, die von der K\u00fcnstlerin und Kunstvermittlerin Constanze Eckert\nk\u00fcnstlerisch konzipierte Forschungsstation, l\u00e4sst sich nun wieder \u2013 zumindest\nvirtuell \u2013 besuchen. Zu entdecken gibt es neben verschiedensten\nBienenzeichnungen, Informationen zum Begleitprogramm oder zur damals extra\neingerichteten Bienenlounge im Wilhelm-Hack-Museum.<\/p>\n\n\n\n<p>Anhand\neiner interaktiven Karte wurde sogar der Bienenpfad digital archiviert. Er l\u00e4dt\nein zum (digitalen) Ausschw\u00e4rmen, beinhaltetet Videos,\nDo-it-yourself-Anleitungen und zahlreiche Informationen zum Ausschw\u00e4rmen vor\nOrt.<\/p>\n\n\n\n<p>&#8222;Ludwigshafen summt und brummt&#8220; besch\u00e4ftigte sich mit der Fragestellung des BASF Kulturf\u00f6rderprogramms TOR 4: Warum wird eigentlich alles besser? Zu finden ist das digitale Bienenarchiv auf der Homepage des Museums, <a href=\"http:\/\/www.wilhelmhack.museum\">www.wilhelmhack.museum<\/a> und \u00fcber <a href=\"https:\/\/summtundbrummt.wilhelmhack.museum\/\">https:\/\/summtundbrummt.wilhelmhack.museum\/<\/a><\/p>\n\n\n\n<p><em>Stadt Ludwigshafen am Rhein \/ Wilhelm-Hack-Museum<br>12.02.2021<\/em><\/p>\n\n\n\n<h1 class=\"wp-block-heading\" style=\"text-align:center\">Volkshochschule (VHS) Ludwigshafen<\/h1>\n\n\n\n<figure class=\"wp-block-image\"><img decoding=\"async\" src=\"https:\/\/speyer24news.com\/wp-content\/uploads\/2020\/01\/VHS.png\" alt=\"\" class=\"wp-image-23911\"\/><\/figure>\n\n\n\n<h2 class=\"wp-block-heading\"><strong>Wirbels\u00e4ulengymnastik\nf\u00fcr Senior*innen \u2013 neuer Online-Kurs der VHS<\/strong><\/h2>\n\n\n\n<p>F\u00fcr Senior*innen bietet die Volkshochschule (VHS) Ludwigshafen <strong>ab Dienstag, 23. Februar 2021<\/strong>, einen Onlinekurs Wirbels\u00e4ulengymnastik an. Die Einheiten an den acht Terminen dauern jeweils von 10.30 bis 11.45 Uhr. Die Geb\u00fchr betr\u00e4gt 52 Euro. Die Kursleiterin, Diana Gillmann, ist ausgebildete Yoga-, Kinderyoga-, sowie Pilatestrainerin. Die \u00dcbungen sollen den K\u00f6rper beweglicher und die Gelenke geschmeidiger machen.\u00a0 Der K\u00f6rper braucht immer Bewegung und wer seinen K\u00f6rper fit h\u00e4lt, hat gute Chancen, l\u00e4nger beschwerdefrei, selbstst\u00e4ndig und mobil zu bleiben. Darum ist Bewegung auch im Alter wichtig.<\/p>\n\n\n\n<p>In der ersten Stunde wird das Konferenzsystem und der Umgang damit erl\u00e4utert, sodass eine Teilnahme am Onlinekurs f\u00fcr jede*n m\u00f6glich ist. Der Kurs findet im Internet in einem gesch\u00fctzten virtuellen Seminarraum der Lernplattform &#8222;vhs.cloud&#8220; statt. Die Zahl der Teilnehmenden ist begrenzt, sodass die Dozentin die M\u00f6glichkeit hat, auf Einzelne einzugehen. Anmeldungen nimmt die VHS unter Telefon 0621 504-2238 entgegen oder online auf <a href=\"http:\/\/www.vhs-lu.de\">www.vhs-lu.de<\/a>.<\/p>\n\n\n\n<h2 class=\"wp-block-heading\"><strong>Mit der VHS Nichtraucher*in werden<\/strong><\/h2>\n\n\n\n<div class=\"wp-block-image\"><figure class=\"aligncenter\"><img decoding=\"async\" loading=\"lazy\" width=\"800\" height=\"600\" src=\"https:\/\/speyer24news.com\/wp-content\/uploads\/2021\/02\/non-smoking-2497308_1920.jpg\" alt=\"\" class=\"wp-image-33154\" srcset=\"https:\/\/speyer24news.com\/wp-content\/uploads\/2021\/02\/non-smoking-2497308_1920.jpg 800w, https:\/\/speyer24news.com\/wp-content\/uploads\/2021\/02\/non-smoking-2497308_1920-300x225.jpg 300w, https:\/\/speyer24news.com\/wp-content\/uploads\/2021\/02\/non-smoking-2497308_1920-768x576.jpg 768w, https:\/\/speyer24news.com\/wp-content\/uploads\/2021\/02\/non-smoking-2497308_1920-678x509.jpg 678w, https:\/\/speyer24news.com\/wp-content\/uploads\/2021\/02\/non-smoking-2497308_1920-326x245.jpg 326w, https:\/\/speyer24news.com\/wp-content\/uploads\/2021\/02\/non-smoking-2497308_1920-80x60.jpg 80w\" sizes=\"(max-width: 800px) 100vw, 800px\" \/><\/figure><\/div>\n\n\n\n<p>Die Volkshochschule (VHS) Ludwigshafen bietet im aktuellen Semester <strong>ab Donnerstag, 25. Februar 2021<\/strong>, das Rauchfrei-Programm in einer Onlineversion an. Der Kurs besteht aus vier Terminen bis zum 18. M\u00e4rz 2021. Er richtet sich an Menschen, die das Rauchen aufgeben m\u00f6chten. Die vier Termine finden als Videokonferenz statt. Zwischen den Terminen findet eine Online-Betreuung durch die Dozentin im Kursraum statt und die Teilnehmenden k\u00f6nnen sich dort untereinander austauschen und gegenseitig motivieren. Das Angebot entspricht den Anforderungen des Paragraf 20 SGB V, so dass eine (Teil-)Erstattung der Geb\u00fchr von 165 Euro durch die gesetzlichen Krankenkassen denkbar ist. <\/p>\n\n\n\n<p>Zun\u00e4chst analysieren alle im\nKurs ihr individuelles Rauchverhalten: Warum rauche ich? Wann rauche ich\nbesonders viel und in welchen Situationen weniger? Anschlie\u00dfend konzentriert\nsich der Kurs auf die Planung der ersten rauchfreien Zeit. Das Konzept\nber\u00fccksichtigt, dass jede*r Raucher*in anders ist und bietet individuelle Wege\nzum rauchfreien Leben. Jeder wird seinen eigenen Weg entwickeln und finden. Zum\nProgramm geh\u00f6rt auch eine telefonische Nachbetreuung. Das Rauchfrei-Programm\nhat die Tabakentw\u00f6hnung nach neuesten wissenschaftlichen Erkenntnissen und\nneuesten therapeutischen Techniken zum Ziel. Es wurde vom M\u00fcnchener Institut\nf\u00fcr Therapieforschung (IFT) in Zusammenarbeit mit der Bundeszentrale f\u00fcr\ngesundheitliche Aufkl\u00e4rung entwickelt. Die Kursleiterin ist vom IFT\nzertifiziert und von der Zentralstelle f\u00fcr Pr\u00e4vention anerkannt. Der Kurs\nfindet mit Hilfe der Lernplattform &#8222;vhs.cloud&#8220; statt.&nbsp; Anmeldeschluss ist Donnerstag, 18. Februar\n2021. <\/p>\n\n\n\n<p>Anmelden kann man sich an der\nVHS unter Telefon 0621 504-2238 oder online unter <a href=\"http:\/\/www.vhs-lu.de\">www.vhs-lu.de<\/a>.<\/p>\n\n\n\n<p><em>Stadt Ludwigshafen am Rhein \/ Volkshochschule (VHS)<br>12.02.2021<\/em><\/p>\n\n\n\n<h1 class=\"wp-block-heading\" style=\"text-align:center\">Corona-Virus<\/h1>\n\n\n\n<figure class=\"wp-block-image\"><img decoding=\"async\" loading=\"lazy\" width=\"800\" height=\"400\" src=\"https:\/\/speyer24news.com\/wp-content\/uploads\/2020\/02\/virus-1812092_1920.jpg\" alt=\"\" class=\"wp-image-25128\" srcset=\"https:\/\/speyer24news.com\/wp-content\/uploads\/2020\/02\/virus-1812092_1920.jpg 800w, https:\/\/speyer24news.com\/wp-content\/uploads\/2020\/02\/virus-1812092_1920-300x150.jpg 300w, https:\/\/speyer24news.com\/wp-content\/uploads\/2020\/02\/virus-1812092_1920-768x384.jpg 768w\" sizes=\"(max-width: 800px) 100vw, 800px\" \/><\/figure>\n\n\n\n<h2 class=\"wp-block-heading\"><strong>Masken f\u00fcr Leistungsempf\u00e4nger*innen werden versendet<\/strong><\/h2>\n\n\n\n<figure class=\"wp-block-image\"><img decoding=\"async\" loading=\"lazy\" width=\"800\" height=\"583\" src=\"https:\/\/speyer24news.com\/wp-content\/uploads\/2021\/01\/Atemmaske.jpg\" alt=\"\" class=\"wp-image-32311\" srcset=\"https:\/\/speyer24news.com\/wp-content\/uploads\/2021\/01\/Atemmaske.jpg 800w, https:\/\/speyer24news.com\/wp-content\/uploads\/2021\/01\/Atemmaske-300x219.jpg 300w, https:\/\/speyer24news.com\/wp-content\/uploads\/2021\/01\/Atemmaske-768x560.jpg 768w\" sizes=\"(max-width: 800px) 100vw, 800px\" \/><\/figure>\n\n\n\n<p>Nachdem auf Initiative von Sozialdezernentin Beate Steeg in einer Spendenaktion vergangene Woche bereits FFP2-Masken und medizinische Masken unter anderem an Asylsuchende, an Bewohner*innen in den Einweisungsgebieten f\u00fcr Obdachlose sowie an Helfer*innen und Kund*innen von Tafel, Suppenk\u00fcche und Heinrich Pesch Haus verteilt worden sind, werden nun FFP2- und medizinische Masken an rund 25.000 Leistungsempf\u00e4nger*innen von Sozialleistungen (SGB II, SGB XII, Hilfe zum Lebensunterhalt und AsylbLG) versendet. <\/p>\n\n\n\n<p>Die Masken werden vom Land Rheinland-Pfalz zur Verf\u00fcgung gestellt. Etwa 25 Mitarbeitende der Stadtverwaltung, haupts\u00e4chlich des Dezernats f\u00fcr Soziales und Integration, verpacken sie und machen sie zum Versand per Post fertig. Die Masken werden in den kommenden Tagen versendet. Jeder Briefumschlag enth\u00e4lt drei Schutzmasken sowie ein Anschreiben der Sozialdezernentin. Die Kosten f\u00fcr die Versendung per Post tr\u00e4gt die Stadt Ludwigshafen. <\/p>\n\n\n\n<p>&#8222;Mittlerweile ist das Tragen von FFP2- oder OP-Masken in Bussen und Bahnen, beim Einkaufen und bei Beh\u00f6rden Pflicht. Daher ist es mir ein Anliegen, dass gerade Menschen, die auf Sozialleistungen angewiesen sind, unterst\u00fctzt werden und kostenlos Masken erhalten k\u00f6nnen. Ich danke der Landesregierung, dass sie den Leistungsempf\u00e4nger*innen kostenlos Schutzmasken zur Verf\u00fcgung stellt. Die Stadt Ludwigshafen h\u00e4tte dies finanziell nicht stemmen k\u00f6nnen. Ausdr\u00fccklich m\u00f6chte ich mich bei allen bedanken, die derzeit zum schnellen Gelingen dieser Verteilaktion beitragen&#8220;, sagt Sozialdezernentin Beate Steeg.<\/p>\n\n\n\n<p><em>Stadt Ludwigshafen am Rhein<br>12.02.2021<\/em><\/p>\n\n\n\n<h2 class=\"wp-block-heading\"><strong>Sinkende Inzidenzzahlen: Stadt hebt Allgemeinverf\u00fcgung auf<\/strong><\/h2>\n\n\n\n<div class=\"wp-block-image\"><figure class=\"aligncenter\"><img decoding=\"async\" loading=\"lazy\" width=\"500\" height=\"500\" src=\"https:\/\/speyer24news.com\/wp-content\/uploads\/2020\/02\/virus-4810549_1920.png\" alt=\"\" class=\"wp-image-25116\" srcset=\"https:\/\/speyer24news.com\/wp-content\/uploads\/2020\/02\/virus-4810549_1920.png 500w, https:\/\/speyer24news.com\/wp-content\/uploads\/2020\/02\/virus-4810549_1920-150x150.png 150w, https:\/\/speyer24news.com\/wp-content\/uploads\/2020\/02\/virus-4810549_1920-300x300.png 300w\" sizes=\"(max-width: 500px) 100vw, 500px\" \/><\/figure><\/div>\n\n\n\n<p>Die\nStadt Ludwigshafen hebt ihre derzeit geltende Allgemeinverf\u00fcgung zur Bek\u00e4mpfung\nder Corona-Pandemie mit sofortiger Wirkung auf. Damit entfallen die\nAusgangsbeschr\u00e4nkung von 21 bis 5 Uhr sowie die Pflicht zum Tragen von Masken\nin Bereichen der Innenstadt von 8 bis 20 Uhr und die Besuchsbeschr\u00e4nkungen in\nden Pflege- und Senioreneinrichtungen. <\/p>\n\n\n\n<p>&#8222;Wir\nreagieren mit dieser Entscheidung auf die r\u00fcckl\u00e4ufigen Fallzahlen und den damit\nverbundenen R\u00fcckgang bei der Inzidenzzahl f\u00fcr sieben Tage. Sie liegt derzeit bei\n66,2. Ludwigshafen ist kein Corona-Hotspot mehr. Damit haben wir in unserer\nStadt gemeinsam einen wichtigen Meilenstein bei der Bek\u00e4mpfung der\nCorona-Pandemie geschafft. Mein Dank geht an alle, die dazu beigetragen haben:\nan die B\u00fcrger*innen, die sich weitgehend an die Einschr\u00e4nkungen gehalten haben,\nebenso, wie an die Besch\u00e4ftigten im Gesundheitswesen und der Stadtverwaltung,\nbei der Polizei und beim Bereich \u00d6ffentliche Ordnung&#8220;, so OB Jutta\nSteinruck, die die Entscheidung gemeinsam mit dem Stadtvorstand und in\nAbstimmung mit den Fachbeh\u00f6rden getroffen hatte. &#8222;Ein weiterer Grund f\u00fcr\ndie Entscheidung, die Allgemeinverf\u00fcgung aufzuheben, liegt darin, dass auch die\nneuen Testergebnisse in der Sammelunterkunft in der Mannheimer Stra\u00dfe die\nAnnahme best\u00e4tigen, dass es dort nicht zu einem Massenausbruch von Corona und\nnicht zu einer weiteren Verbreitung der Mutation gekommen ist&#8220;, erkl\u00e4rte\nSteinruck. <\/p>\n\n\n\n<p>Damit\nsei es m\u00f6glich geworden, die f\u00fcr viele Menschen belastenden Einschr\u00e4nkungen\nzur\u00fcckzunehmen. Die Stadt habe in den vergangenen Monaten stets sorgf\u00e4ltig\nabgewogen, ob und inwieweit Rechte der B\u00fcrger*innen aufgrund des\nInfektionsschutzes eingeschr\u00e4nkt werden m\u00fcssten. <\/p>\n\n\n\n<p>&#8222;Corona\nbleibt dennoch gef\u00e4hrlich, die Pandemie ist noch lange nicht vorbei. Deswegen\nappelliere ich an die Menschen in der Stadt, auch weiterhin die bekannten\nAbstands- und Hygieneregeln einzuhalten, die Kontaktbeschr\u00e4nkungen ernst zu\nnehmen und medizinische Masken oder FFP2-Masken zu tragen, wo immer dies\nvorgeschrieben ist. Wir d\u00fcrfen nicht nachlassen, denn es ist klar, dass wir mit\nneuen Einschr\u00e4nkungen rechnen m\u00fcssen, sollten die Fallzahlen wieder\nansteigen&#8220;, bekr\u00e4ftigte die OB<\/p>\n\n\n\n<p>In\nLudwigshafen gelten weiterhin die Vorgaben aus der Corona-Bek\u00e4mpfungsverordnung\ndes Landes Rheinland-Pfalz, unter anderem zum Aufenthalt im \u00f6ffentlichen Raum.<\/p>\n\n\n\n<h4 class=\"wp-block-heading\"><strong>Zwischenergebnis\nder Massentests liegt vor: Ein weiteres Testergebnis positiv<\/strong><\/h4>\n\n\n\n<p>Bei\nden von der Stadtverwaltung veranlassten Massentests in der Sammelunterkunft\nMannheimer Stra\u00dfe wurde ein weiterer Bewohner positiv getestet. Der Mann ist an\nCovid-19 erkrankt, eine Mutation des Virus konnte nicht nachgewiesen werden. Er\nzeigt derzeit keine Symptome. Der Mann wurde unmittelbar nach Bekanntwerden des\nTestergebnisses in eine andere Unterkunft verlegt. Die weiteren durchgef\u00fchrten\nTests waren negativ. <\/p>\n\n\n\n<p>Zweimal\nnegativ getestet wurde auch der unmittelbare Mitbewohner des in der vergangenen\nWoche erkrankten Mannes. Er hatte gestern \u00fcber Unwohlsein geklagt, mittlerweile\ngeht es ihm wieder gut.<\/p>\n\n\n\n<h4 class=\"wp-block-heading\"><strong>Zum Hintergrund:<\/strong> <\/h4>\n\n\n\n<p>Nachdem vergangene Woche bei einem Bewohner der Sammelunterkunft, der bereits 2020 an Corona erkrankt war, das Virus erneut festgestellt und zudem eine Mutation des Virus nachgewiesen worden war, stellte die Stadtverwaltung die Unterkunft unter Quarant\u00e4ne und veranlasste umgehend Corona-Tests bei den Bewohnern. Diese werden auch in den kommenden Tagen fortgef\u00fchrt. Das zust\u00e4ndige Gesundheitsamt des Rhein-Pfalz-Kreises hat gegen\u00fcber der Stadtverwaltung zwischenzeitlich bekr\u00e4ftigt, dass es f\u00fcr alle Bewohner der Unterkunft in der Mannheimer Stra\u00dfe auf eine 14-t\u00e4gige Absonderung besteht, unabh\u00e4ngig davon, ob negative Testergebnisse vorliegen. Diese Anordnung wird die Stadtverwaltung nun entsprechend umsetzen. Die Bewohner werden mit Lebensmitteln versorgt und \u00e4rztlich betreut. <\/p>\n\n\n\n<p><em>Stadt Ludwigshafen am Rhein<br>12.02.2021<\/em><\/p>\n","protected":false},"excerpt":{"rendered":"<div class=\"mh-excerpt\"><p>Sprechstunde des Ortsvorstehers Die Sprechstunde des Ortsvorstehers der S\u00fcdlichen Innenstadt, Christoph Heller, am Donnerstag, 18. Februar 2021 findet nicht statt. Die B\u00fcrger*innen k\u00f6nnen sich in der Zeit von 16 bis 17 Uhr telefonisch unter der <a class=\"mh-excerpt-more\" href=\"https:\/\/speyer24news.com\/?p=33153\" title=\"Ludwigshafen\">[&#8230;]<\/a><\/p>\n<\/div>","protected":false},"author":3,"featured_media":24395,"comment_status":"open","ping_status":"open","sticky":false,"template":"","format":"standard","meta":{"_monsterinsights_skip_tracking":false,"_monsterinsights_sitenote_active":false,"_monsterinsights_sitenote_note":"","_monsterinsights_sitenote_category":0,"footnotes":""},"categories":[2098],"tags":[9773,9979,9971,8974,6725,9772,8737,9424,9972,9973,9977,9649,153,9978,6727,9954,9975,9976,9970,9798,9779,5593,9974],"aioseo_notices":[],"amp_enabled":true,"_links":{"self":[{"href":"https:\/\/speyer24news.com\/index.php?rest_route=\/wp\/v2\/posts\/33153"}],"collection":[{"href":"https:\/\/speyer24news.com\/index.php?rest_route=\/wp\/v2\/posts"}],"about":[{"href":"https:\/\/speyer24news.com\/index.php?rest_route=\/wp\/v2\/types\/post"}],"author":[{"embeddable":true,"href":"https:\/\/speyer24news.com\/index.php?rest_route=\/wp\/v2\/users\/3"}],"replies":[{"embeddable":true,"href":"https:\/\/speyer24news.com\/index.php?rest_route=%2Fwp%2Fv2%2Fcomments&post=33153"}],"version-history":[{"count":1,"href":"https:\/\/speyer24news.com\/index.php?rest_route=\/wp\/v2\/posts\/33153\/revisions"}],"predecessor-version":[{"id":33155,"href":"https:\/\/speyer24news.com\/index.php?rest_route=\/wp\/v2\/posts\/33153\/revisions\/33155"}],"wp:featuredmedia":[{"embeddable":true,"href":"https:\/\/speyer24news.com\/index.php?rest_route=\/wp\/v2\/media\/24395"}],"wp:attachment":[{"href":"https:\/\/speyer24news.com\/index.php?rest_route=%2Fwp%2Fv2%2Fmedia&parent=33153"}],"wp:term":[{"taxonomy":"category","embeddable":true,"href":"https:\/\/speyer24news.com\/index.php?rest_route=%2Fwp%2Fv2%2Fcategories&post=33153"},{"taxonomy":"post_tag","embeddable":true,"href":"https:\/\/speyer24news.com\/index.php?rest_route=%2Fwp%2Fv2%2Ftags&post=33153"}],"curies":[{"name":"wp","href":"https:\/\/api.w.org\/{rel}","templated":true}]}}