{"id":33228,"date":"2021-02-15T08:21:23","date_gmt":"2021-02-15T07:21:23","guid":{"rendered":"https:\/\/speyer24news.com\/?p=33228"},"modified":"2021-02-15T08:21:25","modified_gmt":"2021-02-15T07:21:25","slug":"schifferstadt-91","status":"publish","type":"post","link":"https:\/\/speyer24news.com\/?p=33228","title":{"rendered":"Schifferstadt"},"content":{"rendered":"<style type=\"text\/css\">\r\n\t.ads_top_disp{}\r\n\t.ads_top_corner_disp{ float:left; margin:0px 10px 10px 0px; }\r\n\t.ads_first_p_disp{}\r\n\t.ads_bottom_disp{}\r\n\t<\/style>\n<h2 class=\"wp-block-heading\"><strong>Kita am Wald wird zweite FaireKITA in Schifferstadt<\/strong><strong><\/strong><\/h2>\n\n\n\n<div class=\"wp-block-image\"><figure class=\"aligncenter\"><img decoding=\"async\" loading=\"lazy\" width=\"500\" height=\"696\" src=\"https:\/\/speyer24news.com\/wp-content\/uploads\/2021\/02\/IMG_20210210_135417.jpg\" alt=\"\" class=\"wp-image-33230\" srcset=\"https:\/\/speyer24news.com\/wp-content\/uploads\/2021\/02\/IMG_20210210_135417.jpg 500w, https:\/\/speyer24news.com\/wp-content\/uploads\/2021\/02\/IMG_20210210_135417-216x300.jpg 216w\" sizes=\"(max-width: 500px) 100vw, 500px\" \/><figcaption> Diana Gr\u00e4dler, Leiterin der Kita am Wald, mit dem Zertifikat \u201eFaireKITA\u201c.<\/figcaption><\/figure><\/div>\n\n\n\n<p>Nachhaltig Leben und Handeln \u2013 daf\u00fcr steht jetzt auch die Kita am Wald ganz offiziell. Sie ist Schifferstadts zweite zertifizierte FaireKITA neben dem Haus des Kindes. Die Idee dahinter: Nur wenn zuk\u00fcnftige Generationen f\u00fcr Nachhaltigkeit und fairen Handel sensibilisiert werden, kann das Konzept in den Mittelpunkt der Gesellschaft gelangen. F\u00fcr den Titel \u201eFaireKITA\u201c m\u00fcssen die Einrichtungen einige Voraussetzungen erf\u00fcllen. <\/p>\n\n\n\n<h4 class=\"wp-block-heading\"><strong>Was macht eine Kita zur FairenKITA?<\/strong><\/h4>\n\n\n\n<div class=\"wp-block-image\"><figure class=\"aligncenter\"><img decoding=\"async\" loading=\"lazy\" width=\"800\" height=\"563\" src=\"https:\/\/speyer24news.com\/wp-content\/uploads\/2021\/02\/IMG_20210210_135340.jpg\" alt=\"\" class=\"wp-image-33231\" srcset=\"https:\/\/speyer24news.com\/wp-content\/uploads\/2021\/02\/IMG_20210210_135340.jpg 800w, https:\/\/speyer24news.com\/wp-content\/uploads\/2021\/02\/IMG_20210210_135340-300x211.jpg 300w, https:\/\/speyer24news.com\/wp-content\/uploads\/2021\/02\/IMG_20210210_135340-768x540.jpg 768w\" sizes=\"(max-width: 800px) 100vw, 800px\" \/><figcaption>dav<\/figcaption><\/figure><\/div>\n\n\n\n<p>Eine FaireKITA ist ein Kindergarten, in dem globales Lernen und fairer Handel zum Alltag der Kinder geh\u00f6ren. Die Vielfalt der Welt wird durch diese Thematik mit allen Sinnen erfahrbar. Es hilft Kindern, die Welt als Eine Welt zu verstehen. Durch die Verwendung von fairen Produkten in den Einrichtungen \u00fcbernehmen Kita-Leitungen, ErzieherInnen und Eltern Verantwortung f\u00fcr einen fairen und nachhaltigen Konsum. Kinder lernen in einer Fairen KITA Zusammenh\u00e4nge kennen, die ihr Weltverstehen und ihr Gerechtigkeitsempfinden sch\u00e4rfen. Sie lernen, mit Vielfalt respektvoll umzugehen und werden vorbereitet f\u00fcr ein Leben in der globalisierten Welt.<\/p>\n\n\n\n<p><em>Stadt Schifferstadt<br>15.02.2021<\/em><\/p>\n\n\n\n<h2 class=\"wp-block-heading\"><strong>Durchgang zwischen Haupt- und Ludwigstra\u00dfe<\/strong><\/h2>\n\n\n\n<div class=\"wp-block-image\"><figure class=\"aligncenter\"><img decoding=\"async\" loading=\"lazy\" width=\"800\" height=\"600\" src=\"https:\/\/speyer24news.com\/wp-content\/uploads\/2021\/02\/Durchgang.jpg\" alt=\"\" class=\"wp-image-33229\" srcset=\"https:\/\/speyer24news.com\/wp-content\/uploads\/2021\/02\/Durchgang.jpg 800w, https:\/\/speyer24news.com\/wp-content\/uploads\/2021\/02\/Durchgang-300x225.jpg 300w, https:\/\/speyer24news.com\/wp-content\/uploads\/2021\/02\/Durchgang-768x576.jpg 768w, https:\/\/speyer24news.com\/wp-content\/uploads\/2021\/02\/Durchgang-678x509.jpg 678w, https:\/\/speyer24news.com\/wp-content\/uploads\/2021\/02\/Durchgang-326x245.jpg 326w, https:\/\/speyer24news.com\/wp-content\/uploads\/2021\/02\/Durchgang-80x60.jpg 80w\" sizes=\"(max-width: 800px) 100vw, 800px\" \/><\/figure><\/div>\n\n\n\n<p>Ab sofort d\u00fcrfen Radfahrer und Fu\u00dfg\u00e4nger den privaten Durchgang zwischen Haupt- und Ludwigstra\u00dfe an der Reha &amp; Sport Factory (ehemalige Volksbank) nutzen. Darauf einigte sich B\u00fcrgermeisterin Ilona Volk mit den Eigent\u00fcmern. <\/p>\n\n\n\n<p>\u201eWir bieten unseren B\u00fcrgerinnen und B\u00fcrgern damit eine angenehme Abk\u00fcrzung und hoffen, dass dieses Angebot freudig auf- und wahrgenommen wird\u201c, sagt Volk, die sich f\u00fcr die Freigabe des Wegs f\u00fcr die \u00d6ffentlichkeit eingesetzt hatte. Ein gro\u00dfes \u201eDankesch\u00f6n\u201c gehe an die Eigent\u00fcmer, ohne deren Entgegenkommen der Durchgang nicht umsetzbar gewesen w\u00e4re, so Volk.<\/p>\n\n\n\n<p><em>Stadt Schifferstadt<br>15.02.2021<\/em><\/p>\n","protected":false},"excerpt":{"rendered":"<div class=\"mh-excerpt\"><p>Kita am Wald wird zweite FaireKITA in Schifferstadt Nachhaltig Leben und Handeln \u2013 daf\u00fcr steht jetzt auch die Kita am Wald ganz offiziell. Sie ist Schifferstadts zweite zertifizierte FaireKITA neben dem Haus des Kindes. Die <a class=\"mh-excerpt-more\" href=\"https:\/\/speyer24news.com\/?p=33228\" title=\"Schifferstadt\">[&#8230;]<\/a><\/p>\n<\/div>","protected":false},"author":3,"featured_media":0,"comment_status":"open","ping_status":"open","sticky":false,"template":"","format":"standard","meta":{"_monsterinsights_skip_tracking":false,"_monsterinsights_sitenote_active":false,"_monsterinsights_sitenote_note":"","_monsterinsights_sitenote_category":0,"footnotes":""},"categories":[126],"tags":[8092,10015,9472,10014,10016,127],"aioseo_notices":[],"amp_enabled":true,"_links":{"self":[{"href":"https:\/\/speyer24news.com\/index.php?rest_route=\/wp\/v2\/posts\/33228"}],"collection":[{"href":"https:\/\/speyer24news.com\/index.php?rest_route=\/wp\/v2\/posts"}],"about":[{"href":"https:\/\/speyer24news.com\/index.php?rest_route=\/wp\/v2\/types\/post"}],"author":[{"embeddable":true,"href":"https:\/\/speyer24news.com\/index.php?rest_route=\/wp\/v2\/users\/3"}],"replies":[{"embeddable":true,"href":"https:\/\/speyer24news.com\/index.php?rest_route=%2Fwp%2Fv2%2Fcomments&post=33228"}],"version-history":[{"count":1,"href":"https:\/\/speyer24news.com\/index.php?rest_route=\/wp\/v2\/posts\/33228\/revisions"}],"predecessor-version":[{"id":33232,"href":"https:\/\/speyer24news.com\/index.php?rest_route=\/wp\/v2\/posts\/33228\/revisions\/33232"}],"wp:attachment":[{"href":"https:\/\/speyer24news.com\/index.php?rest_route=%2Fwp%2Fv2%2Fmedia&parent=33228"}],"wp:term":[{"taxonomy":"category","embeddable":true,"href":"https:\/\/speyer24news.com\/index.php?rest_route=%2Fwp%2Fv2%2Fcategories&post=33228"},{"taxonomy":"post_tag","embeddable":true,"href":"https:\/\/speyer24news.com\/index.php?rest_route=%2Fwp%2Fv2%2Ftags&post=33228"}],"curies":[{"name":"wp","href":"https:\/\/api.w.org\/{rel}","templated":true}]}}