{"id":33235,"date":"2021-02-15T15:06:07","date_gmt":"2021-02-15T14:06:07","guid":{"rendered":"https:\/\/speyer24news.com\/?p=33235"},"modified":"2021-02-15T15:06:08","modified_gmt":"2021-02-15T14:06:08","slug":"geschwindigkeitsmessung-blitzer-61","status":"publish","type":"post","link":"https:\/\/speyer24news.com\/?p=33235","title":{"rendered":"Geschwindigkeitsmessung \/ Blitzer"},"content":{"rendered":"<style type=\"text\/css\">\r\n\t.ads_top_disp{}\r\n\t.ads_top_corner_disp{ float:left; margin:0px 10px 10px 0px; }\r\n\t.ads_first_p_disp{}\r\n\t.ads_bottom_disp{}\r\n\t<\/style>\n<h2 class=\"wp-block-heading\">Geschwindigkeitskontrollen f\u00fcr die Woche vom 15. bis 19. Februar<\/h2>\n\n\n\n<figure class=\"wp-block-image\"><img decoding=\"async\" loading=\"lazy\" width=\"640\" height=\"497\" src=\"https:\/\/speyer24news.com\/wp-content\/uploads\/2020\/12\/Blitzer-2.jpg\" alt=\"\" class=\"wp-image-31937\" srcset=\"https:\/\/speyer24news.com\/wp-content\/uploads\/2020\/12\/Blitzer-2.jpg 640w, https:\/\/speyer24news.com\/wp-content\/uploads\/2020\/12\/Blitzer-2-300x233.jpg 300w\" sizes=\"(max-width: 640px) 100vw, 640px\" \/><\/figure>\n\n\n\n<p>(Mannheim) &#8211; Die Stadt Mannheim f\u00fchrt vom 15. bis 19. Februar in folgenden Stra\u00dfen mobile Geschwindigkeitskontrollen durch:<\/p>\n\n\n\n<p><strong> Am Aubuckel<br> Elisabethstra\u00dfe<br> Eisenstra\u00dfe<br> Eschenhof<br> Feldstra\u00dfe<br> Gl\u00fccksteinallee<br> Gontardstra\u00dfe<br> Hauptstra\u00dfe<br> Kasseler Stra\u00dfe<br> Meerwiesenstra\u00dfe<br> Mudauer Ring<br> M\u00fchldorferstra\u00dfe<br> Otto-Beck-Stra\u00dfe<br> Otto-Siffling-Stra\u00dfe<br> Rennershofstra\u00dfe<br> Seckenheimer Stra\u00dfe<br> Speckweg<br> Tullastra\u00dfe<br> Windeckstra\u00dfe<\/strong><\/p>\n\n\n\n<p>Kurzfristige \u00c4nderungen oder zus\u00e4tzliche Messstellen sind aus aktuellem Anlass m\u00f6glich.<\/p>\n\n\n\n<p><em>Stadt Mannheim<br>15.02.2021<\/em><\/p>\n\n\n\n<h2 class=\"wp-block-heading\">Radarkontrollen f\u00fcr die Woche vom 15. Februar bis 21. Februar 2021<\/h2>\n\n\n\n<figure class=\"wp-block-image\"><img decoding=\"async\" loading=\"lazy\" width=\"800\" height=\"450\" src=\"https:\/\/speyer24news.com\/wp-content\/uploads\/2020\/12\/Blitzer-Logo.jpg\" alt=\"\" class=\"wp-image-31938\" srcset=\"https:\/\/speyer24news.com\/wp-content\/uploads\/2020\/12\/Blitzer-Logo.jpg 800w, https:\/\/speyer24news.com\/wp-content\/uploads\/2020\/12\/Blitzer-Logo-300x169.jpg 300w, https:\/\/speyer24news.com\/wp-content\/uploads\/2020\/12\/Blitzer-Logo-768x432.jpg 768w, https:\/\/speyer24news.com\/wp-content\/uploads\/2020\/12\/Blitzer-Logo-678x381.jpg 678w\" sizes=\"(max-width: 800px) 100vw, 800px\" \/><\/figure>\n\n\n\n<p><strong>(Ludwigshafen) &#8211; <\/strong>Die Stadt Ludwigshafen nimmt in folgenden Stadtteilen Radarkontrollen vor.<\/p>\n\n\n\n<ul><li><strong>Montag, 15. Februar: Edigheim, Gartenstadt und Friesenheim<\/strong><\/li><li><strong>Dienstag, 16. Februar: Maudach, Mitte und Nord<\/strong><\/li><li><strong>Mittwoch, 17. Februar: Ruchheim, Oggersheim und Oppau<\/strong><\/li><li><strong>Donnerstag, 18. Februar: Gartenstadt, Rheing\u00f6nheim und Mundenheim<\/strong><\/li><li><strong>Freitag, 19. Februar: West, Pfingstweide und Oppau<\/strong><\/li><li><strong>Samstag, 20. Februar: Mitte und Oggersheim<\/strong><\/li><\/ul>\n\n\n\n<p>Kurzfristige \u00c4nderungen beh\u00e4lt sich der Bereich Stra\u00dfenverkehr vor. Kontrollen k\u00f6nnen auch kurzfristig an anderen Stellen stattfinden.<\/p>\n\n\n\n<p><em>Stadt Ludwigshafen am Rhein<br>15.02.2021<\/em><\/p>\n","protected":false},"excerpt":{"rendered":"<div class=\"mh-excerpt\"><p>Geschwindigkeitskontrollen f\u00fcr die Woche vom 15. bis 19. Februar (Mannheim) &#8211; Die Stadt Mannheim f\u00fchrt vom 15. bis 19. Februar in folgenden Stra\u00dfen mobile Geschwindigkeitskontrollen durch: Am Aubuckel Elisabethstra\u00dfe Eisenstra\u00dfe Eschenhof Feldstra\u00dfe Gl\u00fccksteinallee Gontardstra\u00dfe Hauptstra\u00dfe <a class=\"mh-excerpt-more\" href=\"https:\/\/speyer24news.com\/?p=33235\" title=\"Geschwindigkeitsmessung \/ Blitzer\">[&#8230;]<\/a><\/p>\n<\/div>","protected":false},"author":3,"featured_media":0,"comment_status":"open","ping_status":"open","sticky":false,"template":"","format":"standard","meta":{"_monsterinsights_skip_tracking":false,"_monsterinsights_sitenote_active":false,"_monsterinsights_sitenote_note":"","_monsterinsights_sitenote_category":0,"footnotes":""},"categories":[64],"tags":[19,4822,4817,4228,947,4820,4815,779,4821,4816,153,56,7068,7004,4818,4813,948],"aioseo_notices":[],"amp_enabled":true,"_links":{"self":[{"href":"https:\/\/speyer24news.com\/index.php?rest_route=\/wp\/v2\/posts\/33235"}],"collection":[{"href":"https:\/\/speyer24news.com\/index.php?rest_route=\/wp\/v2\/posts"}],"about":[{"href":"https:\/\/speyer24news.com\/index.php?rest_route=\/wp\/v2\/types\/post"}],"author":[{"embeddable":true,"href":"https:\/\/speyer24news.com\/index.php?rest_route=\/wp\/v2\/users\/3"}],"replies":[{"embeddable":true,"href":"https:\/\/speyer24news.com\/index.php?rest_route=%2Fwp%2Fv2%2Fcomments&post=33235"}],"version-history":[{"count":2,"href":"https:\/\/speyer24news.com\/index.php?rest_route=\/wp\/v2\/posts\/33235\/revisions"}],"predecessor-version":[{"id":33238,"href":"https:\/\/speyer24news.com\/index.php?rest_route=\/wp\/v2\/posts\/33235\/revisions\/33238"}],"wp:attachment":[{"href":"https:\/\/speyer24news.com\/index.php?rest_route=%2Fwp%2Fv2%2Fmedia&parent=33235"}],"wp:term":[{"taxonomy":"category","embeddable":true,"href":"https:\/\/speyer24news.com\/index.php?rest_route=%2Fwp%2Fv2%2Fcategories&post=33235"},{"taxonomy":"post_tag","embeddable":true,"href":"https:\/\/speyer24news.com\/index.php?rest_route=%2Fwp%2Fv2%2Ftags&post=33235"}],"curies":[{"name":"wp","href":"https:\/\/api.w.org\/{rel}","templated":true}]}}