{"id":33253,"date":"2021-02-16T11:30:02","date_gmt":"2021-02-16T10:30:02","guid":{"rendered":"https:\/\/speyer24news.com\/?p=33253"},"modified":"2021-02-16T11:30:03","modified_gmt":"2021-02-16T10:30:03","slug":"rhein-pfalz-kreis-68","status":"publish","type":"post","link":"https:\/\/speyer24news.com\/?p=33253","title":{"rendered":"Rhein-Pfalz-Kreis"},"content":{"rendered":"<style type=\"text\/css\">\r\n\t.ads_top_disp{}\r\n\t.ads_top_corner_disp{ float:left; margin:0px 10px 10px 0px; }\r\n\t.ads_first_p_disp{}\r\n\t.ads_bottom_disp{}\r\n\t<\/style>\n<h1 class=\"wp-block-heading\" style=\"text-align:center\"><strong>Coronavirus Fallzahlen <\/strong><\/h1>\n\n\n\n<figure class=\"wp-block-image\"><img decoding=\"async\" loading=\"lazy\" width=\"800\" height=\"400\" src=\"https:\/\/speyer24news.com\/wp-content\/uploads\/2020\/02\/virus-1812092_1920.jpg\" alt=\"\" class=\"wp-image-25128\" srcset=\"https:\/\/speyer24news.com\/wp-content\/uploads\/2020\/02\/virus-1812092_1920.jpg 800w, https:\/\/speyer24news.com\/wp-content\/uploads\/2020\/02\/virus-1812092_1920-300x150.jpg 300w, https:\/\/speyer24news.com\/wp-content\/uploads\/2020\/02\/virus-1812092_1920-768x384.jpg 768w\" sizes=\"(max-width: 800px) 100vw, 800px\" \/><\/figure>\n\n\n\n<h2 class=\"wp-block-heading\">Sonntag, 14.02.2021<\/h2>\n\n\n\n<p>Die Kreisverwaltung Rhein-Pfalz-Kreis \u00fcbermittelt eine \u00dcbersicht der Infektionszahlen aus ihrem Zust\u00e4ndigkeitsbereich des Gesundheitsamtes. In den Zust\u00e4ndigkeitsbereich des Gesundheitsamtes Rhein-Pfalz-Kreis geh\u00f6ren neben dem Landkreis auch die St\u00e4dte Ludwigshafen, Frankenthal und Speyer. <\/p>\n\n\n\n<p>Im Folgenden erhalten Sie Meldung \u00fcber die Cov19 Fallzahlen\nvom 14.02.2021:<\/p>\n\n\n\n<table class=\"wp-block-table\"><tbody><tr><td>\n  LK\/SK\/Ort\n  <\/td><td>\n  Infizierte seit Beginn der\n  Pandemie\n  <\/td><td>\n  Aktuell infizierte Personen\n  <\/td><td>\n  Heute neu infizierte Personen\n  <\/td><td>\n  Gesundete bzw. nicht mehr\n  infizierte Personen\n  <\/td><\/tr><tr><td>\n  _AH\n  <\/td><td>\n  6\n  <\/td><td>\n  &nbsp;\n  <\/td><td>\n  &nbsp;\n  <\/td><td>\n  6\n  <\/td><\/tr><tr><td>\n  Altrip\n  <\/td><td>\n  184\n  <\/td><td>\n  11\n  <\/td><td>\n  1\n  <\/td><td>\n  163\n  <\/td><\/tr><tr><td>\n  Beindersheim\n  <\/td><td>\n  77\n  <\/td><td>\n  4\n  <\/td><td>\n  &nbsp;\n  <\/td><td>\n  72\n  <\/td><\/tr><tr><td>\n  Birkenheide\n  <\/td><td>\n  59\n  <\/td><td>\n  6\n  <\/td><td>\n  1\n  <\/td><td>\n  52\n  <\/td><\/tr><tr><td>\n  Bobenheim-Roxheim\n  <\/td><td>\n  211\n  <\/td><td>\n  20\n  <\/td><td>\n  &nbsp;\n  <\/td><td>\n  191\n  <\/td><\/tr><tr><td>\n  B\u00f6hl-Iggelheim\n  <\/td><td>\n  303\n  <\/td><td>\n  15\n  <\/td><td>\n  2\n  <\/td><td>\n  275\n  <\/td><\/tr><tr><td>\n  Dannstadt-Schauernheim\n  <\/td><td>\n  190\n  <\/td><td>\n  5\n  <\/td><td>\n  &nbsp;\n  <\/td><td>\n  183\n  <\/td><\/tr><tr><td>\n  Dudenhofen\n  <\/td><td>\n  283\n  <\/td><td>\n  14\n  <\/td><td>\n  1\n  <\/td><td>\n  257\n  <\/td><\/tr><tr><td>\n  Fu\u00dfg\u00f6nheim\n  <\/td><td>\n  54\n  <\/td><td>\n  1\n  <\/td><td>\n  &nbsp;\n  <\/td><td>\n  50\n  <\/td><\/tr><tr><td>\n  Gro\u00dfniedesheim\n  <\/td><td>\n  37\n  <\/td><td>\n  5\n  <\/td><td>\n  &nbsp;\n  <\/td><td>\n  32\n  <\/td><\/tr><tr><td>\n  Hanhofen\n  <\/td><td>\n  70\n  <\/td><td>\n  6\n  <\/td><td>\n  &nbsp;\n  <\/td><td>\n  63\n  <\/td><\/tr><tr><td>\n  Harthausen\n  <\/td><td>\n  115\n  <\/td><td>\n  7\n  <\/td><td>\n  &nbsp;\n  <\/td><td>\n  97\n  <\/td><\/tr><tr><td>\n  He\u00dfheim\n  <\/td><td>\n  72\n  <\/td><td>\n  11\n  <\/td><td>\n  5\n  <\/td><td>\n  58\n  <\/td><\/tr><tr><td>\n  Heuchelheim\n  <\/td><td>\n  20\n  <\/td><td>\n  6\n  <\/td><td>\n  &nbsp;\n  <\/td><td>\n  14\n  <\/td><\/tr><tr><td>\n  Hochdorf-Assenheim\n  <\/td><td>\n  65\n  <\/td><td>\n  7\n  <\/td><td>\n  &nbsp;\n  <\/td><td>\n  57\n  <\/td><\/tr><tr><td>\n  Kleinniedesheim\n  <\/td><td>\n  25\n  <\/td><td>\n  4\n  <\/td><td>\n  &nbsp;\n  <\/td><td>\n  21\n  <\/td><\/tr><tr><td>\n  Lambsheim\n  <\/td><td>\n  143\n  <\/td><td>\n  14\n  <\/td><td>\n  &nbsp;\n  <\/td><td>\n  126\n  <\/td><\/tr><tr><td>\n  Limburgerhof\n  <\/td><td>\n  280\n  <\/td><td>\n  50\n  <\/td><td>\n  1\n  <\/td><td>\n  218\n  <\/td><\/tr><tr><td>\n  Maxdorf\n  <\/td><td>\n  249\n  <\/td><td>\n  9\n  <\/td><td>\n  &nbsp;\n  <\/td><td>\n  216\n  <\/td><\/tr><tr><td>\n  Mutterstadt\n  <\/td><td>\n  439\n  <\/td><td>\n  22\n  <\/td><td>\n  1\n  <\/td><td>\n  387\n  <\/td><\/tr><tr><td>\n  Neuhofen\n  <\/td><td>\n  196\n  <\/td><td>\n  12\n  <\/td><td>\n  1\n  <\/td><td>\n  173\n  <\/td><\/tr><tr><td>\n  Otterstadt\n  <\/td><td>\n  107\n  <\/td><td>\n  6\n  <\/td><td>\n  &nbsp;\n  <\/td><td>\n  99\n  <\/td><\/tr><tr><td>\n  R\u00f6dersheim-Gronau\n  <\/td><td>\n  65\n  <\/td><td>\n  4\n  <\/td><td>\n  &nbsp;\n  <\/td><td>\n  59\n  <\/td><\/tr><tr><td>\n  R\u00f6merberg\n  <\/td><td>\n  382\n  <\/td><td>\n  40\n  <\/td><td>\n  2\n  <\/td><td>\n  333\n  <\/td><\/tr><tr><td>\n  Schifferstadt\n  <\/td><td>\n  686\n  <\/td><td>\n  30\n  <\/td><td>\n  1\n  <\/td><td>\n  642\n  <\/td><\/tr><tr><td>\n  Waldsee\n  <\/td><td>\n  151\n  <\/td><td>\n  7\n  <\/td><td>\n  &nbsp;\n  <\/td><td>\n  137\n  <\/td><\/tr><tr><td>\n  &nbsp;\n  <\/td><td>\n  &nbsp;\n  <\/td><td>\n  &nbsp;\n  <\/td><td>\n  &nbsp;\n  <\/td><td>\n  &nbsp;\n  <\/td><\/tr><tr><td>\n  <strong>LK\n  Rhein-Pfalz-Kreis<\/strong>\n  <\/td><td>\n  <strong>4469<\/strong>\n  <\/td><td>\n  <strong>316<\/strong>\n  <\/td><td>\n  <strong>16<\/strong>\n  <\/td><td>\n  <strong>3981<\/strong>\n  <\/td><\/tr><tr><td>\n  <strong>SK Frankenthal<\/strong>\n  <\/td><td>\n  <strong>1398<\/strong>\n  <\/td><td>\n  <strong>145<\/strong>\n  <\/td><td>\n  <strong>1<\/strong>\n  <\/td><td>\n  <strong>1214<\/strong>\n  <\/td><\/tr><tr><td>\n  <strong>SK Ludwigshafen<\/strong>\n  <\/td><td>\n  <strong>6675<\/strong>\n  <\/td><td>\n  <strong>428<\/strong>\n  <\/td><td>\n  <strong>16<\/strong>\n  <\/td><td>\n  <strong>5973<\/strong>\n  <\/td><\/tr><tr><td>\n  <strong>SK Speyer<\/strong>\n  <\/td><td>\n  <strong>1962<\/strong>\n  <\/td><td>\n  <strong>81<\/strong>\n  <\/td><td>\n  <strong>7<\/strong>\n  <\/td><td>\n  <strong>1810<\/strong>\n  <\/td><\/tr><tr><td>\n  <strong>&nbsp;<\/strong>\n  <\/td><td>\n  <strong>&nbsp;<\/strong>\n  <\/td><td>\n  <strong>&nbsp;<\/strong>\n  <\/td><td>\n  <strong>&nbsp;<\/strong>\n  <\/td><td>\n  <strong>&nbsp;<\/strong>\n  <\/td><\/tr><tr><td>\n  <strong>Summe:<\/strong>\n  <\/td><td>\n  <strong>14504<\/strong>\n  <\/td><td>\n  <strong>970<\/strong>\n  <\/td><td>\n  <strong>40<\/strong>\n  <\/td><td>\n  <strong>12978<\/strong>\n  <\/td><\/tr><\/tbody><\/table>\n\n\n\n<p>Im Folgenden erhalten Sie Meldung \u00fcber die Cov19 Fallzahlen\nvom 15.02.2021:<\/p>\n\n\n\n<table class=\"wp-block-table\"><tbody><tr><td>\n  LK\/SK\/Ort\n  <\/td><td>\n  Infizierte seit Beginn der\n  Pandemie\n  <\/td><td>\n  Aktuell infizierte Personen\n  <\/td><td>\n  Heute neu infizierte Personen\n  <\/td><td>\n  Gesundete bzw. nicht mehr\n  infizierte Personen\n  <\/td><td>\n  Leider an oder mit Covid-19\n  verstorbene Personen\n  <\/td><td>\n  Heute verstorben gemeldet\n  <\/td><\/tr><tr><td>\n  _AH\n  <\/td><td>\n  6\n  <\/td><td>\n  &nbsp;\n  <\/td><td>\n  &nbsp;\n  <\/td><td>\n  6\n  <\/td><td>\n  &nbsp;\n  <\/td><td>\n  &nbsp;\n  <\/td><\/tr><tr><td>\n  Altrip\n  <\/td><td>\n  184\n  <\/td><td>\n  8\n  <\/td><td>\n  &nbsp;\n  <\/td><td>\n  166\n  <\/td><td>\n  10\n  <\/td><td>\n  &nbsp;\n  <\/td><\/tr><tr><td>\n  Beindersheim\n  <\/td><td>\n  77\n  <\/td><td>\n  3\n  <\/td><td>\n  &nbsp;\n  <\/td><td>\n  73\n  <\/td><td>\n  1\n  <\/td><td>\n  &nbsp;\n  <\/td><\/tr><tr><td>\n  Birkenheide\n  <\/td><td>\n  60\n  <\/td><td>\n  7\n  <\/td><td>\n  1\n  <\/td><td>\n  52\n  <\/td><td>\n  1\n  <\/td><td>\n  &nbsp;\n  <\/td><\/tr><tr><td>\n  Bobenheim-Roxheim\n  <\/td><td>\n  211\n  <\/td><td>\n  20\n  <\/td><td>\n  &nbsp;\n  <\/td><td>\n  191\n  <\/td><td>\n  &nbsp;\n  <\/td><td>\n  &nbsp;\n  <\/td><\/tr><tr><td>\n  B\u00f6hl-Iggelheim\n  <\/td><td>\n  304\n  <\/td><td>\n  15\n  <\/td><td>\n  1\n  <\/td><td>\n  276\n  <\/td><td>\n  13\n  <\/td><td>\n  &nbsp;\n  <\/td><\/tr><tr><td>\n  Dannstadt-Schauernheim\n  <\/td><td>\n  190\n  <\/td><td>\n  5\n  <\/td><td>\n  &nbsp;\n  <\/td><td>\n  183\n  <\/td><td>\n  2\n  <\/td><td>\n  &nbsp;\n  <\/td><\/tr><tr><td>\n  Dudenhofen\n  <\/td><td>\n  283\n  <\/td><td>\n  13\n  <\/td><td>\n  &nbsp;\n  <\/td><td>\n  258\n  <\/td><td>\n  12\n  <\/td><td>\n  &nbsp;\n  <\/td><\/tr><tr><td>\n  Fu\u00dfg\u00f6nheim\n  <\/td><td>\n  54\n  <\/td><td>\n  1\n  <\/td><td>\n  &nbsp;\n  <\/td><td>\n  50\n  <\/td><td>\n  3\n  <\/td><td>\n  &nbsp;\n  <\/td><\/tr><tr><td>\n  Gro\u00dfniedesheim\n  <\/td><td>\n  37\n  <\/td><td>\n  5\n  <\/td><td>\n  &nbsp;\n  <\/td><td>\n  32\n  <\/td><td>\n  &nbsp;\n  <\/td><td>\n  &nbsp;\n  <\/td><\/tr><tr><td>\n  Hanhofen\n  <\/td><td>\n  70\n  <\/td><td>\n  6\n  <\/td><td>\n  &nbsp;\n  <\/td><td>\n  63\n  <\/td><td>\n  1\n  <\/td><td>\n  &nbsp;\n  <\/td><\/tr><tr><td>\n  Harthausen\n  <\/td><td>\n  115\n  <\/td><td>\n  6\n  <\/td><td>\n  &nbsp;\n  <\/td><td>\n  98\n  <\/td><td>\n  11\n  <\/td><td>\n  &nbsp;\n  <\/td><\/tr><tr><td>\n  He\u00dfheim\n  <\/td><td>\n  72\n  <\/td><td>\n  11\n  <\/td><td>\n  &nbsp;\n  <\/td><td>\n  58\n  <\/td><td>\n  3\n  <\/td><td>\n  &nbsp;\n  <\/td><\/tr><tr><td>\n  Heuchelheim\n  <\/td><td>\n  20\n  <\/td><td>\n  5\n  <\/td><td>\n  &nbsp;\n  <\/td><td>\n  15\n  <\/td><td>\n  &nbsp;\n  <\/td><td>\n  &nbsp;\n  <\/td><\/tr><tr><td>\n  Hochdorf-Assenheim\n  <\/td><td>\n  65\n  <\/td><td>\n  7\n  <\/td><td>\n  &nbsp;\n  <\/td><td>\n  57\n  <\/td><td>\n  1\n  <\/td><td>\n  &nbsp;\n  <\/td><\/tr><tr><td>\n  Kleinniedesheim\n  <\/td><td>\n  25\n  <\/td><td>\n  3\n  <\/td><td>\n  &nbsp;\n  <\/td><td>\n  22\n  <\/td><td>\n  &nbsp;\n  <\/td><td>\n  &nbsp;\n  <\/td><\/tr><tr><td>\n  Lambsheim\n  <\/td><td>\n  143\n  <\/td><td>\n  13\n  <\/td><td>\n  &nbsp;\n  <\/td><td>\n  127\n  <\/td><td>\n  3\n  <\/td><td>\n  &nbsp;\n  <\/td><\/tr><tr><td>\n  Limburgerhof\n  <\/td><td>\n  280\n  <\/td><td>\n  47\n  <\/td><td>\n  &nbsp;\n  <\/td><td>\n  221\n  <\/td><td>\n  12\n  <\/td><td>\n  1\n  <\/td><\/tr><tr><td>\n  Maxdorf\n  <\/td><td>\n  249\n  <\/td><td>\n  9\n  <\/td><td>\n  &nbsp;\n  <\/td><td>\n  216\n  <\/td><td>\n  24\n  <\/td><td>\n  &nbsp;\n  <\/td><\/tr><tr><td>\n  Mutterstadt\n  <\/td><td>\n  440\n  <\/td><td>\n  22\n  <\/td><td>\n  1\n  <\/td><td>\n  388\n  <\/td><td>\n  30\n  <\/td><td>\n  &nbsp;\n  <\/td><\/tr><tr><td>\n  Neuhofen\n  <\/td><td>\n  196\n  <\/td><td>\n  12\n  <\/td><td>\n  &nbsp;\n  <\/td><td>\n  173\n  <\/td><td>\n  11\n  <\/td><td>\n  1\n  <\/td><\/tr><tr><td>\n  Otterstadt\n  <\/td><td>\n  107\n  <\/td><td>\n  6\n  <\/td><td>\n  &nbsp;\n  <\/td><td>\n  99\n  <\/td><td>\n  2\n  <\/td><td>\n  &nbsp;\n  <\/td><\/tr><tr><td>\n  R\u00f6dersheim-Gronau\n  <\/td><td>\n  65\n  <\/td><td>\n  4\n  <\/td><td>\n  &nbsp;\n  <\/td><td>\n  59\n  <\/td><td>\n  2\n  <\/td><td>\n  &nbsp;\n  <\/td><\/tr><tr><td>\n  R\u00f6merberg\n  <\/td><td>\n  383\n  <\/td><td>\n  41\n  <\/td><td>\n  1\n  <\/td><td>\n  333\n  <\/td><td>\n  9\n  <\/td><td>\n  &nbsp;\n  <\/td><\/tr><tr><td>\n  Schifferstadt\n  <\/td><td>\n  686\n  <\/td><td>\n  30\n  <\/td><td>\n  &nbsp;\n  <\/td><td>\n  642\n  <\/td><td>\n  14\n  <\/td><td>\n  &nbsp;\n  <\/td><\/tr><tr><td>\n  Waldsee\n  <\/td><td>\n  151\n  <\/td><td>\n  7\n  <\/td><td>\n  &nbsp;\n  <\/td><td>\n  137\n  <\/td><td>\n  7\n  <\/td><td>\n  &nbsp;\n  <\/td><\/tr><tr><td>\n  &nbsp;\n  <\/td><td>\n  &nbsp;\n  <\/td><td>\n  &nbsp;\n  <\/td><td>\n  &nbsp;\n  <\/td><td>\n  &nbsp;\n  <\/td><td>\n  &nbsp;\n  <\/td><td>\n  &nbsp;\n  <\/td><\/tr><tr><td>\n  <strong>LK\n  Rhein-Pfalz-Kreis<\/strong>\n  <\/td><td>\n  <strong>4473<\/strong>\n  <\/td><td>\n  <strong>306<\/strong>\n  <\/td><td>\n  <strong>4<\/strong>\n  <\/td><td>\n  <strong>3995<\/strong>\n  <\/td><td>\n  <strong>172<\/strong>\n  <\/td><td>\n  <strong>2<\/strong>\n  <\/td><\/tr><tr><td>\n  <strong>SK Frankenthal<\/strong>\n  <\/td><td>\n  <strong>1398<\/strong>\n  <\/td><td>\n  <strong>135<\/strong>\n  <\/td><td>\n  <strong>&nbsp;<\/strong>\n  <\/td><td>\n  <strong>1224<\/strong>\n  <\/td><td>\n  <strong>38<\/strong>\n  <\/td><td>\n  <strong>1<\/strong>\n  <\/td><\/tr><tr><td>\n  <strong>SK Ludwigshafen<\/strong>\n  <\/td><td>\n  <strong>6682<\/strong>\n  <\/td><td>\n  <strong>411<\/strong>\n  <\/td><td>\n  <strong>7<\/strong>\n  <\/td><td>\n  <strong>5997<\/strong>\n  <\/td><td>\n  <strong>274<\/strong>\n  <\/td><td>\n  <strong>6<\/strong>\n  <\/td><\/tr><tr><td>\n  <strong>SK Speyer<\/strong>\n  <\/td><td>\n  <strong>1963<\/strong>\n  <\/td><td>\n  <strong>81<\/strong>\n  <\/td><td>\n  <strong>1<\/strong>\n  <\/td><td>\n  <strong>1811<\/strong>\n  <\/td><td>\n  <strong>71<\/strong>\n  <\/td><td>\n  <strong>&nbsp;<\/strong>\n  <\/td><\/tr><tr><td>\n  <strong>&nbsp;<\/strong>\n  <\/td><td>\n  <strong>&nbsp;<\/strong>\n  <\/td><td>\n  <strong>&nbsp;<\/strong>\n  <\/td><td>\n  <strong>&nbsp;<\/strong>\n  <\/td><td>\n  <strong>&nbsp;<\/strong>\n  <\/td><td>\n  <strong>&nbsp;<\/strong>\n  <\/td><td>\n  <strong>&nbsp;<\/strong>\n  <\/td><\/tr><tr><td>\n  <strong>Summe:<\/strong>\n  <\/td><td>\n  <strong>14516<\/strong>\n  <\/td><td>\n  <strong>933<\/strong>\n  <\/td><td>\n  <strong>12<\/strong>\n  <\/td><td>\n  <strong>13027<\/strong>\n  <\/td><td>\n  <strong>555<\/strong>\n  <\/td><td>\n  <strong>9<\/strong>\n  <\/td><\/tr><\/tbody><\/table>\n\n\n\n<p>Quelle: SurvNet@RKI<\/p>\n\n\n\n<p>_AH: Personen mit Hauptwohnsitz au\u00dferhalb des\nZust\u00e4ndigkeitsbereiches des Gesundheitsamts aber mit fehlerhaften Meldekreis\n\u201eLK Rhein-Pfalz-Kreis\u201c. Es wird gepr\u00fcft, ob diese noch nachtr\u00e4glich richtig\nzugeordnet werden k\u00f6nnen. <\/p>\n\n\n\n<table class=\"wp-block-table\"><tbody><tr><td>\n  Kommune\n  <\/td><td>\n  Gemeinde\n  <\/td><td>\n  Einrichtungsart\n  <\/td><td>\n  Name\n  Einrichtung\n  <\/td><\/tr><tr><td>\n  SP\n  <\/td><td>\n  &#8211;\n  <\/td><td>\n  Pflege\n  <\/td><td>\n  Haus am\n  Germansberg &#8211; Diakonissen SP\n  <\/td><\/tr><tr><td>\n  LU\n  <\/td><td>\n  &#8211;\n  <\/td><td>\n  Krankenhaus\n  <\/td><td>\n  Klinikum\n  Ludwigshafen \n  <\/td><\/tr><tr><td>\n  LU\n  <\/td><td>\n  &#8211;\n  <\/td><td>\n  Pflege\n  <\/td><td>\n  Mundus\n  Seniorenresidenz\n  <\/td><\/tr><tr><td>\n  RPK\n  <\/td><td>\n  Dudenhofen\n  <\/td><td>\n  Pflege\n  <\/td><td>\n  Seniorenresidenz\n  St. Sebastian\n  <\/td><\/tr><tr><td>\n  SP\n  <\/td><td>\n  &#8211;\n  <\/td><td>\n  Krankenhaus\n  <\/td><td>\n  St. Vincentius\n  Krankenhaus\n  <\/td><\/tr><tr><td>\n  FT\n  <\/td><td>\n  &#8211;\n  <\/td><td>\n  Kita\n  <\/td><td>\n  Kindergarten\n  Haus des Kindes Pilgerstra\u00dfe\n  <\/td><\/tr><tr><td>\n  FT\n  <\/td><td>\n  &#8211;\n  <\/td><td>\n  Kita\n  <\/td><td>\n  st\u00e4dt.\n  Kindergarten Hans-Holbein-Stra\u00dfe\n  <\/td><\/tr><\/tbody><\/table>\n\n\n\n<p>Weiterhin sind die Zahlen der mit dem\nCoronavirus infizierten Personen seit Beginn des Ausbruchs und die aktuellen\nZahlen auf den Seiten des Ministeriums f\u00fcr Soziales, Arbeit, Gesundheit und\nDemografie unter <a href=\"http:\/\/www.msagd.rlp.de\">www.msagd.rlp.de<\/a> oder www.corona.rlp einzusehen. <\/p>\n\n\n\n<p>Die Kreisverwaltung Rhein-Pfalz-Kreis weist\ndarauf hin, dass es zu Differenzen durch zeitlich versetzte Eingabezeiten zu\nden Zahlen des Landesuntersuchungsamtes bzw. des Robert-Koch-Institutes kommen\nkann.<\/p>\n\n\n\n<h2 class=\"wp-block-heading\">Freitag<strong> 12.02.2021<\/strong><\/h2>\n\n\n\n<p><strong>Fallzahlen f\u00fcr den Rhein-Pfalz-Kreis:<\/strong><\/p>\n\n\n\n<table class=\"wp-block-table\"><tbody><tr><td>Beindersheim<\/td><td>1<\/td><\/tr><tr><td>Dudenhofen<\/td><td>2<\/td><\/tr><tr><td>He\u00dfheim<\/td><td>2<\/td><\/tr><tr><td>Hochdorf-Assenheim<\/td><td>1<\/td><\/tr><tr><td>Maxdorf<\/td><td>1<\/td><\/tr><tr><td>Mutterstadt<\/td><td>1<\/td><\/tr><tr><td><strong>Gesamtergebnis<\/strong><\/td><td><strong>8<\/strong><\/td><\/tr><\/tbody><\/table>\n\n\n\n<p><strong>F\u00fcr die St\u00e4dte:<\/strong><\/p>\n\n\n\n<table class=\"wp-block-table\"><tbody><tr><td>Frankenthal<\/td><td>6<\/td><\/tr><tr><td>Ludwigshafen<\/td><td>8<\/td><\/tr><tr><td>Speyer<\/td><td>3<\/td><\/tr><tr><td><strong>Gesamtergebnis<\/strong><\/td><td><strong>17<\/strong><\/td><\/tr><\/tbody><\/table>\n\n\n\n<table class=\"wp-block-table\"><tbody><tr><td>Todesmeldungen<\/td><td><\/td><\/tr><tr><td>&nbsp;<\/td><td>12.02.2021<\/td><\/tr><tr><td>SK Ludwigshafen<\/td><td>5<\/td><\/tr><tr><td>SK Frankenthal<\/td><td>1<\/td><\/tr><tr><td>SK Speyer<\/td><td>0<\/td><\/tr><tr><td>LK Rhein-Pfalz-Kreis<\/td><td>1<\/td><\/tr><tr><td>Summe:<\/td><td>7<\/td><\/tr><\/tbody><\/table>\n\n\n\n<p>Betroffene Gemeinde in RPK: Altrip<\/p>\n\n\n\n<p><em>Kreisverwaltung Rhein-Pfalz-Kreis<br>15.02.2021<\/em><\/p>\n\n\n\n<h2 class=\"wp-block-heading\"><strong>Allgemeinverf\u00fcgung des Rhein-Pfalz-Kreises zu Schutzma\u00dfnahmen in Alten- und Pflegeeinrichtungen<\/strong><\/h2>\n\n\n\n<div class=\"wp-block-image\"><figure class=\"aligncenter\"><img decoding=\"async\" loading=\"lazy\" width=\"500\" height=\"500\" src=\"https:\/\/speyer24news.com\/wp-content\/uploads\/2020\/02\/virus-4810549_1920.png\" alt=\"\" class=\"wp-image-25116\" srcset=\"https:\/\/speyer24news.com\/wp-content\/uploads\/2020\/02\/virus-4810549_1920.png 500w, https:\/\/speyer24news.com\/wp-content\/uploads\/2020\/02\/virus-4810549_1920-150x150.png 150w, https:\/\/speyer24news.com\/wp-content\/uploads\/2020\/02\/virus-4810549_1920-300x300.png 300w\" sizes=\"(max-width: 500px) 100vw, 500px\" \/><\/figure><\/div>\n\n\n\n<p>Der Rhein-Pfalz-Kreis erl\u00e4sst zum\nSchutz der Alten- und Pflegeeinrichtungen eine weitere Allgemeinverf\u00fcgung &#8211; basierend\nauf der 15. CoBeLVO \u2013 die bis einschlie\u00dflich Sonntag, 28. Februar 2021, gelten\nwird. Die aktuelle Allgemeinverf\u00fcgung vom 29. Januar 2021 l\u00e4uft geordnet zum\n14. Februar 2021 aus.<\/p>\n\n\n\n<p>Die Landesregierung hat\nangek\u00fcndigt, den Lockdown \u2013 mit einigen \u00c4nderungen \u2013 zu verl\u00e4ngern. Die\n\u00c4nderung der 15. Corona-Bek\u00e4mpfungs-Verordnung des Landes (CoBeLVO) wird mit\nWirkung vom Montag, 15. Februar 2021, G\u00fcltigkeit haben.<\/p>\n\n\n\n<p>Der Rhein-Pfalz-Kreis erl\u00e4sst zum Schutz der Alten- und\nPflegeheime eine weitere Allgemeinverf\u00fcgung, die detailliertere\nBeschr\u00e4nkungen beim Besuch von Alters- und Pflegeeinrichtungen regelt. Demnach\nsind Besuche nur f\u00fcr eine Person f\u00fcr eine Stunde pro Tag und\nnur mit einer zertifizierten FFP2-Maske oder einer Maske, die der gleichen DIN\nentspricht, gestattet. Sterbebegleitungen sind von dieser Regelung ausgenommen.&nbsp;Die Einrichtungen d\u00fcrfen von Personen mit einer\nAbsonderungspflicht nach der entsprechenden Verordnung des Landes nicht\nbetreten werden.<\/p>\n\n\n\n<p>Die\nAusgangsbeschr\u00e4nkungen von 21 bis 5 Uhr gelten ab 15. Februar 2021 nicht mehr.&nbsp;Die Verkaufsst\u00e4tten d\u00fcrfen dann auch nach 21 Uhr noch\nge\u00f6ffnet haben. Der Alkoholkonsum in der\n\u00d6ffentlichkeit ist jedoch weiterhin verboten. Die \u00fcbrigen Regelungen der 15.\nCoBeLVO sowie weitergehende Regelungen in den Hygienekonzepten bleiben\nunber\u00fchrt.<\/p>\n\n\n\n<p>\u201eDie Fallzahlen sind gl\u00fccklicherweise r\u00fcckl\u00e4ufig, jedoch ist der Schutz der h\u00f6chsten Risikogruppe weiterhin f\u00fcr uns von gr\u00f6\u00dfter Wichtigkeit\u201c, betont Landrat K\u00f6rner. \u201eWir sind auf einem guten Weg, die Inzidenzzahl weiter sinken zu lassen, jedoch d\u00fcrfen wir nicht nachl\u00e4ssig werden und das Erreichte aufs Spiel setzen. Auch sind die auftretenden Virusmutationen zurzeit noch schwer einzusch\u00e4tzen. Daher werden die Kontaktbeschr\u00e4nkungen noch weiterhin gelten. Ich w\u00fcnsche mir, dass wir in dieser schweren Zeit weiter zusammenstehen und gemeinsam die Eind\u00e4mmung des Virus vorantreiben. Ich danke auch allen B\u00fcrgerinnen und B\u00fcrgern f\u00fcr ihr Verst\u00e4ndnis und das vorbildliche Einhalten der geltenden Regeln. Die Ma\u00dfnahmen sind f\u00fcr uns alle sehr einschneidend, aber den Erfolg, den wir damit zusammen erreichen, l\u00e4sst uns hoffentlich bald wieder in Richtung \u201eNormalit\u00e4t\u201c gehen.\u201c<\/p>\n\n\n\n<h4 class=\"wp-block-heading\">Lesen sie hier die aktualisierte Allgemeinverf\u00fcgung als pdf:<\/h4>\n\n\n\n<div class=\"wp-block-file\"><a href=\"https:\/\/speyer24news.com\/wp-content\/uploads\/2021\/02\/2021-02-AV-RPK-Beschr\u00e4nkungen-ab-15.02.2021.pdf\">2021-02-AV-RPK-Beschr\u00e4nkungen-ab-15.02.2021<\/a><a href=\"https:\/\/speyer24news.com\/wp-content\/uploads\/2021\/02\/2021-02-AV-RPK-Beschr\u00e4nkungen-ab-15.02.2021.pdf\" class=\"wp-block-file__button\" download>Herunterladen<\/a><\/div>\n\n\n\n<h4 class=\"wp-block-heading\">Lesen sie hier die Begr\u00fcndung zur Allgemeinverf\u00fcgung als pdf:<\/h4>\n\n\n\n<div class=\"wp-block-file\"><a href=\"https:\/\/speyer24news.com\/wp-content\/uploads\/2021\/02\/2021-02-AV-RPK-Beschr\u00e4nkungen-ab-15.02.2021-Begr\u00fcndung.pdf\">2021-02-AV-RPK-Beschr\u00e4nkungen-ab-15.02.2021-Begr\u00fcndung<\/a><a href=\"https:\/\/speyer24news.com\/wp-content\/uploads\/2021\/02\/2021-02-AV-RPK-Beschr\u00e4nkungen-ab-15.02.2021-Begr\u00fcndung.pdf\" class=\"wp-block-file__button\" download>Herunterladen<\/a><\/div>\n\n\n\n<p><em>Kreisverwaltung Rhein-Pfalz-Kreis<br>15.02.2021<\/em><\/p>\n","protected":false},"excerpt":{"rendered":"<div class=\"mh-excerpt\"><p>Coronavirus Fallzahlen Sonntag, 14.02.2021 Die Kreisverwaltung Rhein-Pfalz-Kreis \u00fcbermittelt eine \u00dcbersicht der Infektionszahlen aus ihrem Zust\u00e4ndigkeitsbereich des Gesundheitsamtes. In den Zust\u00e4ndigkeitsbereich des Gesundheitsamtes Rhein-Pfalz-Kreis geh\u00f6ren neben dem Landkreis auch die St\u00e4dte Ludwigshafen, Frankenthal und Speyer. Im <a class=\"mh-excerpt-more\" href=\"https:\/\/speyer24news.com\/?p=33253\" title=\"Rhein-Pfalz-Kreis\">[&#8230;]<\/a><\/p>\n<\/div>","protected":false},"author":3,"featured_media":0,"comment_status":"open","ping_status":"open","sticky":false,"template":"","format":"standard","meta":{"_monsterinsights_skip_tracking":false,"_monsterinsights_sitenote_active":false,"_monsterinsights_sitenote_note":"","_monsterinsights_sitenote_category":0,"footnotes":""},"categories":[1564],"tags":[9581,8741,8742,8706,6634,427,1565],"aioseo_notices":[],"amp_enabled":true,"_links":{"self":[{"href":"https:\/\/speyer24news.com\/index.php?rest_route=\/wp\/v2\/posts\/33253"}],"collection":[{"href":"https:\/\/speyer24news.com\/index.php?rest_route=\/wp\/v2\/posts"}],"about":[{"href":"https:\/\/speyer24news.com\/index.php?rest_route=\/wp\/v2\/types\/post"}],"author":[{"embeddable":true,"href":"https:\/\/speyer24news.com\/index.php?rest_route=\/wp\/v2\/users\/3"}],"replies":[{"embeddable":true,"href":"https:\/\/speyer24news.com\/index.php?rest_route=%2Fwp%2Fv2%2Fcomments&post=33253"}],"version-history":[{"count":1,"href":"https:\/\/speyer24news.com\/index.php?rest_route=\/wp\/v2\/posts\/33253\/revisions"}],"predecessor-version":[{"id":33256,"href":"https:\/\/speyer24news.com\/index.php?rest_route=\/wp\/v2\/posts\/33253\/revisions\/33256"}],"wp:attachment":[{"href":"https:\/\/speyer24news.com\/index.php?rest_route=%2Fwp%2Fv2%2Fmedia&parent=33253"}],"wp:term":[{"taxonomy":"category","embeddable":true,"href":"https:\/\/speyer24news.com\/index.php?rest_route=%2Fwp%2Fv2%2Fcategories&post=33253"},{"taxonomy":"post_tag","embeddable":true,"href":"https:\/\/speyer24news.com\/index.php?rest_route=%2Fwp%2Fv2%2Ftags&post=33253"}],"curies":[{"name":"wp","href":"https:\/\/api.w.org\/{rel}","templated":true}]}}