{"id":33295,"date":"2021-02-18T08:55:06","date_gmt":"2021-02-18T07:55:06","guid":{"rendered":"https:\/\/speyer24news.com\/?p=33295"},"modified":"2021-02-18T08:55:06","modified_gmt":"2021-02-18T07:55:06","slug":"corona-stadtnotizen-aus-speyer-5","status":"publish","type":"post","link":"https:\/\/speyer24news.com\/?p=33295","title":{"rendered":"Corona &#038; Stadtnotizen aus Speyer"},"content":{"rendered":"<style type=\"text\/css\">\r\n\t.ads_top_disp{}\r\n\t.ads_top_corner_disp{ float:left; margin:0px 10px 10px 0px; }\r\n\t.ads_first_p_disp{}\r\n\t.ads_bottom_disp{}\r\n\t<\/style>\n<h1 class=\"wp-block-heading\">Coronafallzahlen von Mittwoch (17.02.2021)<\/h1>\n\n\n\n<figure class=\"wp-block-image\"><img decoding=\"async\" loading=\"lazy\" width=\"800\" height=\"400\" src=\"https:\/\/speyer24news.com\/wp-content\/uploads\/2020\/02\/virus-1812092_1920.jpg\" alt=\"\" class=\"wp-image-25128\" srcset=\"https:\/\/speyer24news.com\/wp-content\/uploads\/2020\/02\/virus-1812092_1920.jpg 800w, https:\/\/speyer24news.com\/wp-content\/uploads\/2020\/02\/virus-1812092_1920-300x150.jpg 300w, https:\/\/speyer24news.com\/wp-content\/uploads\/2020\/02\/virus-1812092_1920-768x384.jpg 768w\" sizes=\"(max-width: 800px) 100vw, 800px\" \/><\/figure>\n\n\n\n<p>Anzahl best\u00e4tigter F\u00e4lle von Coronavirus (SARS-CoV-2)-Infektionen in der Stadt Speyer: 1974 ( + 4 )<br>Davon bereits genesen:\u00a01821<br>Todesf\u00e4lle: 71  ( unver\u00e4ndert ) <br>Gemeldete F\u00e4lle der letzten sieben Tage pro 100.000 Einwohner*innen:\u00a053,4 ( + 2 )<br><strong>Warnstufe: Rot<\/strong><\/p>\n\n\n\n<p>Stand: 17.02.2021, 14:10 Uhr<\/p>\n\n\n\n<p><em>Landesuntersuchungsamt Rheinland-Pfalz<br>18.02.2021<\/em><\/p>\n\n\n\n<h1 class=\"wp-block-heading\" style=\"text-align:center\">Stadtnotiz<\/h1>\n\n\n\n<figure class=\"wp-block-image\"><img decoding=\"async\" loading=\"lazy\" width=\"800\" height=\"600\" src=\"https:\/\/speyer24news.com\/wp-content\/uploads\/2020\/01\/Speyer-Stadtnachrichten-2.jpg\" alt=\"\" class=\"wp-image-23901\" srcset=\"https:\/\/speyer24news.com\/wp-content\/uploads\/2020\/01\/Speyer-Stadtnachrichten-2.jpg 800w, https:\/\/speyer24news.com\/wp-content\/uploads\/2020\/01\/Speyer-Stadtnachrichten-2-300x225.jpg 300w, https:\/\/speyer24news.com\/wp-content\/uploads\/2020\/01\/Speyer-Stadtnachrichten-2-768x576.jpg 768w, https:\/\/speyer24news.com\/wp-content\/uploads\/2020\/01\/Speyer-Stadtnachrichten-2-678x509.jpg 678w, https:\/\/speyer24news.com\/wp-content\/uploads\/2020\/01\/Speyer-Stadtnachrichten-2-326x245.jpg 326w, https:\/\/speyer24news.com\/wp-content\/uploads\/2020\/01\/Speyer-Stadtnachrichten-2-80x60.jpg 80w\" sizes=\"(max-width: 800px) 100vw, 800px\" \/><\/figure>\n\n\n\n<h2 class=\"wp-block-heading\">Hilfe f\u00fcr Betroffene &#8211; Meldungen bei der Stiftung Anerkennung und Hilfe bis 30. Juni 2021 m\u00f6glich<\/h2>\n\n\n\n<h4 class=\"wp-block-heading\">In einer gemeinsamen Sitzung haben sich Bund, L\u00e4nder und Kirchen als Errichter der Stiftung Anerkennung und Hilfe darauf verst\u00e4ndigt, die Meldefrist f\u00fcr Betroffene bis zum 30. Juni 2021 zu verl\u00e4ngern.<\/h4>\n\n\n\n<div class=\"wp-block-image\"><figure class=\"aligncenter\"><img decoding=\"async\" loading=\"lazy\" width=\"600\" height=\"255\" src=\"https:\/\/speyer24news.com\/wp-content\/uploads\/2021\/02\/Landesamt-f\u00fcr-Soziales-Jugend.png\" alt=\"\" class=\"wp-image-33296\" srcset=\"https:\/\/speyer24news.com\/wp-content\/uploads\/2021\/02\/Landesamt-f\u00fcr-Soziales-Jugend.png 600w, https:\/\/speyer24news.com\/wp-content\/uploads\/2021\/02\/Landesamt-f\u00fcr-Soziales-Jugend-300x128.png 300w\" sizes=\"(max-width: 600px) 100vw, 600px\" \/><\/figure><\/div>\n\n\n\n<p>Ein wichtiges Ziel der Stiftung Anerkennung und Hilfe war es von Anfang an, m\u00f6glichst viele Menschen zu erreichen. Die Meldefrist wurde bereits einmal verl\u00e4ngert. Durch die Corona-Pandemie ist der Zugang zur Stiftung f\u00fcr viele Menschen erheblich erschwert worden. Dies soll durch die erneute Verl\u00e4ngerung der Frist ausgeglichen werden.<\/p>\n\n\n\n<p>Menschen, die von 1949 bis 1975 in der BRD oder von 1949 bis 1990 in der DDR als Kinder und Jugendliche in Einrichtungen der Behindertenhilfe, Internaten und Heimen von Schulen f\u00fcr sinnesbeeintr\u00e4chtigte Kinder oder in psychiatrischen Einrichtungen station\u00e4r untergebracht waren und dort Leid und Unrecht erfahren haben, k\u00f6nnen Anerkennungs- und Unterst\u00fctzungsleistungen erhalten. \u201eAls Opferbeauftragter der Landesregierung Rheinland-Pfalz ist es das selbstverst\u00e4ndliche Einl\u00f6sen einer humanit\u00e4ren Verpflichtung gegen\u00fcber Betroffenen, auch noch nach vielen Jahren diese schrecklichen Vorg\u00e4nge aufzuarbeiten und schnelle und unb\u00fcrokratische Hilfe anzubieten\u201c, so Detlef Placzek.<\/p>\n\n\n\n<p>Schl\u00e4ge, Freiheitsberaubung, verbale Dem\u00fctigungen, Mangel- aber auch Zwangsern\u00e4hrung, Kinderarbeit und Missbrauch sind Formen von Leid und Unrecht, die Kinder damals in station\u00e4ren Einrichtungen ertragen mussten. Bei vielen wurde die pers\u00f6nliche Entwicklung nachhaltig beeintr\u00e4chtigt. Viele der Betroffenen sind heute noch abh\u00e4ngig vom Hilfesystem oder k\u00f6nnen nicht selbst\u00e4ndig leben. \u201eEs ist unbedingt notwendig, die Perspektive der Opfer einzunehmen\u201c, so Detlef Placzek. \u201eOft leiden sie Jahre oder sogar lebenslang unter den Folgen ihrer Erfahrungen. Die Leiden wahrzunehmen, anzuerkennen und deren Verarbeitung zu unterst\u00fctzen, kann auch heute noch eine gro\u00dfe Genugtuung f\u00fcr Betroffene sein.\u201c<\/p>\n\n\n\n<p>Die Beraterinnen und Berater der beim Landesamt f\u00fcr Soziales, Jugend und Versorgung angesiedelten regionalen Anlauf- und Beratungsstelle unterst\u00fctzen bei der Bew\u00e4ltigung oder Milderung heute noch bestehender Folgewirkungen. \u201eIch bin sehr ergriffen, weil mich endlich jemand ernst nahm,\u201c berichtet Herr B., 68, sehbehindert, nach dem Gespr\u00e4ch mit einer Beraterin.<\/p>\n\n\n\n<p>Ebenso leisten sie Hilfestellung bei der Beantragung von Leistungen. Betroffene erhalten nach der Glaubhaftmachung von Leid und Unrecht und daraus resultierenden Folgewirkungen eine einmalige Geldpauschale in H\u00f6he von 9.000 Euro. Mussten sie im Alter zwischen 14 Jahren und Vollj\u00e4hrigkeit in der Einrichtung arbeiten, k\u00f6nnen einmalig bis zu 5.000 Euro gezahlt werden, wenn diese T\u00e4tigkeit nicht bei der Rente ber\u00fccksichtigt wurde.<\/p>\n\n\n\n<p>Bislang hat die Stiftung 634 Betroffenen in Rheinland-Pfalz Leistungen von knapp 6,3 Millionen Euro ausgezahlt. \u201eSie waren sehr einf\u00fchlsam, haben keine unm\u00f6glichen Fragen gestellt und mich nicht zum Bittsteller degradiert,\u201c so Frau W., 71, k\u00f6rperbehindert, \u00fcber das Anerkennungsverfahren.<\/p>\n\n\n\n<p>Der Landesbeauftragte f\u00fcr die Belange von Menschen mit Behinderungen Matthias R\u00f6sch appelliert: \u201eWichtig ist, dass Menschen mit Behinderungen \u00fcber die Entsch\u00e4digungsleistungen gut informiert und beraten werden. Die Anlauf- und Beratungsstelle beim Landesamt f\u00fcr Soziales, Jugend und Versorgung bietet wertvolle Unterst\u00fctzung an. Aber auch die Einrichtungen und Dienste f\u00fcr Menschen mit Behinderungen, rechtliche Betreuerinnen und Betreuer sowie Angeh\u00f6rige sind aufgefordert, Unterst\u00fctzung bei der Antragstellung zu geben\u201c.<\/p>\n\n\n\n<p>Um Anspr\u00fcche geltend zu machen, sind Betroffene aufgerufen, sich sp\u00e4testens bis zum 30. Juni 2021 bei der Anlauf- und Beratungsstelle in Mainz zu melden.<\/p>\n\n\n\n<p>F\u00fcr eine Anmeldung gen\u00fcgt ein Anruf, eine E-Mail oder ein Fax.<\/p>\n\n\n\n<p>Erreichbarkeit der Anlauf- und Beratungsstelle f\u00fcr das Land Rheinland-Pfalz<br>Adresse: Rheinallee 97-101 in 55118 Mainz<br>Telefon: 06131 967-544<br>Fax: 06131 967-12544<br><a href=\"javascript:linkTo_UnCryptMailto('ocknvq,uvkhvwpicwjBnulx0tnr0fg');\">stiftungauh(at)lsjv.rlp.de<\/a><br><a rel=\"noreferrer noopener\" href=\"http:\/\/www.stiftung-anerkennung-hilfe.de\/\" target=\"_blank\">www.stiftung-anerkennung-hilfe.de<\/a>\u00a0und\u00a0<a rel=\"noreferrer noopener\" href=\"https:\/\/lsjv.rlp.de\/de\/unsere-aufgaben\/kinder-jugend-und-familie\/stiftung-anerkennung-und-hilfe\/\" target=\"_blank\">https:\/\/lsjv.rlp.de\/de\/unsere-aufgaben\/kinder-jugend-und-familie\/stiftung-anerkennung-und-hilfe\/<\/a><\/p>\n\n\n\n<p><em>Landesamt f\u00fcr Soziales, Jugend und Versorgung<br>18.02.2021<\/em><\/p>\n","protected":false},"excerpt":{"rendered":"<div class=\"mh-excerpt\"><p>Coronafallzahlen von Mittwoch (17.02.2021) Anzahl best\u00e4tigter F\u00e4lle von Coronavirus (SARS-CoV-2)-Infektionen in der Stadt Speyer: 1974 ( + 4 )Davon bereits genesen:\u00a01821Todesf\u00e4lle: 71 ( unver\u00e4ndert ) Gemeldete F\u00e4lle der letzten sieben Tage pro 100.000 Einwohner*innen:\u00a053,4 ( <a class=\"mh-excerpt-more\" href=\"https:\/\/speyer24news.com\/?p=33295\" title=\"Corona &#038; Stadtnotizen aus Speyer\">[&#8230;]<\/a><\/p>\n<\/div>","protected":false},"author":3,"featured_media":23902,"comment_status":"open","ping_status":"open","sticky":false,"template":"","format":"standard","meta":{"_monsterinsights_skip_tracking":false,"_monsterinsights_sitenote_active":false,"_monsterinsights_sitenote_note":"","_monsterinsights_sitenote_category":0,"footnotes":""},"categories":[47],"tags":[6401,8404,6367,6940,8725,6370,5904,6358,8749,7003,5801,6342,10062,10063,6,7262,1296,10064],"aioseo_notices":[],"amp_enabled":true,"_links":{"self":[{"href":"https:\/\/speyer24news.com\/index.php?rest_route=\/wp\/v2\/posts\/33295"}],"collection":[{"href":"https:\/\/speyer24news.com\/index.php?rest_route=\/wp\/v2\/posts"}],"about":[{"href":"https:\/\/speyer24news.com\/index.php?rest_route=\/wp\/v2\/types\/post"}],"author":[{"embeddable":true,"href":"https:\/\/speyer24news.com\/index.php?rest_route=\/wp\/v2\/users\/3"}],"replies":[{"embeddable":true,"href":"https:\/\/speyer24news.com\/index.php?rest_route=%2Fwp%2Fv2%2Fcomments&post=33295"}],"version-history":[{"count":1,"href":"https:\/\/speyer24news.com\/index.php?rest_route=\/wp\/v2\/posts\/33295\/revisions"}],"predecessor-version":[{"id":33297,"href":"https:\/\/speyer24news.com\/index.php?rest_route=\/wp\/v2\/posts\/33295\/revisions\/33297"}],"wp:featuredmedia":[{"embeddable":true,"href":"https:\/\/speyer24news.com\/index.php?rest_route=\/wp\/v2\/media\/23902"}],"wp:attachment":[{"href":"https:\/\/speyer24news.com\/index.php?rest_route=%2Fwp%2Fv2%2Fmedia&parent=33295"}],"wp:term":[{"taxonomy":"category","embeddable":true,"href":"https:\/\/speyer24news.com\/index.php?rest_route=%2Fwp%2Fv2%2Fcategories&post=33295"},{"taxonomy":"post_tag","embeddable":true,"href":"https:\/\/speyer24news.com\/index.php?rest_route=%2Fwp%2Fv2%2Ftags&post=33295"}],"curies":[{"name":"wp","href":"https:\/\/api.w.org\/{rel}","templated":true}]}}