{"id":33298,"date":"2021-02-18T09:17:52","date_gmt":"2021-02-18T08:17:52","guid":{"rendered":"https:\/\/speyer24news.com\/?p=33298"},"modified":"2021-02-18T09:17:53","modified_gmt":"2021-02-18T08:17:53","slug":"schwetzingen-58","status":"publish","type":"post","link":"https:\/\/speyer24news.com\/?p=33298","title":{"rendered":"Schwetzingen"},"content":{"rendered":"<style type=\"text\/css\">\r\n\t.ads_top_disp{}\r\n\t.ads_top_corner_disp{ float:left; margin:0px 10px 10px 0px; }\r\n\t.ads_first_p_disp{}\r\n\t.ads_bottom_disp{}\r\n\t<\/style>\n<h2 class=\"wp-block-heading\"><strong>Stadtg\u00e4rtner legen Bl\u00fchstreifen auf dem Friedhof an<\/strong><\/h2>\n\n\n\n<h4 class=\"wp-block-heading\">In der letzten Februarwoche finden die vorbereitenden Arbeiten statt \/ K\u00fcnftig L\u00e4rm- und Sichtschutz zur Mannheimer Landstra\u00dfe<\/h4>\n\n\n\n<p>Die Umgestaltung und Aufforstung des Friedhofs im Rahmen des Friedhofskonzeptes geht weiter. Entlang der Friedhofsmauer zur Mannheimer Landstra\u00dfe hin legen die Stadtg\u00e4rtner einen attraktiven Bl\u00fchstreifen aus Mandelb\u00e4umen, Hochstamm-Zierpflaumen, Zierkirschen und verschiedenen rosa bl\u00fchenden Zierstr\u00e4uchern an. Diese Bepflanzung sorgt f\u00fcr eine gr\u00f6\u00dfere Biodiversit\u00e4t und bietet Bienen und anderen Insekten ein reichhaltiges Nahrungsbuffet an. Die dahinter liegende Betonmauer wird in diesem Zuge ebenfalls instand gesetzt. Mit Wasserdampf reinigen die Stadtg\u00e4rtner die Wand von Moos und Dreck und streichen die Mauer im Anschluss wo n\u00f6tig.<\/p>\n\n\n\n<p>Dazu m\u00fcssen die bisherigen B\u00e4ume wie Birken, Kiefern und einige Str\u00e4ucher gef\u00e4llt werden. Die Stadtg\u00e4rtner nutzen dazu noch die letzte Februarwoche vor Beginn der Vegetationsphase am 1. M\u00e4rz. \u201eDiese Flachwurzler hatten in den vergangenen Jahren durch den vorbeifahrenden PKW Verkehr und trockene Sommer schon sichtbare Sch\u00e4den, vor allem in der Standfestigkeit, davongetragen und m\u00fcssen daher ausgetauscht werden\u201c, erkl\u00e4rt der Leiter der Stadtg\u00e4rtnerei Bernd Kolb. \u201eDurch die neu gepflanzte Bl\u00fchhecke erh\u00f6hen wir die Baumqualit\u00e4t an dieser Stelle\u201c, erl\u00e4utert B\u00fcrgermeister Matthias Steffan die Pl\u00e4ne und hebt noch einen entscheidenden Vorteil heraus: \u201eDurch die Art der Bepflanzung mit Hochst\u00e4mmen und den darunter wachsenden Zierstr\u00e4uchern schaffen wir langfristig auch eine gelungene optische Begrenzung zur Mannheimer Stra\u00dfe und damit einen L\u00e4rm- und Sichtschutz f\u00fcr die Friedhofsbesucher\/innen.\u201c<\/p>\n\n\n\n<p>Den ersten Abschnitt ab dem Friedhofsb\u00fcro gehen die G\u00e4rtner in diesem Jahr an. Der zweite Abschnitt folgt dann im kommenden Jahr.<\/p>\n\n\n\n<p><em>Stadtverwaltung Schwetzingen<br>18.02.2021<\/em><\/p>\n\n\n\n<h2 class=\"wp-block-heading\"><strong>Stadt ersetzt im Kurpfalzring zehn Eschen<\/strong><\/h2>\n\n\n\n<p>Die Stadtg\u00e4rtner werden in der kommenden Woche (ab dem 22. Februar) im Kurpfalzring zehn Eschenb\u00e4ume f\u00e4llen. Grund ist das so genannte Eschentriebsterben, ein Pilz der die B\u00e4ume befallen und stark gesch\u00e4digt hat.<\/p>\n\n\n\n<p>Die zehn Eschen werden von den G\u00e4rtner\/innen zeitnah gegen Jungb\u00e4ume einer resistenten Eschensorte ersetzt.<\/p>\n\n\n\n<p><em>Stadtverwaltung Schwetzingen<br>18.02.2021<\/em><\/p>\n\n\n\n<h2 class=\"wp-block-heading\"><strong>Touristinfo und alla hopp!-Anlage bis 7. M\u00e4rz 2021 geschlossen<\/strong><\/h2>\n\n\n\n<figure class=\"wp-block-image\"><img decoding=\"async\" src=\"https:\/\/speyer24news.com\/wp-content\/uploads\/2020\/01\/Closed.jpg\" alt=\"\" class=\"wp-image-24022\"\/><\/figure>\n\n\n\n<p>Nachdem das Land die Corona Verordnung bis 7. M\u00e4rz 2021 hinaus verl\u00e4ngert hat, bleibt die Touristinfo der Stadt Schwetzingen in der Dreik\u00f6nigstra\u00dfe bis 08.03.2021 f\u00fcr den Publikumsverkehr geschlossen. Die Mitarbeiterinnen sind jedoch per Mail unter&nbsp;<a href=\"mailto:touristinfo@schwetzingen.de\" target=\"_blank\" rel=\"noreferrer noopener\">touristinfo@schwetzingen.de<\/a>&nbsp;oder telefonisch unter 06202\/ 87400 an den Werktagen erreichbar.<\/p>\n\n\n\n<p>Auch die alla hopp!-Anlage in der Sternallee bleibt bis zum 8.03.2021 geschlossen.<\/p>\n\n\n\n<p><em>Stadtverwaltung Schwetzingen<br>18.02.2021<\/em><\/p>\n\n\n\n<h2 class=\"wp-block-heading\"><strong>Vorsorgevollmacht: Beglaubigungstermin wird vom 26. Februar auf den 9. April 2021 verschoben<\/strong><strong><\/strong><\/h2>\n\n\n\n<p><strong>Termin ist bereits ausgebucht \/ N\u00e4chste Termine am 25. Juni und 22. Oktober geplant<\/strong><\/p>\n\n\n\n<p>Die urspr\u00fcnglich f\u00fcr den 26. Februar geplante Beglaubigungssprechstunde wird aufgrund des verl\u00e4ngerten Lockdowns auf den 9. April verlegt. Bitte beachten Sie, dass alle Beratungstermine bereits belegt sind. In diesem Jahr sind noch zwei weitere Termine geplant: am 25.06. und am 22.10.2021. Hierf\u00fcr ist eine verbindliche Anmeldung im Generationenb\u00fcro, Schlossplatz 4,\u00a0 Telefon 06202\/87-492\/-493 erforderlich.<\/p>\n\n\n\n<p><em>Stadtverwaltung Schwetzingen<br>18.02.2021<\/em><\/p>\n","protected":false},"excerpt":{"rendered":"<div class=\"mh-excerpt\"><p>Stadtg\u00e4rtner legen Bl\u00fchstreifen auf dem Friedhof an In der letzten Februarwoche finden die vorbereitenden Arbeiten statt \/ K\u00fcnftig L\u00e4rm- und Sichtschutz zur Mannheimer Landstra\u00dfe Die Umgestaltung und Aufforstung des Friedhofs im Rahmen des Friedhofskonzeptes geht <a class=\"mh-excerpt-more\" href=\"https:\/\/speyer24news.com\/?p=33298\" title=\"Schwetzingen\">[&#8230;]<\/a><\/p>\n<\/div>","protected":false},"author":3,"featured_media":0,"comment_status":"open","ping_status":"open","sticky":false,"template":"","format":"standard","meta":{"_monsterinsights_skip_tracking":false,"_monsterinsights_sitenote_active":false,"_monsterinsights_sitenote_note":"","_monsterinsights_sitenote_category":0,"footnotes":""},"categories":[477],"tags":[5604,2255,10067,10065,10069,10068,154,10066,9674,4142,9428],"aioseo_notices":[],"amp_enabled":true,"_links":{"self":[{"href":"https:\/\/speyer24news.com\/index.php?rest_route=\/wp\/v2\/posts\/33298"}],"collection":[{"href":"https:\/\/speyer24news.com\/index.php?rest_route=\/wp\/v2\/posts"}],"about":[{"href":"https:\/\/speyer24news.com\/index.php?rest_route=\/wp\/v2\/types\/post"}],"author":[{"embeddable":true,"href":"https:\/\/speyer24news.com\/index.php?rest_route=\/wp\/v2\/users\/3"}],"replies":[{"embeddable":true,"href":"https:\/\/speyer24news.com\/index.php?rest_route=%2Fwp%2Fv2%2Fcomments&post=33298"}],"version-history":[{"count":1,"href":"https:\/\/speyer24news.com\/index.php?rest_route=\/wp\/v2\/posts\/33298\/revisions"}],"predecessor-version":[{"id":33299,"href":"https:\/\/speyer24news.com\/index.php?rest_route=\/wp\/v2\/posts\/33298\/revisions\/33299"}],"wp:attachment":[{"href":"https:\/\/speyer24news.com\/index.php?rest_route=%2Fwp%2Fv2%2Fmedia&parent=33298"}],"wp:term":[{"taxonomy":"category","embeddable":true,"href":"https:\/\/speyer24news.com\/index.php?rest_route=%2Fwp%2Fv2%2Fcategories&post=33298"},{"taxonomy":"post_tag","embeddable":true,"href":"https:\/\/speyer24news.com\/index.php?rest_route=%2Fwp%2Fv2%2Ftags&post=33298"}],"curies":[{"name":"wp","href":"https:\/\/api.w.org\/{rel}","templated":true}]}}