{"id":33300,"date":"2021-02-18T10:05:38","date_gmt":"2021-02-18T09:05:38","guid":{"rendered":"https:\/\/speyer24news.com\/?p=33300"},"modified":"2021-02-18T10:05:38","modified_gmt":"2021-02-18T09:05:38","slug":"kommunalpolitik-8","status":"publish","type":"post","link":"https:\/\/speyer24news.com\/?p=33300","title":{"rendered":"Kommunalpolitik"},"content":{"rendered":"<style type=\"text\/css\">\r\n\t.ads_top_disp{}\r\n\t.ads_top_corner_disp{ float:left; margin:0px 10px 10px 0px; }\r\n\t.ads_first_p_disp{}\r\n\t.ads_bottom_disp{}\r\n\t<\/style>\n<h2 class=\"wp-block-heading\"><strong>Thema: Digital Liberaler Talk \u2013 Unser Speyer von Morgen<\/strong><\/h2>\n\n\n\n<figure class=\"wp-block-image\"><img decoding=\"async\" loading=\"lazy\" width=\"800\" height=\"458\" src=\"https:\/\/speyer24news.com\/wp-content\/uploads\/2021\/02\/150992096_3974712545893786_5873187480834492290_o.jpg\" alt=\"\" class=\"wp-image-33302\" srcset=\"https:\/\/speyer24news.com\/wp-content\/uploads\/2021\/02\/150992096_3974712545893786_5873187480834492290_o.jpg 800w, https:\/\/speyer24news.com\/wp-content\/uploads\/2021\/02\/150992096_3974712545893786_5873187480834492290_o-300x172.jpg 300w, https:\/\/speyer24news.com\/wp-content\/uploads\/2021\/02\/150992096_3974712545893786_5873187480834492290_o-768x440.jpg 768w\" sizes=\"(max-width: 800px) 100vw, 800px\" \/><\/figure>\n\n\n\n<p>Wir stehen an der Schwelle eines\nneuen urbanen und digitalen Zeitalters. Der Vielzahl an Herausforderungen wie\ndem demographischen Wandel sowie den ver\u00e4nderten Anforderungen an und von\nMenschen m\u00fcssen wir gerecht werden. Unser Speyer von Morgen m\u00fcssen wir heute schon gestalten.\n<\/p>\n\n\n\n<p>Neue Ideen daf\u00fcr\nwachsen nicht auf B\u00e4umen. Sie entfalten sich in jedem einzelnen B\u00fcrger, der mit\nMut, Kreativit\u00e4t\nund Innovation Speyer ein St\u00fcckchen besser machen will. Und wir als FDP-Kreisverband\nSpeyer m\u00f6chten gemeinsam mit den B\u00fcrgerinnen und B\u00fcrger Speyer von morgen\ngestalten.<\/p>\n\n\n\n<p>Innovative Mobilit\u00e4tskonzepte,\nder&nbsp;Umgang mit den Ressourcen der Stadt und die Frage nach einer belebten\nund attraktiven Innenstadt auch noch nach der aktuellen Krise, sind nur ein\npaar der thematischen Schwerpunkte, die wir mit den Speyerer B\u00fcrgerinnen und B\u00fcrgern\ngemeinsam diskutieren wollen. In Speyer gibt es aktuell viele Baustellen, die\nwir zeitnahe anpacken m\u00fcssen, um so ein zukunftssicheres Speyer zu gestalten.\nDazu geh\u00f6rt auch die interkommunale Zusammenarbeit mit den Nachbarkommunen oder\ndie Digitalisierung vor Ort voranzutreiben. Die Frage nach schnellem\nqualit\u00e4tsvollem und doch bezahlbarem Wohnungsbau ist genauso relevant wie die\nZukunft des Einzelhandels und der Gastronomie in Speyer.<\/p>\n\n\n\n<p>Diese und noch weitere zukunftsweisende\nFragen, sind Themen in unserem Ersten \u201eDigital Liberalen Talk\u201c mit\nMike Oehlmann (Fraktionsvorsitzender der FDP-Stadtratsfraktion), Bianca Hofmann (Stadtr\u00e4tin und Direktkandidatin f\u00fcr die\nBundestagswahl) sowie Marius Weiler (Kreisvorsitzender der Jungen Liberalen\nSpeyer).<\/p>\n\n\n\n<p>Hierzu laden wir gerne alle interessierten Speyerer B\u00fcrger\nein, \u202aam <strong>Freitag<\/strong>,\nden <strong>19. Februar<\/strong> <strong>2021<\/strong> <strong>ab 19:00 Uhr<\/strong> sich mit uns\nauszutauschen und sich mit Fragen\/Anmerkungen in die Diskussion einzubringen.<\/p>\n\n\n\n<p>Wo: <strong>Facebook-Seite des\nFDP-Kreisverbandes Speyers<\/strong> (<a href=\"https:\/\/www.facebook.com\/fdpspeyer\">https:\/\/www.facebook.com\/fdpspeyer<\/a>),<\/p>\n\n\n\n<p>An der Facebook-Live Veranstaltung kann\nman auch ohne Facebook-Account teilnehmen. N\u00e4here Informationen dazu auf unserer\nHomepage.<\/p>\n\n\n\n<p>Nach der Veranstaltung ist der Digital\nLiberale Talk auch als Video auf unsere Homepage verf\u00fcgbar.<\/p>\n\n\n\n<p>Falls Sie vorab Fragen, Anregungen oder\nDiskussionsbeitr\u00e4ge an uns richten m\u00f6chten, senden Sie diese bitte an&nbsp;<strong>m.weiler@fdpspeyer.de<\/strong>&nbsp;mit\ndem Betreff \u201e<strong>Digital-Liberaler\nTalk<\/strong>\u201c.<\/p>\n\n\n\n<p>Machen Sie mit, bringen Sie sich ein \u2013 haben Sie Mut<\/p>\n\n\n\n<p>Wir freuen uns auf eine spannende Diskussion \u00fcber unser Speyer von Morgen<\/p>\n\n\n\n<p><em>FDP Speyer, Marius Weiler<br>18.02.2021<\/em><\/p>\n\n\n\n<h2 class=\"wp-block-heading\">Stadtwald Speyer ist suspendiert &#8211; Ein Weckruf f\u00fcr den Forstbetrieb<\/h2>\n\n\n\n<figure class=\"wp-block-image\"><img decoding=\"async\" loading=\"lazy\" width=\"600\" height=\"600\" src=\"https:\/\/speyer24news.com\/wp-content\/uploads\/2021\/02\/151067943_3903090529742982_6353319105412954110_o.jpg\" alt=\"\" class=\"wp-image-33301\" srcset=\"https:\/\/speyer24news.com\/wp-content\/uploads\/2021\/02\/151067943_3903090529742982_6353319105412954110_o.jpg 600w, https:\/\/speyer24news.com\/wp-content\/uploads\/2021\/02\/151067943_3903090529742982_6353319105412954110_o-150x150.jpg 150w, https:\/\/speyer24news.com\/wp-content\/uploads\/2021\/02\/151067943_3903090529742982_6353319105412954110_o-300x300.jpg 300w\" sizes=\"(max-width: 600px) 100vw, 600px\" \/><\/figure>\n\n\n\n<p>Schon lange Zeit gibt es tiefgreifende Unstimmigkeiten zwischen der Fraktion der GR\u00dcNEN, der Oberb\u00fcrgermeisterin und den Stadtratsfraktionen zur Behandlung des Speyerer Waldes. B\u00dcNDNIS 90\/ DIE GR\u00dcNEN tragen seit vielen Jahren massive \u00dcberschreitungen des planm\u00e4\u00dfigen Hiebssatzes und andere eklatante Verst\u00f6\u00dfe gegen das Gebot der Nachhaltigkeit vor. Durch schwere Forstmaschinen werden Waldb\u00f6den zerst\u00f6rt, bedrohte Tier- und Pflanzenarten vernichtet und gegen zahlreiche Grunds\u00e4tze einer schonenden Waldbehandlung versto\u00dfen. Diesem Treiben hat nun der Gemeinde -und St\u00e4dtebund einen Riegel vorgeschoben und, als Zertifikatseigner des Gruppenzertifikates von FSC, den Forstbetrieb Speyer wegen permanenter Verst\u00f6\u00dfe gegen das Prinzip der Nachhaltigkeit mit sofortiger Wirkung suspendiert \u2013 ein notwendiger Weckruf f\u00fcr Oberb\u00fcrgermeisterin Seiler, den staatlichen Forstbeamten und auch f\u00fcr den Stadtrat, der alle Warnsignale der letzten Jahre regelm\u00e4\u00dfig in den Wind schlug. <\/p>\n\n\n\n<p>FSC Deutschland ist ein G\u00fctesiegel f\u00fcr eine verantwortungsvolle Waldbewirtschaftung. Die angeschlossenen Forstbetriebe verpflichten sich zur Einhaltung von \u00f6kologischen und sozialen Mindeststandards und k\u00f6nnen ihr Holz im Gegenzug mit dem FSC- Siegel verkaufen. In Rheinland-Pfalz ist der Gemeinde- und St\u00e4dtebund der Inhaber des Gruppenzertifikates und erteilte f\u00fcr 136 Kommunalw\u00e4lder im Land die Einzelzertifikate. Ab sofort geh\u00f6rt die Stadt Speyer nicht mehr in diesen Kreis. <\/p>\n\n\n\n<p>Der Forstbetrieb wurde durch den Zertifikatshalter wegen der massiven Verst\u00f6\u00dfe gegen forstliche Standards mit sofortiger Wirkung suspendiert. Es drohte ein Szenario, dass alle 135 Kommunen ihr Zertifikat verlieren w\u00fcrden, wenn die Trennung von der Stadt Speyer nicht vollzogen wird. Noch vor wenigen Wochen br\u00fcstete sich der Forstbetrieb an der Seite von OB Seiler mit dem nun widerlegten Spruch: \u201eSo sieht ein klimastabiler Wald aus.\u201c Es bedarf keines forstwissenschaftlichen Studiengangs, um zu wissen, dass ein ausgepl\u00fcnderter Wald leider nicht klimastabil ist. Ein \u201eWeiter-So\u201c kann es nun nicht mehr geben. Die Waldwirtschaft in Speyer hat nun einen unr\u00fchmlichen Tiefpunkt erfahren. Es wird viel Arbeit auf die neue Umweltdezernentin Irmgard M\u00fcnch-Weinmann zukommen diesen Makel zu beheben und die Stadt wieder auf den Weg einer ordnungsgem\u00e4\u00dfen und nachhaltigen Waldwirtschaft zur\u00fcckzuf\u00fchren. Ziel muss es sein, einen Nachweis f\u00fcr einen verantwortungsvollen Umgang mit den Wald\u00f6kosystemen zur\u00fcckzuerhalten. Dies setzt die Schlie\u00dfung der zahlreichen von einem unabh\u00e4ngigen Auditor festgestellten Abweichungen einer fachgerechten Waldwirtschaft voraus. Neben der Verletzung des Nachhaltigkeitsgebotes, in einer Hiebsma\u00dfnahme an der Iggelheimer Stra\u00dfe wurde 139 % der nachhaltig m\u00f6glichen Holzmenge entnommen, geriet insbesondere die fehlende Sensibilit\u00e4t gegen\u00fcber den Erfordernissen des Artenschutzes ins Visier der Auditoren. Versuche, die Durchf\u00fchrung der Ma\u00dfnahmen zu rechtfertigen, wurden vom Auditor verworfen. Kein Verst\u00e4ndnis hatten die beauftragten Auditoren auch f\u00fcr das fehlende Biotopbaumkonzept. Hier notiert der Auditor in seinem Bericht, dass die vom Forstbetrieb \u201evorgelegten Dokumente nicht geeignet sind, die Abweichung zu schlie\u00dfen.\u201c Weitere, durch die Fraktion der GR\u00dcNEN vorgetragenen \u201eforstlichen S\u00fcnden\u201c, betreffen ein fehlendes Neophytenmanagement (ein fehlendes Konzept zum Umgang mit eingeschleppten Pflanzen), die Zerst\u00f6rung der Waldb\u00f6den durch Befahrungen mit schwersten Maschinen oder die Ablagerung von belastetem Bauschutt im Stadtwald inmitten des Wasserschutzgebietes. In mehreren Sitzungen des Umweltausschusses wurden die Bef\u00fcrchtungen vorgetragen, aber leider von der Mehrheit vom Tisch gefegt. <\/p>\n\n\n\n<p>Die vorgenommene Suspendierung sollte als Weckruf und Anlass genommen werden, die Missst\u00e4nde in den Speyerer W\u00e4ldern unverz\u00fcglich abzustellen. Die GR\u00dcNE Fraktion steht hierbei sehr eng an der Seite der Umweltb\u00fcrgermeisterin Irmgard M\u00fcnch-Weinmann und bietet nur jede erdenkliche Unterst\u00fctzung an, diese unertr\u00e4glichen Zust\u00e4nde in unserem Stadtwald abzustellen. <\/p>\n\n\n\n<p><em>Gr\u00fcne \/ B\u00dc 90 Speyer, Hannah Heller<br>18.02.2021<\/em><\/p>\n","protected":false},"excerpt":{"rendered":"<div class=\"mh-excerpt\"><p>Thema: Digital Liberaler Talk \u2013 Unser Speyer von Morgen Wir stehen an der Schwelle eines neuen urbanen und digitalen Zeitalters. Der Vielzahl an Herausforderungen wie dem demographischen Wandel sowie den ver\u00e4nderten Anforderungen an und von <a class=\"mh-excerpt-more\" href=\"https:\/\/speyer24news.com\/?p=33300\" title=\"Kommunalpolitik\">[&#8230;]<\/a><\/p>\n<\/div>","protected":false},"author":3,"featured_media":33303,"comment_status":"open","ping_status":"open","sticky":false,"template":"","format":"standard","meta":{"_monsterinsights_skip_tracking":false,"_monsterinsights_sitenote_active":false,"_monsterinsights_sitenote_note":"","_monsterinsights_sitenote_category":0,"footnotes":""},"categories":[1530],"tags":[10070,2943,7713,1113,987,3,310,6,10071],"aioseo_notices":[],"amp_enabled":true,"_links":{"self":[{"href":"https:\/\/speyer24news.com\/index.php?rest_route=\/wp\/v2\/posts\/33300"}],"collection":[{"href":"https:\/\/speyer24news.com\/index.php?rest_route=\/wp\/v2\/posts"}],"about":[{"href":"https:\/\/speyer24news.com\/index.php?rest_route=\/wp\/v2\/types\/post"}],"author":[{"embeddable":true,"href":"https:\/\/speyer24news.com\/index.php?rest_route=\/wp\/v2\/users\/3"}],"replies":[{"embeddable":true,"href":"https:\/\/speyer24news.com\/index.php?rest_route=%2Fwp%2Fv2%2Fcomments&post=33300"}],"version-history":[{"count":1,"href":"https:\/\/speyer24news.com\/index.php?rest_route=\/wp\/v2\/posts\/33300\/revisions"}],"predecessor-version":[{"id":33304,"href":"https:\/\/speyer24news.com\/index.php?rest_route=\/wp\/v2\/posts\/33300\/revisions\/33304"}],"wp:featuredmedia":[{"embeddable":true,"href":"https:\/\/speyer24news.com\/index.php?rest_route=\/wp\/v2\/media\/33303"}],"wp:attachment":[{"href":"https:\/\/speyer24news.com\/index.php?rest_route=%2Fwp%2Fv2%2Fmedia&parent=33300"}],"wp:term":[{"taxonomy":"category","embeddable":true,"href":"https:\/\/speyer24news.com\/index.php?rest_route=%2Fwp%2Fv2%2Fcategories&post=33300"},{"taxonomy":"post_tag","embeddable":true,"href":"https:\/\/speyer24news.com\/index.php?rest_route=%2Fwp%2Fv2%2Ftags&post=33300"}],"curies":[{"name":"wp","href":"https:\/\/api.w.org\/{rel}","templated":true}]}}