{"id":33321,"date":"2021-02-19T11:32:46","date_gmt":"2021-02-19T10:32:46","guid":{"rendered":"https:\/\/speyer24news.com\/?p=33321"},"modified":"2021-02-19T11:32:46","modified_gmt":"2021-02-19T10:32:46","slug":"speyer-corona-5","status":"publish","type":"post","link":"https:\/\/speyer24news.com\/?p=33321","title":{"rendered":"Speyer \/ Corona"},"content":{"rendered":"<style type=\"text\/css\">\r\n\t.ads_top_disp{}\r\n\t.ads_top_corner_disp{ float:left; margin:0px 10px 10px 0px; }\r\n\t.ads_first_p_disp{}\r\n\t.ads_bottom_disp{}\r\n\t<\/style>\n<h2 class=\"wp-block-heading\"><strong>Stadt erweitert Schnelltestangebot f\u00fcr Lehrkr\u00e4fte sowie f\u00fcr Mitarbeiter*innen der Kindertagesst\u00e4tte WoLa \u2013 Bundeswehr verl\u00e4ngert Amtshilfe<\/strong><\/h2>\n\n\n\n<figure class=\"wp-block-image\"><img decoding=\"async\" loading=\"lazy\" width=\"800\" height=\"535\" src=\"https:\/\/speyer24news.com\/wp-content\/uploads\/2021\/01\/Schnelltest-Corona-1.jpg\" alt=\"\" class=\"wp-image-32515\" srcset=\"https:\/\/speyer24news.com\/wp-content\/uploads\/2021\/01\/Schnelltest-Corona-1.jpg 800w, https:\/\/speyer24news.com\/wp-content\/uploads\/2021\/01\/Schnelltest-Corona-1-300x201.jpg 300w, https:\/\/speyer24news.com\/wp-content\/uploads\/2021\/01\/Schnelltest-Corona-1-768x514.jpg 768w\" sizes=\"(max-width: 800px) 100vw, 800px\" \/><\/figure>\n\n\n\n<p>Die Stadtverwaltung Speyer hat ihr Schnelltestangebot ausgeweitet und bietet allen Lehrkr\u00e4ften an Schulen eine regelm\u00e4\u00dfige Testung auf das Coronavirus mittels Antigen-Schnelltests an. Zudem k\u00f6nnen Mitarbeiter*innen der st\u00e4dtischen Kindertagesst\u00e4tte WoLa nach erfolgter Schulung mittels PoC-Test in Zukunft selbstst\u00e4ndig Nase-Rachen-Abstriche bei Kolleg*innen vornehmen.<br><br>\u201eUm m\u00f6gliche SARS-CoV-2-Infektionen fr\u00fchzeitig zu erkennen und den Mitarbeiter*innen eine Einsch\u00e4tzung hinsichtlich einer potenziellen Infektion zu gew\u00e4hren, hat die Stadt Speyer entschieden, ihr niedrigschwelliges, kostenfreies Testangebot aufzustocken. Ab sofort sind auch die Mitarbeiter*innen der st\u00e4dtischen Kindertagesst\u00e4tte WoLa dazu bef\u00e4higt, Testungen selbstst\u00e4ndig durchzuf\u00fchren\u201c, f\u00fchrt Oberb\u00fcrgermeisterin Stefanie Seiler aus und erg\u00e4nzt: \u201eDass nun auch bundesweit ein verst\u00e4rktes Schnelltestangebot verfolgt wird, freut mich und zeigt uns, dass mit unserer stringenten Teststrategie, die wir bereits seit Ende 2020 verfolgen, ein ma\u00dfgeblicher Beitrag zur Eind\u00e4mmung des Infektionsgeschehens geleistet werden kann.\u201c<br><br>Am gestrigen Mittwoch, 17. Februar 2021 wurden insgesamt 31 Personen, davon 25 p\u00e4dagogische Fachkr\u00e4fte, in der Kindertagesst\u00e4tte WoLa durch den medizinischen Fachberater der Stadt, Dr. Klaus-Peter Wresch sowie den stellvertretenden Brand- und Katastrophenschutzinspekteur der Feuerwehr, Christian K\u00f6lsch, zur Handhabung sogenannter SARS-CoV-2-Schnelltests geschult.<br>Nicht nur die p\u00e4dagogischen Fachkr\u00e4fte, sondern auch die Hauswirtschaftskr\u00e4fte und externe Integrationskr\u00e4fte konnten freiwillig an der Schulung teilnehmen und wurden umfassend informiert. Acht Personen wurden gezielt dahingehend geschult, bei den Kolleg*innen die Antigen-Schnelltests vor Ort durchzuf\u00fchren und sind ab sofort zu dieser T\u00e4tigkeit befugt.&nbsp;&nbsp;&nbsp;&nbsp;&nbsp;&nbsp;&nbsp;&nbsp;&nbsp;&nbsp;<\/p>\n\n\n\n<p>Schutzmaterial wie FFP2-Maske, Schutzbrille und -kittel werden in ausreichendem Ma\u00dfe durch die Stadt bereitgestellt.<br>Vorgesehen ist, dass sich symptomfreie Mitarbeiter*innen der Einrichtung WoLa drei Mal w\u00f6chentlich vor der Aufnahme der T\u00e4tigkeit in der Kita einem SARS-CoV-2-Schnelltest unterziehen.<br>Es ist ausdr\u00fccklich darauf hinzuweisen, dass es sich hierbei um eine Momentaufnahme handelt. Auch bei einem negativen Testergebnis m\u00fcssen daher die Hygienevorgaben eingehalten werden, um das Risiko einer Infektions\u00fcbertragung zu reduzieren.<br><br>Im Falle eines positiven Testergebnisses wird nach R\u00fccksprache mit dem medizinischen Fachberater bzw. dem zust\u00e4ndigen Gesundheitsamt unverz\u00fcglich ein PCR-Test veranlasst sowie vorsorglich Quarant\u00e4ne f\u00fcr die oder den Betroffenen angeordnet.<br>Je nach H\u00f6he der dadurch hervorgerufenen Personalschl\u00fcsselunterschreitung sind nach Absprache mit der Kita-Leitung entsprechende Ma\u00dfnahmen wie Reduzierung der \u00d6ffnungszeiten oder Schlie\u00dfung der Gruppe einzuleiten.<br><br>Des Weiteren hat die Stadt ihr gemeinsam mit dem ASB bereitgestelltes Schnelltestangebot f\u00fcr Lehrkr\u00e4fte ausgeweitet.<br>Die Testungen, die von medizinischem Personal durchgef\u00fchrt werden, werden ab dem 24. Februar 2021 mittwochs von 18 bis 20 Uhr in den R\u00e4umlichkeiten der Jugendf\u00f6rderung in der Seekatzstra\u00dfe 5 angeboten.<br><br>Auch f\u00fcr Besucher*innen von Pflegeeinrichtungen wird das umfassende Schnelltestangebot weiterhin angeboten. Die Amtshilfe durch die Bundeswehr, mit der sich Besucher*innen von Alten- und Pflegeheimen seit dem 1. Februar 2021 montags bis freitags von 9.00 bis 13.00 Uhr auf das Coronavirus testen lassen k\u00f6nnen, wird zun\u00e4chst bis zum 5. M\u00e4rz 2021 verl\u00e4ngert und erfolgt voraussichtlich zu den gleichen Zeiten wie bisher.<br><br>\u201eDa die schrittweise R\u00fcckkehr zum Pr\u00e4senzunterricht und zur Ausweitung des Kita-Angebots von Landesseite ansteht und angesichts der hohen gesellschaftlichen Bedeutung von Bildung und Betreuung f\u00fcr Kinder, sollte gerade in diesen Einrichtungen das Infektionsrisiko minimiert werden\u201c, verweist B\u00fcrgermeisterin und Bildungsdezernentin Monika Kabs auf die Dringlichkeit der einrichtungsbezogenen Schnelltestungen. \u201eNach wie vor muss aber auch die vulnerable Gruppe bestm\u00f6glich gesch\u00fctzt werden, weshalb ich besonders dankbar f\u00fcr die verl\u00e4ngerte Amtshilfeleistung durch die Bundeswehr bin\u201c, f\u00fcgt Kabs hinzu.<\/p>\n\n\n\n<p><em>Stadtverwaltung Speyer<br>19.02.2021<\/em><\/p>\n","protected":false},"excerpt":{"rendered":"<div class=\"mh-excerpt\"><p>Stadt erweitert Schnelltestangebot f\u00fcr Lehrkr\u00e4fte sowie f\u00fcr Mitarbeiter*innen der Kindertagesst\u00e4tte WoLa \u2013 Bundeswehr verl\u00e4ngert Amtshilfe Die Stadtverwaltung Speyer hat ihr Schnelltestangebot ausgeweitet und bietet allen Lehrkr\u00e4ften an Schulen eine regelm\u00e4\u00dfige Testung auf das Coronavirus mittels <a class=\"mh-excerpt-more\" href=\"https:\/\/speyer24news.com\/?p=33321\" title=\"Speyer \/ Corona\">[&#8230;]<\/a><\/p>\n<\/div>","protected":false},"author":3,"featured_media":23902,"comment_status":"open","ping_status":"open","sticky":false,"template":"","format":"standard","meta":{"_monsterinsights_skip_tracking":false,"_monsterinsights_sitenote_active":false,"_monsterinsights_sitenote_note":"","_monsterinsights_sitenote_category":0,"footnotes":""},"categories":[9],"tags":[9585,10080,9461,9586,9105,6940,6359,6358,6342,9104,6],"aioseo_notices":[],"amp_enabled":true,"_links":{"self":[{"href":"https:\/\/speyer24news.com\/index.php?rest_route=\/wp\/v2\/posts\/33321"}],"collection":[{"href":"https:\/\/speyer24news.com\/index.php?rest_route=\/wp\/v2\/posts"}],"about":[{"href":"https:\/\/speyer24news.com\/index.php?rest_route=\/wp\/v2\/types\/post"}],"author":[{"embeddable":true,"href":"https:\/\/speyer24news.com\/index.php?rest_route=\/wp\/v2\/users\/3"}],"replies":[{"embeddable":true,"href":"https:\/\/speyer24news.com\/index.php?rest_route=%2Fwp%2Fv2%2Fcomments&post=33321"}],"version-history":[{"count":1,"href":"https:\/\/speyer24news.com\/index.php?rest_route=\/wp\/v2\/posts\/33321\/revisions"}],"predecessor-version":[{"id":33322,"href":"https:\/\/speyer24news.com\/index.php?rest_route=\/wp\/v2\/posts\/33321\/revisions\/33322"}],"wp:featuredmedia":[{"embeddable":true,"href":"https:\/\/speyer24news.com\/index.php?rest_route=\/wp\/v2\/media\/23902"}],"wp:attachment":[{"href":"https:\/\/speyer24news.com\/index.php?rest_route=%2Fwp%2Fv2%2Fmedia&parent=33321"}],"wp:term":[{"taxonomy":"category","embeddable":true,"href":"https:\/\/speyer24news.com\/index.php?rest_route=%2Fwp%2Fv2%2Fcategories&post=33321"},{"taxonomy":"post_tag","embeddable":true,"href":"https:\/\/speyer24news.com\/index.php?rest_route=%2Fwp%2Fv2%2Ftags&post=33321"}],"curies":[{"name":"wp","href":"https:\/\/api.w.org\/{rel}","templated":true}]}}