{"id":33344,"date":"2021-02-19T14:56:00","date_gmt":"2021-02-19T13:56:00","guid":{"rendered":"https:\/\/speyer24news.com\/?p=33344"},"modified":"2021-02-19T14:56:01","modified_gmt":"2021-02-19T13:56:01","slug":"germersheim-und-landkreis-germersheim-15","status":"publish","type":"post","link":"https:\/\/speyer24news.com\/?p=33344","title":{"rendered":"Germersheim und Landkreis Germersheim"},"content":{"rendered":"<style type=\"text\/css\">\r\n\t.ads_top_disp{}\r\n\t.ads_top_corner_disp{ float:left; margin:0px 10px 10px 0px; }\r\n\t.ads_first_p_disp{}\r\n\t.ads_bottom_disp{}\r\n\t<\/style>\n<h2 class=\"wp-block-heading\"><strong>Landkreis erwartet deutlich mehr Finanzmittel bei der Novellierung des derzeit verfassungswidrigen Landesfinanzausgleichs:<\/strong><\/h2>\n\n\n\n<h3 class=\"wp-block-heading\"><strong>\u201eLangfristige Haushaltskonsolidierung muss m\u00f6glich werden\u201c<\/strong><\/h3>\n\n\n\n<figure class=\"wp-block-image\"><img decoding=\"async\" loading=\"lazy\" width=\"768\" height=\"551\" src=\"https:\/\/speyer24news.com\/wp-content\/uploads\/2021\/01\/Geld.jpg\" alt=\"\" class=\"wp-image-31982\" srcset=\"https:\/\/speyer24news.com\/wp-content\/uploads\/2021\/01\/Geld.jpg 768w, https:\/\/speyer24news.com\/wp-content\/uploads\/2021\/01\/Geld-300x215.jpg 300w\" sizes=\"(max-width: 768px) 100vw, 768px\" \/><\/figure>\n\n\n\n<p>\u201eNach jahrelangen Irrungen des Landes um den f\u00fcr die Kommunen so immanent wichtigen Landesfinanzausgleich, erwartet der Landkreis Germersheim endlich deutliche Verbesserungen bei seiner Finanzausstattung. Dem Grunde nach hat der Verfassungsgerichtshof Rheinland-Pfalz im Dezember 2020 eine seit 2007 bestehende massive finanzielle Schieflage best\u00e4tigt\u201c, \u00e4u\u00dfert Landrat Dr. Brechtel seinen Unmut \u00fcber die bereits in 2012 zum ersten Mal und jetzt in 2020 erneut best\u00e4tigte Verfassungswidrigkeit des Landesfinanzausgleichs. Dieses Gesetz trifft Aussagen zu wichtigen Finanzbeziehungen zwischen Land und Kommunen. Insbesondere werden hohe Zuweisungen f\u00fcr die St\u00e4dte, Gemeinden und Landkreise geregelt. Auch das Verfahren um die Kreisumlage ist dort beschrieben.<\/p>\n\n\n\n<p>Dieser verfassungswidrige Zustand besteht seit nun 13 Jahren. Welche Konsequenzen dies auf den Kreishaushalt hat und welche Erwartungen daran gekn\u00fcpft werden, darauf ging Brechtel auf eine entsprechende Anfrage in der j\u00fcngsten Kreisausschusssitzung ein. Ungeachtet der Tatsache, dass in diesen Tagen mit der Genehmigung des Haushalts 2021 durch die Aufsichts- und Dienstleistungsdirektion in Trier (ADD) zu rechnen ist, erwartet die Kreisverwaltung auch in diesem Jahr Ausf\u00fchrungen zu den Kreditgenehmigungen.<\/p>\n\n\n\n<p>Insbesondere beim Stellenplan, der 21,5 zus\u00e4tzliche Stellen f\u00fcr die St\u00e4rkung des \u00f6ffentlichen Gesundheitsdienstes ausweist, aber auch bei den in H\u00f6he von einer halben Million Euro neu eingestellten Mitteln zur F\u00f6rderung der Schwimmkompetenz, d\u00fcrfte es seitens der ADD zu Ausf\u00fchrungen kommen.<\/p>\n\n\n\n<p>Landrat Brechtel erwartet als Konsequenz des Urteils vom Land in Folge einen deutlich verbesserten Landesfinanzausgleich. Ziel muss der finanzielle Ausgleich der strukturellen Defizite durch vermehrte Finanzzuweisungen des Landes Rheinland-Pfalz an die Kreise und St\u00e4dte sein. Brechtel konkretisiert: \u201eBei der Jugendhilfe sind beispielsweise Erstattungsleistungen seit Jahren eingefroren. Hier und bei allen gesetzlichen Aufwendungen der Jugend- und Sozialhilfe erwarten die Kreise und St\u00e4dte eine \u00dcbernahme der Kosten. Auch sind dringend Verbesserungen beim allgemeinen Finanzausgleich und dem Zusammenspiel zwischen Steuerkraft und Schl\u00fcsselzuweisungen n\u00f6tig, um Liquidit\u00e4tskredite r\u00fcckf\u00fchren und den Haushalt konsolidieren zu k\u00f6nnen. Dann wird es auch wieder m\u00f6glich sein, freiwillige Leistungen verst\u00e4rkt wahrzunehmen.\u201c<\/p>\n\n\n\n<p>Der Kreishaushalt steigt j\u00e4hrlich durchschnittlich zwischen vier und sieben Millionen Euro aufgrund des strukturellen Defizits, der Personalkosten und der Irritationen, die sich aus dem nunmehr verfassungswidrigen Finanzausgleich ergeben haben. In dieser H\u00f6he m\u00fcsste der Landkreis Germersheim mindestens eine Verbesserung durch das Land erfahren, so Brechtel, um weiterhin seine gesetzlichen Aufgaben erf\u00fcllen zu k\u00f6nnen, ohne weitere Schulden anh\u00e4ufen zu m\u00fcssen. \u201eOberstes Ziel muss langfristig das nachhaltige Herstellen der finanziellen Leistungsf\u00e4higkeit f\u00fcr den Landkreis sein\u201c, schloss Landrat Brechtel seine Ausf\u00fchrungen im Rahmen der Kreisausschusssitzung.<\/p>\n\n\n\n<p><em>Kreisverwaltung Germersheim<br>19.02.2021<\/em><\/p>\n\n\n\n<h2 class=\"wp-block-heading\"><strong>Smart Factory wird im M\u00e4rz aufgebaut<\/strong><\/h2>\n\n\n\n<p>In der Berufsschule W\u00f6rth schreiten die Arbeiten f\u00fcr das europ\u00e4ische INTERREG-Projekt \u201eSmart Factory\u201c trotz einiger Corona bedingter Verz\u00f6gerungen gut voran. Das teilten Germersheims Landrat, Dr. Fritz Brechtel und Erster Kreisbeigeordneter, Christoph Buttweiler, auf Anfrage den Mitgliedern der Kreisausschusssitzung am vergangenen Montag mit. Die Inneneinrichtung, Tische und St\u00fchle werden voraussichtlich noch im Februar geliefert, die beauftragte Anlage soll im M\u00e4rz aufgebaut werden. Auch bei der Schulung der deutschen und franz\u00f6sischen Lehrkr\u00e4fte im Umgang mit der Simulationssoftware gibt es deutliche Fortschritte. \u201eGrenz\u00fcberschreitend sind die Teams damit besch\u00e4ftigt, Bildungsangebote zu entwickeln und abzustimmen.\u201c, erkl\u00e4rt Schuldezernent Buttweiler.<\/p>\n\n\n\n<p>\u201eMit der Smart Factory werden wir schon in K\u00fcrze ein in Rheinland-Pfalz einmaliges Angebot vorhalten k\u00f6nnen, das in der deutsch-franz\u00f6sischen Zusammenarbeit und dem Erlernen digitaler Kompetenzen rund um die Themen K\u00fcnstliche Intelligenz und Industrie 4.0 Ma\u00dfst\u00e4be setzen wird\u201c, zeigt sich Germersheims Landrat, Dr. Fritz Brechtel, \u00fcberzeugt von dem Konzept des grenz\u00fcberschreitenden Bildungsnetzwerkes. Im Nachgang zur Sitzung des Kreisausschusses sollen nun m\u00f6gliche Er\u00f6ffnungstermine und -szenarien seitens der Verwaltung er\u00f6rtert werden, um die \u00d6ffentlichkeit weiterhin \u00fcber den Fortgang der Anlage informiert zu halten.<\/p>\n\n\n\n<p><em>Kreisverwaltung Germersheim<br>19.02.2021<\/em><\/p>\n\n\n\n<h2 class=\"wp-block-heading\"><strong>Richtlinie f\u00fcr Schwimmf\u00f6rderung wird f\u00fcr Kreistagssitzung vorbereitet<\/strong><\/h2>\n\n\n\n<p>Die Kreisverwaltung in Germersheim wird bis zur n\u00e4chsten Kreistagssitzung einen Vorschlag erstellen, wie innerhalb des Landkreises die Verbesserung der Schwimmf\u00e4higkeit im Kreis erreicht werden soll. Die Verwaltung wird insoweit den Beschluss aus der Kreistagssitzung vom 7. September 2020 umsetzen. Dazu Schuldezernent Christoph Buttweiler: \u201eInzwischen liegen erste R\u00fcckmeldungen der beteiligten Institutionen und Kommunen vor, so dass der Konzeptvorschlag in K\u00fcrze finalisiert werden kann.\u201c<\/p>\n\n\n\n<p>Auch Landrat Dr. Fritz Brechtel \u00e4u\u00dferte sich im Nachgang der Kreisausschusssitzung von vergangenem Montag zum Thema: \u201eEs ist gut, dass innerhalb des Kreisausschusses die Schwimmf\u00f6rderung nochmals auf die Agenda gehoben wurde, da wir uns vor der n\u00e4chsten Schwimmsaison auf ein gemeinsames Konzept einigen sollten, um das erkl\u00e4rte Ziel, n\u00e4mlich die Schwimmf\u00e4higkeit von Kindern zu verbessern, zu erreichen. Eine bereits vorgestellte Studie hat schlie\u00dflich ergeben, dass dieses schulische Ziel deutlich verfehlt wird. Wir werden dem Kreistag rechtzeitig unsere Ideen vorstellen und dann gemeinsam dar\u00fcber beraten.\u201c Bei der Konzeption werden auch die vorliegenden Vorschl\u00e4ge der Kommunen und Fraktionen auf ihre Machbarkeit gepr\u00fcft und dort wo es m\u00f6glich und sinnvoll ist entsprechenden Eingang in die zu verabschiedende Richtlinie erhalten.<\/p>\n\n\n\n<p>\u201eWir bleiben zuversichtlich, dass in diesem Jahr die durch Corona bedingten Einschr\u00e4nkungen in Bezug auf die Nutzung von B\u00e4dern nicht mehr so streng sein m\u00fcssen, wie das im letzten Jahr der Fall war. Das ist letztlich die Voraussetzung, um die vorhandenen Defizite auszugleichen und Kindern fr\u00fchzeitig das Schwimmen zu erlernen\u201c, so Landrat Brechtel. Die n\u00e4chste Kreistagssitzung findet am Montag, 22. M\u00e4rz, statt.<\/p>\n\n\n\n<p><em>Kreisverwaltung Germersheim<br>19.02.2021<\/em><\/p>\n\n\n\n<h2 class=\"wp-block-heading\"><strong>Achtung! Wichtige Informationen zur Landtagswahl im Wahlkreis 51 (Germersheim) und im Wahlkreis 52 (W\u00f6rth am Rhein)<\/strong><\/h2>\n\n\n\n<figure class=\"wp-block-image\"><img decoding=\"async\" loading=\"lazy\" width=\"594\" height=\"400\" src=\"https:\/\/speyer24news.com\/wp-content\/uploads\/2021\/01\/Achtung-Wichtig.png\" alt=\"\" class=\"wp-image-32274\" srcset=\"https:\/\/speyer24news.com\/wp-content\/uploads\/2021\/01\/Achtung-Wichtig.png 594w, https:\/\/speyer24news.com\/wp-content\/uploads\/2021\/01\/Achtung-Wichtig-300x202.png 300w\" sizes=\"(max-width: 594px) 100vw, 594px\" \/><\/figure>\n\n\n\n<p>Landrat\nFritz Brechtel, in seiner Funktion als Kreiswahlleiter, informiert: Im\nWahlkreis 51 (Germersheim), der die Stadt Germersheim, VG Bellheim, VG\nLingenfeld und VG Offenbach an der Queich umfasst, musste aufgrund des\npl\u00f6tzlichen Todes des Wahlkreisbewerbers der Partei DIE LINKE die Wahl zum 18.\nLandtag Rheinland-Pfalz abgesagt werden. Eine sog. Nachwahl wurde vom\nLandeswahlleiter auf den 14.03.2021 festgesetzt. <strong>Der Wahltag \u00e4ndert sich\nsomit nicht!<\/strong><\/p>\n\n\n\n<p>Allerdings\nsind die bisher f\u00fcr die Briefwahl bereits ausgegebenen Wahlscheine bzw.\nStimmzettel <strong>ung\u00fcltig. <\/strong>Es m\u00fcssen neue Stimmzettel gedruckt und\nverwendet werden. <\/p>\n\n\n\n<p>Das\nbedeutet: Denjenigen B\u00fcrgerinnen und B\u00fcrgern, die bereits per Briefwahl gew\u00e4hlt\nhaben oder die schon Briefwahlunterlagen erhalten haben, werden von ihrer\nStadt- bzw. Verbandsgemeindeverwaltung unaufgefordert die neuen\nBriefwahlunterlagen mit ge\u00e4ndertem Stimmzettel zugesandt. Eine erneute\nBeantragung ist nicht n\u00f6tig. <\/p>\n\n\n\n<p>B\u00fcrgerinnen\nund B\u00fcrger, die bereits mit dem alten Stimmzettel per Briefwahl gew\u00e4hlt haben,\nwerden gebeten, mit dem neuen Stimmzettel erneut zu w\u00e4hlen. <\/p>\n\n\n\n<p>B\u00fcrgerinnen\nund B\u00fcrger, die die alten Briefwahlunterlagen bereits erhalten, aber noch nicht\nweggesandt haben, werden gebeten, die alten Unterlagen zu vernichten und mit\ndem neuen Stimmzettel zu w\u00e4hlen.<\/p>\n\n\n\n<p>Ansonsten\nk\u00f6nnen Briefwahlunterlagen weiterhin in gewohnter Art und Weise beantragt\nwerden. <\/p>\n\n\n\n<p>Im Wahlkreis 52 (W\u00f6rth am Rhein), der die Stadt W\u00f6rth, VG Hagenbach, VG Jockgrim und VG R\u00fclzheim umfasst, wurde versehentlich der Wohnort des Wahlkreisbewerbers der Freien Demokratischen Partei (FDP) falsch in den Stimmzettel aufgenommen, was erst am 18.02.2021 bemerkt wurde. Nach R\u00fccksprache mit dem Wahlkreisbewerber und dem Landeswahlleiter hat dies jedoch keine Auswirkungen auf die bereits ausgegebenen Briefwahlunterlagen. Diese bleiben <strong>g\u00fcltig <\/strong>und sollen weiterhin verwendet werden. Allerdings werden auch hier korrigierte Stimmzettel gedruckt und ab sofort verwendet. Briefwahlunterlagen k\u00f6nnen weiterhin in gewohnter Art und Weise beantragt werden.  Aufgrund dessen, dass die Stimmzettel neu gedruckt werden, kann es in den Stadt- und Verbandsgemeindeverwaltungen bei der Bearbeitung der Briefwahlantr\u00e4ge zu Verz\u00f6gerungen kommen. Die Verwaltungen bitten deshalb um Verst\u00e4ndnis und darum, von Nachfragen abzusehen.  <\/p>\n\n\n\n<p><em>Kreisverwaltung Germersheim<br>19.02.2021<\/em><\/p>\n\n\n\n<figure class=\"wp-block-image\"><img decoding=\"async\" loading=\"lazy\" width=\"800\" height=\"512\" src=\"https:\/\/speyer24news.com\/wp-content\/uploads\/2021\/01\/Landtagswahl-2021-RLP.jpg\" alt=\"\" class=\"wp-image-32242\" srcset=\"https:\/\/speyer24news.com\/wp-content\/uploads\/2021\/01\/Landtagswahl-2021-RLP.jpg 800w, https:\/\/speyer24news.com\/wp-content\/uploads\/2021\/01\/Landtagswahl-2021-RLP-300x192.jpg 300w, https:\/\/speyer24news.com\/wp-content\/uploads\/2021\/01\/Landtagswahl-2021-RLP-768x492.jpg 768w\" sizes=\"(max-width: 800px) 100vw, 800px\" \/><\/figure>\n\n\n\n<h2 class=\"wp-block-heading\"><strong>DIE LINKE stellt\nkeinen neuen Kandidaten auf<\/strong><\/h2>\n\n\n\n<h3 class=\"wp-block-heading\"><strong>Wahltermin f\u00fcr Wahlkreis 51 wird neu festgelegt \u2013 Stimmzettel m\u00fcssen neu gedruckt werden<\/strong><\/h3>\n\n\n\n<p>DIE LINKE wird keinen neuen Landtagskandidaten f\u00fcr den\nWahlkreis 51 benennen. Das hat die stellvertretende Vertrauensperson der Partei\nheute gegen\u00fcber der Kreisverwaltung zun\u00e4chst m\u00fcndlich mitgeteilt. Die\nentsprechende schriftliche Best\u00e4tigung wird folgen.<\/p>\n\n\n\n<p>Diese Entscheidung wurde notwendig, da der Landtagskandidat\nder Partei, J\u00fcrgen Strantz, Anfang der Woche t\u00f6dlich verungl\u00fcckt ist.<\/p>\n\n\n\n<p>Stirbt ein im Wahlkreis vorgeschlagener Bewerber nach der\nZulassung des Wahlvorschlages, aber noch vor dem Wahltag und ist kein\nErsatzbewerber benannt, muss der Wahlleiter die Wahl f\u00fcr diesen Wahlkreis\nabsagen und mitteilen, dass eine Nachwahl stattfinden wird. Somit ist die Wahl\nim Wahlkreis 51 abgesagt.<\/p>\n\n\n\n<p>Es wird eine Nachwahl stattfinden. Dieser Termin k\u00f6nnte\ntheoretisch auch am 14.&nbsp;M\u00e4rz 2021 sein, sp\u00e4testens aber sechs Wochen nach\ndem urspr\u00fcnglichen Termin. Der Termin f\u00fcr die Nachwahl wird durch den Landeswahlleiter\nbestimmt und \u00f6ffentlich bekannt gemacht.<\/p>\n\n\n\n<p>Auf jeden Fall m\u00fcssen neuen Stimmzettel gedruckt werden.\nAlle bisher ausgegebenen Briefwahlunterlagen sind somit ung\u00fcltig und k\u00f6nnen\nnach der Festlegung des neuen Wahltermins neu beantragt werden.<\/p>\n\n\n\n<h4 class=\"wp-block-heading\">Hintergrund:<\/h4>\n\n\n\n<p>Landeswahlgesetztes Rheinland-Pfalz (\u00a7&nbsp;51) und der\nLandeswahlordnung (\u00a7&nbsp;70). <\/p>\n\n\n\n<p><em>Kreisverwaltung Germersheim<br>19.02.2021<\/em><\/p>\n\n\n\n<h1 class=\"wp-block-heading\" style=\"text-align:center\">Corona<\/h1>\n\n\n\n<figure class=\"wp-block-image\"><img decoding=\"async\" loading=\"lazy\" width=\"800\" height=\"346\" src=\"https:\/\/speyer24news.com\/wp-content\/uploads\/2020\/02\/coronavirus-4817450_1920.jpg\" alt=\"\" class=\"wp-image-25126\" srcset=\"https:\/\/speyer24news.com\/wp-content\/uploads\/2020\/02\/coronavirus-4817450_1920.jpg 800w, https:\/\/speyer24news.com\/wp-content\/uploads\/2020\/02\/coronavirus-4817450_1920-300x130.jpg 300w, https:\/\/speyer24news.com\/wp-content\/uploads\/2020\/02\/coronavirus-4817450_1920-768x332.jpg 768w\" sizes=\"(max-width: 800px) 100vw, 800px\" \/><\/figure>\n\n\n\n<h2 class=\"wp-block-heading\"><strong>Angesichts dynamischer Steigerung der Corona-Fallzahlen appelliert Landrat an Land, dringend weitere Ma\u00dfnahmen zu entscheiden<\/strong><\/h2>\n\n\n\n<div class=\"wp-block-image\"><figure class=\"aligncenter\"><img decoding=\"async\" loading=\"lazy\" width=\"640\" height=\"523\" src=\"https:\/\/speyer24news.com\/wp-content\/uploads\/2020\/01\/Fritz-Brechtel.jpg\" alt=\"\" class=\"wp-image-24652\" srcset=\"https:\/\/speyer24news.com\/wp-content\/uploads\/2020\/01\/Fritz-Brechtel.jpg 640w, https:\/\/speyer24news.com\/wp-content\/uploads\/2020\/01\/Fritz-Brechtel-300x245.jpg 300w\" sizes=\"(max-width: 640px) 100vw, 640px\" \/><\/figure><\/div>\n\n\n\n<p>\u201eDerzeit befindet sich der Landkreis Germersheim epidemiologisch in einem kritischen Zustand. Die strukturellen Gegebenheiten machen uns leider anf\u00e4llig f\u00fcr diese Entwicklungen. Aus diesem Grund haben wir das Land darum gebeten, die Pr\u00e4senzpflicht an unseren Schulen im Kreis zu \u00fcberdenken und dar\u00fcber hinaus weitere Ma\u00dfnahmen, wie Impfangebote f\u00fcr Lehrkr\u00e4fte sowie Erzieherinnen und Erzieher, in Betracht zu ziehen.\u201c Landrat Dr. Fritz Brechtel zeigt sich besorgt dar\u00fcber, dass die Corona-Neuinfektionen in den letzten Tagen sprunghaft angestiegen sind. Derzeit liegt die 7-Tages-Inzidenz bei 106 pro 100.000 Einwohner und damit auf dem doppelten Niveau wie der Landesdurchschnitt. Brechtel hatte sich mit diesem Anliegen bereits am Donnerstagabend an das daf\u00fcr zust\u00e4ndige Ministerium gewandt. Er appelliert, noch im Laufe des Tages dar\u00fcber zu entscheiden, welche Ma\u00dfnahmen getroffen werden sollen. F\u00fcr ihn stellt sich die Frage, ob es in dieser Lage tats\u00e4chlich sinnvoll ist am Montag die Grundschulen im Kreis wieder zu \u00f6ffnen \u2013 oder zumindest die Pr\u00e4senzpflicht auszusetzen: \u201eWir haben m\u00fcndige Eltern, die in dieser Situation selbst entscheiden sollten, wie dringend es ist, die eigenen Kinder wieder in die Schule zu schicken. Oder ob sie es individuell vorziehen diese noch f\u00fcr ein paar Tage im Online-Unterricht zu belassen, bis mehr Klarheit \u00fcber die derzeitige Entwicklung der Fallzahlen besteht. Selbstverst\u00e4ndlich habe ich auch Verst\u00e4ndnis f\u00fcr alle Eltern, die sich um m\u00f6glicherweise negative Auswirkungen sorgen, die mit der langen Auszeit der Schulen einhergehen. Wie auch immer &#8211; die Entscheidung sollte den Eltern \u00fcberlassen bleiben.\u201c Au\u00dferdem sollte nach Ansicht des Landrates gepr\u00fcft werden, ob nicht den Lehrkr\u00e4ften sowie den Erzieherinnen und Erziehern im Landkreis rasch ein Impfangebot unterbreitet werden sollte, um sie besser zu sch\u00fctzen.<\/p>\n\n\n\n<p>Aus Sicht des Germersheimer Gesundheitsamtes spielen mehrere Faktoren f\u00fcr den sprunghaften Anstieg eine Rolle. Hierzu Landrat Brechtel: \u201eWir haben als einer der ersten Landkreise leider Corona-Mutationen des britischen, s\u00fcdafrikanischen und brasilianischen Typs identifiziert. Der Anteil dieser besonders ansteckenden Varianten liegt bei den Neuinfektionen bei etwa 25 Prozent. Allein in den letzten Tagen gab es in zwei Grundschulen sowie einer Realschule vier Ausbr\u00fcche und in sechs Kitas insgesamt zw\u00f6lf Ausbr\u00fcche &#8211; obwohl die Einrichtungen nur im Notbetrieb gelaufen sind.\u201c<\/p>\n\n\n\n<p>Zu beachten ist dabei, dass in einer Kita vier von sechs Inzidenzen von einer Mutationsvariante betroffen sind. Daraus ist zu schlie\u00dfen, dass die Mutationsvariante eine deutlich h\u00f6here Infektionsgefahr aufweist. Bei den Ermittlungen fiel besonders ins Auge, dass die Inkubationszeit deutlich \u00fcber der Dauer von f\u00fcnf Tagen lag. Die Gefahr besteht nun darin, dass Kindergarten- oder Schulkinder kaum Symptome zeigen und bei einer Infektion viele Personen lange Zeit unbemerkt anstecken k\u00f6nnen. Landrat Brechtel erg\u00e4nzt: \u201eUnser Gesundheitsamt arbeitet sehr intensiv und ermittelt vorbildlich. Die derzeitigen Ermittlungsvorgaben des RKI tragen den langen Inkubationszeiten der Mutationen allerdings nicht ausreichend Rechnung, so dass sich die Ermittlungsarbeit bei uns auf ausgedehntere Zeiten bezieht und damit die Belastung des Gesundheitsamtes deutlich erh\u00f6ht wird.\u201c<\/p>\n\n\n\n<p>Als weitere Gr\u00fcnde f\u00fcr den sprunghaften Anstieg nennt das Gesundheitsamt in Germersheim eine erh\u00f6hte Reiset\u00e4tigkeit von Menschen, die aus Risikogebieten in den Landkreis kommen. Au\u00dferdem wurden in Sammelunterk\u00fcnften von Arbeitern, die innerhalb des Landkreises liegen, allerdings bei Instandsetzungsarbeiten eines Unternehmens in Baden-W\u00fcrttemberg eingesetzt sind, in diesen Tagen 14 F\u00e4lle gez\u00e4hlt wurden.<\/p>\n\n\n\n<p>\u201eWir haben die Sorge, dass der Anstieg weiter dynamisch voranschreitet. Deshalb habe ich mich bereits am Donnerstag an die Landesregierung gewandt, und um dringende Entscheidung gebeten, welche Ma\u00dfnahmen zu treffen sind\u201c, so Landrat Brechtel abschlie\u00dfend.<\/p>\n\n\n\n<p><em>Kreisverwaltung Germersheim<br>19.02.2021<\/em><\/p>\n\n\n\n<h2 class=\"wp-block-heading\"><strong>Forderung nach Impfsonderregelung: Terminregistrierung f\u00fcr \u00c4rzte und Praxispersonal ab sofort m\u00f6glich<\/strong><\/h2>\n\n\n\n<figure class=\"wp-block-image\"><img decoding=\"async\" loading=\"lazy\" width=\"800\" height=\"486\" src=\"https:\/\/speyer24news.com\/wp-content\/uploads\/2021\/01\/Corona-Impfstoff-1.jpg\" alt=\"\" class=\"wp-image-32102\" srcset=\"https:\/\/speyer24news.com\/wp-content\/uploads\/2021\/01\/Corona-Impfstoff-1.jpg 800w, https:\/\/speyer24news.com\/wp-content\/uploads\/2021\/01\/Corona-Impfstoff-1-300x182.jpg 300w, https:\/\/speyer24news.com\/wp-content\/uploads\/2021\/01\/Corona-Impfstoff-1-768x467.jpg 768w\" sizes=\"(max-width: 800px) 100vw, 800px\" \/><\/figure>\n\n\n\n<p>Weil es f\u00fcr \u00c4rztinnen und \u00c4rzte sowie\nderen Praxispersonal bislang keine Impfregelung gab, haben sich die Landr\u00e4te\nDietmar Seefeldt (S\u00dcW) und Dr. Fritz Brechtel (GER) sowie Oberb\u00fcrgermeister\nThomas Hirsch Anfang Februar an das Land gewandt und eine Impfm\u00f6glichkeit f\u00fcr Mitarbeiterinnen\nund Mitarbeiter speziell in Zahnarztpraxen gefordert. Jetzt kam die positive\nNachricht: Niedergelassene \u00c4rztinnen und \u00c4rzte sowie Zahn\u00e4rztinnen und\nZahn\u00e4rzte haben die M\u00f6glichkeit, sich f\u00fcr Termine zur Durchf\u00fchrung einer Erst-\nund Zweitimpfung gegen das Coronavirus in einem der Impfzentren in\nRheinland-Pfalz zu registrieren. Diese Impfm\u00f6glichkeit gilt auch f\u00fcr Praxismitarbeiterinnen\nund \u2013mitarbeiter. <\/p>\n\n\n\n<p>In ihrem Schreiben haben die Kreischefs und der OB die eindringliche Bitte ge\u00e4u\u00dfert, f\u00fcr den Personenkreis eine Sonderregelung zu treffen, \u00e4hnlich der Impfm\u00f6glichkeiten f\u00fcr medizinisches Personal in den Kliniken oder ambulanten Pflegediensten. Die nun getroffene Regelung sei ein \u201ewichtiges und richtiges\u201c Signal: \u201e\u00c4rztinnen und \u00c4rzte im Allgemeinen sowie das medizinische Personal in den Praxen stellen seit \u00fcber einem Jahr trotz der Pandemie die Versorgung sicher. Insbesondere der Berufsstand der Zahn\u00e4rztinnen und Zahn\u00e4rzte ist aufgrund der Aerosolbildung in Kombination mit dem geringen Behandlungsabstand ohne Mundschutz besonders gef\u00e4hrdet. Virus-Mutationen erh\u00f6hen das Risiko zus\u00e4tzlich. Wir sind froh, dass f\u00fcr \u00c4rztinnen und \u00c4rzte sowie Praxismitarbeiterinnen und \u2013mitarbeiter jetzt eine Impf-Sonderregelung getroffen wurde und nun dieser Personengruppe, die t\u00e4glich unausweichlichen Kontakt zu Patientinnen und Patienten hat, eine vorgezogene Impfm\u00f6glichkeit geboten wird\u201c, so die Landr\u00e4te Seefeldt und Brechtel sowie OB Hirsch. Der Personengruppe eine Impfm\u00f6glichkeit zu bieten, sei f\u00fcr den beidseitigen Schutz von Patientinnen und Patienten und \u00e4rztlichem Personal unerl\u00e4sslich.  Niedergelassene \u00c4rztinnen und \u00c4rzte sowie Zahn\u00e4rztinnen und Zahn\u00e4rzte k\u00f6nnen sich unter <a href=\"https:\/\/impftermin.rlp.de\">https:\/\/impftermin.rlp.de<\/a> f\u00fcr Termine zur Durchf\u00fchrung einer Erst- und Zweitimpfung registrieren. \u00dcber den Link haben auch f\u00fcr Praxismitarbeiterinnen und \u2013mitarbeiter die M\u00f6glichkeit der Terminregistrierung.<\/p>\n\n\n\n<p><em>Gemeinsame Pressemitteilung der Landkreise Germersheim und S\u00fcdliche Weinstra\u00dfe und der Stadt Landau in der Pfalz<br>19.02.2021<\/em><\/p>\n\n\n\n<h2 class=\"wp-block-heading\"><strong>S\u00fcdpf\u00e4lzer Verwaltungschefs wollen \u201eExit-Strategie\u201c aus dem Lockdown<\/strong><\/h2>\n\n\n\n<h3 class=\"wp-block-heading\"><strong>Hirsch, Seefeldt und Brechtel: \u201eMenschen brauchen Signal, dass sich Einsatz, Disziplin und Geduld auch lohnen\u201c<\/strong><\/h3>\n\n\n\n<div class=\"wp-block-image\"><figure class=\"aligncenter\"><img decoding=\"async\" loading=\"lazy\" width=\"800\" height=\"535\" src=\"https:\/\/speyer24news.com\/wp-content\/uploads\/2021\/02\/18-02-2021-Gemeinsame-Info-Lockerungen.jpg\" alt=\"\" class=\"wp-image-33345\" srcset=\"https:\/\/speyer24news.com\/wp-content\/uploads\/2021\/02\/18-02-2021-Gemeinsame-Info-Lockerungen.jpg 800w, https:\/\/speyer24news.com\/wp-content\/uploads\/2021\/02\/18-02-2021-Gemeinsame-Info-Lockerungen-300x201.jpg 300w, https:\/\/speyer24news.com\/wp-content\/uploads\/2021\/02\/18-02-2021-Gemeinsame-Info-Lockerungen-768x514.jpg 768w\" sizes=\"(max-width: 800px) 100vw, 800px\" \/><figcaption>Landrat Seefeldt, Landrat Dr. Fritz Brechtel und OB Hirsch (v.l.) fordern vom Land Rheinland-Pfalz eine \u201eExit-Strategie\u201c aus dem Lockdown.<br><em>Archivfoto: Kreis Germersheim<\/em><\/figcaption><\/figure><\/div>\n\n\n\n<p>Der bundesweite Lockdown wurde noch einmal bis in den M\u00e4rz hinein\nverl\u00e4ngert \u2013 doch wie geht es bis dahin und vor allem danach weiter?\nOberb\u00fcrgermeister Thomas Hirsch (Landau), Landrat Dietmar Seefeldt (S\u00fcdliche\nWeinstra\u00dfe) und Landrat Dr. Fritz Brechtel (Germersheim) fordern vom Land\nRheinland-Pfalz eine transparente \u201eExit-Strategie\u201c aus dem Lockdown. \u201eF\u00fcr uns\nals Verwaltungen vor Ort ist es jetzt wichtig, dass das weitere Vorgehen\ngekl\u00e4rt wird und alle wissen, wie es weitergehen soll. Au\u00dferdem ist wichtig, so\nrasch wie m\u00f6glich so viele Menschen wie m\u00f6glich zu impfen, insbesondere die\nRisikogruppen. Denn nur auf dieser Basis entsteht Sicherheit\u201c, erkl\u00e4ren die\ns\u00fcdpf\u00e4lzischen Verwaltungschefs gemeinsam.&nbsp;\n<\/p>\n\n\n\n<p>\u201eDie Inzidenzwerte im Land sinken und gleichzeitig stellt die\nImpfung ein Zeichen der Hoffnung f\u00fcr eine baldige R\u00fcckkehr zur Normalit\u00e4t dar\u201c,\nerg\u00e4nzen Hirsch, Seefeldt und Brechtel. \u201eNur: Die Menschen brauchen ein Signal,\ndass sich ihr Einsatz, ihre Disziplin und ihre Geduld \u00fcber Wochen und Monate\nauch lohnen.\u201c Die drei Verwaltungschefs zitieren hierzu auch den\nrheinland-pf\u00e4lzischen Justizminister Herbert Mertin: Er sieht Lockerungen bei\nder Unterschreitung einer Inzidenz von 50 als verfassungsrechtlich zwingend\ngeboten. <\/p>\n\n\n\n<p>Gleichzeitig stelle die Ausbreitung der neuen Varianten ein\nsteigendes Risiko dar. Deshalb m\u00fcssten so rasch wie m\u00f6glich so viele Menschen\nwie m\u00f6glich geimpft werden, um Sicherheit zu erreichen und erneute Anstiege der\nFallzahlen fr\u00fchzeitig zu verhindern oder zumindest zu begrenzen.<\/p>\n\n\n\n<p>\u201eWir m\u00fcssen weiter vorsichtig sein, R\u00fccksicht nehmen, auf Abstand\nachten und Masken tragen, aber wir brauchen auch Perspektiven f\u00fcr Wirtschaft\nund Gesellschaft\u201c, betonen Hirsch, Seefeldt und Brechtel und fordern eine\ntransparente Regelung, welche Fallzahlkriterien welche Folgen nach sich ziehen.\nNur so sei es auf lange Sicht f\u00fcr jede und jeden verst\u00e4ndlich, warum es\nlohnenswert sei, sich an bestimmte Ma\u00dfnahmen zu halten. Das bedeute auch, dass\nbei einer Versch\u00e4rfung der Infektionslage wieder Einschr\u00e4nkungen notwendig\nseien. Der Corona-Warn- und Aktionsplan des Landes m\u00fcsse demnach so erweitert\nwerden, dass er in beide Richtungen gelebt werden k\u00f6nne, so die\nS\u00fcdpfalz-Vertreter. Damit habe man die M\u00f6glichkeit, flexibel und regional oder\n\u00f6rtlich abgestimmt auf dynamische Entwicklungen zu reagieren, z. B. im Hinblick\nauf die Ausbreitung von Mutationen.<\/p>\n\n\n\n<p>Hirsch, Seefeldt und Brechtel weiter: \u201eMit der Einhaltung der bisherigen Ma\u00dfnahmen haben wir alle gemeinsam die Ausbreitung des Corona-Virus nicht verhindert, aber doch so weit verlangsamt, dass unser Gesundheitssystem die Chance hat, die Pandemie zu bew\u00e4ltigen. Eine rasche Impfung, vor allem der Risikogruppen, wird weitere Sicherheit geben. Nun ist es wichtig, Erleichterungen einzuf\u00fchren, wo immer m\u00f6glich und in kleinen Schritten, vor allem in Schulen und Kitas, aber auch in der Wirtschaft, f\u00fcr Gastronomie und Handel \u2013 immer mit Blick auf die Infektionszahlen und die weitere Entwicklung der Pandemie vor allem im Zusammenhang mit den gef\u00e4hrlichen Virus-Mutanten.\u201c Noch besser w\u00e4re, wenn man nicht nur auf Inzidenzzahlen blicken w\u00fcrde, sondern auch auf andere Faktoren, wie die Auslastung der Krankenh\u00e4user.<\/p>\n\n\n\n<p><em>Text: Gemeinsame Pressemitteilung der Landkreise Germersheim und S\u00fcdliche Weinstra\u00dfe und der Stadt Landau in der Pfalz Foto: Kreis Germersheim<br>19.02.2021<\/em><\/p>\n\n\n\n<h1 class=\"wp-block-heading\" style=\"text-align:center\"><strong>Coronavirus &#8211; Fallzahlen im Landkreis Germersheim<\/strong><\/h1>\n\n\n\n<figure class=\"wp-block-image\"><img decoding=\"async\" loading=\"lazy\" width=\"800\" height=\"400\" src=\"https:\/\/speyer24news.com\/wp-content\/uploads\/2020\/02\/virus-1812092_1920.jpg\" alt=\"\" class=\"wp-image-25128\" srcset=\"https:\/\/speyer24news.com\/wp-content\/uploads\/2020\/02\/virus-1812092_1920.jpg 800w, https:\/\/speyer24news.com\/wp-content\/uploads\/2020\/02\/virus-1812092_1920-300x150.jpg 300w, https:\/\/speyer24news.com\/wp-content\/uploads\/2020\/02\/virus-1812092_1920-768x384.jpg 768w\" sizes=\"(max-width: 800px) 100vw, 800px\" \/><\/figure>\n\n\n\n<h2 class=\"wp-block-heading\">Freitag (19. Februar 2021)<\/h2>\n\n\n\n<p>Aktuell gibt\nes im Landkreis Germersheim 265 best\u00e4tigte positive F\u00e4lle, die Gesamtzahl bel\u00e4uft\nsich auf 3360 Infizierte seit Beginn der Pandemie (+ 29 F\u00e4lle).<\/p>\n\n\n\n<p><strong>Neu betroffene\nEinrichtungen:<\/strong><\/p>\n\n\n\n<p><strong>Kath. Kita St. Laurentius in\nB\u00fcchelberg:<\/strong> Eine Person wurde positiv getestet. Eine Gruppe ist\nin Quarant\u00e4ne.<\/p>\n\n\n\n<table class=\"wp-block-table\"><tbody><tr><td><strong>VG \/ Stadt<\/strong>   <\/td><td><strong>Ort<\/strong>   <\/td><td><strong>Infizierte seit Beginn der Pandemie<\/strong>   <\/td><td><strong>Aktuell infizierte Personen<\/strong>   <\/td><td><strong>Gesundete bzw. nicht mehr infizierte Personen<\/strong>   <\/td><td><strong>Leider an oder mit Covid-19 verstorbene Personen<\/strong>   <\/td><\/tr><tr><td>\n  VG Hagenbach\n  <\/td><td>\n  Berg\n  <\/td><td>\n  34\n  <\/td><td>\n  2\n  <\/td><td>\n  32\n  <\/td><td>\n  0\n  <\/td><\/tr><tr><td>\n  &nbsp;\n  <\/td><td>\n  Hagenbach\n  <\/td><td>\n  140\n  <\/td><td>\n  3\n  <\/td><td>\n  122\n  <\/td><td>\n  15\n  <\/td><\/tr><tr><td>\n  &nbsp;\n  <\/td><td>\n  Neuburg\n  <\/td><td>\n  71\n  <\/td><td>\n  3\n  <\/td><td>\n  65\n  <\/td><td>\n  3\n  <\/td><\/tr><tr><td>\n  &nbsp;\n  <\/td><td>\n  Scheibenhardt\n  <\/td><td>\n  13\n  <\/td><td>\n  0\n  <\/td><td>\n  13\n  <\/td><td>\n  0\n  <\/td><\/tr><tr><td>\n  <strong>&nbsp;<\/strong>\n  <\/td><td>\n  <strong>Summen<\/strong><strong><\/strong>\n  <\/td><td>\n  <strong>258<\/strong><strong><\/strong>\n  <\/td><td>\n  <strong>8<\/strong><strong><\/strong>\n  <\/td><td>\n  <strong>232<\/strong><strong><\/strong>\n  <\/td><td>\n  <strong>18<\/strong><strong><\/strong>\n  <\/td><\/tr><tr><td>\n  W\u00f6rth\n  <\/td><td>\n  Maximiliansau\n  <\/td><td>\n  141\n  <\/td><td>\n  4\n  <\/td><td>\n  136\n  <\/td><td>\n  1\n  <\/td><\/tr><tr><td>\n  &nbsp;\n  <\/td><td>\n  Schaidt\n  <\/td><td>\n  22\n  <\/td><td>\n  7\n  <\/td><td>\n  15\n  <\/td><td>\n  0\n  <\/td><\/tr><tr><td>\n  &nbsp;\n  <\/td><td>\n  W\u00f6rth, Stadt\n  <\/td><td>\n  282\n  <\/td><td>\n  23\n  <\/td><td>\n  255\n  <\/td><td>\n  4\n  <\/td><\/tr><tr><td>\n  &nbsp;\n  <\/td><td>\n  B\u00fcchelberg\n  <\/td><td>\n  26\n  <\/td><td>\n  7\n  <\/td><td>\n  19\n  <\/td><td>\n  0\n  <\/td><\/tr><tr><td>\n  <strong>&nbsp;<\/strong>\n  <\/td><td>\n  <strong>Summen<\/strong><strong><\/strong>\n  <\/td><td>\n  <strong>471<\/strong><strong><\/strong>\n  <\/td><td>\n  <strong>41<\/strong><strong><\/strong>\n  <\/td><td>\n  <strong>425<\/strong><strong><\/strong>\n  <\/td><td>\n  <strong>5<\/strong><strong><\/strong>\n  <\/td><\/tr><tr><td>\n  VG Kandel\n  <\/td><td>\n  Erlenbach\n  <\/td><td>\n  9\n  <\/td><td>\n  0\n  <\/td><td>\n  9\n  <\/td><td>\n  0\n  <\/td><\/tr><tr><td>\n  &nbsp;\n  <\/td><td>\n  Freckenfeld\n  <\/td><td>\n  31\n  <\/td><td>\n  3\n  <\/td><td>\n  28\n  <\/td><td>\n  0\n  <\/td><\/tr><tr><td>\n  &nbsp;\n  <\/td><td>\n  Kandel\n  <\/td><td>\n  166\n  <\/td><td>\n  15\n  <\/td><td>\n  148\n  <\/td><td>\n  3\n  <\/td><\/tr><tr><td>\n  &nbsp;\n  <\/td><td>\n  Minfeld\n  <\/td><td>\n  31\n  <\/td><td>\n  1\n  <\/td><td>\n  30\n  <\/td><td>\n  0\n  <\/td><\/tr><tr><td>\n  &nbsp;\n  <\/td><td>\n  Steinweiler\n  <\/td><td>\n  47\n  <\/td><td>\n  8\n  <\/td><td>\n  39\n  <\/td><td>\n  0\n  <\/td><\/tr><tr><td>\n  &nbsp;\n  <\/td><td>\n  Vollmersweiler\n  <\/td><td>\n  1\n  <\/td><td>\n  0\n  <\/td><td>\n  1\n  <\/td><td>\n  0\n  <\/td><\/tr><tr><td>\n  &nbsp;\n  <\/td><td>\n  Winden\n  <\/td><td>\n  23\n  <\/td><td>\n  4\n  <\/td><td>\n  18\n  <\/td><td>\n  1\n  <\/td><\/tr><tr><td>\n  &nbsp;\n  <\/td><td>\n  <strong>Summen<\/strong><strong><\/strong>\n  <\/td><td>\n  <strong>308<\/strong><strong><\/strong>\n  <\/td><td>\n  <strong>31<\/strong><strong><\/strong>\n  <\/td><td>\n  <strong>273<\/strong><strong><\/strong>\n  <\/td><td>\n  <strong>4<\/strong><strong><\/strong>\n  <\/td><\/tr><tr><td>\n  VG Jockgrim\n  <\/td><td>\n  Hatzenb\u00fchl\n  <\/td><td>\n  49\n  <\/td><td>\n  11\n  <\/td><td>\n  38\n  <\/td><td>\n  0\n  <\/td><\/tr><tr><td>\n  &nbsp;\n  <\/td><td>\n  Jockgrim\n  <\/td><td>\n  154\n  <\/td><td>\n  15\n  <\/td><td>\n  134\n  <\/td><td>\n  5\n  <\/td><\/tr><tr><td>\n  &nbsp;\n  <\/td><td>\n  Neupotz\n  <\/td><td>\n  29\n  <\/td><td>\n  0\n  <\/td><td>\n  26\n  <\/td><td>\n  3\n  <\/td><\/tr><tr><td>\n  &nbsp;\n  <\/td><td>\n  Rheinzabern\n  <\/td><td>\n  96\n  <\/td><td>\n  8\n  <\/td><td>\n  86\n  <\/td><td>\n  2\n  <\/td><\/tr><tr><td>\n  &nbsp;\n  <\/td><td>\n  <strong>Summen<\/strong><strong><\/strong>\n  <\/td><td>\n  <strong>328<\/strong><strong><\/strong>\n  <\/td><td>\n  <strong>34<\/strong><strong><\/strong>\n  <\/td><td>\n  <strong>284<\/strong><strong><\/strong>\n  <\/td><td>\n  <strong>10<\/strong><strong><\/strong>\n  <\/td><\/tr><tr><td>\n  VG R\u00fclzheim\n  <\/td><td>\n  H\u00f6rdt\n  <\/td><td>\n  75\n  <\/td><td>\n  13\n  <\/td><td>\n  62\n  <\/td><td>\n  0\n  <\/td><\/tr><tr><td>\n  &nbsp;\n  <\/td><td>\n  Kuhardt\n  <\/td><td>\n  49\n  <\/td><td>\n  2\n  <\/td><td>\n  47\n  <\/td><td>\n  0\n  <\/td><\/tr><tr><td>\n  &nbsp;\n  <\/td><td>\n  Leimersheim\n  <\/td><td>\n  43\n  <\/td><td>\n  0\n  <\/td><td>\n  42\n  <\/td><td>\n  1\n  <\/td><\/tr><tr><td>\n  &nbsp;\n  <\/td><td>\n  R\u00fclzheim\n  <\/td><td>\n  174\n  <\/td><td>\n  11\n  <\/td><td>\n  159\n  <\/td><td>\n  4\n  <\/td><\/tr><tr><td>\n  &nbsp;\n  <\/td><td>\n  <strong>Summen<\/strong><strong><\/strong>\n  <\/td><td>\n  <strong>341<\/strong><strong><\/strong>\n  <\/td><td>\n  <strong>26<\/strong><strong><\/strong>\n  <\/td><td>\n  <strong>310<\/strong><strong><\/strong>\n  <\/td><td>\n  <strong>5<\/strong><strong><\/strong>\n  <\/td><\/tr><tr><td>\n  VG Bellheim\n  <\/td><td>\n  Bellheim\n  <\/td><td>\n  283\n  <\/td><td>\n  15\n  <\/td><td>\n  241\n  <\/td><td>\n  27\n  <\/td><\/tr><tr><td>\n  &nbsp;\n  <\/td><td>\n  Knittelsheim\n  <\/td><td>\n  26\n  <\/td><td>\n  0\n  <\/td><td>\n  26\n  <\/td><td>\n  0\n  <\/td><\/tr><tr><td>\n  &nbsp;\n  <\/td><td>\n  Ottersheim\n  <\/td><td>\n  48\n  <\/td><td>\n  4\n  <\/td><td>\n  44\n  <\/td><td>\n  0\n  <\/td><\/tr><tr><td>\n  &nbsp;\n  <\/td><td>\n  Zeiskam\n  <\/td><td>\n  55\n  <\/td><td>\n  11\n  <\/td><td>\n  44\n  <\/td><td>\n  0\n  <\/td><\/tr><tr><td>\n  &nbsp;\n  <\/td><td>\n  <strong>Summen<\/strong><strong><\/strong>\n  <\/td><td>\n  <strong>412<\/strong><strong><\/strong>\n  <\/td><td>\n  <strong>30<\/strong><strong><\/strong>\n  <\/td><td>\n  <strong>355<\/strong><strong><\/strong>\n  <\/td><td>\n  <strong>27<\/strong><strong><\/strong>\n  <\/td><\/tr><tr><td>\n  Germersheim + So\n  <\/td><td>\n  &nbsp;\n  <\/td><td>\n  706\n  <\/td><td>\n  65\n  <\/td><td>\n  629\n  <\/td><td>\n  12\n  <\/td><\/tr><tr><td>\n  &nbsp;\n  <\/td><td>\n  <strong>Summen<\/strong><strong><\/strong>\n  <\/td><td>\n  <strong>706<\/strong><strong><\/strong>\n  <\/td><td>\n  <strong>65<\/strong><strong><\/strong>\n  <\/td><td>\n  <strong>629<\/strong><strong><\/strong>\n  <\/td><td>\n  <strong>12<\/strong><strong><\/strong>\n  <\/td><\/tr><tr><td>\n  VG Lingenfeld\n  <\/td><td>\n  Freisbach\n  <\/td><td>\n  40\n  <\/td><td>\n  3\n  <\/td><td>\n  36\n  <\/td><td>\n  1\n  <\/td><\/tr><tr><td>\n  &nbsp;\n  <\/td><td>\n  Lingenfeld\n  <\/td><td>\n  184\n  <\/td><td>\n  7\n  <\/td><td>\n  170\n  <\/td><td>\n  7\n  <\/td><\/tr><tr><td>\n  &nbsp;\n  <\/td><td>\n  Lustadt\n  <\/td><td>\n  73\n  <\/td><td>\n  10\n  <\/td><td>\n  62\n  <\/td><td>\n  1\n  <\/td><\/tr><tr><td>\n  &nbsp;\n  <\/td><td>\n  Schwegenheim\n  <\/td><td>\n  104\n  <\/td><td>\n  1\n  <\/td><td>\n  103\n  <\/td><td>\n  0\n  <\/td><\/tr><tr><td>\n  &nbsp;\n  <\/td><td>\n  Weingarten\n  <\/td><td>\n  59\n  <\/td><td>\n  0\n  <\/td><td>\n  58\n  <\/td><td>\n  1\n  <\/td><\/tr><tr><td>\n  &nbsp;\n  <\/td><td>\n  Westheim\n  <\/td><td>\n  76\n  <\/td><td>\n  9\n  <\/td><td>\n  60\n  <\/td><td>\n  7\n  <\/td><\/tr><tr><td>\n  &nbsp;\n  <\/td><td>\n  <strong>Summen<\/strong><strong><\/strong>\n  <\/td><td>\n  <strong>536<\/strong><strong><\/strong>\n  <\/td><td>\n  <strong>30<\/strong><strong><\/strong>\n  <\/td><td>\n  <strong>489<\/strong><strong><\/strong>\n  <\/td><td>\n  <strong>17<\/strong><strong><\/strong>\n  <\/td><\/tr><tr><td>\n  &nbsp;\n  <\/td><td>\n  <strong>Endsummen<\/strong><strong><\/strong>\n  <\/td><td>\n  <strong>3360<\/strong><strong><\/strong>\n  <\/td><td>\n  <strong>265<\/strong><strong><\/strong>\n  <\/td><td>\n  <strong>2997<\/strong><strong><\/strong>\n  <\/td><td>\n  <strong>98<\/strong><strong><\/strong>\n  <\/td><\/tr><\/tbody><\/table>\n\n\n\n<h2 class=\"wp-block-heading\">Donnerstag (18.02.2021)<\/h2>\n\n\n\n<p>Aktuell gibt\nes im Landkreis Germersheim 240 best\u00e4tigte positive F\u00e4lle, die Gesamtzahl bel\u00e4uft\nsich auf 3331 Infizierte seit Beginn der Pandemie (+ 26 F\u00e4lle).<\/p>\n\n\n\n<h2 class=\"wp-block-heading\">Mittwoch (17.02.2021)<\/h2>\n\n\n\n<p>Aktuell gibt\nes im Landkreis Germersheim 227 best\u00e4tigte positive F\u00e4lle, die Gesamtzahl bel\u00e4uft\nsich auf 3305 Infizierte seit Beginn der Pandemie (+ 36 F\u00e4lle).<\/p>\n\n\n\n<h4 class=\"wp-block-heading\"><strong>Infos zu\nbetroffenen Einrichtungen:<\/strong><\/h4>\n\n\n\n<ul><li><strong>Kath. Kita St. Josef in Zeiskam:<\/strong> Zwei weitere Personen wurden positiv getestet. Die Einrichtung bleibt bis mindestens 22. Februar 2021 vorsorglich geschlossen.<\/li><li><strong>Friedenskindergarten in W\u00f6rth:<\/strong> Eine Person wurde positiv getestet. Die Ermittlungen dauern an.<\/li><li><strong>Kita L\u00f6wenzahn in Westheim:<\/strong> Eine Person wurde positiv getestet. Die Ermittlungen dauern an. <\/li><li><strong>Kath. Kindergarten St. Georg in H\u00f6rdt:<\/strong> Zwei Personen wurden positiv getestet. Zwei Gruppen sind in Quarant\u00e4ne.<\/li><\/ul>\n\n\n\n<p><em>Kreisverwaltung Germersheim<br>19.02.2021<\/em><\/p>\n","protected":false},"excerpt":{"rendered":"<div class=\"mh-excerpt\"><p>Landkreis erwartet deutlich mehr Finanzmittel bei der Novellierung des derzeit verfassungswidrigen Landesfinanzausgleichs: \u201eLangfristige Haushaltskonsolidierung muss m\u00f6glich werden\u201c \u201eNach jahrelangen Irrungen des Landes um den f\u00fcr die Kommunen so immanent wichtigen Landesfinanzausgleich, erwartet der Landkreis Germersheim <a class=\"mh-excerpt-more\" href=\"https:\/\/speyer24news.com\/?p=33344\" title=\"Germersheim und Landkreis Germersheim\">[&#8230;]<\/a><\/p>\n<\/div>","protected":false},"author":3,"featured_media":0,"comment_status":"open","ping_status":"open","sticky":false,"template":"","format":"standard","meta":{"_monsterinsights_skip_tracking":false,"_monsterinsights_sitenote_active":false,"_monsterinsights_sitenote_note":"","_monsterinsights_sitenote_category":0,"footnotes":""},"categories":[449],"tags":[8140,6902,9205,8739,6323,9746,9616,6903,9745,10107,10108,210,10103,10102,5569,7765,9243,10105,10106,6614,7787,10104,4546,4547],"aioseo_notices":[],"amp_enabled":true,"_links":{"self":[{"href":"https:\/\/speyer24news.com\/index.php?rest_route=\/wp\/v2\/posts\/33344"}],"collection":[{"href":"https:\/\/speyer24news.com\/index.php?rest_route=\/wp\/v2\/posts"}],"about":[{"href":"https:\/\/speyer24news.com\/index.php?rest_route=\/wp\/v2\/types\/post"}],"author":[{"embeddable":true,"href":"https:\/\/speyer24news.com\/index.php?rest_route=\/wp\/v2\/users\/3"}],"replies":[{"embeddable":true,"href":"https:\/\/speyer24news.com\/index.php?rest_route=%2Fwp%2Fv2%2Fcomments&post=33344"}],"version-history":[{"count":1,"href":"https:\/\/speyer24news.com\/index.php?rest_route=\/wp\/v2\/posts\/33344\/revisions"}],"predecessor-version":[{"id":33346,"href":"https:\/\/speyer24news.com\/index.php?rest_route=\/wp\/v2\/posts\/33344\/revisions\/33346"}],"wp:attachment":[{"href":"https:\/\/speyer24news.com\/index.php?rest_route=%2Fwp%2Fv2%2Fmedia&parent=33344"}],"wp:term":[{"taxonomy":"category","embeddable":true,"href":"https:\/\/speyer24news.com\/index.php?rest_route=%2Fwp%2Fv2%2Fcategories&post=33344"},{"taxonomy":"post_tag","embeddable":true,"href":"https:\/\/speyer24news.com\/index.php?rest_route=%2Fwp%2Fv2%2Ftags&post=33344"}],"curies":[{"name":"wp","href":"https:\/\/api.w.org\/{rel}","templated":true}]}}