{"id":33356,"date":"2021-02-20T09:23:10","date_gmt":"2021-02-20T08:23:10","guid":{"rendered":"https:\/\/speyer24news.com\/?p=33356"},"modified":"2021-02-20T09:23:12","modified_gmt":"2021-02-20T08:23:12","slug":"corona-stadtnotizen-aus-speyer-7","status":"publish","type":"post","link":"https:\/\/speyer24news.com\/?p=33356","title":{"rendered":"Corona &#038; Stadtnotizen aus Speyer"},"content":{"rendered":"<style type=\"text\/css\">\r\n\t.ads_top_disp{}\r\n\t.ads_top_corner_disp{ float:left; margin:0px 10px 10px 0px; }\r\n\t.ads_first_p_disp{}\r\n\t.ads_bottom_disp{}\r\n\t<\/style>\n<h1 class=\"wp-block-heading\">Coronafallzahlen von Freitag (19.02.2021)<\/h1>\n\n\n\n<figure class=\"wp-block-image\"><img decoding=\"async\" loading=\"lazy\" width=\"800\" height=\"400\" src=\"https:\/\/speyer24news.com\/wp-content\/uploads\/2020\/02\/virus-1812092_1920.jpg\" alt=\"\" class=\"wp-image-25128\" srcset=\"https:\/\/speyer24news.com\/wp-content\/uploads\/2020\/02\/virus-1812092_1920.jpg 800w, https:\/\/speyer24news.com\/wp-content\/uploads\/2020\/02\/virus-1812092_1920-300x150.jpg 300w, https:\/\/speyer24news.com\/wp-content\/uploads\/2020\/02\/virus-1812092_1920-768x384.jpg 768w\" sizes=\"(max-width: 800px) 100vw, 800px\" \/><\/figure>\n\n\n\n<p>Anzahl best\u00e4tigter F\u00e4lle von Coronavirus (SARS-CoV-2)-Infektionen in der Stadt Speyer:\u00a01982 ( + 6 )<br>Davon bereits genesen:\u00a01830<br>Todesf\u00e4lle: 73 ( + 1 gegen\u00fcber Donnerstag ) <br>Gemeldete F\u00e4lle der letzten sieben Tage pro 100.000 Einwohner*innen: 63,3 ( + 9,9 )<\/p>\n\n\n\n<p>Nachgewiesene F\u00e4lle einer Corona-Mutation: 6* <br><strong>Warnstufe: Rot<\/strong><\/p>\n\n\n\n<p>Stand: 19.02.2021, 14:10 Uhr<\/p>\n\n\n\n<p><em>Landesuntersuchungsamt Rheinland-Pfalz<br>20.02.2021<\/em><\/p>\n\n\n\n<h1 class=\"wp-block-heading\" style=\"text-align:center\">Impfzahlen aus Speyer<\/h1>\n\n\n\n<figure class=\"wp-block-image\"><img decoding=\"async\" loading=\"lazy\" width=\"800\" height=\"486\" src=\"https:\/\/speyer24news.com\/wp-content\/uploads\/2021\/01\/Corona-Impfstoff-1.jpg\" alt=\"\" class=\"wp-image-32102\" srcset=\"https:\/\/speyer24news.com\/wp-content\/uploads\/2021\/01\/Corona-Impfstoff-1.jpg 800w, https:\/\/speyer24news.com\/wp-content\/uploads\/2021\/01\/Corona-Impfstoff-1-300x182.jpg 300w, https:\/\/speyer24news.com\/wp-content\/uploads\/2021\/01\/Corona-Impfstoff-1-768x467.jpg 768w\" sizes=\"(max-width: 800px) 100vw, 800px\" \/><\/figure>\n\n\n\n<table class=\"wp-block-table\"><tbody><tr><td><strong>Gesamtzahl Impfungen<\/strong><\/td><td><\/td><td><\/td><td>&nbsp;<\/td><td><\/td><\/tr><tr><td><strong>Gesamtzahl:&nbsp;&nbsp;&nbsp;&nbsp;&nbsp;&nbsp;&nbsp;&nbsp;&nbsp;&nbsp;<\/strong><\/td><td><strong>3.737<\/strong><\/td><td>&nbsp;&nbsp;&nbsp;&nbsp;&nbsp;&nbsp;&nbsp;&nbsp;&nbsp;<\/td><td>+516*<\/td><td><\/td><\/tr><tr><td>Erstimpfungen:&nbsp;&nbsp;&nbsp; &nbsp;&nbsp;<\/td><td><strong>2.277<\/strong><\/td><td>&nbsp;&nbsp;&nbsp;&nbsp;&nbsp;&nbsp;&nbsp;&nbsp;&nbsp;<\/td><td>+236*<\/td><td><\/td><\/tr><tr><td>Zweitimpfungen:&nbsp;&nbsp;&nbsp;&nbsp;&nbsp;<\/td><td><strong>1.460<\/strong><\/td><td>&nbsp;&nbsp;&nbsp;&nbsp;&nbsp;&nbsp;&nbsp;&nbsp;&nbsp;<\/td><td>+280*<\/td><td><\/td><\/tr><tr><td>&nbsp;<\/td><td><\/td><td><\/td><td>&nbsp;<\/td><td><\/td><\/tr><tr><td>*Im Vergleich zum letzten Impfbericht<\/td><td><\/td><td>&nbsp;<\/td><td><\/td><\/tr><tr><td>&nbsp;<\/td><td><\/td><td><\/td><td>&nbsp;<\/td><td><\/td><\/tr><tr><td><strong>Alten- und Pflegeheime<\/strong><\/td><td><\/td><td><\/td><td>&nbsp;<\/td><td><\/td><\/tr><tr><td><strong>Gesamtzahl:&nbsp;&nbsp;&nbsp;&nbsp;&nbsp;&nbsp;&nbsp;&nbsp;&nbsp;&nbsp;<\/strong><\/td><td>1.644<\/td><td>&nbsp; &nbsp;&nbsp;&nbsp;&nbsp;&nbsp;&nbsp;&nbsp;&nbsp;<\/td><td>+0*<\/td><td><\/td><\/tr><tr><td>Erstimpfungen:&nbsp;&nbsp;&nbsp;&nbsp;&nbsp;<\/td><td>1.122<\/td><td>&nbsp;&nbsp;&nbsp;&nbsp;&nbsp;&nbsp;&nbsp;&nbsp;&nbsp;<\/td><td>+0*<\/td><td><\/td><\/tr><tr><td>Zweitimpfungen:&nbsp;&nbsp;&nbsp;&nbsp;&nbsp;<\/td><td>522<\/td><td>&nbsp;&nbsp;&nbsp;&nbsp;&nbsp;&nbsp;&nbsp;&nbsp;&nbsp;<\/td><td>+0*<\/td><td><\/td><\/tr><tr><td>&nbsp;<\/td><td><\/td><td><\/td><td>&nbsp;<\/td><td><\/td><\/tr><tr><td>*Im Vergleich zum letzten Impfbericht<\/td><td><\/td><td>&nbsp;<\/td><td><\/td><\/tr><tr><td>&nbsp;<\/td><td><\/td><td><\/td><td>&nbsp;<\/td><td><\/td><\/tr><tr><td><strong>Impfzentrum Speyer<\/strong><\/td><td><\/td><td><\/td><td>&nbsp;<\/td><td><\/td><\/tr><tr><td><strong>Gesamtzahl:&nbsp;&nbsp;&nbsp;&nbsp;&nbsp;&nbsp;&nbsp;&nbsp;&nbsp;&nbsp;<\/strong><\/td><td>2.093<\/td><td>&nbsp;&nbsp;&nbsp;&nbsp;&nbsp;&nbsp;&nbsp;&nbsp;&nbsp;<\/td><td>+516*<\/td><td><\/td><\/tr><tr><td>Erstimpfungen:&nbsp;&nbsp;&nbsp;&nbsp;&nbsp;<\/td><td>1.155<\/td><td>&nbsp;&nbsp;&nbsp;&nbsp;&nbsp;&nbsp;&nbsp;&nbsp;&nbsp;<\/td><td>+236*<\/td><td><\/td><\/tr><tr><td>Zweitimpfungen:&nbsp;&nbsp;&nbsp;&nbsp;&nbsp;<\/td><td>938<\/td><td>&nbsp;&nbsp;&nbsp;&nbsp;&nbsp;&nbsp;&nbsp;&nbsp;&nbsp;<\/td><td>+280*<\/td><td><\/td><\/tr><tr><td>&nbsp;<\/td><td><\/td><td><\/td><td>&nbsp;<\/td><td><\/td><\/tr><tr><td>*Im Vergleich zum letzten Impfbericht<\/td><\/tr><\/tbody><\/table>\n\n\n\n<p><em>Text: Stadt Speyer Foto: Speyer 24\/7 News<br>20.02.2021<\/em><\/p>\n\n\n\n<h1 class=\"wp-block-heading\" style=\"text-align:center\">Stadtnotiz<\/h1>\n\n\n\n<figure class=\"wp-block-image\"><img decoding=\"async\" loading=\"lazy\" width=\"800\" height=\"600\" src=\"https:\/\/speyer24news.com\/wp-content\/uploads\/2020\/01\/Speyer-Stadtnachrichten-2.jpg\" alt=\"\" class=\"wp-image-23901\" srcset=\"https:\/\/speyer24news.com\/wp-content\/uploads\/2020\/01\/Speyer-Stadtnachrichten-2.jpg 800w, https:\/\/speyer24news.com\/wp-content\/uploads\/2020\/01\/Speyer-Stadtnachrichten-2-300x225.jpg 300w, https:\/\/speyer24news.com\/wp-content\/uploads\/2020\/01\/Speyer-Stadtnachrichten-2-768x576.jpg 768w, https:\/\/speyer24news.com\/wp-content\/uploads\/2020\/01\/Speyer-Stadtnachrichten-2-678x509.jpg 678w, https:\/\/speyer24news.com\/wp-content\/uploads\/2020\/01\/Speyer-Stadtnachrichten-2-326x245.jpg 326w, https:\/\/speyer24news.com\/wp-content\/uploads\/2020\/01\/Speyer-Stadtnachrichten-2-80x60.jpg 80w\" sizes=\"(max-width: 800px) 100vw, 800px\" \/><\/figure>\n\n\n\n<h2 class=\"wp-block-heading\"><strong>SchaufensterKunst \u2013 K\u00fcnstler*innen pr\u00e4sentieren ihre Arbeiten in Speyerer Gesch\u00e4ften und Leerst\u00e4nden<\/strong><\/h2>\n\n\n\n<div class=\"wp-block-image\"><figure class=\"aligncenter\"><img decoding=\"async\" loading=\"lazy\" width=\"800\" height=\"446\" src=\"https:\/\/speyer24news.com\/wp-content\/uploads\/2021\/02\/02-Klaus-Fresenius.jpg\" alt=\"\" class=\"wp-image-33357\" srcset=\"https:\/\/speyer24news.com\/wp-content\/uploads\/2021\/02\/02-Klaus-Fresenius.jpg 800w, https:\/\/speyer24news.com\/wp-content\/uploads\/2021\/02\/02-Klaus-Fresenius-300x167.jpg 300w, https:\/\/speyer24news.com\/wp-content\/uploads\/2021\/02\/02-Klaus-Fresenius-768x428.jpg 768w\" sizes=\"(max-width: 800px) 100vw, 800px\" \/><\/figure><\/div>\n\n\n\n<p>Nachdem s\u00e4mtliche Ausstellungsm\u00f6glichkeiten f\u00fcr bildende K\u00fcnstler*innen im zweiten Corona-Lockdown erneut wegfallen, stellen Einzelhandelsgesch\u00e4fte auf Anfrage des Kulturb\u00fcros der Stadt Speyer ihre Schaufenster einen begrenzten Zeitraum f\u00fcr k\u00fcnstlerische Pr\u00e4sentationen zur Verf\u00fcgung. Davon profitieren beide Partner, denn die Gesch\u00e4fte erhalten Aufmerksamkeit f\u00fcr die neue \u201eSchaufensterKunst\u201c und die K\u00fcnstler*innen k\u00f6nnen ihre Werke vorstellen und zum Verkauf anbieten.<\/p>\n\n\n\n<p>Mittlerweile sind 27 Kooperationen zwischen K\u00fcnstler*innen und Ladengesch\u00e4ften entstanden, die sich haupts\u00e4chlich im Zentrum der Stadt, eine davon aber auch im CURACENTER, befinden.<br>B\u00fcrgermeisterin und Kulturdezernentin Monika Kabs zeigt sich besonders erfreut \u00fcber dieses au\u00dfergew\u00f6hnliche Angebot: \u201eVielf\u00e4ltige\u00a0Kunstwerke beleben die in dieser Zeit wie ausgestorben wirkende Innenstadt. Eine wunderbare Aktion, die den Zusammenhalt unserer sch\u00f6nen Stadt widerspiegelt und zwei besonders von der Pandemie gebeutelte Bereiche im wahrsten Sinne \u201ains Licht r\u00fcckt\u2018.\u201c<\/p>\n\n\n\n<figure class=\"wp-block-image\"><img decoding=\"async\" loading=\"lazy\" width=\"800\" height=\"532\" src=\"https:\/\/speyer24news.com\/wp-content\/uploads\/2021\/02\/03-Klaus-Fresenius-.jpg\" alt=\"\" class=\"wp-image-33358\" srcset=\"https:\/\/speyer24news.com\/wp-content\/uploads\/2021\/02\/03-Klaus-Fresenius-.jpg 800w, https:\/\/speyer24news.com\/wp-content\/uploads\/2021\/02\/03-Klaus-Fresenius--300x200.jpg 300w, https:\/\/speyer24news.com\/wp-content\/uploads\/2021\/02\/03-Klaus-Fresenius--768x511.jpg 768w\" sizes=\"(max-width: 800px) 100vw, 800px\" \/><\/figure>\n\n\n\n<p>Insbesondere Ladengesch\u00e4fte in der Wormser Stra\u00dfe und der Gilgenstra\u00dfe sind mit Kunstwerken best\u00fcckt, aber auch einige Leerst\u00e4nde, also ungenutzte oder unvermietete Geb\u00e4ude,\u00a0konnten inzwischen erschlossen werden. So k\u00f6nnen bei einem Spaziergang durch die Stadt nun Kunstwerke im ehemaligen Emporio II in der Maximilianstra\u00dfe, im fr\u00fcheren Eiscaf\u00e9 Englert in der Maximilianstra\u00dfe, in der einstigen Buchhandlung Oelbermann in der Wormser Stra\u00dfe sowie im ehemaligen Stoffhaus in der Wormser Stra\u00dfe bewundert werden.<\/p>\n\n\n\n<p>\u201eDas Stoffhaus in der Wormser Stra\u00dfe beispielsweise wird mit einem Werk von Klaus Fresenius zum Leben erweckt: \u201eSacre du Printemps\u201c, der Reigen der tanzenden K\u00f6rper, eine gro\u00dfformatige Arbeit von Klaus Fresenius ist derzeit in den Schaufenstern des ehemaligen Stoffhauses in der Wormser Stra\u00dfe zu sehen. Man steht davor und freut sich \u00fcber die ungeb\u00e4ndigte Kraft und die Virtuosit\u00e4t dieses Tanzes. Ein starkes Zeichen in Zeiten von Corona\u201c, so Fachbereichsleiter Dr. Matthias Nowack.<\/p>\n\n\n\n<figure class=\"wp-block-image\"><img decoding=\"async\" loading=\"lazy\" width=\"800\" height=\"553\" src=\"https:\/\/speyer24news.com\/wp-content\/uploads\/2021\/02\/1a-Klaus-Fresenius.jpg\" alt=\"\" class=\"wp-image-33359\" srcset=\"https:\/\/speyer24news.com\/wp-content\/uploads\/2021\/02\/1a-Klaus-Fresenius.jpg 800w, https:\/\/speyer24news.com\/wp-content\/uploads\/2021\/02\/1a-Klaus-Fresenius-300x207.jpg 300w, https:\/\/speyer24news.com\/wp-content\/uploads\/2021\/02\/1a-Klaus-Fresenius-768x531.jpg 768w\" sizes=\"(max-width: 800px) 100vw, 800px\" \/><\/figure>\n\n\n\n<p>Gesch\u00e4fte, die Interesse an weiteren Kooperationen haben, k\u00f6nnen sich im Kulturb\u00fcro per Mail an\u00a0<a rel=\"noreferrer noopener\" href=\"mailto:kulturbuero@stadt-speyer.de\" target=\"_blank\">kulturbuero@stadt-speyer.de<\/a>\u00a0wenden. Das Kulturb\u00fcro wird die Kontakte vermitteln. Derzeit gibt es mehr K\u00fcnstler*innen, die ausstellen wollen, als Ladengesch\u00e4fte, die ihre Fl\u00e4chen anbieten. Daher wird nach weiteren Ausstellungsm\u00f6glichkeiten gesucht.<br>Au\u00dferdem wird derzeit an einem Stadtplan im Flyerformat gearbeitet, der den \u201eCorona-Kunst-Wanderwegs\u201c ausweisen soll, um die \u201eSchaufensterKunst\u201c f\u00fcr Neugierige und Besucher der Stadt besser zu erschlie\u00dfen.<\/p>\n\n\n\n<p><em>Text: Stadt Speyer Foto: \u00a9 Klaus Landry<br>20.02.2021<\/em><\/p>\n","protected":false},"excerpt":{"rendered":"<div class=\"mh-excerpt\"><p>Coronafallzahlen von Freitag (19.02.2021) Anzahl best\u00e4tigter F\u00e4lle von Coronavirus (SARS-CoV-2)-Infektionen in der Stadt Speyer:\u00a01982 ( + 6 )Davon bereits genesen:\u00a01830Todesf\u00e4lle: 73 ( + 1 gegen\u00fcber Donnerstag ) Gemeldete F\u00e4lle der letzten sieben Tage pro 100.000 <a class=\"mh-excerpt-more\" href=\"https:\/\/speyer24news.com\/?p=33356\" title=\"Corona &#038; Stadtnotizen aus Speyer\">[&#8230;]<\/a><\/p>\n<\/div>","protected":false},"author":3,"featured_media":23902,"comment_status":"open","ping_status":"open","sticky":false,"template":"","format":"standard","meta":{"_monsterinsights_skip_tracking":false,"_monsterinsights_sitenote_active":false,"_monsterinsights_sitenote_note":"","_monsterinsights_sitenote_category":0,"footnotes":""},"categories":[47],"tags":[8404,9176,9247,6940,8725,6359,6358,8749,7003,6342,8375,10119,9454,6,7262,1296],"aioseo_notices":[],"amp_enabled":true,"_links":{"self":[{"href":"https:\/\/speyer24news.com\/index.php?rest_route=\/wp\/v2\/posts\/33356"}],"collection":[{"href":"https:\/\/speyer24news.com\/index.php?rest_route=\/wp\/v2\/posts"}],"about":[{"href":"https:\/\/speyer24news.com\/index.php?rest_route=\/wp\/v2\/types\/post"}],"author":[{"embeddable":true,"href":"https:\/\/speyer24news.com\/index.php?rest_route=\/wp\/v2\/users\/3"}],"replies":[{"embeddable":true,"href":"https:\/\/speyer24news.com\/index.php?rest_route=%2Fwp%2Fv2%2Fcomments&post=33356"}],"version-history":[{"count":1,"href":"https:\/\/speyer24news.com\/index.php?rest_route=\/wp\/v2\/posts\/33356\/revisions"}],"predecessor-version":[{"id":33360,"href":"https:\/\/speyer24news.com\/index.php?rest_route=\/wp\/v2\/posts\/33356\/revisions\/33360"}],"wp:featuredmedia":[{"embeddable":true,"href":"https:\/\/speyer24news.com\/index.php?rest_route=\/wp\/v2\/media\/23902"}],"wp:attachment":[{"href":"https:\/\/speyer24news.com\/index.php?rest_route=%2Fwp%2Fv2%2Fmedia&parent=33356"}],"wp:term":[{"taxonomy":"category","embeddable":true,"href":"https:\/\/speyer24news.com\/index.php?rest_route=%2Fwp%2Fv2%2Fcategories&post=33356"},{"taxonomy":"post_tag","embeddable":true,"href":"https:\/\/speyer24news.com\/index.php?rest_route=%2Fwp%2Fv2%2Ftags&post=33356"}],"curies":[{"name":"wp","href":"https:\/\/api.w.org\/{rel}","templated":true}]}}