{"id":33361,"date":"2021-02-20T09:32:26","date_gmt":"2021-02-20T08:32:26","guid":{"rendered":"https:\/\/speyer24news.com\/?p=33361"},"modified":"2021-02-20T12:46:09","modified_gmt":"2021-02-20T11:46:09","slug":"speyer-stadtwald","status":"publish","type":"post","link":"https:\/\/speyer24news.com\/?p=33361","title":{"rendered":"Speyer \/ Stadtwald"},"content":{"rendered":"<style type=\"text\/css\">\r\n\t.ads_top_disp{}\r\n\t.ads_top_corner_disp{ float:left; margin:0px 10px 10px 0px; }\r\n\t.ads_first_p_disp{}\r\n\t.ads_bottom_disp{}\r\n\t<\/style>\n<h2 class=\"wp-block-heading\">Stellungnahme der Stadtverwaltung Speyer zum Artikel \u201eStadtwald verliert FSC-Siegel\u201c in der Speyerer Rundschau vom 18. Februar 2021<\/h2>\n\n\n\n<figure class=\"wp-block-image\"><img decoding=\"async\" src=\"https:\/\/speyer24news.com\/wp-content\/uploads\/2020\/03\/Pf\u00e4lzerwald.jpg\" alt=\"\" class=\"wp-image-25820\"\/><\/figure>\n\n\n\n<p>Die Stadtverwaltung Speyer weist darauf hin, dass es nicht den Tatsachen entspricht, dass der Speyerer Stadtwald aufgrund \u201egravierender Verst\u00f6\u00dfe gegen eine nachhaltige Bewirtschaftung\u201c vom FSC-Siegel suspendiert wurde. Es handelt sich hier nach wie vor um ein schwebendes Verfahren, in dessen Rahmen \u00fcberhaupt erst gekl\u00e4rt wird, ob ein Versto\u00df vorliegt.<\/p>\n\n\n\n<p>Nach Auffassung der Stadt Speyer ist der ge\u00e4u\u00dferte Vorwurf der nicht nachhaltigen Waldbewirtschaftung nicht gerechtfertigt. Der in Frage stehende Waldort III 6b wurde bereits im November 2018 im Rahmen eines regul\u00e4ren Audits durch einen Gutachter der Firma GFA Certification begangen, ohne, dass es zu Beanstandungen gekommen w\u00e4re. Nur ein Jahr sp\u00e4ter fand durch den selben Gutachter aufgrund des Beschwerdeverfahrens der Gr\u00fcnen eine erneute Begehung an selber Stelle statt, die pl\u00f6tzlich zu einem anderen Ergebnis gekommen ist. Es wurde eine Abweichung vom FSC-Standard festgestellt, obwohl zwischenzeitlich &#8211; also zwischen der Begehung 2018 und der 2019 &#8211; keinerlei Hiebma\u00dfnahmen dort stattgefunden haben. M\u00f6gliche Ursache f\u00fcr die unterschiedliche Beurteilung war, dass im Rahmen der Begehung 2019 gezielt eine Stelle angesteuert wurde, an der Sturmsch\u00e4den einige Buchen umgeknickt und entwurzelt hatten, sodass hier eine etwas gr\u00f6\u00dfere lichte Stelle entstanden war. Hierbei handelt es sich allerdings um ein ganz normales forstliches Risiko, das insbesondere nach Hiebma\u00dfnahmen besteht und das niemand zu verschulden hat.<\/p>\n\n\n\n<p>Konkret vorgeworfen wird der Stadt Speyer eine Abweichung vom Indikator 5.2.2. im Deutschen FSC-Standard 3.0 V 1.1. Dieser besagt, dass \u201edie planm\u00e4\u00dfige, j\u00e4hrliche Holznutzung im Durchschnitt des Planungszeitraums nicht die nachhaltig nutzbaren Holzmengen \u00fcbersteigen darf\u201c. Diese Regelung bezieht sich jedoch gerade nicht auf einzelne Waldorte, sondern ausdr\u00fccklich auf den Gesamtbetrieb, also auf die einem Waldbesitzer geh\u00f6rende Gesamtfl\u00e4che. Die Hiebs\u00e4tze f\u00fcr diesen wurden jedoch zu keinem Zeitpunkt \u00fcberschritten \u2013 eine entsprechende Feststellung hat auch der  Pr\u00fcfer der GFA Certification zwischenzeitlich getroffen. Die leichte \u00dcbernutzung des Waldortes III 6b betrifft ausschlie\u00dflich diesen einen Waldort und ist demnach nicht systematisch.<\/p>\n\n\n\n<p>Abgesehen davon waren die dort getroffenen Hiebma\u00dfnahmen forstfachlich bzw. waldbaulich erforderlich, um einen bis dahin einschichtigen Wald mit geschlossenem Kronendach aus vorw\u00fcchsigen Kiefern und sehr zahlreichen Buchen mit unzureichender Kronenentwicklungskapazit\u00e4t zu einem strukturierten, klimaresilienten Mischwald weiterzuentwickeln. Dies geschah durch die F\u00f6rderung von Buchen mit entwicklungsf\u00e4higer Krone und von vitalen Kiefer und der dementsprechenden Herausnahme der B\u00e4ume, die diese Kriterien nicht (mehr) erf\u00fcllten. Dass dies erfolgreich war und ist zeigt sich zwischenzeitlich durch die ausdr\u00fccklich erw\u00fcnschte und beabsichtigte Naturverj\u00fcngung auch der klimaresilienten Baumart Eiche.<\/p>\n\n\n\n<div class=\"wp-block-image\"><figure class=\"aligncenter\"><img decoding=\"async\" loading=\"lazy\" width=\"800\" height=\"533\" src=\"https:\/\/speyer24news.com\/wp-content\/uploads\/2020\/03\/Info-24-03-2020-12-Uhr_Parks.jpg\" alt=\"\" class=\"wp-image-26067\" srcset=\"https:\/\/speyer24news.com\/wp-content\/uploads\/2020\/03\/Info-24-03-2020-12-Uhr_Parks.jpg 800w, https:\/\/speyer24news.com\/wp-content\/uploads\/2020\/03\/Info-24-03-2020-12-Uhr_Parks-300x200.jpg 300w, https:\/\/speyer24news.com\/wp-content\/uploads\/2020\/03\/Info-24-03-2020-12-Uhr_Parks-768x512.jpg 768w\" sizes=\"(max-width: 800px) 100vw, 800px\" \/><\/figure><\/div>\n\n\n\n<p>Weiterhin ist es nicht korrekt, dass im Rahmen des 2019 auf Bestreben des Kreisvorstandes der Gr\u00fcnen stattgefundenen Sonderaudits ein Pr\u00fcfer der GFA Certification \u201ewesentliche Kritikpunkte\u201c der Gr\u00fcnen best\u00e4tigt h\u00e4tte. Vielmehr ist es so, dass seinerzeit alle Kritikpunkte entkr\u00e4ftet werden konnten \u2013 mit Ausnahme des Vorwurfs des zu hohen Holzeinschlags im Waldort III 6b, der heuer zur Suspendierung vom FSC-Siegel gef\u00fchrt hat und nun abschlie\u00dfend gekl\u00e4rt wird.<\/p>\n\n\n\n<p>Nach einer Mitteilung des Gemeinde- und St\u00e4dtebundes Rheinland-Pfalz vom 19.02.2021 liegen der GFA Certification nun alle eingeforderten Unterlagen vollumf\u00e4nglich vor, sodass der Fall geschlossen werden und voraussichtlich kurzfristig eine Rezertifizierung erfolgen k\u00f6nnte.<\/p>\n\n\n\n<p>K\u00fcnftig soll ein besonderes Augenmerk darauf gelegt werden, dass die waldortbezogenen Planans\u00e4tze die betrieblichen und waldbaulichen Ziele und Grunds\u00e4tze der Stadt Speyer m\u00f6glichst gut abbilden und diese besser und \u00fcbersichtlicher nach au\u00dfen kommuniziert werden, um Missverst\u00e4ndnissen vorzubeugen. Trotzdem bedeutet das nicht, dass es an einzelnen Waldorten nicht zu einer gr\u00f6\u00dferen Differenz zu den Planans\u00e4tzen kommen kann. Die notwendige Eingriffsst\u00e4rke wird und muss auch zuk\u00fcnftig basierend auf der fachlichen  Kompetenz und der langj\u00e4hrigen Erfahrung des hierf\u00fcr zust\u00e4ndigen Revierleiters im Einzelfall je Waldort beziehungsweise Bestand festgelegt werden.<\/p>\n\n\n\n<p><em>Text: Stadt Speyer Foto: \u00a9 Speyer 24\/7 News<br>20.02.2021<\/em><\/p>\n","protected":false},"excerpt":{"rendered":"<div class=\"mh-excerpt\"><p>Stellungnahme der Stadtverwaltung Speyer zum Artikel \u201eStadtwald verliert FSC-Siegel\u201c in der Speyerer Rundschau vom 18. Februar 2021 Die Stadtverwaltung Speyer weist darauf hin, dass es nicht den Tatsachen entspricht, dass der Speyerer Stadtwald aufgrund \u201egravierender <a class=\"mh-excerpt-more\" href=\"https:\/\/speyer24news.com\/?p=33361\" title=\"Speyer \/ Stadtwald\">[&#8230;]<\/a><\/p>\n<\/div>","protected":false},"author":3,"featured_media":32093,"comment_status":"open","ping_status":"open","sticky":false,"template":"","format":"standard","meta":{"_monsterinsights_skip_tracking":false,"_monsterinsights_sitenote_active":false,"_monsterinsights_sitenote_note":"","_monsterinsights_sitenote_category":0,"footnotes":""},"categories":[9],"tags":[10121,10122,1113,10124,10123,6,10071,1534,10120],"aioseo_notices":[],"amp_enabled":true,"_links":{"self":[{"href":"https:\/\/speyer24news.com\/index.php?rest_route=\/wp\/v2\/posts\/33361"}],"collection":[{"href":"https:\/\/speyer24news.com\/index.php?rest_route=\/wp\/v2\/posts"}],"about":[{"href":"https:\/\/speyer24news.com\/index.php?rest_route=\/wp\/v2\/types\/post"}],"author":[{"embeddable":true,"href":"https:\/\/speyer24news.com\/index.php?rest_route=\/wp\/v2\/users\/3"}],"replies":[{"embeddable":true,"href":"https:\/\/speyer24news.com\/index.php?rest_route=%2Fwp%2Fv2%2Fcomments&post=33361"}],"version-history":[{"count":1,"href":"https:\/\/speyer24news.com\/index.php?rest_route=\/wp\/v2\/posts\/33361\/revisions"}],"predecessor-version":[{"id":33362,"href":"https:\/\/speyer24news.com\/index.php?rest_route=\/wp\/v2\/posts\/33361\/revisions\/33362"}],"wp:featuredmedia":[{"embeddable":true,"href":"https:\/\/speyer24news.com\/index.php?rest_route=\/wp\/v2\/media\/32093"}],"wp:attachment":[{"href":"https:\/\/speyer24news.com\/index.php?rest_route=%2Fwp%2Fv2%2Fmedia&parent=33361"}],"wp:term":[{"taxonomy":"category","embeddable":true,"href":"https:\/\/speyer24news.com\/index.php?rest_route=%2Fwp%2Fv2%2Fcategories&post=33361"},{"taxonomy":"post_tag","embeddable":true,"href":"https:\/\/speyer24news.com\/index.php?rest_route=%2Fwp%2Fv2%2Ftags&post=33361"}],"curies":[{"name":"wp","href":"https:\/\/api.w.org\/{rel}","templated":true}]}}