{"id":33382,"date":"2021-02-20T10:43:26","date_gmt":"2021-02-20T09:43:26","guid":{"rendered":"https:\/\/speyer24news.com\/?p=33382"},"modified":"2021-02-20T10:43:27","modified_gmt":"2021-02-20T09:43:27","slug":"hockenheim-70","status":"publish","type":"post","link":"https:\/\/speyer24news.com\/?p=33382","title":{"rendered":"Hockenheim"},"content":{"rendered":"<style type=\"text\/css\">\r\n\t.ads_top_disp{}\r\n\t.ads_top_corner_disp{ float:left; margin:0px 10px 10px 0px; }\r\n\t.ads_first_p_disp{}\r\n\t.ads_bottom_disp{}\r\n\t<\/style>\n<h2 class=\"wp-block-heading\"><strong>Neue Pumpwerk-Termine<\/strong><\/h2>\n\n\n\n<figure class=\"wp-block-image\"><img decoding=\"async\" loading=\"lazy\" width=\"800\" height=\"600\" src=\"https:\/\/speyer24news.com\/wp-content\/uploads\/2021\/02\/Pumpwerk-Hockenheim.jpg\" alt=\"\" class=\"wp-image-33385\" srcset=\"https:\/\/speyer24news.com\/wp-content\/uploads\/2021\/02\/Pumpwerk-Hockenheim.jpg 800w, https:\/\/speyer24news.com\/wp-content\/uploads\/2021\/02\/Pumpwerk-Hockenheim-300x225.jpg 300w, https:\/\/speyer24news.com\/wp-content\/uploads\/2021\/02\/Pumpwerk-Hockenheim-768x576.jpg 768w, https:\/\/speyer24news.com\/wp-content\/uploads\/2021\/02\/Pumpwerk-Hockenheim-678x509.jpg 678w, https:\/\/speyer24news.com\/wp-content\/uploads\/2021\/02\/Pumpwerk-Hockenheim-326x245.jpg 326w, https:\/\/speyer24news.com\/wp-content\/uploads\/2021\/02\/Pumpwerk-Hockenheim-80x60.jpg 80w\" sizes=\"(max-width: 800px) 100vw, 800px\" \/><\/figure>\n\n\n\n<p>Im Kulturhaus Pumpwerk Hockenheim werden wegen der anhaltend\nhohen Corona-Fallzahlen einige Veranstaltungstermine verlegt. Folgende\nAuftritte erhalten ein neues Veranstaltungsdatum:<\/p>\n\n\n\n<ul><li>Der\nComedian Stefan Waghubinger tritt jetzt am Samstag, 21. Januar 2023, auf\n(urspr\u00fcnglich 19. Februar).<\/li><li>Die\nVeranstaltung mit Roger Stein wird auf Freitag, 18. Februar 2022, verschoben (fr\u00fcher\n20. Februar).<\/li><li>Die\nComedy-Damen von Sekt &amp; the City geben dem Pumpwerk Hockenheim am Samstag,\n5. Februar 2022, die Ehre (urspr\u00fcnglich 5. M\u00e4rz).<\/li><li>Der\nComedian, Moderator und Schauspieler Tan Caglar kommt am Freitag, 23. September\n2022, nach Hockenheim (fr\u00fcher 12. M\u00e4rz).<\/li><li>Das\nKonzert des Heidelberger Hardchor wird auf Donnerstag, 24. M\u00e4rz 2022, verlegt\n(urspr\u00fcnglich 19. und 20. M\u00e4rz).<\/li><\/ul>\n\n\n\n<p>Bereits gekaufte Karten f\u00fcr die genannten Veranstaltungen behalten ihre G\u00fcltigkeit. Sie k\u00f6nnen aber auch bei den entsprechenden Vorverkaufsstellen zur\u00fcckgegeben werden.<\/p>\n\n\n\n<p><em>Stadtverwaltung Hockenheim<br>20.02.2021<\/em><\/p>\n\n\n\n<h2 class=\"wp-block-heading\"><strong>\u201eEchtes Aush\u00e4ngeschild f\u00fcr Hockenheim\u201c<\/strong><\/h2>\n\n\n\n<figure class=\"wp-block-image\"><img decoding=\"async\" loading=\"lazy\" width=\"800\" height=\"605\" src=\"https:\/\/speyer24news.com\/wp-content\/uploads\/2021\/02\/2021-02-18-Verwaltung_Auszeichnung-aubex.jpg\" alt=\"\" class=\"wp-image-33384\" srcset=\"https:\/\/speyer24news.com\/wp-content\/uploads\/2021\/02\/2021-02-18-Verwaltung_Auszeichnung-aubex.jpg 800w, https:\/\/speyer24news.com\/wp-content\/uploads\/2021\/02\/2021-02-18-Verwaltung_Auszeichnung-aubex-300x227.jpg 300w, https:\/\/speyer24news.com\/wp-content\/uploads\/2021\/02\/2021-02-18-Verwaltung_Auszeichnung-aubex-768x581.jpg 768w, https:\/\/speyer24news.com\/wp-content\/uploads\/2021\/02\/2021-02-18-Verwaltung_Auszeichnung-aubex-80x60.jpg 80w\" sizes=\"(max-width: 800px) 100vw, 800px\" \/><figcaption>Der Gesch\u00e4ftsf\u00fchrer der aubex GmbH, Sven Fillinger (l.), und Oberb\u00fcrgermeister Marcus Zeitler (r.) freuen sich \u00fcber die Auszeichnung des Unternehmens als Top-Arbeitgeber Mittelstand 2021.<br> <em>Foto: Stadtverwaltung Hockenheim<\/em><\/figcaption><\/figure>\n\n\n\n<p>Im deutschen Mittelstand verbergen sich sprichw\u00f6rtlich versteckte\nChampions. Das trifft auch auf die aubex GmbH im Gewerbe- und Industriegebiet\nTalhaus in Hockenheim zu, wie Focus Business jetzt belegt. Das Fachmagazin\nzeichnete das Unternehmen auf Platz f\u00fcnf als Top-Arbeitgeber Mittelstand 2021\nin der Branche EDV und IT aus. Daraus ergibt sich Platz 21 im Gesamtranking der\nBefragung. Oberb\u00fcrgermeister Marcus Zeitler nahm diese erfreuliche Gelegenheit\nzum Anlass, um bei einem Besuch der Gesch\u00e4ftsf\u00fchrung der aubex GmbH pers\u00f6nlich\ndaf\u00fcr zu gratulieren. Im Gespr\u00e4ch mit Gesch\u00e4ftsf\u00fchrer Sven Fillinger tauschte\ner sich \u00fcber die Entwicklung des Unternehmens und aktuelle Fragen der\nWirtschaftsf\u00f6rderung aus.<\/p>\n\n\n\n<p>\u201eHut ab f\u00fcr das, was aubex auf die Beine gestellt hat. Die hohe\nZufriedenheit von Kunden und Mitarbeitern kommt nicht von ungef\u00e4hr. Da steckt\nviel Arbeit dahinter. Sie sind ein echtes Aush\u00e4ngeschild f\u00fcr Hockenheim\u201c, sagte\nOB Marcus Zeitler im Gespr\u00e4ch mit Sven Fillinger. \u201eEin gro\u00dfer Vorteil ist dabei\nsicherlich, dass aubex fr\u00fch auf die Digitalisierung gesetzt hat. Ein gro\u00dfer\nVorteil nicht nur in der Corona-Krise\u201c, meinte er. Auch die Stadt habe gute\nErfahrungen mit den IT-Dienstleistungen von aubex gemacht. Das Unternehmen ist\nals externer Datenschutzbeauftragter f\u00fcr die Stadtwerke Hockenheim t\u00e4tig.\n\u201eQualit\u00e4t kommt zu Qualit\u00e4t\u201c, stellte Zeitler fest.<\/p>\n\n\n\n<h4 class=\"wp-block-heading\">Mitarbeiter stehen im Fokus<\/h4>\n\n\n\n<p>Der Gesch\u00e4ftsf\u00fchrer der aubex GmbH, Sven Fillinger, meint: \u201eDie\nAuszeichnung sind die Fr\u00fcchte unserer konsequenten und wirklich ernstgemeinten\nFokussierung auf das Team und das Wohlbefinden unsere Mitarbeiterinnen und\nMitarbeiter. Mein Kredo ist schon immer: Nur zufriedene, gl\u00fcckliche und\nmotivierte Mitarbeiterinnen und Mitarbeiter sorgen f\u00fcr zufriedene und\ngl\u00fcckliche Kundinnen und Kunden. Da sich das Team nahezu komplett im Homeoffice\nbefindet, hoffen wir unsere B\u00fcros bald wieder mit Leben f\u00fcllen zu k\u00f6nnen und\ndie Auszeichnung zu feiern.\u201c <\/p>\n\n\n\n<p>Die aubex GmbH wurde 2009 von den Gesch\u00e4ftsf\u00fchrern Martin Hoffmann und\nSven Fillinger gegr\u00fcndet. Sie bietet Softwarel\u00f6sungen, Services sowie Training\nund Beratung f\u00fcr das Automotive-Umfeld an. Sie besch\u00e4ftigt derzeit 55\nMitarbeiterinnen und Mitarbeiter in Hockenheim. Der europaweite Kundenstamm\nbetreut das Unternehmen \u00fcberwiegend in der jeweiligen Landessprache. Das\nfachliche Know-how beziehen sie dabei aus vielen Jahren Erfahrung im\nautomobilen Umfeld. Das aubex-Team arbeitet in einer kreativen und produktiven\nUnternehmenskultur. Das Unternehmen bietet umfassende Benefits von der gesunden\nPausenverpflegung \u00fcber Sport- und Gesundheitsprogramme mit Personal Trainer bis\nhin zu individuelle Weiterbildungs- und Entwicklungsm\u00f6glichkeiten f\u00fcr das Team.\n<\/p>\n\n\n\n<p><em>Stadtverwaltung Hockenheim<br>20.02.2021<\/em><\/p>\n\n\n\n<h2 class=\"wp-block-heading\"><strong>\u201eH\u00d6P\u201c geht nun auch ins Ohr<\/strong><\/h2>\n\n\n\n<figure class=\"wp-block-image\"><img decoding=\"async\" loading=\"lazy\" width=\"800\" height=\"594\" src=\"https:\/\/speyer24news.com\/wp-content\/uploads\/2021\/02\/2021-02-17-Verwaltung_Audioguide-H\u00d6P.jpg\" alt=\"\" class=\"wp-image-33383\" srcset=\"https:\/\/speyer24news.com\/wp-content\/uploads\/2021\/02\/2021-02-17-Verwaltung_Audioguide-H\u00d6P.jpg 800w, https:\/\/speyer24news.com\/wp-content\/uploads\/2021\/02\/2021-02-17-Verwaltung_Audioguide-H\u00d6P-300x223.jpg 300w, https:\/\/speyer24news.com\/wp-content\/uploads\/2021\/02\/2021-02-17-Verwaltung_Audioguide-H\u00d6P-768x570.jpg 768w, https:\/\/speyer24news.com\/wp-content\/uploads\/2021\/02\/2021-02-17-Verwaltung_Audioguide-H\u00d6P-80x60.jpg 80w\" sizes=\"(max-width: 800px) 100vw, 800px\" \/><figcaption>Kapitelpate Peter Schneider (l.) vom Regierungspr\u00e4sidium Karlsruhe und Oberb\u00fcrgermeister Marcus Zeitler (r.) am H\u00d6P<br><em>Foto: Stadtverwaltung Hockenheim<\/em><\/figcaption><\/figure>\n\n\n\n<p>Hockenheims digitaler G\u00e4stef\u00fchrer ist um eine weitere Station reicher: Zu h\u00f6ren ist nun viel Wissenswertes zur neuen gr\u00fcnen Mitte, dem Hochwasserschutz- und \u00d6kologieprojekt Hockenheim (H\u00d6P). Kapitelpate der neuen Station ist Peter Schneider vom Regierungspr\u00e4sidium Karlsruhe. Das neue Kapitel des Audioguides \u201eHockenheim h\u00f6ren\u201c kann entweder per Telefon unter 06205 9069-893 oder unter <a href=\"http:\/\/www.pa-g.de\/stationen\/hockenheim\/\">www.pa-g.de\/stationen\/hockenheim\/<\/a> abgerufen werden. Ein QR-Code, der ebenfalls zum H\u00f6rkapitel f\u00fchrt, kann direkt am H\u00d6P-Schild an der Fu\u00df- und Radfahrerbr\u00fccke beim Gau\u00df-Gymnasium eingelesen werden.<\/p>\n\n\n\n<p>Der Audioguide \u201eHockenheim h\u00f6ren\u201c umfasst damit nun\ninsgesamt zw\u00f6lf Stationen. Er bietet Geschichte zum Zuh\u00f6ren f\u00fcr Besucher und\ninteressierte B\u00fcrger an. In Form eines Rundgangs gestaltet, erz\u00e4hlen zahlreiche\nHockenheimer Urgesteine als Kapitelpaten interessante Geschichten zu bekannten\nSehensw\u00fcrdigkeiten. Neben den langj\u00e4hrigen Stadtf\u00fchrern Hans Rieder und Alfred\nRupp sind in den einzelnen Kapiteln auch die Stimmen von Erich Losert, Erhardt\nMetzler, Kerstin Nieradt, Felicitas Offenloch-Brandenburger und Klaus\nBrandenburger, Werner Zimmermann sowie Pfarrer Michael Dahlinger zu h\u00f6ren. <\/p>\n\n\n\n<p>\u201eMehr \u00fcber Hockenheim und seine Geschichte\nerfahren, und zwar dann, wenn man es will: Das bietet der Audioguide Hockenheim\nh\u00f6ren\u201c, so Oberb\u00fcrgermeister Marcus Zeitler. \u201eGanz herzlich m\u00f6chten wir uns bei\nallen Kapitelpaten bedanken, ohne die das digitale Erleben von Hockenheim nicht\nm\u00f6glich w\u00e4re. Es ist eine tolle Gemeinschaftsleistung, die vielen Menschen\nFreude macht und Wissen bringt\u201c, sagt Sylvie Rese von der Stadtverwaltung\nHockenheim, die das Projekt koordiniert. <\/p>\n\n\n\n<p>Eine Fortsetzung ist im \u00dcbrigen geplant: Unter dem\nArbeitstitel \u201eKulturgut Natur\u201c m\u00f6chte Uwe Heidenreich als Kapitelpate eine\nweitere Station f\u00fcr den Audioguide entstehen lassen.<\/p>\n\n\n\n<p>Die einzelnen Kapitel k\u00f6nnen entweder per Telefon, \u00fcber QR-Code auf den jeweiligen Schildern vor Ort oder im Internet unter <a href=\"http:\/\/www.pa-g.de\/stationen\/hockenheim\/\">www.pa-g.de\/stationen\/hockenheim\/<\/a> angeh\u00f6rt werden. Der Rundgang ist auch online abrufbar unter <a href=\"https:\/\/www.deinefreizeit.com\/canonicals\/touren\/stadtrundgang-hockenheim-hoeren-von-tabakmuseum-bis-hockenheimring\/tour.html\">https:\/\/www.deinefreizeit.com\/canonicals\/touren\/stadtrundgang-hockenheim-hoeren-von-tabakmuseum-bis-hockenheimring\/tour.html<\/a>.<\/p>\n\n\n\n<p><em>Stadtverwaltung Hockenheim<br>20.02.2021<\/em><\/p>\n\n\n\n<h1 class=\"wp-block-heading\" style=\"text-align:center\">Verkehrsnotizen<\/h1>\n\n\n\n<figure class=\"wp-block-image\"><img decoding=\"async\" loading=\"lazy\" width=\"800\" height=\"565\" src=\"https:\/\/speyer24news.com\/wp-content\/uploads\/2020\/01\/Baustelle-2.jpg\" alt=\"\" class=\"wp-image-23900\" srcset=\"https:\/\/speyer24news.com\/wp-content\/uploads\/2020\/01\/Baustelle-2.jpg 800w, https:\/\/speyer24news.com\/wp-content\/uploads\/2020\/01\/Baustelle-2-300x212.jpg 300w, https:\/\/speyer24news.com\/wp-content\/uploads\/2020\/01\/Baustelle-2-768x542.jpg 768w\" sizes=\"(max-width: 800px) 100vw, 800px\" \/><\/figure>\n\n\n\n<h2 class=\"wp-block-heading\"><strong>Duttweiler Stra\u00dfe\nhalbseitig gesperrt<\/strong><\/h2>\n\n\n\n<p>Die Duttweiler Stra\u00dfe im Industriegebiet Talhaus ist in H\u00f6he Hausnummer 3 (Zufahrt Globus) <strong>seit Freitag, 19. Februar, bis voraussichtlich Ende des Monats<\/strong> halbseitig gesperrt. Grund daf\u00fcr sind Abbauarbeiten an einem Geb\u00e4ude. Die Stra\u00dfe wird stark befahren. Daher ist es erforderlich, in diesem Bereich kurzfristig eine Einbahnstra\u00dfe einzurichten.<\/p>\n\n\n\n<p><em>Stadtverwaltung Hockenheim<br>20.02.2021<\/em><\/p>\n","protected":false},"excerpt":{"rendered":"<div class=\"mh-excerpt\"><p>Neue Pumpwerk-Termine Im Kulturhaus Pumpwerk Hockenheim werden wegen der anhaltend hohen Corona-Fallzahlen einige Veranstaltungstermine verlegt. Folgende Auftritte erhalten ein neues Veranstaltungsdatum: Der Comedian Stefan Waghubinger tritt jetzt am Samstag, 21. Januar 2023, auf (urspr\u00fcnglich 19. <a class=\"mh-excerpt-more\" href=\"https:\/\/speyer24news.com\/?p=33382\" title=\"Hockenheim\">[&#8230;]<\/a><\/p>\n<\/div>","protected":false},"author":3,"featured_media":33076,"comment_status":"open","ping_status":"open","sticky":false,"template":"","format":"standard","meta":{"_monsterinsights_skip_tracking":false,"_monsterinsights_sitenote_active":false,"_monsterinsights_sitenote_note":"","_monsterinsights_sitenote_category":0,"footnotes":""},"categories":[489],"tags":[10139,10141,10142,108,9439,5089,1287,196,2891,10140],"aioseo_notices":[],"amp_enabled":true,"_links":{"self":[{"href":"https:\/\/speyer24news.com\/index.php?rest_route=\/wp\/v2\/posts\/33382"}],"collection":[{"href":"https:\/\/speyer24news.com\/index.php?rest_route=\/wp\/v2\/posts"}],"about":[{"href":"https:\/\/speyer24news.com\/index.php?rest_route=\/wp\/v2\/types\/post"}],"author":[{"embeddable":true,"href":"https:\/\/speyer24news.com\/index.php?rest_route=\/wp\/v2\/users\/3"}],"replies":[{"embeddable":true,"href":"https:\/\/speyer24news.com\/index.php?rest_route=%2Fwp%2Fv2%2Fcomments&post=33382"}],"version-history":[{"count":1,"href":"https:\/\/speyer24news.com\/index.php?rest_route=\/wp\/v2\/posts\/33382\/revisions"}],"predecessor-version":[{"id":33386,"href":"https:\/\/speyer24news.com\/index.php?rest_route=\/wp\/v2\/posts\/33382\/revisions\/33386"}],"wp:featuredmedia":[{"embeddable":true,"href":"https:\/\/speyer24news.com\/index.php?rest_route=\/wp\/v2\/media\/33076"}],"wp:attachment":[{"href":"https:\/\/speyer24news.com\/index.php?rest_route=%2Fwp%2Fv2%2Fmedia&parent=33382"}],"wp:term":[{"taxonomy":"category","embeddable":true,"href":"https:\/\/speyer24news.com\/index.php?rest_route=%2Fwp%2Fv2%2Fcategories&post=33382"},{"taxonomy":"post_tag","embeddable":true,"href":"https:\/\/speyer24news.com\/index.php?rest_route=%2Fwp%2Fv2%2Ftags&post=33382"}],"curies":[{"name":"wp","href":"https:\/\/api.w.org\/{rel}","templated":true}]}}