{"id":33405,"date":"2021-02-21T10:03:59","date_gmt":"2021-02-21T09:03:59","guid":{"rendered":"https:\/\/speyer24news.com\/?p=33405"},"modified":"2021-02-21T10:06:05","modified_gmt":"2021-02-21T09:06:05","slug":"kirche-85","status":"publish","type":"post","link":"https:\/\/speyer24news.com\/?p=33405","title":{"rendered":"Kirche"},"content":{"rendered":"<style type=\"text\/css\">\r\n\t.ads_top_disp{}\r\n\t.ads_top_corner_disp{ float:left; margin:0px 10px 10px 0px; }\r\n\t.ads_first_p_disp{}\r\n\t.ads_bottom_disp{}\r\n\t<\/style>\n<h2 class=\"wp-block-heading\">Weltweite Solidarit\u00e4t von Frauen f\u00fcr Frauen<\/h2>\n\n\n\n<h3 class=\"wp-block-heading\">Weltgebetstag am 5. M\u00e4rz unter dem Motto &#8222;Worauf bauen wir?&#8220;<\/h3>\n\n\n\n<div class=\"wp-block-image\"><figure class=\"aligncenter\"><img decoding=\"async\" loading=\"lazy\" width=\"800\" height=\"427\" src=\"https:\/\/speyer24news.com\/wp-content\/uploads\/2021\/02\/Banner_2021_print2.jpg\" alt=\"\" class=\"wp-image-33408\" srcset=\"https:\/\/speyer24news.com\/wp-content\/uploads\/2021\/02\/Banner_2021_print2.jpg 800w, https:\/\/speyer24news.com\/wp-content\/uploads\/2021\/02\/Banner_2021_print2-300x160.jpg 300w, https:\/\/speyer24news.com\/wp-content\/uploads\/2021\/02\/Banner_2021_print2-768x410.jpg 768w\" sizes=\"(max-width: 800px) 100vw, 800px\" \/><figcaption> \u201eCyclon PAM II. 13th of March 2015\u201c \u00a9 Juliette Pita <\/figcaption><\/figure><\/div>\n\n\n\n<p><strong>Speyer (is\/lk) &#8211; <\/strong>&#8222;Worauf bauen wir?&#8220; &#8211; unter diesem Motto steht der Weltgebetstag der Frauen, der in diesem Jahr am 5. M\u00e4rz \u00fcber L\u00e4nder- und Konfessionsgrenzen hinweg begangen wird. Auch im Bistum Speyer und in der Evangelischen Kirche der Pfalz wird der Gebetstag gefeiert.<\/p>\n\n\n\n<p>&#8222;Der Weltgebetstag findet statt, trotz Pandemie&#8220;, betont Monika Kreiner. &#8222;Auch wenn der Tag an vielen Orten anders gefeiert wird als gewohnt, die weltweite Solidarit\u00e4t von Frauen f\u00fcr Frauen bleibt bestehen.&#8220; Die Referentin f\u00fcr Frauenseelsorge im Bistum Speyer ist mit ihrer protestantischen Kollegin Christine Gortner verantwortlich f\u00fcr den \u00f6kumenischen Gebetstag in der Pfalz und Saarpfalz.<\/p>\n\n\n\n<p>Der Weltgebetstags-Gottesdienst kann zwar nach bisheriger Planung unter Ber\u00fccksichtigung der \u00fcblichen Hygienema\u00dfnahmen in den Gemeinden stattfinden, &#8222;wir verstehen aber auch, wenn Gruppen sich daf\u00fcr entscheiden, online zu feiern&#8220;, sagt Kreiner. &#8222;Wir w\u00fcrden uns freuen, wenn viele Frauen sich gerade auch in diesem Jahr mit einer Spende an den so wichtigen Projekten der Weltgebetstagsbewegung beteiligen&#8220;, erg\u00e4nzt Christine Gortner.<\/p>\n\n\n\n<p>Es besteht zudem die M\u00f6glichkeit, am 5. M\u00e4rz um 19 Uhr einen Fernseh-Gottesdienst, den das Weltgebetstags-Team des Deutschen Komitees gestaltet, \u00fcber Bibel-TV oder den YouTube-Kanal des Gebetstages mitzufeiern.<\/p>\n\n\n\n<div class=\"wp-block-image\"><figure class=\"aligncenter\"><img decoding=\"async\" loading=\"lazy\" width=\"800\" height=\"484\" src=\"https:\/\/speyer24news.com\/wp-content\/uploads\/2021\/02\/Weltgebetstag-der-Frauen-2021.png\" alt=\"\" class=\"wp-image-33410\" srcset=\"https:\/\/speyer24news.com\/wp-content\/uploads\/2021\/02\/Weltgebetstag-der-Frauen-2021.png 800w, https:\/\/speyer24news.com\/wp-content\/uploads\/2021\/02\/Weltgebetstag-der-Frauen-2021-300x182.png 300w, https:\/\/speyer24news.com\/wp-content\/uploads\/2021\/02\/Weltgebetstag-der-Frauen-2021-768x465.png 768w\" sizes=\"(max-width: 800px) 100vw, 800px\" \/><\/figure><\/div>\n\n\n\n<h4 class=\"wp-block-heading\">Gebete, Lieder und Texte von Frauen aus Vanuatu<\/h4>\n\n\n\n<p>Die Gebete, Lieder und Texte zum Weltgebetstag haben in diesem Jahr Frauen aus dem Inselstaat Vanuatu verfasst. Wie das deutsche Weltgebetstagskomitee berichtet, sind die 83 Inseln im pazifischen Ozean besonders vom Klimawandel betroffen, obwohl das Land keine Industrienation ist und auch sonst kaum Kohlendioxid ausst\u00f6\u00dft. Die steigenden Wassertemperaturen gef\u00e4hrdeten Fische und Korallen. &#8222;Durch deren Absterben treffen die Wellen mit voller Wucht auf die Inseln und tragen sie St\u00fcck f\u00fcr St\u00fcck ab. Steigende Temperaturen und ver\u00e4nderte Regenmuster lassen Fr\u00fcchte nicht mehr wachsen wie fr\u00fcher. Zudem steigt nicht nur der Meeresspiegel, sondern auch die tropischen Wirbelst\u00fcrme werden st\u00e4rker&#8220;, so der Bericht. Um der Umweltverschmutzung entgegen zu wirken, gelte seit zwei Jahren ein rigoroses Plastikverbot.<\/p>\n\n\n\n<p>Mit ihrem Gottesdienst wollten Frauen aus Vanuatu andere dazu ermutigen, zu handeln und gegen den Klimawandel zu k\u00e4mpfen. Obwohl Frauen in dem Inselstaat einen Gro\u00dfteil des Familieneinkommens erwirtschafteten, m\u00fcssten sie sich den Entscheidungen der M\u00e4nner unterordnen und w\u00fcrden oft Opfer von Gewalt.<\/p>\n\n\n\n<p>Mit seiner Projektarbeit unterst\u00fctzt der Weltgebetstag Frauen und M\u00e4dchen weltweit und auch in Vanuatu. &#8222;Dort lernen Frauen sich \u00fcber Medien eine Stimme zu verschaffen, damit ihre Sichtweisen und Probleme wahrgenommen werden&#8220;, hei\u00dft es in dem Bericht des Weltgebetstags-Komitees.<\/p>\n\n\n\n<div class=\"wp-block-image\"><figure class=\"aligncenter\"><img decoding=\"async\" loading=\"lazy\" width=\"800\" height=\"420\" src=\"https:\/\/speyer24news.com\/wp-content\/uploads\/2021\/02\/Weltgebetstag-der-Frauen-Logo.png\" alt=\"\" class=\"wp-image-33409\" srcset=\"https:\/\/speyer24news.com\/wp-content\/uploads\/2021\/02\/Weltgebetstag-der-Frauen-Logo.png 800w, https:\/\/speyer24news.com\/wp-content\/uploads\/2021\/02\/Weltgebetstag-der-Frauen-Logo-300x158.png 300w, https:\/\/speyer24news.com\/wp-content\/uploads\/2021\/02\/Weltgebetstag-der-Frauen-Logo-768x403.png 768w\" sizes=\"(max-width: 800px) 100vw, 800px\" \/><\/figure><\/div>\n\n\n\n<p><strong>Hintergrund: <\/strong>Der Weltgebetstag wird traditionell am ersten Freitag im M\u00e4rz \u00fcber L\u00e4nder- und Konfessionsgrenzen hinweg gefeiert. Nach eigenen Angaben hat sich der Weltgebetstag in den letzten 130 Jahren zur gr\u00f6\u00dften Basisbewegung christlicher Frauen entwickelt und wird in \u00fcber 150 L\u00e4ndern begangen. Er wird jedes Jahr von christlichen Frauen aus einem anderen Land vorbereitet.<\/p>\n\n\n\n<p>Weitere Informationen:&nbsp;<a rel=\"noreferrer noopener\" href=\"https:\/\/deref-web.de\/mail\/client\/TyxKE50P22Q\/dereferrer\/?redirectUrl=http%3A%2F%2Fwww.weltgebetstag.de\" target=\"_blank\">www.weltgebetstag.de<\/a><\/p>\n\n\n\n<p><em>21.02.2021<\/em><\/p>\n\n\n\n<h2 class=\"wp-block-heading\"><strong>\u201eAsche als Chiffre f\u00fcr das ewige Leben\u201c<\/strong><\/h2>\n\n\n\n<h3 class=\"wp-block-heading\"><strong>Beginn der Fastenzeit mit Weihbischof Otto Georgens am Aschermittwoch im Dom zu Speyer<\/strong><\/h3>\n\n\n\n<div class=\"wp-block-image\"><figure class=\"aligncenter\"><img decoding=\"async\" loading=\"lazy\" width=\"800\" height=\"575\" src=\"https:\/\/speyer24news.com\/wp-content\/uploads\/2021\/02\/Aschermittwoch-43_m.jpg\" alt=\"\" class=\"wp-image-33407\" srcset=\"https:\/\/speyer24news.com\/wp-content\/uploads\/2021\/02\/Aschermittwoch-43_m.jpg 800w, https:\/\/speyer24news.com\/wp-content\/uploads\/2021\/02\/Aschermittwoch-43_m-300x216.jpg 300w, https:\/\/speyer24news.com\/wp-content\/uploads\/2021\/02\/Aschermittwoch-43_m-768x552.jpg 768w\" sizes=\"(max-width: 800px) 100vw, 800px\" \/><figcaption>Weihbischof Otto Georgens streut Domdekan Dr. Kohl Asche auf sein Haupt<br><em>Foto: \u00a9 Domkapitel Speyer \/ Klaus Landry<\/em> <\/figcaption><\/figure><\/div>\n\n\n\n<p><strong>Speyer &#8211; <\/strong>Am Abend des Aschermittwochs feierte Weihbischof Otto Georgens im Dom zu Speyer eine Pontifikalvesper und ein Pontifikalamt. Dieser Gottesdienst mit der Austeilung der Asche markiert den Beginn der 40-t\u00e4gigen Fastenzeit vor Ostern. Vor Gabenbereitung und Eucharistie streute Georgens zusammen mit Domvikar Maximilian Brandt den Gottesdienstbesuchern Asche auf das Haupt.&nbsp; Diese R\u00fcckkehr zur alte Form der Austeilung erm\u00f6glichte es, in der Pandemie die Asche ber\u00fchrungsfrei und mit dem n\u00f6tigen Abstand austeilen zu k\u00f6nnen.<\/p>\n\n\n\n<p>In seiner Predigt betonte Weihbischof Otto Georgens, dass die Asche als Zeichen der Verg\u00e4nglichkeit ausgeteilt werde, jedoch nicht, \u201eum Angst zu verbreiten, sondern um zu helfen, bewusster auf das eigene Leben zu schauen\u201c. Das Bewusstsein der Endlichkeit des Lebens k\u00f6nne dazu beitragen, das Erlebte mehr wertzusch\u00e4tzen. In der Liturgie des Aschermittwochs werde jeder Christ daran erinnert, dass er vom Staub genommen&nbsp; wurde und zum Staub zur\u00fcckkehren m\u00fcsse, wie es bereits in der biblischen Erz\u00e4hlung vom S\u00fcndenfall hei\u00dft.<\/p>\n\n\n\n<p>Asche sei jedoch nicht allein ein Hinweis auf die eigene Verg\u00e4nglichkeit, sondern zugleich auf die Verhei\u00dfung der Auferstehung. Asche sei durch Feuer gereinigter Erdenstoff. \u201eWir Christen glauben, dass in der Auferstehung unsere Geschichte, also die Erde, von der wir genommen sind, mitgenommen wird in das ewige Aufgehobensein bei Gott\u201c, sagte Georgens in seiner Predigt.&nbsp; \u201eSo wird die Asche, das Zeichen scheinbarer Vergeblichkeit menschlichen Lebens und M\u00fchens, zur Chiffre f\u00fcr die verhei\u00dfende Auferstehung\u201c.<\/p>\n\n\n\n<p>Die musikalische Gestaltung&nbsp;der Vesper und des Pontifikalamts am Aschermittwoch \u00fcbernahmen die Mezzosopranistin Susanne Scheffel, Domkapellmeister Markus Melchiori als Kantor und Domorganist Markus Eichenlaub.&nbsp;In der Vesper erklangen unter anderem die Psalm-Motette &#8222;De profundis clamavi&#8220; von Andreas Hammerschmidt und das &#8222;Deutsche Magnificat&#8220; von Heinrich Sch\u00fctz.&nbsp; In der Eucharistiefeier kam, neben liturgischen Ges\u00e4ngen, die &#8222;Missa in simplicitate&#8220; von Jean Langlais zur Auff\u00fchrung.<\/p>\n\n\n\n<p><em>Text: Bistum Speyer Foto: \u00a9 Domkapitel Speyer \/ Klaus Landry<br>21.02.2021<\/em><\/p>\n\n\n\n<h2 class=\"wp-block-heading\"><strong>Der weltweit verfolgten Christen gedenken<\/strong><\/h2>\n\n\n\n<h3 class=\"wp-block-heading\">Kirchenpr\u00e4sident Christian Schad hat zum Gebet f\u00fcr verfolgte Christen aufgerufen.<\/h3>\n\n\n\n<div class=\"wp-block-image\"><figure class=\"aligncenter\"><img decoding=\"async\" loading=\"lazy\" width=\"800\" height=\"434\" src=\"https:\/\/speyer24news.com\/wp-content\/uploads\/2021\/02\/Remiszere.png\" alt=\"\" class=\"wp-image-33406\" srcset=\"https:\/\/speyer24news.com\/wp-content\/uploads\/2021\/02\/Remiszere.png 800w, https:\/\/speyer24news.com\/wp-content\/uploads\/2021\/02\/Remiszere-300x163.png 300w, https:\/\/speyer24news.com\/wp-content\/uploads\/2021\/02\/Remiszere-768x417.png 768w\" sizes=\"(max-width: 800px) 100vw, 800px\" \/><\/figure><\/div>\n\n\n\n<p><strong>Speyer <em>(lk)<\/em> &#8211; <\/strong>Aus Anlass des Sonntags Reminiszere am 28. Februar 2021 ruft Kirchenpr\u00e4sident Christian Schad die pf\u00e4lzischen und saarpf\u00e4lzischen Kirchengemeinden dazu auf, der bedr\u00e4ngten und verfolgten Christen im Gebet zu gedenken. In diesem Jahr stehen die Kirchen in Indien besonders im Mittelpunkt.<\/p>\n\n\n\n<p>Mit 1,3 Milliarden Einwohnern ist Indien die gr\u00f6\u00dfte Demokratie der Welt, und die Religionsfreiheit ist in der Verfassung verankert. Etwa 2,3 Prozent der Gesamtbev\u00f6lkerung geh\u00f6ren einer christlichen Kirche an.<\/p>\n\n\n\n<p>\u201eRadikale Gruppen gehen mit Verleumdungen und Gewalt gegen Christen und Muslime vor; politisch wird das Recht, die Religion frei und ohne Benachteiligung zu wechseln, behindert. Davon sind Christen in besonderer Weise betroffen\u201c, erkl\u00e4rt Kirchenpr\u00e4sident Christian Schad. Kritiker der indischen Gesetzgebung sehen den verfassungsrechtlich verankerten S\u00e4kularismus durch einen neuen Hindu-Nationalismus bedroht.<\/p>\n\n\n\n<p>In dem Psalm f\u00fcr die mit dem Sonntag Reminiszere beginnende Woche hei\u00dft es: \u201eGedenke, Herr, an deine Barmherzigkeit und an deine G\u00fcte\u201c (Psalm 25, 6). \u201eMit diesem Ruf\u201c, so Kirchenpr\u00e4sident Christian Schad, \u201ebitten wir Gott, dem Unrecht und der Gewalt Einhalt zu gebieten. Und beten mit Menschen dort und hier darum, dass wir \u2013 auch als Nachbarn, die unterschiedlichen Religionen angeh\u00f6ren \u2013 in Frieden leben k\u00f6nnen. Denn nur im Miteinander werden wir leben und Zukunft haben.\u201c<\/p>\n\n\n\n<p><strong>Hintergrund<\/strong>: Den Sonntag Reminiszere in besonderer Weise der F\u00fcrbitte f\u00fcr bedr\u00e4ngte und verfolgte Christen zu widmen, geht auf einen Beschluss der Synode der Evangelischen Kirche in Deutschland (EKD) aus dem Jahr 2008 zur\u00fcck, der 2010 bekr\u00e4ftigt wurde. Nicht nur an diesem Tag, sondern das ganze Jahr hindurch soll der bedr\u00e4ngten und verfolgten Geschwister im Gebet gedacht werden.<\/p>\n\n\n\n<p>Mehr zum Thema:&nbsp;<a href=\"https:\/\/deref-web.de\/mail\/client\/zUuBJFnoOKs\/dereferrer\/?redirectUrl=https%3A%2F%2Fwww.ekd.de%2Fekd_de%2Fds_doc%2Freminiszere_2021_indien.pdf\" target=\"_blank\" rel=\"noreferrer noopener\">https:\/\/www.ekd.de\/ekd_de\/ds_doc\/reminiszere_2021_indien.pdf<\/a>.<\/p>\n\n\n\n<h4 class=\"wp-block-heading\" style=\"text-align:center\"><strong>Vorschlag f\u00fcr ein F\u00fcrbittgebet:<\/strong><\/h4>\n\n\n\n<p>Erinnere Dich, Herr,<\/p>\n\n\n\n<p>an Deine Zuneigung und an Deine Freundlichkeit.<\/p>\n\n\n\n<p>Und erinnere uns daran wie Du bist.<\/p>\n\n\n\n<p>Wir erinnern uns an Abschiede und Verluste.<\/p>\n\n\n\n<p>Erinnere Du uns an Deine Liebe bis in Ewigkeit.<\/p>\n\n\n\n<p>Auf dass wir dem Leben treu bleiben.<\/p>\n\n\n\n<p>Wir vergessen nicht so schnell \u2013 Verzicht und Einschr\u00e4nkungen.<\/p>\n\n\n\n<p>Erinnere uns an unsere Freiheiten.<\/p>\n\n\n\n<p>Auf dass wir sie nutzen.<\/p>\n\n\n\n<p>Wir vergessen nicht so schnell \u2013 Schmerz und Sehnsucht.<\/p>\n\n\n\n<p>Erinnere uns auch an unser Gl\u00fcck und Gelingen.<\/p>\n\n\n\n<p>Auf dass wir dankbar werden.<\/p>\n\n\n\n<p>Wir erinnern uns an unsere Grenzen.<\/p>\n\n\n\n<p>Erinnere Du uns an weltweite Verbundenheit.<\/p>\n\n\n\n<p>An unsere Geschwister, die n\u00f6rdlich und s\u00fcdlich, \u00f6stlich und westlich von uns leben.<\/p>\n\n\n\n<p>An Familie Mensch auf allen Kontinenten und Inseln,<\/p>\n\n\n\n<p>die wie wir vertraut, hofft und liebt.<\/p>\n\n\n\n<p>Erinnere Dich an Deine Zuneigung, Herr.<\/p>\n\n\n\n<p>Dass sie unsere Stimme wird.<\/p>\n\n\n\n<p>An Deine Freundlichkeit.<\/p>\n\n\n\n<p>Dass sie sich in unseren Taten zeigt.<\/p>\n\n\n\n<p>An Deine G\u00fctekraft.<\/p>\n\n\n\n<p>Dass sie mit uns wirksam wird.<\/p>\n\n\n\n<p>Erinnere uns, dass wir nicht alleine sind.<\/p>\n\n\n\n<p>Himmel und Erde sind verbunden.<\/p>\n\n\n\n<p>Und es kommen neue Tage zu danken.<\/p>\n\n\n\n<p>Erinnere uns, dass wir nicht alleine sind.<\/p>\n\n\n\n<p>Alle Menschen sind verbunden.<\/p>\n\n\n\n<p>Auf dass wir sch\u00f6ner w\u00fcnschen lernen.<\/p>\n\n\n\n<p>Erinnere uns immer wieder an Deine Geschichte mit uns.<\/p>\n\n\n\n<p>Auf dass unser Herz stark wird.<\/p>\n\n\n\n<p>Erinnere Dich und erinnere uns an Deine G\u00fcte.<\/p>\n\n\n\n<p>Und an unsere gemeinsame heilige Aufgabe der Zuversicht.<\/p>\n\n\n\n<p>Amen.<\/p>\n\n\n\n<p>Es werde wahr mit uns.&nbsp;&nbsp;&nbsp;&nbsp;&nbsp;&nbsp;&nbsp;&nbsp;&nbsp;&nbsp;&nbsp;&nbsp;&nbsp;&nbsp;&nbsp;&nbsp;&nbsp;&nbsp;&nbsp;&nbsp;&nbsp;&nbsp;&nbsp;&nbsp;&nbsp;&nbsp;&nbsp;&nbsp;&nbsp;&nbsp;&nbsp;&nbsp;&nbsp;&nbsp;&nbsp;&nbsp;&nbsp;&nbsp;&nbsp;&nbsp;&nbsp;&nbsp;&nbsp;&nbsp;&nbsp;&nbsp;&nbsp;&nbsp;&nbsp;&nbsp;&nbsp;&nbsp;&nbsp;&nbsp; (Christina Brudereck)<\/p>\n\n\n\n<p><em>21.02.2021<\/em><\/p>\n","protected":false},"excerpt":{"rendered":"<div class=\"mh-excerpt\"><p>Weltweite Solidarit\u00e4t von Frauen f\u00fcr Frauen Weltgebetstag am 5. M\u00e4rz unter dem Motto &#8222;Worauf bauen wir?&#8220; Speyer (is\/lk) &#8211; &#8222;Worauf bauen wir?&#8220; &#8211; unter diesem Motto steht der Weltgebetstag der Frauen, der in diesem Jahr <a class=\"mh-excerpt-more\" href=\"https:\/\/speyer24news.com\/?p=33405\" title=\"Kirche\">[&#8230;]<\/a><\/p>\n<\/div>","protected":false},"author":3,"featured_media":0,"comment_status":"open","ping_status":"open","sticky":false,"template":"","format":"standard","meta":{"_monsterinsights_skip_tracking":false,"_monsterinsights_sitenote_active":false,"_monsterinsights_sitenote_note":"","_monsterinsights_sitenote_category":0,"footnotes":""},"categories":[120],"tags":[10185,10186,174,187,2360,5132,403,9693,121,10187,10184,10188,3964,6180],"aioseo_notices":[],"amp_enabled":true,"_links":{"self":[{"href":"https:\/\/speyer24news.com\/index.php?rest_route=\/wp\/v2\/posts\/33405"}],"collection":[{"href":"https:\/\/speyer24news.com\/index.php?rest_route=\/wp\/v2\/posts"}],"about":[{"href":"https:\/\/speyer24news.com\/index.php?rest_route=\/wp\/v2\/types\/post"}],"author":[{"embeddable":true,"href":"https:\/\/speyer24news.com\/index.php?rest_route=\/wp\/v2\/users\/3"}],"replies":[{"embeddable":true,"href":"https:\/\/speyer24news.com\/index.php?rest_route=%2Fwp%2Fv2%2Fcomments&post=33405"}],"version-history":[{"count":2,"href":"https:\/\/speyer24news.com\/index.php?rest_route=\/wp\/v2\/posts\/33405\/revisions"}],"predecessor-version":[{"id":33412,"href":"https:\/\/speyer24news.com\/index.php?rest_route=\/wp\/v2\/posts\/33405\/revisions\/33412"}],"wp:attachment":[{"href":"https:\/\/speyer24news.com\/index.php?rest_route=%2Fwp%2Fv2%2Fmedia&parent=33405"}],"wp:term":[{"taxonomy":"category","embeddable":true,"href":"https:\/\/speyer24news.com\/index.php?rest_route=%2Fwp%2Fv2%2Fcategories&post=33405"},{"taxonomy":"post_tag","embeddable":true,"href":"https:\/\/speyer24news.com\/index.php?rest_route=%2Fwp%2Fv2%2Ftags&post=33405"}],"curies":[{"name":"wp","href":"https:\/\/api.w.org\/{rel}","templated":true}]}}