{"id":33413,"date":"2021-02-21T10:28:27","date_gmt":"2021-02-21T09:28:27","guid":{"rendered":"https:\/\/speyer24news.com\/?p=33413"},"modified":"2021-02-21T10:28:29","modified_gmt":"2021-02-21T09:28:29","slug":"polizei-504","status":"publish","type":"post","link":"https:\/\/speyer24news.com\/?p=33413","title":{"rendered":"Polizei"},"content":{"rendered":"<style type=\"text\/css\">\r\n\t.ads_top_disp{}\r\n\t.ads_top_corner_disp{ float:left; margin:0px 10px 10px 0px; }\r\n\t.ads_first_p_disp{}\r\n\t.ads_bottom_disp{}\r\n\t<\/style>\n<h2 class=\"wp-block-heading\">Polizeimeldungen vom Samstag (20.02.2021)<\/h2>\n\n\n\n<div class=\"wp-block-image\"><figure class=\"aligncenter\"><img decoding=\"async\" src=\"https:\/\/speyer24news.com\/wp-content\/uploads\/2020\/01\/Aktuelles-Polizeilogo.jpg\" alt=\"\" class=\"wp-image-23832\"\/><\/figure><\/div>\n\n\n\n<h4 class=\"wp-block-heading\">(Kapsweyer \/ Steinfeld) &#8211; Pkw aufgebrochen<\/h4>\n\n\n\n<p>In der Nacht vom 18.02.2021 auf den 19.02.2021 wurde in s\u00fcdlicher Feldrandlage von Kapsweyer\/Steinfeld ein Pkw durch Manipulation des Schlosses aufgebrochen.<\/p>\n\n\n\n<p>Die Polizei in Bad Bergzabern bittet darum, verd\u00e4chtige Wahrnehmungen, die im Zusammenhang mit der Tat stehen k\u00f6nnten, telefonisch unter 06343\/9334-0 oder per E-Mail an&nbsp;<a href=\"mailto:pibadbergzabern@polizei.rlp.de\">pibadbergzabern@polizei.rlp.de<\/a>&nbsp;zu melden.<\/p>\n\n\n\n<h4 class=\"wp-block-heading\">(Landau) &#8211; Schl\u00e4gerei Martin-Luther-Stra\u00dfe<\/h4>\n\n\n\n<p>Am Freitag Abend kam es gegen 19:40 Uhr zu einer Schl\u00e4gerei unter Beteiligung von zwei M\u00e4nnern und einer weiblichen Person in der Martin-Luther-Stra\u00dfe\/Ecke Wei\u00dfquartierstra\u00dfe. Ein Mann hatte die Dame wohl ohne Zustimmung des anwesenden Kontrahenten umarmt. Es kam zu einer handfesten Auseinandersetzung der drei Personen, in deren Verlauf die eintreffenden Polizeibeamten alle M\u00fche hatten die Streith\u00e4hne zu trennen. Alle beteiligten Personen waren stark alkoholisiert, Alkoholtests ergaben bei allen Personen Werte im Bereich von 2,5 Promille. Eine Person versuchte die eingesetzten Polizeibeamten anzugreifen und zu verletzen, er wurde \u00fcber Nacht in Gewahrsam genommen. Gegen die Beteiligten werden entsprechende Strafanzeigen gefertigt.<\/p>\n\n\n\n<h4 class=\"wp-block-heading\">(Edesheim) &#8211; PKW mit auff\u00e4lliger Fahrweise<\/h4>\n\n\n\n<p>Ein Verkehrsteilnehmer meldet einen, durch unsichere Fahrweise auff\u00e4lligen, PKW in der Eisenbahnstra\u00dfe in Edenkoben. Der PKW konnte anschlie\u00dfend einer Verkehrskontrolle unterzogen werden. Beim Fahrzeugf\u00fchrer konnten keine Auffall- oder Ausfallerscheinungen festgestellt werden. Als Ursache der Fahrweise d\u00fcrfte eine der h\u00e4ufigsten Unfallursachen \u00fcberhaupt in Frage kommen, die Ablenkung. In einem verkehrserzieherischen Gespr\u00e4ch konnte der Verantwortliche vor Ort sensibilisiert werden. Er zeigte sich verst\u00e4ndnisvoll und einsichtig.<\/p>\n\n\n\n<h4 class=\"wp-block-heading\">(Rhodt unter Rietburg) &#8211; Sachbesch\u00e4digung an einem PKW-Anh\u00e4nger<\/h4>\n\n\n\n<p>Unbekannte T\u00e4ter besch\u00e4digten im Zeitraum 15.12.2020 &#8211; 19.02.2021 einen in der Theresienstra\u00dfe in Rhodt abgestellten PKW-Anh\u00e4nger. Hierbei wurden die Anschlusskabel der Beleuchtungseinrichtung besch\u00e4digt. Der entstandene Schaden wird auf ca. 350EUR beziffert. Sachdienliche Hinweise nimmt die Polizeiinspektion Edenkoben unter 06323 955-0 entgegen.<\/p>\n\n\n\n<h4 class=\"wp-block-heading\">(Bad D\u00fcrkheim) &#8211; Bei Personenkontrolle Drogen gefunden<\/h4>\n\n\n\n<p>Am 20.02.2021, um 00:40 Uhr wurde ein 31-J\u00e4hriger D\u00fcrkheimer eine Personenkontrolle in Bad D\u00fcrkheim in der Weinstra\u00dfe S\u00fcd unterzogen. Bei der Durchsuchung des Mannes, konnte in seinem Rucksack Amphetamin, Haschisch und Marihuana festgestellt und anschlie\u00dfend sichergestellt werden. Den Mann erwartet nun ein Strafverfahren wegen Versto\u00df gegen das Bet\u00e4ubungsmittelgesetz.<\/p>\n\n\n\n<h4 class=\"wp-block-heading\">(Bad D\u00fcrkheim) &#8211; Telefonbetr\u00fcger<\/h4>\n\n\n\n<p>Im Laufe des Morgens vom 19.02.2021 meldeten sich ein Duzend Gesch\u00e4digte von Betr\u00fcgern des sogenannten &#8222;Enkeltricks&#8220; oder &#8222;falschen Polizeibeamten&#8220;. Zu einer Geld\u00fcbergabe oder Verm\u00f6gensschaden kam es, aufgrund der Besonnenheit der Gesch\u00e4digten, nicht.<\/p>\n\n\n\n<p>Bei der angezeigten Anrufernummer handelte es um eine im Internet generierte Nummer, die nicht nachverfolgt werden kann. Die Kriminalpolizei in Bad D\u00fcrkheim hat die Ermittlungen aufgenommen.<\/p>\n\n\n\n<p>Wurden sie auch Opfer eines solchen Betrugsversuches, dann wenden sie sich bitte an die Polizei Bad D\u00fcrkheim unter 06322 963 0 oder per E-Mail an\u00a0<a href=\"mailto:pibadduerkheim@polizei.rlp.de\">pibadduerkheim@polizei.rlp.de<\/a>.<\/p>\n\n\n\n<h4 class=\"wp-block-heading\">(Weisenheim am Berg) &#8211; Verd\u00e4chtige Personen gemeldet<\/h4>\n\n\n\n<p>Am 19.02.2021 wurden zwischen 12:00 Uhr und 14:00 Uhr sowohl in Weisenheim am Berg, Bobenheim am Berg als auch in Freinsheim verd\u00e4chtige Personen gemeldet, die von Haus zu Haus gehen und nach Arbeit fragen w\u00fcrden. In der Hauptstra\u00dfe in Weisenheim am Berg konnte ein P\u00e4rchen festgestellt, kontrolliert und ein Platzverweis ausgesprochen werden. In allen F\u00e4llen wurden keine strafrechtlichen Tatbest\u00e4nde erf\u00fcllt.<\/p>\n\n\n\n<h4 class=\"wp-block-heading\">(Wattenheim) &#8211; Fahren unter Drogeneinfluss\/Fahren ohne Fahrerlaubnis<\/h4>\n\n\n\n<p>Am Samstag, den 20.02.21, gegen 10:00 Uhr, wurde ein 40 j\u00e4hriger Mann aus Wattenheim, zusammen mit seiner 32 j\u00e4hrigen Verlobten, in deren PKW, durch Kr\u00e4fte der Polizeiinspektion Gr\u00fcnstadt einer Verkehrskontrolle unterzogen. Im Verlauf der Kontrolle stellte sich heraus, dass der 40 j\u00e4hrige Fahrer keine Fahrerlaubnis besitzt und unter dem Einfluss von Kokain stand. Gegen der Fahrer wurde ein Strafverfahren wegen Fahren unter Drogeneinfluss und Fahren ohne Fahrerlaubnis eingeleitet. Seine 32 j\u00e4hrige Verlobte muss mit einem Verfahren wegen Zulassens F\u00fchrens eines Kraftfahrzeugs ohne Fahrerlaubnis rechnen. Der PKW wurde sichergestellt.<\/p>\n\n\n\n<h4 class=\"wp-block-heading\">(Bobenheim-Roxheim) &#8211; Verkehrsunfall mit verletztem Kind<\/h4>\n\n\n\n<p>Am 19.02.2021 kam es gegen 16:10 Uhr zu einem Verkehrsunfall mit Personenschaden in Bobenheim-Roxheim in der Frankenthaler Stra\u00dfe. Ein 5-J\u00e4hriges Kind \u00fcberquerte pl\u00f6tzlich die Stra\u00dfe und wurde von dem herannahenden PKW einer 55-J\u00e4hrigen Frau erfasst und verletzt. Das Kind wurde durch den Rettungsdienst in ein umliegendes Krankenhaus verbracht, da der Verdacht auf eine Fraktur des Beines bestand.<\/p>\n\n\n\n<p>Zeugen werden gebeten sich an die Polizeiinspektion Frankenthal unter der Tel.-Nr.: 06233\/313-0 oder an die Polizeiwache Maxdorf unter der Tel.-Nr.: 06237\/934-1100 zu wenden. Gerne nehmen wir Ihre Hinweise auch per E-Mail unter\u00a0<a href=\"mailto:pifrankenthal@polizei.rlp.de\">pifrankenthal@polizei.rlp.de<\/a>\u00a0entgegen.<\/p>\n\n\n\n<h4 class=\"wp-block-heading\">(Ludwigshafen) &#8211; Verbale Auseinandersetzung endet mit Nasebluten<\/h4>\n\n\n\n<p>Am Freitag, 19.02.2021, gegen 22.15 Uhr, kam es in einer Tankstelle in Ludwigshafen-S\u00fcd zwischen mehreren Personen zu einer verbalen Auseinandersetzung. Im Rahmen dieser Auseinandersetzung wurde ein 33-j\u00e4hriger Mann aus Ludwigshafen von einem noch unbekannten Mann mehrfach beleidigt. Anschlie\u00dfend wurde der 33-j\u00e4hrige Ludwigshafener von einem 21-j\u00e4hrigen Ludwigshafener, der sich in den Streit einmischte, mehrfach mit der Faust in den Gesichtsbereich geschlagen und erlitt hierdurch unter anderem Nasenbluten. Die 30-j\u00e4hrige Lebensgef\u00e4hrtin des 33-j\u00e4hrigen Gesch\u00e4digten wollte den 21-j\u00e4hrigen Beschuldigten davon abhalten, weiter auf ihren Lebensgef\u00e4hrten loszugehen, wurde jedoch von dem 21-j\u00e4hrigen Beschuldigten weggesto\u00dfen. Danach trat der 21-j\u00e4hrige Mann noch eine Delle in die Fahrert\u00fcr des Fahrzeuges des 33-j\u00e4hrigen Gesch\u00e4digten. Weiterhin kam es zwischen der 19-j\u00e4hrigen Freundin des 21-j\u00e4hrigen Angreifers und der oben genannten 30-j\u00e4hrigen Ludwigshafenerin, sowie zwei unbekannten Personen (Mann und Frau) zu einem Streit. Im Laufe dieses Streites wurde der 30-j\u00e4hrigen Ludwigshafenerin ihre Jacke von der noch unbekannten Frau \u00fcber den Kopf gezogen, so dass sie nichts mehr sehen konnte. Anschlie\u00dfend sp\u00fcrte sie, wie sie mehrfach auf den Kopf geschlagen wurde. Im Verlaufe dieser Auseinandersetzungen wurde auch noch eine Werbetafel an der Tankstelle besch\u00e4digt. Noch bevor die Einsatzkr\u00e4fte der Polizei eintrafen, entfernten sich der 21-j\u00e4hrige und die 19-j\u00e4hrige Beschuldigten, sowie die beiden weiteren noch unbekannten Personen, fu\u00dfl\u00e4ufig von der Tankstelle. Der 21-j\u00e4hrige Beschuldigte, sowie seine 19-j\u00e4hrige beschuldigte Freundin, konnten durch die Polizei im Nahbereich der Tankstelle festgestellt werden. Da der 21-j\u00e4hrige Beschuldigte stark alkoholisiert und aggressiv war, wurde er zur Ausn\u00fcchterung in Gewahrsam genommen und auf die Polizeidienststelle verbracht. Au\u00dferdem wurde ihm eine Blutprobe entnommen.<\/p>\n\n\n\n<p>Die bislang noch unbekannten Beschuldigten konnten wie folgt beschrieben werden:<\/p>\n\n\n\n<ol><li>Unbekannte T\u00e4terin: weiblich, blond, 16-20 Jahre, wei\u00dfe Jacke mit rot-blauen Streifen.<\/li><li>Unbekannter T\u00e4ter: m\u00e4nnlich, t\u00fcrkisches Erscheinungsbild, dunkelhaarig, Anfang 20.<\/li><\/ol>\n\n\n\n<p>Zeugen werden gebeten mit der Polizeiinspektion Ludwigshafen 1 Kontakt aufzunehmen, Tel. 0621 963-2122 oder per E-Mail\u00a0<a href=\"mailto:piludwigshafen1@polizei.rlp.de\">piludwigshafen1@polizei.rlp.de<\/a><\/p>\n\n\n\n<h4 class=\"wp-block-heading\">(Mannheim-Sandhofen) &#8211; Auffahrunfall auf der B44 \/ Eine Person verletzt<\/h4>\n\n\n\n<p>Am Freitagnachmittag, gegen 17 Uhr, ereignete sich auf der Frankenthaler Stra\u00dfe in H\u00f6he des Ortsteils Scharhof ein Verkehrsunfall mit Beteiligung zweier Fahrzeuge. Der Fahrer eines Opels fuhr auf der Frankenthaler Stra\u00dfe (B 44) in Richtung Lampertheim und hielt in H\u00f6he an der Einm\u00fcndung der Kirschgartsh\u00e4user Stra\u00dfe verkehrsbedingt an der roten Ampel an. Vermutlich infolge Unachtsamkeit bremste der hinter ihm befindliche Fahrer eines Nutzfahrzeugs des Herstellers Mega nicht rechtzeitig ab, fuhr auf das stehende Fahrzeug auf und schob dieses \u00fcber den Kreuzungsbereich. Durch die Wucht des Aufpralls wurde der 80-J\u00e4hrige Fahrer des auffahrenden Megas aus dem Fahrzeug geschleudert. Die verst\u00e4ndigten Rettungskr\u00e4fte gew\u00e4hrleisteten seine medizinische Erstversorgung noch am Unfallort. Mit einem Krankenwagen wurde der augenscheinlich nur leicht verletzte \u00e4ltere Mann in eine nahegelegene Klinik gebracht. Der Fahrer des Opels blieb unverletzt. Der Mega war nicht mehr fahrbereit und musste abgeschleppt werden. An beiden Fahrzeugen entstand ein Sachschaden in H\u00f6he von ca. 6000 Euro. Die durch ausgelaufene Betriebsstoffe verschmutzte Fahrbahn wurde nach der Reinigung durch eine Fachfirma wieder f\u00fcr den Verkehr freigegeben.<\/p>\n\n\n\n<h4 class=\"wp-block-heading\">(Heidelberg) &#8211; Besch\u00e4digung von Wahlplakaten \/ Polizei ermittelt wegen Sachbesch\u00e4digung und sucht nach Zeugen<\/h4>\n\n\n\n<p>Am Freitag und in der Nacht zum Samstag wurden in Heidelberg erneut Wahlplakate, die anl\u00e4sslich der Landtagswahl aufgeh\u00e4ngt wurden, besch\u00e4digt. Betroffen sind die Plakate alle Parteien.<\/p>\n\n\n\n<p>In der Hegenichstra\u00dfe im Stadtteil Kirchheim wurden am Freitagmittag insgesamt 26 Wahlplakate rund um das Kirchheimer Rathaus festgestellt, die mit handfl\u00e4chengro\u00dfen Aufklebern verunstaltet worden waren. Im Stadtteil Rohrbach verst\u00e4ndigte ein Zeuge am Samstag gegen 0.30 Uhr die Polizei, nachdem er in der Felix-Wankel-Stra\u00dfe sechs durch Inbrandsetzen nahezu vollst\u00e4ndig zerst\u00f6rte Wahlplakate festgestellt hatte. Ein Plakat brannte noch und konnte durch den Zeugen gel\u00f6scht werden. Hinweise auf den oder die unbekannten T\u00e4ter liegen bislang nicht vor. Zeugen, die sachdienliche Hinweise geben k\u00f6nnen, melden sich bitte bei ihrem \u00f6rtlich zust\u00e4ndigen Polizeirevier.<\/p>\n\n\n\n<p>In der Kriegsstra\u00dfe im Stadtteil Handschuhsheim st\u00f6rte ein Zeitungsaustr\u00e4ger am fr\u00fchen Samstagmorgen, gegen 01.00 Uhr, drei m\u00e4nnliche Personen, die mit unbekannten Gegenst\u00e4nden auf Wahlplakate, die an Stra\u00dfenlaternen angebracht waren, einschlugen und diese schlie\u00dflich herunterrissen. Die Polizei, die der Zusteller unverz\u00fcglich verst\u00e4ndigt hatte, nahm die drei Tatverd\u00e4chtigen im Alter von 27, 23 und 22 Jahren noch vor Ort fest. Nach Feststellung ihrer Personalien wurden sie wieder entlassen. Sie werden sich wegen Sachbesch\u00e4digung verantworten m\u00fcssen.<\/p>\n\n\n\n<h4 class=\"wp-block-heading\">(Heidelberg-Handschuhsheim) &#8211; Polizei beendet Familienfeier einer Gro\u00dffamilie<\/h4>\n\n\n\n<p>Am Freitagabend beendete die Polizei gegen 23.30 Uhr eine Familienfeier in der Dossenheimer Landstra\u00dfe. Nachbarn hatten wegen einer Ruhest\u00f6rung die Beamten des Polizeireviers Heidelberg-Nord verst\u00e4ndigt, die in der Zwei-Zimmer-Wohnung und im Innenhof des Anwesens insgesamt 20 Personen, darunter acht Kinder unter 14 Jahren, antrafen. Anlass war der 10.Geburtstag des Sohnes des Wohnungsinhabers. Die Feier wurde beendet und die teilweise alkoholisierten G\u00e4ste nach Hause geschickt. Die \u00fcberz\u00e4hligen Personen erhielten zudem Platzverweise, nachdem sie den Heimweg zun\u00e4chst nicht antreten wollten. Gastgeber sowie G\u00e4ste m\u00fcssen mit Anzeigen wegen eines Versto\u00dfes gegen die CoronaVO rechnen. Auch wenn die Ausgangsbeschr\u00e4nkungen mittlerweile gelockert bzw. aufgehoben wurden, haben die Kontaktbeschr\u00e4nkungen f\u00fcr private Treffen im \u00f6ffentlichen oder im privaten Raum nach wie vor G\u00fcltigkeit.<\/p>\n\n\n\n<h4 class=\"wp-block-heading\">(Heidelberg-Rohrbach) &#8211; R\u00e4uberische Erpressung \/Unbekannte bedrohen 16-J\u00e4hrigen und fordern Bargeld und Handy &#8211; Polizei sucht Zeugen<\/h4>\n\n\n\n<p>Zwei bislang unbekannte m\u00e4nnliche T\u00e4ter bedrohten am Freitagabend in der Karlsruher Stra\u00dfe einen Jugendlichen mit einem Messer und forderten dessen Geld und Mobiltelefon. Der 16-J\u00e4hrige geriet in der Stra\u00dfenbahn der Linie 24 mit zwei jungen M\u00e4nnern in Streit. Daraufhin verlie\u00df er die Stra\u00dfenbahn an der Haltestelle Freiburger Stra\u00dfe. Die beiden Unbekannten folgten ihm. Einer griff den Jugendlichen an, bedrohte ihn mit einem Messer und forderte ihn auf, Geld und Handy herauszugeben. Der 16-J\u00e4hrige \u00fcbergab Bargeld in H\u00f6he von ca. 15 Euro und sein Mobiltelefon samt Kopfh\u00f6rer. Die Unbekannten behielten das Bargeld und gaben das Handy. Zu Hause berichtete er seiner Mutter von dem Vorfall, die ihn dann zum zust\u00e4ndigen Polizeirevier begleitete, wo sie Anzeige erstatteten. Sofort eingeleitete Fahndungsma\u00dfnahmen blieben ohne Erfolg. <\/p>\n\n\n\n<p>Die beiden unbekannten T\u00e4ter wurden als <\/p>\n\n\n\n<ul><li>s\u00fcdeurop\u00e4ische Ph\u00e4notypen<\/li><li>ca. 17 bis 19 Jahre alt<\/li><li>ca. 185 bis 190 cm gro\u00df beschrieben<\/li><li>Eine Person war schlank, trug einen auff\u00e4lligen Oberlippenbart und war mit einer dunklen Jogginghose, einer schwarzen Jacke mit grauem Fellkragen und einer dunkelblauen M\u00fctze mit wei\u00dfem Logo bekleidet. <\/li><li>Die zweite Person war muskul\u00f6s und mit einer dunklen Winterjacke mit Kapuze bekleidet. <\/li><\/ul>\n\n\n\n<p>Die Kriminalpolizeidirektion Heidelberg hat die Ermittlungen aufgenommen und bittet Zeugen, die sachdienliche Hinweise geben k\u00f6nnen, sich beim Kriminaldauerdienst, Telefon 0621\/174-4444 zu melden.<\/p>\n\n\n\n<h4 class=\"wp-block-heading\">(Leimen \/ Rhein-Neckar-Kreis) &#8211; Verd\u00e4chtiges Paket f\u00fchrt zu Einsatz von Feuerwehr und Polizei<\/h4>\n\n\n\n<h4 class=\"wp-block-heading\" style=\"text-align:center\">Pressemitteilung Nr. 1<\/h4>\n\n\n\n<p>Am Samstagvormittag gegen 10:00 Uhr wurde ein verd\u00e4chtiges Paket im Verteilzentrum eines Logistikdienstes angehalten. Rettungskr\u00e4fte und Polizei sind vor Ort. Das Paketzentrum wurde vorsorglich ger\u00e4umt. Die Entsch\u00e4rfer des Landeskriminalamtes Baden-W\u00fcrttemberg wurden routinem\u00e4\u00dfig hinzugezogen. Ob ein Sachzusammenhang zu der aktuellen Serie von Explosionen verd\u00e4chtiger Pakete besteht, ist bislang nicht bekannt.<\/p>\n\n\n\n<h4 class=\"wp-block-heading\">(Leimen \/ Rhein-Neckar-Kreis) &#8211; Verd\u00e4chtiges Paket in Verteilzentrum eines Logistikdienstes \/ Polizeieinsatz beendet<\/h4>\n\n\n\n<h4 class=\"wp-block-heading\" style=\"text-align:center\">Pressemitteilung Nr. 2<\/h4>\n\n\n\n<p>Das Paket wurde von den Spezialisten des Landeskriminalamtes Baden-W\u00fcrttemberg ge\u00f6ffnet. Hierbei wurde kein sprengstoffverd\u00e4chtiger Inhalt festgestellt. \u00dcber die Ursache der auff\u00e4lligen \u00e4u\u00dferlichen Beschaffenheit des Pakets (Verf\u00e4rbung der H\u00fclle), welche den Verdacht erweckt hatte, die Sendung k\u00f6nnte Sprengstoff enthalten, liegen bislang keine Erkenntnisse vor. Ein Zusammenhang zu den explosiven Postsendungen, \u00fcber die in den vergangenen Tagen in der Presse berichtet wurde, kann nach Einsch\u00e4tzung der Ermittler ausgeschlossen werden.<\/p>\n\n\n\n<p>Verhaltenstipps! Seien Sie sensibel im Umgang mit ungew\u00f6hnlichen Brief- und Paketsendungen.\u00a0<a rel=\"noreferrer noopener\" target=\"_blank\" href=\"https:\/\/praevention.polizei-bw.de\/wp-content\/uploads\/sites\/20\/2021\/02\/infoblatt_brief-paketbomben.pdf\">https:\/\/praevention.polizei-bw.de\/wp-content\/uploads\/sites\/20\/2021\/02\/infoblatt_brief-paketbomben.pdf<\/a><\/p>\n\n\n\n<h4 class=\"wp-block-heading\">(Sankt Leon-Rot \/ Rhein-Neckar-Kreis) &#8211; Vermisstensuche nach 75-J\u00e4hrigem \/ Hubschrauber im Einsatz<\/h4>\n\n\n\n<p>Derzeit sucht die Polizei mit Hunden und einem Hubschrauber nach einem 75-j\u00e4hrigen Mann, der seit ca. 07.00 Uhr vermisst wird. Auf Grund des Gesundheitszustandes kann eine hilflose Lage nicht ausgeschlossen werden. Der Vermisste ist etwa 175cm gro\u00df, hat eine Glatze und soll lediglich mit einem T-Shirt und einer Unterhose bekleidet sein. Wer den Mann gesehen hat, wird gebeten, die Polizei \u00fcber Notruf zu verst\u00e4ndigen.<\/p>\n\n\n\n<h4 class=\"wp-block-heading\">(Sankt Leon-Rot \/ Rhein-Neckar-Kreis) &#8211; 75-j\u00e4hriger Vermisster aufgefunden<\/h4>\n\n\n\n<h4 class=\"wp-block-heading\" style=\"text-align:center\">Pressemeldung Nr. 2<\/h4>\n\n\n\n<p>Der seit Samstagmorgen aus Sankt Leon-Rot vermisste 75-j\u00e4hrige Mann wurde gegen 10.40 Uhr wohlauf in einem Wohngebiet in Sankt Leon angetroffen. Er wurde wieder in die Obhut seiner Familie gegeben. Die Suchma\u00dfnahmen wurden eingestellt.<\/p>\n\n\n\n<h4 class=\"wp-block-heading\">(Wiesloch \/ Rhein-Neckar-Kreis) &#8211; Auseinandersetzung zwischen zwei M\u00e4nnern; 54-J\u00e4hriger verletzt 63-J\u00e4hrigen mit einem beil\u00e4hnlichen Gegenstand; Hintergr\u00fcnde unbekannt; Festnahme durch SEK; Kripo ermittelt<\/h4>\n\n\n\n<h4 class=\"wp-block-heading\" style=\"text-align:center\">Pressemeldung Nr. 1<\/h4>\n\n\n\n<figure class=\"wp-block-image\"><img decoding=\"async\" src=\"https:\/\/speyer24news.com\/wp-content\/uploads\/2021\/02\/SEK-Beispielbild.jpg\" alt=\"\" class=\"wp-image-33414\"\/><\/figure>\n\n\n\n<p>Am sp\u00e4ten Samstagnachmittag gerieten zwei M\u00e4nner aus bislang unbekannten Gr\u00fcnden auf dem &#8222;Dorfplatz&#8220; inmitten des Ortsteils Frauenweiler in Streit. In dessen Folge schlug der 54-J\u00e4hrige gegen 17.40 Uhr auf seinen 63-j\u00e4hrigen Kontrahenten mit einem selbstgebastelten, beil\u00e4hnlichen Gegenstand ein. Dabei erlitt der 63-J\u00e4hrige Schnittwunden und Prellungen an den Armen, die in einer Klinik ambulant behandelt wurden. Der 54-J\u00e4hrige zog sich nach der Tat in seine nahegelegene Wohnung zur\u00fcck, wo er kurz nach 20.30 Uhr von Kr\u00e4ften des Spezialeinsatzkommandos Baden-W\u00fcrttemberg widerstandslos festgenommen wurde. Der beil\u00e4hnliche Gegenstand wurde sichergestellt. Die Hintergr\u00fcnde der Tat sind noch unklar.<\/p>\n\n\n\n<p>Die Kriminalpolizeidirektion Heidelberg hat die Ermittlungen \u00fcbernommen.<\/p>\n\n\n\n<p>Ermittlungsergebnisse sind nicht vor Montagnachmittag zu erwarten.<\/p>\n\n\n\n<h4 class=\"wp-block-heading\">(Heddesheim \/ Rhein-Neckar-Kreis) &#8211; In Brand geratenes E-Bike l\u00f6st Feuerwehreinsatz aus<\/h4>\n\n\n\n<p>Vermutlich wegen eines technischen Defekts des Akkus geriet am Samstagmorgen kurz nach 02.00 Uhr ein E-Bike in einem Keller eines Anwesens in der Friedrich-H\u00e4ndel-Stra\u00dfe in Brand. Ein im Haus installierter schriller Rauchmelder weckte die Bewohner des Mehrfamilienhauses, die alle sofort das Geb\u00e4ude verlie\u00dfen. Die alarmierte Feuerwehr konnte das Feuer, das auf ein zweites Elektrofahrrad im Kellerraum sowie dort aufbewahrte Kartonagen \u00fcbergesprungen war, schnell l\u00f6schen. Nachdem das Treppenhaus gr\u00fcndlich gel\u00fcftet worden war, kehrten alle Bewohner in ihre Wohnungen zur\u00fcck. Verletzt wurde niemand. Die durch das Feuer zerst\u00f6rten E-Bikes hatten einen Wert von mehreren Tausend Euro. Der Brandschaden im Keller des Anwesens wird auf ca. 6.000 Euro gesch\u00e4tzt. Es befanden sich \u00fcber 40 Einsatzkr\u00e4fte der Feuerwehren von Ladenburg und Heddesheim, ein Notarzt und f\u00fcnf Rettungsfahrzeuge des DRK sowie drei Polizeistreifen im Einsatz.<\/p>\n","protected":false},"excerpt":{"rendered":"<div class=\"mh-excerpt\"><p>Polizeimeldungen vom Samstag (20.02.2021) (Kapsweyer \/ Steinfeld) &#8211; Pkw aufgebrochen In der Nacht vom 18.02.2021 auf den 19.02.2021 wurde in s\u00fcdlicher Feldrandlage von Kapsweyer\/Steinfeld ein Pkw durch Manipulation des Schlosses aufgebrochen. Die Polizei in Bad <a class=\"mh-excerpt-more\" href=\"https:\/\/speyer24news.com\/?p=33413\" title=\"Polizei\">[&#8230;]<\/a><\/p>\n<\/div>","protected":false},"author":3,"featured_media":0,"comment_status":"open","ping_status":"open","sticky":false,"template":"","format":"standard","meta":{"_monsterinsights_skip_tracking":false,"_monsterinsights_sitenote_active":false,"_monsterinsights_sitenote_note":"","_monsterinsights_sitenote_category":0,"footnotes":""},"categories":[12],"tags":[3614,61,2555,6955,6986,6263,63,105,6987,53,4854,4683,1548,102,213,55,5261,103,106,2803,2423,427,2625,380,104,979,1565],"aioseo_notices":[],"amp_enabled":true,"_links":{"self":[{"href":"https:\/\/speyer24news.com\/index.php?rest_route=\/wp\/v2\/posts\/33413"}],"collection":[{"href":"https:\/\/speyer24news.com\/index.php?rest_route=\/wp\/v2\/posts"}],"about":[{"href":"https:\/\/speyer24news.com\/index.php?rest_route=\/wp\/v2\/types\/post"}],"author":[{"embeddable":true,"href":"https:\/\/speyer24news.com\/index.php?rest_route=\/wp\/v2\/users\/3"}],"replies":[{"embeddable":true,"href":"https:\/\/speyer24news.com\/index.php?rest_route=%2Fwp%2Fv2%2Fcomments&post=33413"}],"version-history":[{"count":1,"href":"https:\/\/speyer24news.com\/index.php?rest_route=\/wp\/v2\/posts\/33413\/revisions"}],"predecessor-version":[{"id":33415,"href":"https:\/\/speyer24news.com\/index.php?rest_route=\/wp\/v2\/posts\/33413\/revisions\/33415"}],"wp:attachment":[{"href":"https:\/\/speyer24news.com\/index.php?rest_route=%2Fwp%2Fv2%2Fmedia&parent=33413"}],"wp:term":[{"taxonomy":"category","embeddable":true,"href":"https:\/\/speyer24news.com\/index.php?rest_route=%2Fwp%2Fv2%2Fcategories&post=33413"},{"taxonomy":"post_tag","embeddable":true,"href":"https:\/\/speyer24news.com\/index.php?rest_route=%2Fwp%2Fv2%2Ftags&post=33413"}],"curies":[{"name":"wp","href":"https:\/\/api.w.org\/{rel}","templated":true}]}}