{"id":33416,"date":"2021-02-21T10:33:22","date_gmt":"2021-02-21T09:33:22","guid":{"rendered":"https:\/\/speyer24news.com\/?p=33416"},"modified":"2021-02-22T16:52:57","modified_gmt":"2021-02-22T15:52:57","slug":"geschwindigkeitsmessung-blitzer-62","status":"publish","type":"post","link":"https:\/\/speyer24news.com\/?p=33416","title":{"rendered":"Geschwindigkeitsmessung \/ Blitzer"},"content":{"rendered":"<style type=\"text\/css\">\r\n\t.ads_top_disp{}\r\n\t.ads_top_corner_disp{ float:left; margin:0px 10px 10px 0px; }\r\n\t.ads_first_p_disp{}\r\n\t.ads_bottom_disp{}\r\n\t<\/style>\n<h2 class=\"wp-block-heading\">Radarkontrollen f\u00fcr die Woche vom 22. Februar bis 28. Februar 2021<\/h2>\n\n\n\n<figure class=\"wp-block-image\"><img decoding=\"async\" src=\"https:\/\/speyer24news.com\/wp-content\/uploads\/2020\/12\/Blitzer3-1.jpg\" alt=\"\" class=\"wp-image-31936\"\/><\/figure>\n\n\n\n<p><strong>(Ludwigshafen) &#8211; <\/strong>Die Stadt Ludwigshafen nimmt in folgenden Stadtteilen Radarkontrollen vor.<\/p>\n\n\n\n<ul><li><strong>Montag, 22. Februar: Edigheim, Gartenstadt und Oppau<\/strong><\/li><li><strong>Dienstag, 23. Februar: Maudach, Mundenheim und Nord<\/strong><\/li><li><strong>Mittwoch, 24. Februar: S\u00fcd, Oggersheim und Pfingstweide<\/strong><\/li><li><strong>Donnerstag, 25. Februar: Rheing\u00f6nheim, Ruchheim und Gartenstadt<\/strong><\/li><li><strong>Freitag, 26. Februar: West, Friesenheim und S\u00fcd<\/strong><\/li><li><strong>Samstag, 27. Februar: Mitte und Oggersheim<\/strong><\/li><\/ul>\n\n\n\n<p>Kurzfristige \u00c4nderungen beh\u00e4lt sich der Bereich Stra\u00dfenverkehr vor. Kontrollen k\u00f6nnen auch kurzfristig an anderen Stellen stattfinden.<\/p>\n\n\n\n<p><em>Stadt Ludwigshafen<br>22.02.2021<\/em><\/p>\n\n\n\n<h2 class=\"wp-block-heading\">Geschwindigkeitskontrollen f\u00fcr die Woche vom 22. bis 26. Februar<\/h2>\n\n\n\n<figure class=\"wp-block-image\"><img decoding=\"async\" loading=\"lazy\" width=\"640\" height=\"497\" src=\"https:\/\/speyer24news.com\/wp-content\/uploads\/2020\/12\/Blitzer-2.jpg\" alt=\"\" class=\"wp-image-31937\" srcset=\"https:\/\/speyer24news.com\/wp-content\/uploads\/2020\/12\/Blitzer-2.jpg 640w, https:\/\/speyer24news.com\/wp-content\/uploads\/2020\/12\/Blitzer-2-300x233.jpg 300w\" sizes=\"(max-width: 640px) 100vw, 640px\" \/><\/figure>\n\n\n\n<p><strong>(Mannheim) &#8211;<\/strong> Die Stadt Mannheim f\u00fchrt vom 22. bis 26. Februar in folgenden Stra\u00dfen mobile Geschwindigkeitskontrollen durch:<\/p>\n\n\n\n<ul><li><strong>Alphornstra\u00dfe (Neckarschule)<\/strong><\/li><li><strong>Baldurstra\u00dfe<\/strong><\/li><li><strong>Belfortstra\u00dfe (Wilhelm-Wundt-Schule)<\/strong><\/li><li><strong>B\u00fcrgermeister-Fuchs-Stra\u00dfe<\/strong><\/li><li><strong>Brunhildestra\u00dfe<\/strong><\/li><li><strong>Dammstra\u00dfe<\/strong><\/li><li><strong>Ernst-Barlach-Allee (Johann-Peter-Hebel-Schule)<\/strong><\/li><li><strong>Franz-Gelb-Weg \u2013 Gartenfeldstra\u00dfe (Humboldt Schule)<\/strong><\/li><li><strong>Grete-Fleischmann-Stra\u00dfe<\/strong><\/li><li><strong>Hans-Thoma-Stra\u00dfe<\/strong><\/li><li><strong>Karl-Ladenburg-Stra\u00dfe<\/strong><\/li><li><strong>Karlsternstra\u00dfe<\/strong><\/li><li><strong>Langstra\u00dfe (verkehrsberuhigter Bereich)<\/strong><\/li><li><strong>Luisenstra\u00dfe (Schiller Schule)<\/strong><\/li><li><strong>Lutherstra\u00dfe (verkehrsberuhigter Bereich)<\/strong><\/li><li><strong>Mallaustra\u00dfe<\/strong><\/li><li><strong>Neckarauer Stra\u00dfe<\/strong><\/li><li><strong>Niederfeldstra\u00dfe<\/strong><\/li><li><strong>Rheingoldstra\u00dfe<\/strong><\/li><li><strong>Rottfeldstra\u00dfe<\/strong><\/li><li><strong>Schulstra\u00dfe<\/strong><\/li><li><strong>Voltastra\u00dfe<\/strong><\/li><li><strong>W\u00f6rthstra\u00dfe<\/strong><\/li><\/ul>\n\n\n\n<p>Kurzfristige \u00c4nderungen oder zus\u00e4tzliche Messstellen sind aus aktuellem Anlass m\u00f6glich.<\/p>\n\n\n\n<p><em>Stadt Mannheim<br>21.02.2021<\/em><\/p>\n","protected":false},"excerpt":{"rendered":"<div class=\"mh-excerpt\"><p>Radarkontrollen f\u00fcr die Woche vom 22. Februar bis 28. Februar 2021 (Ludwigshafen) &#8211; Die Stadt Ludwigshafen nimmt in folgenden Stadtteilen Radarkontrollen vor. Montag, 22. Februar: Edigheim, Gartenstadt und Oppau Dienstag, 23. Februar: Maudach, Mundenheim und <a class=\"mh-excerpt-more\" href=\"https:\/\/speyer24news.com\/?p=33416\" title=\"Geschwindigkeitsmessung \/ Blitzer\">[&#8230;]<\/a><\/p>\n<\/div>","protected":false},"author":3,"featured_media":31938,"comment_status":"open","ping_status":"open","sticky":false,"template":"","format":"standard","meta":{"_monsterinsights_skip_tracking":false,"_monsterinsights_sitenote_active":false,"_monsterinsights_sitenote_note":"","_monsterinsights_sitenote_category":0,"footnotes":""},"categories":[64],"tags":[18,4819,4814,19,4822,4817,4228,947,4820,4815,28,779,4821,4816,153,2144,227,17,7068,7004,949,4818,4813,1310,948],"aioseo_notices":[],"amp_enabled":true,"_links":{"self":[{"href":"https:\/\/speyer24news.com\/index.php?rest_route=\/wp\/v2\/posts\/33416"}],"collection":[{"href":"https:\/\/speyer24news.com\/index.php?rest_route=\/wp\/v2\/posts"}],"about":[{"href":"https:\/\/speyer24news.com\/index.php?rest_route=\/wp\/v2\/types\/post"}],"author":[{"embeddable":true,"href":"https:\/\/speyer24news.com\/index.php?rest_route=\/wp\/v2\/users\/3"}],"replies":[{"embeddable":true,"href":"https:\/\/speyer24news.com\/index.php?rest_route=%2Fwp%2Fv2%2Fcomments&post=33416"}],"version-history":[{"count":4,"href":"https:\/\/speyer24news.com\/index.php?rest_route=\/wp\/v2\/posts\/33416\/revisions"}],"predecessor-version":[{"id":33448,"href":"https:\/\/speyer24news.com\/index.php?rest_route=\/wp\/v2\/posts\/33416\/revisions\/33448"}],"wp:featuredmedia":[{"embeddable":true,"href":"https:\/\/speyer24news.com\/index.php?rest_route=\/wp\/v2\/media\/31938"}],"wp:attachment":[{"href":"https:\/\/speyer24news.com\/index.php?rest_route=%2Fwp%2Fv2%2Fmedia&parent=33416"}],"wp:term":[{"taxonomy":"category","embeddable":true,"href":"https:\/\/speyer24news.com\/index.php?rest_route=%2Fwp%2Fv2%2Fcategories&post=33416"},{"taxonomy":"post_tag","embeddable":true,"href":"https:\/\/speyer24news.com\/index.php?rest_route=%2Fwp%2Fv2%2Ftags&post=33416"}],"curies":[{"name":"wp","href":"https:\/\/api.w.org\/{rel}","templated":true}]}}