{"id":33455,"date":"2021-02-23T10:10:46","date_gmt":"2021-02-23T09:10:46","guid":{"rendered":"https:\/\/speyer24news.com\/?p=33455"},"modified":"2021-02-23T13:04:35","modified_gmt":"2021-02-23T12:04:35","slug":"speyer-corona-6","status":"publish","type":"post","link":"https:\/\/speyer24news.com\/?p=33455","title":{"rendered":"Speyer \/ Corona"},"content":{"rendered":"<style type=\"text\/css\">\r\n\t.ads_top_disp{}\r\n\t.ads_top_corner_disp{ float:left; margin:0px 10px 10px 0px; }\r\n\t.ads_first_p_disp{}\r\n\t.ads_bottom_disp{}\r\n\t<\/style>\n<h2 class=\"wp-block-heading\"><strong>Verst\u00f6\u00dfe gegen Corona-Regelungen am Wochenende \u2013 R\u00fccksicht und Vorsicht weiterhin n\u00f6tig<\/strong><\/h2>\n\n\n\n<div class=\"wp-block-image\"><figure class=\"aligncenter\"><img decoding=\"async\" loading=\"lazy\" width=\"500\" height=\"500\" src=\"https:\/\/speyer24news.com\/wp-content\/uploads\/2020\/02\/virus-4810549_1920.png\" alt=\"\" class=\"wp-image-25116\" srcset=\"https:\/\/speyer24news.com\/wp-content\/uploads\/2020\/02\/virus-4810549_1920.png 500w, https:\/\/speyer24news.com\/wp-content\/uploads\/2020\/02\/virus-4810549_1920-150x150.png 150w, https:\/\/speyer24news.com\/wp-content\/uploads\/2020\/02\/virus-4810549_1920-300x300.png 300w\" sizes=\"(max-width: 500px) 100vw, 500px\" \/><\/figure><\/div>\n\n\n\n<p>Am vorigen Wochenende stellte der Kommunale Vollzugsdienst (KVD) der Stadt Speyer bei seinen Kontrollen auf \u00f6ffentlichen Pl\u00e4tzen mehrere Verst\u00f6\u00dfe gegen die Pflicht zum Tragen einer Mund-Nase-Bedeckung sowie die geltenden Kontaktbeschr\u00e4nkungen fest.<\/p>\n\n\n\n<p>Mit Blick auf die wieder leicht ansteigenden Infektionszahlen bittet die Stadtverwaltung um R\u00fccksicht und Vorsicht bei allen Aktivit\u00e4ten, bei denen viele Menschen in der Natur zusammenkommen.<\/p>\n\n\n\n<p>\u201eDie fr\u00fchlingshaften Temperaturen nach den langen Wintermonaten haben die Menschen vor die T\u00fcr gelockt, was ich sehr gut verstehen kann. Allerdings kam es auf mehreren \u00f6ffentlichen Pl\u00e4tzen zu Ansammlungen, die mit unseren Ma\u00dfnahmen zum Infektionsschutz nicht im Einklang stehen. Wir befinden uns noch immer im Lockdown und nach den derzeitigen Infektionszahlen ist leider noch keine Entspannung Sicht\u201c, bemerkt Oberb\u00fcrgermeisterin Stefanie Seiler und verweist auf das Mutationsgeschehen in Speyer, aber auch im benachbarten Landkreis Germersheim.<\/p>\n\n\n\n<p>An den Wochenendtagen sind zahlreiche Personen am Rheindamm, auf Spielpl\u00e4tzen und auf der Maximilianstra\u00dfe vom Ordnungsdienst auf die (korrekte) Tragweise der Mund-Nase-Bedeckung sowie das Einhalten der Kontaktbeschr\u00e4nkungen und des Abstands zu anderen Personen hingewiesen worden. Obwohl der Gro\u00dfteil Verst\u00e4ndnis zeigte, waren leider auch einige \u201eunbelehrbare\u201c Personen unterwegs.<\/p>\n\n\n\n<figure class=\"wp-block-image\"><img decoding=\"async\" loading=\"lazy\" width=\"800\" height=\"533\" src=\"https:\/\/speyer24news.com\/wp-content\/uploads\/2021\/02\/Eis.jpg\" alt=\"\" class=\"wp-image-33456\" srcset=\"https:\/\/speyer24news.com\/wp-content\/uploads\/2021\/02\/Eis.jpg 800w, https:\/\/speyer24news.com\/wp-content\/uploads\/2021\/02\/Eis-300x200.jpg 300w, https:\/\/speyer24news.com\/wp-content\/uploads\/2021\/02\/Eis-768x512.jpg 768w\" sizes=\"(max-width: 800px) 100vw, 800px\" \/><figcaption>Mitnehmen JA&#8230; in der Stadt essen NEIN!<\/figcaption><\/figure>\n\n\n\n<p>\u201eDa der Stra\u00dfenverkauf und somit auch der Verkauf von Speiseeis zugelassen ist, wurden auf Streifg\u00e4ngen des KVD etliche Menschen auf der Maximilianstra\u00dfe beobachtet, die ein Eis verzehrten. So sind allein am Samstag auf der Maximilianstra\u00dfe zum Zeitpunkt der Kontrollen 98 Personen ohne den korrekten Mund-Nasen-Schutz angetroffen worden. Im Innenstadtbereich herrscht gem\u00e4\u00df Allgemeinverf\u00fcgung aber noch immer Maskenpflicht\u201c, kl\u00e4rt Beigeordnete und Ordnungsdezernentin Irmgard M\u00fcnch-Weinmann auf und appelliert an die B\u00fcrger*innen, sich an die geltenden Bestimmungen zu halten.<\/p>\n\n\n\n<p>\u201eAndernfalls m\u00fcssen leider Konsequenzen gezogen werden, die mit Schlie\u00dfungen bzw. Sperrungen \u00f6ffentlicher Anlagen und verst\u00e4rkten Kontrollen einhergehen\u201c, erg\u00e4nzt Oberb\u00fcrgermeisterin Stefanie Seiler und verweist zudem auf ein anderes dieser Tage beobachtetes Problem: \u201eEs wurde jede Menge Abfall achtlos auf den Gehwegen oder in der Natur entsorgt, was insbesondere in Anbetracht der Vielzahl an \u00f6ffentlichen Entsorgungsm\u00f6glichkeiten nicht nachvollziehbar ist.\u201c&nbsp;<\/p>\n\n\n\n<p>Die Stadtchefin richtet daher ihren Appell an die B\u00fcrger*innen insbesondere f\u00fcr die n\u00e4chsten Tage mit warmen Temperaturen: \u201eVerbringen Sie gerne Zeit in der Natur und an der frischen Luft, aber bitte achten Sie darauf, dass Sie die Pl\u00e4tze ordentlich hinterlassen und vermeiden Sie das Aufsuchen stark frequentierter Orte. Es liegt doch in unser aller Sinne, dass wir nicht unkontrolliert auf den n\u00e4chsten Lockdown zusteuern, sondern gemeinsam und mit Bedacht auf eine Lockerungsperspektive hinarbeiten.\u201c<\/p>\n\n\n\n<p><em>Stadtverwaltung Speyer<br>23.02.2021<\/em><\/p>\n\n\n\n<h2 class=\"wp-block-heading\">Kommentar\nzu \u201eVerst\u00f6\u00dfe gegen Corona-Regelungen am Wochenende\u201c<\/h2>\n\n\n\n<h4 class=\"wp-block-heading\"><em>Von Daniel Kemmerich<\/em><\/h4>\n\n\n\n<figure class=\"wp-block-image\"><img decoding=\"async\" loading=\"lazy\" width=\"600\" height=\"420\" src=\"https:\/\/speyer24news.com\/wp-content\/uploads\/2020\/12\/bubble-160851_1280.png\" alt=\"\" class=\"wp-image-31848\" srcset=\"https:\/\/speyer24news.com\/wp-content\/uploads\/2020\/12\/bubble-160851_1280.png 600w, https:\/\/speyer24news.com\/wp-content\/uploads\/2020\/12\/bubble-160851_1280-300x210.png 300w\" sizes=\"(max-width: 600px) 100vw, 600px\" \/><\/figure>\n\n\n\n<p>Nat\u00fcrlich geht es jeden an, im Kampf gegen Corona seinen Anteil zu leisten. So ist Abstand, Niesetikette und regelm\u00e4\u00dfiges H\u00e4ndewaschen sowie das Minimieren von Kontakten wohl das effektivste Mittel im Kampf gegen die Coronavirus Verbreitung. Nat\u00fcrlich kann auch die richtige Mund-Nase-Maske viel helfen und andere sch\u00fctzen und bei bestimmten Masken sogar den\/die Tr\u00e4ger\/in selbst.<\/p>\n\n\n\n<p>Nun muss man aber nicht unbedingt verstehen, warum in der Speyerer Innenstadt immer noch Maskenpflicht herrscht. Die Werte sind deutlich gesunken und die B\u00fcrger\/innen haben sich weitestgehend an die Ausgangsbeschr\u00e4nkung, das Alkoholverbot und die Maskenpflicht gehalten. Gut\u2026 die Innenstadt glich und gleicht noch heute einer Geisterstadt, aber umgesetzt und daran gehalten haben sich die meisten.<\/p>\n\n\n\n<figure class=\"wp-block-image\"><img decoding=\"async\" src=\"https:\/\/speyer24news.com\/wp-content\/uploads\/2020\/12\/Speyer-Maskenpflicht.jpg\" alt=\"\" class=\"wp-image-31475\"\/><figcaption>Nach wie vor gilt die Maskenpflicht in der Innenstadt von Speyer. Damit ist Speyer eine der wenigen St\u00e4dte in der Region wo es noch Pflicht ist die Maske zu tragen.<br><em>Foto: Speyer 24\/7 News<\/em><\/figcaption><\/figure>\n\n\n\n<p>Dass selbst jetzt, bei einem aktuellen Inzidenzwert von 51,4 (also ganz knapp im roten Bereich) an einer Maskenpflicht in der Innenstadt festgehalten wird, verwundert da doch sehr. Andere ehemalige Hotspots, wie beispielsweise Ludwigshafen, liegen mit 43,5 \u00e4hnlich wie Speyer, haben allerdings nicht nur die Ausgangsbeschr\u00e4nkung aufgehoben, sondern auch die innenst\u00e4dtische Maskenpflicht.<\/p>\n\n\n\n<p>Wer nun die Speyerer Innenstadt kennt, wei\u00df dass man dort, anders als beispielsweise in Ludwigshafen, gen\u00fcgend Platz hat, um anderen Menschen aus dem Weg zu gehen und Mindestabst\u00e4nde locker einhalten zu k\u00f6nnen. Dass nun aber B\u00fcrger\/innen drangsaliert werden, die es wagen, gen\u00fcsslich ein Eis zu verzehren, grenzt schon an Unversch\u00e4mtheit. Nat\u00fcrlich hat Beigeordnete und Ordnungsdezernentin Irmgard M\u00fcnch-Weinmann (B\u00dc90\/Die Gr\u00fcnen) Recht, wenn sie auf aktuelles Recht und Vorschriften appelliert\u2026 nur w\u00e4re es einfach an der Zeit, diese Allgemeinverf\u00fcgung entsprechend zu \u00e4ndern.<\/p>\n\n\n\n<div class=\"wp-block-image\"><figure class=\"aligncenter\"><img decoding=\"async\" loading=\"lazy\" width=\"600\" height=\"680\" src=\"https:\/\/speyer24news.com\/wp-content\/uploads\/2021\/02\/2c8432d8-3dee-4660-bfd1-56913d02024f.jpg\" alt=\"\" class=\"wp-image-33458\" srcset=\"https:\/\/speyer24news.com\/wp-content\/uploads\/2021\/02\/2c8432d8-3dee-4660-bfd1-56913d02024f.jpg 600w, https:\/\/speyer24news.com\/wp-content\/uploads\/2021\/02\/2c8432d8-3dee-4660-bfd1-56913d02024f-265x300.jpg 265w\" sizes=\"(max-width: 600px) 100vw, 600px\" \/><figcaption>Direkt an der Stadthalle Speyer die ja, als Impfzentrum, 24 h pro Tag bewacht wird.<br><em>Foto: Jolio Zrelli<\/em><\/figcaption><\/figure><\/div>\n\n\n\n<p>Und wenn schon kontrolliert wird, sollte dies nicht unbedingt beim gefahrlosen Spaziergang, mit gen\u00fcgend Abstand zu anderen, in der Innenstadt passieren, sondern z.B. dort, wo angeblich sogar ein Sicherheitsdienst rund um die Uhr eingesetzt ist\u2026 am Speyer Impfzentrum in der Stadthalle. Denn dort genie\u00dfen scheinbar einige Personen (den Bechern nach zu urteilen mindestens 4) gem\u00fctlich ihre Pizza, ihren Vodka sowie zig Zigaretten und wohl auch anderes\u2026 aber bestimmt coronakonform mit Maske und nicht wie die \u201eb\u00f6sen Eis essenden Passanten in der Innenstadt\u201c. Und wer nun kommt mit \u201eMan kann ja nicht immer und \u00fcberall sein\u2026\u201c bei 3 Pizzen, einer Flasche Vodka und 2 Schachteln Zigaretten ist davon auszugehen, dass es bestimmt kein kurzer Aufenthalt war, sondern wohl ein l\u00e4ngerer.<\/p>\n\n\n\n<figure class=\"wp-block-image\"><img decoding=\"async\" loading=\"lazy\" width=\"800\" height=\"680\" src=\"https:\/\/speyer24news.com\/wp-content\/uploads\/2021\/02\/153034436_1089326724873231_1282122426298334228_o.jpg\" alt=\"\" class=\"wp-image-33459\" srcset=\"https:\/\/speyer24news.com\/wp-content\/uploads\/2021\/02\/153034436_1089326724873231_1282122426298334228_o.jpg 800w, https:\/\/speyer24news.com\/wp-content\/uploads\/2021\/02\/153034436_1089326724873231_1282122426298334228_o-300x255.jpg 300w, https:\/\/speyer24news.com\/wp-content\/uploads\/2021\/02\/153034436_1089326724873231_1282122426298334228_o-768x653.jpg 768w\" sizes=\"(max-width: 800px) 100vw, 800px\" \/><figcaption>Bestimmt &#8222;nicht nur&#8220; gegen Corona-Auflagen versto\u00dfen sondern auch gegen das Alkoholverbot und wahrscheinlich auch das BTMG.<br> <em>Foto: Jolio Zrelli<\/em><br><\/figcaption><\/figure>\n\n\n\n<p>Da wir u.a. auch abends mit unserem Hund raus m\u00fcssen und gerne durch das Woogbachtal laufen, stellen wir auch dort, mit dem sch\u00f6neren Wetter, meist jugendliche Gruppen fest, die gerne mal ein \u201eselbstgedrehtes Zigarettchen\u201c kreisen lassen und nat\u00fcrlich dicht auf dicht stehen. Oder im dortigen Park gem\u00fctlich diversesten Alkoholika fr\u00f6nen. Wir haben f\u00fcr diesen jugendlichen \u00dcbermut Verst\u00e4ndnis, auch wenn er s\u00e4mtlichen Corona Regeln zugegen l\u00e4uft. Nur finden wir auch dass, wenn etwas kontrolliert werden soll, dann doch wohl eher solche \u201eSpots\u201c als harmlose Menschen in der Fu\u00dfg\u00e4ngerzone beim Eis essen.<\/p>\n\n\n\n<p><em>Foto: Jolio Zrelli Lektorin: ank<br>23.02.2021<\/em><\/p>\n","protected":false},"excerpt":{"rendered":"<div class=\"mh-excerpt\"><p>Verst\u00f6\u00dfe gegen Corona-Regelungen am Wochenende \u2013 R\u00fccksicht und Vorsicht weiterhin n\u00f6tig Am vorigen Wochenende stellte der Kommunale Vollzugsdienst (KVD) der Stadt Speyer bei seinen Kontrollen auf \u00f6ffentlichen Pl\u00e4tzen mehrere Verst\u00f6\u00dfe gegen die Pflicht zum Tragen <a class=\"mh-excerpt-more\" href=\"https:\/\/speyer24news.com\/?p=33455\" title=\"Speyer \/ Corona\">[&#8230;]<\/a><\/p>\n<\/div>","protected":false},"author":3,"featured_media":23902,"comment_status":"open","ping_status":"open","sticky":false,"template":"","format":"standard","meta":{"_monsterinsights_skip_tracking":false,"_monsterinsights_sitenote_active":false,"_monsterinsights_sitenote_note":"","_monsterinsights_sitenote_category":0,"footnotes":""},"categories":[9],"tags":[6401,8404,10192,6940,10191,8725,6359,10190,6358,8749,7003,6342,9027,6,614],"aioseo_notices":[],"amp_enabled":true,"_links":{"self":[{"href":"https:\/\/speyer24news.com\/index.php?rest_route=\/wp\/v2\/posts\/33455"}],"collection":[{"href":"https:\/\/speyer24news.com\/index.php?rest_route=\/wp\/v2\/posts"}],"about":[{"href":"https:\/\/speyer24news.com\/index.php?rest_route=\/wp\/v2\/types\/post"}],"author":[{"embeddable":true,"href":"https:\/\/speyer24news.com\/index.php?rest_route=\/wp\/v2\/users\/3"}],"replies":[{"embeddable":true,"href":"https:\/\/speyer24news.com\/index.php?rest_route=%2Fwp%2Fv2%2Fcomments&post=33455"}],"version-history":[{"count":2,"href":"https:\/\/speyer24news.com\/index.php?rest_route=\/wp\/v2\/posts\/33455\/revisions"}],"predecessor-version":[{"id":33496,"href":"https:\/\/speyer24news.com\/index.php?rest_route=\/wp\/v2\/posts\/33455\/revisions\/33496"}],"wp:featuredmedia":[{"embeddable":true,"href":"https:\/\/speyer24news.com\/index.php?rest_route=\/wp\/v2\/media\/23902"}],"wp:attachment":[{"href":"https:\/\/speyer24news.com\/index.php?rest_route=%2Fwp%2Fv2%2Fmedia&parent=33455"}],"wp:term":[{"taxonomy":"category","embeddable":true,"href":"https:\/\/speyer24news.com\/index.php?rest_route=%2Fwp%2Fv2%2Fcategories&post=33455"},{"taxonomy":"post_tag","embeddable":true,"href":"https:\/\/speyer24news.com\/index.php?rest_route=%2Fwp%2Fv2%2Ftags&post=33455"}],"curies":[{"name":"wp","href":"https:\/\/api.w.org\/{rel}","templated":true}]}}