{"id":33485,"date":"2021-02-23T12:53:58","date_gmt":"2021-02-23T11:53:58","guid":{"rendered":"https:\/\/speyer24news.com\/?p=33485"},"modified":"2021-02-23T12:57:48","modified_gmt":"2021-02-23T11:57:48","slug":"landau-kreis-ld-und-landkreis-suedliche-weinstrasse-2","status":"publish","type":"post","link":"https:\/\/speyer24news.com\/?p=33485","title":{"rendered":"Landau, Kreis LD und Landkreis S\u00fcdliche Weinstra\u00dfe"},"content":{"rendered":"<style type=\"text\/css\">\r\n\t.ads_top_disp{}\r\n\t.ads_top_corner_disp{ float:left; margin:0px 10px 10px 0px; }\r\n\t.ads_first_p_disp{}\r\n\t.ads_bottom_disp{}\r\n\t<\/style>\n<h2 class=\"wp-block-heading\">Es kann losgehen: Stadt Landau startet mit Ablassen des Wassers aus dem Schwanenweiher<\/h2>\n\n\n\n<div class=\"wp-block-image\"><figure class=\"aligncenter\"><img decoding=\"async\" loading=\"lazy\" width=\"800\" height=\"533\" src=\"https:\/\/speyer24news.com\/wp-content\/uploads\/2021\/02\/22-02-2021-Info-Schwanenweiher.jpg\" alt=\"\" class=\"wp-image-33493\" srcset=\"https:\/\/speyer24news.com\/wp-content\/uploads\/2021\/02\/22-02-2021-Info-Schwanenweiher.jpg 800w, https:\/\/speyer24news.com\/wp-content\/uploads\/2021\/02\/22-02-2021-Info-Schwanenweiher-300x200.jpg 300w, https:\/\/speyer24news.com\/wp-content\/uploads\/2021\/02\/22-02-2021-Info-Schwanenweiher-768x512.jpg 768w\" sizes=\"(max-width: 800px) 100vw, 800px\" \/><figcaption>Trockengelegt: Die Stadt Landau hat damit begonnen, das Wasser aus dem Schwanenweiher in die Kanalisation abzulassen.<br><em>Foto: Stadt Landau<\/em><\/figcaption><\/figure><\/div>\n\n\n\n<p>Alles muss raus: Die Stadt\nLandau hat jetzt mit der Sanierung des Schwanenweihers im Ostpark begonnen. In\neinem ersten Schritt wird das Weiherwasser aktuell wie angek\u00fcndigt in die\nKanalisation abgelassen. Nach einer ausgiebigen Trocknungsphase soll der\nzur\u00fcckbleibende Schlamm voraussichtlich zum Jahreswechsel 2021\/2022 abgetragen\nwerden. Dann startet der eigentliche Umbau des Weihers \u2013 inklusive Vertiefung\nund Abdichtung des Gew\u00e4ssers. <\/p>\n\n\n\n<p>\u201eIn den vergangenen zehn\nJahren wurde am Schwanenweiher alles M\u00f6gliche unternommen, um die Qualit\u00e4t des\nGew\u00e4ssers zu verbessern\u201c, so Umweltdezernent Lukas Hartmann. Vom Besatz mit\nHechten bis zum Einleiten von Queichwasser habe dem Weiher aber nichts\nlangfristig helfen k\u00f6nnen. \u201eSeit den Voruntersuchungen zur jetzigen Sanierung\nwissen wir, dass der Weiherboden undicht und damit ein wichtiger Faktor f\u00fcr die\nschlechte Wasserqualit\u00e4t ist\u201c, erkl\u00e4rt Hartmann. \u201eDarum wird es jetzt Zeit f\u00fcr\neinen echten Neustart f\u00fcr Schwanenweiher und Ostpark.\u201c<\/p>\n\n\n\n<p>Wie sieht das genaue Vorgehen\naus? Zun\u00e4chst l\u00e4sst die Stadt \u00fcber die Kanalisation das Wasser aus dem\nSchwanenweiher ab. Parallel dazu werden von beauftragten Fachfirmen die Fische\naus dem Weiher entnommen, heimische Arten in andere Gew\u00e4sser gebracht und nicht-heimische\nArten in Zoos bzw. im Landauer Reptilium verf\u00fcttert. Dann muss die etwa 15 Zentimeter\nhohe Faulschlammschicht auf dem Boden des Weihers, die zur schlechten\nWasserqualit\u00e4t entscheidend beitr\u00e4gt, trockengelegt werden. <\/p>\n\n\n\n<p>\u201eDie Mineralisierung, also\ndie Umwandlung der organischen in mineralische Bestandteile, dauert voraussichtlich\nmehr als neun Monate\u201c, berichtet Sabine Klein, Leiterin der Gr\u00fcnfl\u00e4chenabteilung\ndes st\u00e4dtischen Umweltamts. \u201eSobald der Schlamm komplett abgetrocknet ist, wird\ner dann bei der Abdichtung des Gew\u00e4sserbodens sowie im Uferbereich als\nLandzunge verbaut.\u201c Bis es soweit ist, soll der Schwanenweiher zwar trocken,\naber nicht brachliegen: \u00dcber die Sommermonate m\u00f6chte die st\u00e4dtische\nGr\u00fcnfl\u00e4chenabteilung den Grund des Weihers durch das Einbringen einer\nSaatmischung in ein farbenfrohes Bl\u00fctenmeer verwandeln. Dann sollen dort\nbeispielsweise Klatschmohn und Kornblumen wachsen.<\/p>\n\n\n\n<p><strong>Wichtiger Hinweis:<\/strong> W\u00e4hrend der Trocknungszeit suchen sich die G\u00e4nse und Enten, die jetzt am Schwanenweiher leben, andere Gew\u00e4sser als Lebensraum. \u201eDie Parkbesucherinnen und Parkbesucher mag das traurig stimmen, doch das Umweltamt ist froh dar\u00fcber \u2013 denn die F\u00fctterung der Wasserv\u00f6gel lockt immer mehr V\u00f6gel an. Durch das Einbringen von Brotresten und schlussendlich auch durch den Vogelkot werden viele zus\u00e4tzliche N\u00e4hrstoffe in den Schwanenweiher eingebracht. Das wiederum ist schlecht f\u00fcr die Wasserqualit\u00e4t und die Entwicklung des Gew\u00e4ssers\u201c, erl\u00e4utert Sabine Klein. <\/p>\n\n\n\n<p>Die Gew\u00e4ssersanierung ist\naber nur ein Teil des knapp 3,9 Millionen Euro schweren Ma\u00dfnahmenpakets zur\nNeugestaltung des Ostparks. Au\u00dferdem werden u.a. die Wege erneuert, die\nFestungsmauer und die Aussichtskanzel stabilisiert, neue Spiel-, Sport-, Bewegungs-\nund Aufenthaltsm\u00f6glichkeiten geschaffen, eine WC-Anlage installiert und die\nBeleuchtung verbessert. Das Ziel: Begegnungen und Bewegung f\u00f6rdern und so f\u00fcr\neine h\u00f6here Attraktivit\u00e4t, eine bessere soziale Durchmischung und weniger\nAngstr\u00e4ume sorgen. <\/p>\n\n\n\n<p>W\u00e4hrend der Arbeiten zur Trockenlegung des Schwanenweihers bleiben die Wege im Ostpark f\u00fcr voraussichtlich zwei Wochen gesperrt. In dieser Zeit kann es auch zu einer Geruchsbel\u00e4stigung durch entweichende Faulgase kommen.<\/p>\n\n\n\n<p><em>Stadtverwaltung Landau in der Pfalz<br>23.02.2021<\/em><\/p>\n\n\n\n<h2 class=\"wp-block-heading\">Kulturzentrum Altes Kaufhaus: Ziffernblatt der Uhr des denkmalgesch\u00fctzten Geb\u00e4udes am Landauer Rathausplatz wird restauriert<\/h2>\n\n\n\n<div class=\"wp-block-image\"><figure class=\"aligncenter\"><img decoding=\"async\" loading=\"lazy\" width=\"800\" height=\"534\" src=\"https:\/\/speyer24news.com\/wp-content\/uploads\/2021\/02\/22-02-2021-Info-Altes-Kaufhaus_1.jpg\" alt=\"\" class=\"wp-image-33491\" srcset=\"https:\/\/speyer24news.com\/wp-content\/uploads\/2021\/02\/22-02-2021-Info-Altes-Kaufhaus_1.jpg 800w, https:\/\/speyer24news.com\/wp-content\/uploads\/2021\/02\/22-02-2021-Info-Altes-Kaufhaus_1-300x200.jpg 300w, https:\/\/speyer24news.com\/wp-content\/uploads\/2021\/02\/22-02-2021-Info-Altes-Kaufhaus_1-768x513.jpg 768w\" sizes=\"(max-width: 800px) 100vw, 800px\" \/><figcaption>Das Ziffernblatt der Uhr am Alten Kaufhaus in Landau wird restauriert und wurde daf\u00fcr jetzt von einer beauftragten Fachfirma abmontiert.<br><em>Foto: Stadt Landau<\/em><\/figcaption><\/figure><\/div>\n\n\n\n<p>Moment mal, fehlt da nicht etwas? In den kommenden vier bis sechs Wochen m\u00fcssen die Landauerinnen und Landauer auf die gro\u00dfe Uhr am Alten Kaufhaus verzichten. Das Ziffernblatt am denkmalgesch\u00fctzten Geb\u00e4ude am Rathausplatz wird restauriert und wurde daf\u00fcr jetzt von einer beauftragten Fachfirma abmontiert. <\/p>\n\n\n\n<div class=\"wp-block-image\"><figure class=\"aligncenter\"><img decoding=\"async\" loading=\"lazy\" width=\"800\" height=\"533\" src=\"https:\/\/speyer24news.com\/wp-content\/uploads\/2021\/02\/22-02-2021-Info-Altes-Kaufhaus_2.jpg\" alt=\"\" class=\"wp-image-33492\" srcset=\"https:\/\/speyer24news.com\/wp-content\/uploads\/2021\/02\/22-02-2021-Info-Altes-Kaufhaus_2.jpg 800w, https:\/\/speyer24news.com\/wp-content\/uploads\/2021\/02\/22-02-2021-Info-Altes-Kaufhaus_2-300x200.jpg 300w, https:\/\/speyer24news.com\/wp-content\/uploads\/2021\/02\/22-02-2021-Info-Altes-Kaufhaus_2-768x512.jpg 768w\" sizes=\"(max-width: 800px) 100vw, 800px\" \/><figcaption>Bevor das Ziffernblatt wieder an seinen angestammten Platz zur\u00fcckkehrt, wird es frisch lackiert und neu vergoldet.<br><em>Foto: Stadt Landau<\/em><\/figcaption><\/figure><\/div>\n\n\n\n<p>Das rund 100 Kilogramm schwere Stahlgestell ist \u00fcber die Jahre stark korrodiert, was f\u00fcr die unsch\u00f6nen \u201eSchlieren\u201c an der Fassade des Geb\u00e4udes sorgt. Bevor die Uhr frisch lackiert und mit neuer Vergoldung wieder an ihren angestammten Platz zur\u00fcckkehren kann, wird daher auch die Fassade gereinigt. Die Kosten der Ma\u00dfnahme, f\u00fcr die das st\u00e4dtische Geb\u00e4udemanagement verantwortlich zeichnet, belaufen sich auf rund 3.000 Euro.<\/p>\n\n\n\n<p><em>Stadtverwaltung Landau in der Pfalz<br>23.02.2021<\/em><\/p>\n\n\n\n<h2 class=\"wp-block-heading\">Stadtbibliothek Landau erweitert digitales Angebot: \u00dcber OverDrive Rheinland-Pfalz gro\u00dfe Auswahl englischsprachiger eMedien f\u00fcr Nutzerinnen und Nutzer verf\u00fcgbar<\/h2>\n\n\n\n<div class=\"wp-block-image\"><figure class=\"aligncenter\"><img decoding=\"async\" loading=\"lazy\" width=\"500\" height=\"680\" src=\"https:\/\/speyer24news.com\/wp-content\/uploads\/2021\/02\/22-02-2021-Info-OverDrive.jpg\" alt=\"\" class=\"wp-image-33490\" srcset=\"https:\/\/speyer24news.com\/wp-content\/uploads\/2021\/02\/22-02-2021-Info-OverDrive.jpg 500w, https:\/\/speyer24news.com\/wp-content\/uploads\/2021\/02\/22-02-2021-Info-OverDrive-221x300.jpg 221w\" sizes=\"(max-width: 500px) 100vw, 500px\" \/><figcaption>Nutzerinnen und Nutzer der Landauer Stadtbibliothek k\u00f6nnen ab sofort \u00fcber OverDrive Rheinland Pfalz englischsprachige eBooks und H\u00f6rb\u00fccher ausleihen.<br><em>Foto: OverDrive Rheinland Pfalz<\/em><\/figcaption><\/figure><\/div>\n\n\n\n<p>\u201eIn English\nplease\u201c: Mit OverDrive Rheinland Pfalz erg\u00e4nzt die Stadtbibliothek Landau ab sofort\nzusammen mit rund 50 anderen Bibliotheken in Rheinland-Pfalz ihr Onleihe-Angebot\num eMedien in englischer Sprache. Unter <a href=\"https:\/\/rlp.overdrive.com\">https:\/\/rlp.overdrive.com<\/a> sowie \u00fcber die zugeh\u00f6rige App Libby erhalten\nNutzerinnen und Nutzer der Landauer Einrichtung kostenfreien Zugang zu englischsprachigen\neBooks und H\u00f6rb\u00fcchern.<\/p>\n\n\n\n<p>\u201eIch freue\nmich, dass wir die Landauerinnen und Landauer auf diese Weise dabei\nunterst\u00fctzen, ihre Englischkenntnisse zu trainieren und auszubauen. Dieses\nAngebot d\u00fcrfte vor allem auch f\u00fcr Sch\u00fclerinnen und Sch\u00fcler wie auch f\u00fcr\nStudierende von gro\u00dfem Interesse sein\u201c, erkl\u00e4rt B\u00fcrgermeister Dr. Maximilian\nIngenthron und w\u00fcnscht den Nutzerinnen und Nutzern ganz viel Lese- und H\u00f6rspa\u00df.\n<\/p>\n\n\n\n<p>Und so\nfunktioniert\u2019s: Bibliotheksnutzerinnen und -nutzer w\u00e4hlen unter <a href=\"https:\/\/rlp.overdrive.com\/\">rlp.overdrive.com<\/a> oder \u00fcber die kostenfreie OverDrive-App\nLibby ihre Heimatbibliothek aus, loggen sich mit Nutzernummer und pers\u00f6nlichem\nPasswort ein und k\u00f6nnen dann im Angebot st\u00f6bern. Gew\u00fcnschte digitale Medien\nk\u00f6nnen f\u00fcr einen Zeitraum von sieben bis 21 Tagen entliehen werden. <\/p>\n\n\n\n<p>Mit der\nOnleihe Rheinland-Pfalz bieten rund 85 Bibliotheken in Rheinland-Pfalz ihren\nNutzerinnen und Nutzern schon seit einigen Jahren erfolgreich eBooks und\nH\u00f6rb\u00fccher, aber auch Zeitschriften, Zeitungen und eLearning-Angebote zur\ndigitalen Nutzung und Ausleihe an. OverDrive Rheinland-Pfalz erg\u00e4nzt dieses\nAngebot nun im englischsprachigen Bereich. Die Angebote werden vom\nLandesbibliothekszentrum Rheinland-Pfalz (LBZ) koordiniert und vom Land\nRheinland-Pfalz gef\u00f6rdert.<\/p>\n\n\n\n<p>F\u00fcr weitere Informationen zum Angebot stehen die Mitarbeiterinnen und Mitarbeiter der Stadtbibliothek Landau telefonisch unter 0 63 41\/13 43 20 sowie per Mail an <a href=\"file:\/\/\/C:\/Users\/01164\/AppData\/Local\/Microsoft\/Windows\/INetCache\/Content.Outlook\/W0TEB4IV\/stadtbibliothek@landau.de\">stadtbibliothek@landau.de<\/a> zur Verf\u00fcgung.<\/p>\n\n\n\n<p><em>Text: Stadtverwaltung Landau in der Pfalz Foto: OverDrive Rheinland Pfalz<br>23.02.2021<\/em><\/p>\n\n\n\n<h2 class=\"wp-block-heading\">Landtagswahl in Zeiten von Corona: Bereits rund 7.000 Antr\u00e4ge auf Briefwahl in Landau \u2013 Briefwahlb\u00fcro im Alten Kaufhaus ab sofort ge\u00f6ffnet<\/h2>\n\n\n\n<div class=\"wp-block-image\"><figure class=\"aligncenter\"><img decoding=\"async\" loading=\"lazy\" width=\"800\" height=\"516\" src=\"https:\/\/speyer24news.com\/wp-content\/uploads\/2021\/02\/22-02-2021-Info-Briefwahl_1.jpg\" alt=\"\" class=\"wp-image-33488\" srcset=\"https:\/\/speyer24news.com\/wp-content\/uploads\/2021\/02\/22-02-2021-Info-Briefwahl_1.jpg 800w, https:\/\/speyer24news.com\/wp-content\/uploads\/2021\/02\/22-02-2021-Info-Briefwahl_1-300x194.jpg 300w, https:\/\/speyer24news.com\/wp-content\/uploads\/2021\/02\/22-02-2021-Info-Briefwahl_1-768x495.jpg 768w\" sizes=\"(max-width: 800px) 100vw, 800px\" \/><figcaption>Landtagswahl 2021: Bei der Stadtverwaltung Landau sind bereits etwa 7.000 Antr\u00e4ge auf Briefwahl eingegangen.<br><em>Foto: Stadt Landau<\/em><\/figcaption><\/figure><\/div>\n\n\n\n<p>Die\nVorbereitungen f\u00fcr die Landtagswahl am 14. M\u00e4rz laufen auf Hochtouren: Etwa\ndrei Wochen vor dem eigentlichen Wahlsonntag sind bereits knapp 7.000 Antr\u00e4ge\nauf Briefwahl bei der Stadtverwaltung Landau eingegangen \u2013 rund 3.000 mehr als\nnoch am Donnerstag vergangener Woche und bereits in etwa so viele wie bei der\nLandtagswahl 2016 insgesamt. Vor f\u00fcnf Jahren hatten sich 7.462 W\u00e4hlerinnen und\nW\u00e4hler dazu entschieden, ihr Kreuzchen per Brief abzugeben. <\/p>\n\n\n\n<p>Oberb\u00fcrgermeister Thomas Hirsch, der in den vergangenen Wochen f\u00fcr die Briefwahl geworben hatte, dankt den B\u00fcrgerinnen und B\u00fcrgern, die bereits von der M\u00f6glichkeit Gebrauch gemacht haben und hofft, dass noch zahlreiche weitere dem Beispiel folgen werden. \u201eDie Briefwahl ist ein wichtiger Schritt f\u00fcr die Pandemiebek\u00e4mpfung. Mit dieser umsichtigen Entscheidung k\u00f6nnen die B\u00fcrgerinnen und B\u00fcrger sich selbst und andere, wie auch die Helferinnen und Helfer in den Wahllokalen, sch\u00fctzen und zudem noch Wartezeiten vermeiden.\u201c<\/p>\n\n\n\n<figure class=\"wp-block-image\"><img decoding=\"async\" loading=\"lazy\" width=\"800\" height=\"533\" src=\"https:\/\/speyer24news.com\/wp-content\/uploads\/2021\/02\/22-02-2021-Info-Briefwahl_2.jpg\" alt=\"\" class=\"wp-image-33489\" srcset=\"https:\/\/speyer24news.com\/wp-content\/uploads\/2021\/02\/22-02-2021-Info-Briefwahl_2.jpg 800w, https:\/\/speyer24news.com\/wp-content\/uploads\/2021\/02\/22-02-2021-Info-Briefwahl_2-300x200.jpg 300w, https:\/\/speyer24news.com\/wp-content\/uploads\/2021\/02\/22-02-2021-Info-Briefwahl_2-768x512.jpg 768w\" sizes=\"(max-width: 800px) 100vw, 800px\" \/><figcaption>OB Thomas Hirsch auf Stippvisite im Briefwahlb\u00fcro im Alten Kaufhaus, das ab sofort ge\u00f6ffnet hat.<br><em>Foto: Stadt Landau<\/em><\/figcaption><\/figure>\n\n\n\n<p>Neben\nder M\u00f6glichkeit, die Briefwahlunterlagen online oder postalisch zu beantragen,\nhat ab sofort auch das Briefwahlb\u00fcro im Alten Kaufhaus ge\u00f6ffnet. Dort k\u00f6nnen\ndie Wahlunterlagen pers\u00f6nlich beantragt und auch gleich die Stimme abgegeben\nwerden. <\/p>\n\n\n\n<p><strong>Die \u00d6ffnungszeiten sind: <\/strong><\/p>\n\n\n\n<ul><li>Montag \u2013 Freitag: 8:30 \u2013 12 Uhr<\/li><li>Montag \u2013 Mittwoch: 14 \u2013 16 Uhr<\/li><li>Donnerstag: 14 \u2013 18 Uhr<\/li><li>Samstag, 27. Februar: 9 \u2013 11 Uhr<\/li><li>Samstag, 6. M\u00e4rz: 9 \u2013 11Uhr<\/li><li>Freitag, 12. M\u00e4rz: 14 \u2013 18 Uhr<\/li><\/ul>\n\n\n\n<p>Beim\nBesuch des Briefwahlb\u00fcros ist das Tragen einer medizinischen Maske (OP-Maske\noder FFP2\/KN95-Maske) zwingend notwendig. Es ist keine Terminvereinbarung\nerforderlich; die maximale Anzahl der anwesenden Wahlberechtigten ist\nallerdings pandemiebedingt begrenzt.<\/p>\n\n\n\n<p><em>Stadtverwaltung Landau in der Pfalz<br>23.02.2021<\/em><\/p>\n\n\n\n<h2 class=\"wp-block-heading\">Gemischte Bilanz nach erstem \u201eFr\u00fchlingswochenende\u201c: Stadt Landau bittet weiter um Einhaltung der Abstands- und Hygieneregeln \u2013 OB Hirsch: Zoo f\u00fcr S\u00fcdpf\u00e4lzerinnen und S\u00fcdpf\u00e4lzer \u00f6ffnen!<\/h2>\n\n\n\n<div class=\"wp-block-image\"><figure class=\"aligncenter\"><img decoding=\"async\" loading=\"lazy\" width=\"500\" height=\"667\" src=\"https:\/\/speyer24news.com\/wp-content\/uploads\/2020\/09\/IMG_20200819_133711.jpg\" alt=\"\" class=\"wp-image-30163\" srcset=\"https:\/\/speyer24news.com\/wp-content\/uploads\/2020\/09\/IMG_20200819_133711.jpg 500w, https:\/\/speyer24news.com\/wp-content\/uploads\/2020\/09\/IMG_20200819_133711-225x300.jpg 225w\" sizes=\"(max-width: 500px) 100vw, 500px\" \/><figcaption>OB Hirsch regt an, den Zoo in Landau wieder f\u00fcr Besucherinnen und Besucher zu \u00f6ffnen.<br><em>Foto: Speyer 24\/7 News<\/em><\/figcaption><\/figure><\/div>\n\n\n\n<p>Das erste\nrichtige \u201eFr\u00fchlingswochenende\u201c bei Temperaturen von bis zu knapp 20 Grad liegt\nhinter der S\u00fcdpfalzmetropole Landau \u2013 und viele Menschen nutzten die ersten\nSonnenstrahlen des Jahres, um einen Ausflug ins Gr\u00fcne zu unternehmen. Die\nallermeisten von ihnen hielten sich an die geltenden Abstands- und\nHygieneregeln, jedoch kam es immer wieder auch zu Verst\u00f6\u00dfen. <\/p>\n\n\n\n<p>Der Appell\nvon Landaus OB Thomas Hirsch: \u201eIch habe das gr\u00f6\u00dfte Verst\u00e4ndnis daf\u00fcr, dass die\nMenschen nach den vielen Wochen des Lockdowns das Bed\u00fcrfnis haben, nach drau\u00dfen\nzu gehen und Sonne zu tanken. Bitte nehmen Sie aber auch im Freien die Abstands-\nund Hygieneregeln ernst und achten Sie auf sich und Ihre Mitmenschen.\u201c Dies\ngelte umso mehr mit Blick auf die neue und besonders ansteckende\nVirus-Mutation, die im Landkreis Germersheim bereits zu einem sprunghaften\nAnstieg der Fallzahlen beigetragen habe. <\/p>\n\n\n\n<p>Ordnungsdezernent\nLukas Hartmann berichtet \u2013 auch in Abstimmung mit der Polizei \u2013 von einem\nerh\u00f6hten Personenaufkommen am zur\u00fcckliegenden Wochenende etwa in den st\u00e4dtischen\nParks oder auch auf der Kleinen Kalmit. Auch seien viele Hinweise aus der\nBev\u00f6lkerung \u00fcber m\u00f6gliche Verst\u00f6\u00dfe eingegangen. Aber: \u201eDie allermeisten haben\nsich wirklich sehr gut an die Auflagen gehalten. Wenn es zu Verst\u00f6\u00dfen kam, dann\nmeist, weil die Menschen keinen Abstand zueinander hielten oder \u2013 als\nErwachsene \u2013 auf den Spielpl\u00e4tzen keine Maske trugen.\u201c <\/p>\n\n\n\n<p>Mit dem OB\nist Hartmann sich einig, dass sich die Stadt in einer schwierigen Situation bef\u00e4nde:\nDem Spagat zwischen dem Schutz der Bev\u00f6lkerung und dem Erhalt eines\nMindestma\u00dfes an gesellschaftlichem Leben. Um die Ausfl\u00fcglerinnen und Ausfl\u00fcgler\nweiter zu entzerren, hat OB Hirsch beim Land erneut die Wiederer\u00f6ffnung des\nZoos Landau angeregt \u2013 und sei es nur f\u00fcr die S\u00fcdpf\u00e4lzerinnen und S\u00fcdpf\u00e4lzer,\num weitere Reisen innerhalb von Rheinland-Pfalz oder sogar \u00fcber Landesgrenzen hinweg\nzu vermeiden. <\/p>\n\n\n\n<p>Der OB: \u201eIn\nanderen Bundesl\u00e4ndern gibt es \u00dcberlegungen, zum 1. M\u00e4rz nicht nur die Zoos,\nsondern auch die Gartenm\u00e4rkte wieder zu \u00f6ffnen. Um den \u00abRun\u00bb auf die Parks und\nSuperm\u00e4rkte zu beenden, halte ich das auch f\u00fcr Rheinland-Pfalz f\u00fcr eine\nsinnvolle Ma\u00dfnahme.\u201c<\/p>\n\n\n\n<p><em>Text: Stadtverwaltung Landau in der Pfalz Foto: Speyer 24\/7 News<br>23.02.2021<\/em><\/p>\n\n\n\n<h2 class=\"wp-block-heading\">Stadt Landau sucht \u00bbBufdis\u00ab: Jugendf\u00f6rderung und Abteilung Brand- und Katastrophenschutz ben\u00f6tigen Verst\u00e4rkung \u2013 Bewerbungen f\u00fcr den Bundesfreiwilligendienst bis 12. M\u00e4rz m\u00f6glich<\/h2>\n\n\n\n<div class=\"wp-block-image\"><figure class=\"aligncenter\"><img decoding=\"async\" loading=\"lazy\" width=\"800\" height=\"528\" src=\"https:\/\/speyer24news.com\/wp-content\/uploads\/2021\/02\/22-02-2021-Info-Bufdi.jpg\" alt=\"\" class=\"wp-image-33487\" srcset=\"https:\/\/speyer24news.com\/wp-content\/uploads\/2021\/02\/22-02-2021-Info-Bufdi.jpg 800w, https:\/\/speyer24news.com\/wp-content\/uploads\/2021\/02\/22-02-2021-Info-Bufdi-300x198.jpg 300w, https:\/\/speyer24news.com\/wp-content\/uploads\/2021\/02\/22-02-2021-Info-Bufdi-768x507.jpg 768w\" sizes=\"(max-width: 800px) 100vw, 800px\" \/><figcaption>Die \u00bbBufdis\u00ab der Abteilung Brand- und Katastrophenschutz d\u00fcrfen flei\u00dfig bei der Freiwilligen Feuerwehr Landau mithelfen.<br><em>Foto: Freiwillige Feuerwehr Landau<\/em><\/figcaption><\/figure><\/div>\n\n\n\n<p>Wer hat Lust, etwas Neues auszuprobieren und sich f\u00fcr das Gemeinwohl zu engagieren? Denn bei der Stadtverwaltung Landau sind ab dem 1. September 2021 vier Bundesfreiwilligendienst-Stellen zu besetzen. Die BFDler \u2013 oder auch \u201eBufdis\u201c genannt \u2013 kommen bei der Jugendf\u00f6rderung oder bei der Abteilung Brand- und Katastrophenschutz zum Einsatz. Bewerben k\u00f6nnen sich junge, engagierte Menschen im Alter zwischen 18 und 25 Jahren <strong><em>noch bis zum 12. M\u00e4rz<\/em><\/strong>.<\/p>\n\n\n\n<p>\u201eOb die Arbeit mit\nKindern in den Einrichtungen der Jugendf\u00f6rderung oder die tatkr\u00e4ftige Mithilfe\nbei unserer Feuerwehr: Die ausgeschriebenen \u00abBufdi\u00bb-Stellen bieten die\nM\u00f6glichkeit, in zwei sehr spannende Bereiche bei der Stadtverwaltung Landau reinzuschnuppern\u201c,\nist Oberb\u00fcrgermeister Thomas Hirsch \u00fcberzeugt. \u201eKommen Sie ins Team Stadtverwaltung;\nwir freuen uns auf Sie!\u201c ermuntert der Stadtchef junge Leute, sich je nach\nihrem Interesse f\u00fcr eine der Stellen zu bewerben.<\/p>\n\n\n\n<p>Im Bereich der\nJugendf\u00f6rderung sind gleich drei Stellen zu vergeben, und zwar in den\nEinrichtungen Mehrgenerationenhaus, Haus der Jugend sowie Jugendtreff Horst.\nDort sind die Bundesfreiwilligendienstleistenden u.a. f\u00fcr die\nHausaufgabenbetreuung von Kindern sowie f\u00fcr die Begleitung verschiedener\nGruppen- und Ferienangebote zust\u00e4ndig. BFDler der Abteilung Brand- und Katastrophenschutz\nhelfen zum Beispiel bei der Pr\u00fcfung und Wartung von feuerwehrtechnischem Ger\u00e4t\nund unterst\u00fctzen die ehrenamtlichen Jugendfeuerwehrwarte.<\/p>\n\n\n\n<p><strong>Bewerbungen werden bis zum 12. M\u00e4rz entgegengenommen<\/strong>. Wer an einer Bufdi-Stelle interessiert ist, schickt die Bewerbungsunterlagen am besten per E-Mail an <a href=\"mailto:bewerbung-personal@landau.de\">bewerbung-personal@landau.de<\/a>. Alle weiteren Infos sind auf der st\u00e4dtischen Webseite unter <a href=\"www.landau.de\/bundesfreiwilligendienst\">www.landau.de\/bundesfreiwilligendienst<\/a> zu finden.<\/p>\n\n\n\n<p><em>Stadtverwaltung Landau in der Pfalz<br>23.02.2021<\/em><\/p>\n\n\n\n<h1 class=\"wp-block-heading\" style=\"text-align:center\">Corona<\/h1>\n\n\n\n<figure class=\"wp-block-image\"><img decoding=\"async\" loading=\"lazy\" width=\"800\" height=\"346\" src=\"https:\/\/speyer24news.com\/wp-content\/uploads\/2020\/02\/coronavirus-4817450_1920.jpg\" alt=\"\" class=\"wp-image-25126\" srcset=\"https:\/\/speyer24news.com\/wp-content\/uploads\/2020\/02\/coronavirus-4817450_1920.jpg 800w, https:\/\/speyer24news.com\/wp-content\/uploads\/2020\/02\/coronavirus-4817450_1920-300x130.jpg 300w, https:\/\/speyer24news.com\/wp-content\/uploads\/2020\/02\/coronavirus-4817450_1920-768x332.jpg 768w\" sizes=\"(max-width: 800px) 100vw, 800px\" \/><\/figure>\n\n\n\n<h2 class=\"wp-block-heading\">\u201eTestung f\u00fcr Alle\u201c: Kommunen erhalten kurzfristige Anforderung des Landes \u2013 Landaus OB Hirsch: \u201eNoch viele Unklarheiten, aber wir werden unseren Beitrag zum Gelingen leisten\u201c \u2013 \u201eGuter Ansatz f\u00fcr Exit-Strategie aus Lockdown\u201c<\/h2>\n\n\n\n<div class=\"wp-block-image\"><figure class=\"aligncenter\"><img decoding=\"async\" loading=\"lazy\" width=\"800\" height=\"533\" src=\"https:\/\/speyer24news.com\/wp-content\/uploads\/2021\/02\/21-02-2021-Info-Testung-f\u00fcr-alle.jpg\" alt=\"\" class=\"wp-image-33486\" srcset=\"https:\/\/speyer24news.com\/wp-content\/uploads\/2021\/02\/21-02-2021-Info-Testung-f\u00fcr-alle.jpg 800w, https:\/\/speyer24news.com\/wp-content\/uploads\/2021\/02\/21-02-2021-Info-Testung-f\u00fcr-alle-300x200.jpg 300w, https:\/\/speyer24news.com\/wp-content\/uploads\/2021\/02\/21-02-2021-Info-Testung-f\u00fcr-alle-768x512.jpg 768w\" sizes=\"(max-width: 800px) 100vw, 800px\" \/><figcaption>Landaus OB Hirsch sieht den Ansatz von bundesweit fl\u00e4chendeckenden Testangeboten grunds\u00e4tzlich positiv, h\u00e4tte sich im Vorfeld jedoch mehr Abstimmung gew\u00fcnscht.<br><em>Foto: Stadt Landau<\/em><\/figcaption><\/figure><\/div>\n\n\n\n<p>Ein am sp\u00e4ten\nFreitagnachmittag bei den Oberb\u00fcrgermeisterinnen und Oberb\u00fcrgermeistern sowie\nLandr\u00e4tinnen und Landr\u00e4ten eingegangener elektronischer Brief des\nrheinland-pf\u00e4lzischen Gesundheitsministeriums sorgt f\u00fcr etwas Wirbel: In dem\nSchreiben werden die Stadt- und Kreischefinnen sowie -chefs aufgefordert,\nStrukturen zu schaffen, damit ab dem 1. M\u00e4rz jeder B\u00fcrgerin und jedem B\u00fcrger\nein unbegrenztes Corona-Testangebot gemacht werden kann. Im Rahmen der\nbundesweiten Teststrategie sollen fl\u00e4chendeckend PoC-Tests f\u00fcr die Bev\u00f6lkerung\nangeboten werden; ein positiver PoC-Befund soll mittels PCR-Test best\u00e4tigt\nwerden. Daf\u00fcr sollen neben Angeboten in Praxen, Betrieben und Unternehmen vor\nallem auch die kommunalen Teststrukturen genutzt werden und sogar\nFeuerwehrangeh\u00f6rige zum Einsatz kommen.<\/p>\n\n\n\n<p>Landaus OB Thomas\nHirsch hat dazu am Sonntag erkl\u00e4rt:<\/p>\n\n\n\n<p>\u201eEs zeichnet die\nSt\u00e4dte und Landkreise aus, dass uns das Land erneut zutraut, eine zus\u00e4tzliche\nAufgabe so kurzfristig zu \u00fcbernehmen. Allerdings h\u00e4tten wir alle mehr\nAbstimmung und Kooperation im Vorfeld erwartet.\u201c Auch die kommunalen\nSpitzenverb\u00e4nde seien nicht richtig eingebunden gewesen, wie Hirsch als\nstellvertretender Vorsitzender des St\u00e4dtetags hinterfragt hat.<\/p>\n\n\n\n<p>Grunds\u00e4tzlich\npositiv sieht Hirsch den Ansatz von bundesweit fl\u00e4chendeckenden Testangeboten.\n\u201eDas ist ein guter Einstieg in den Ausstieg aus den Corona-Beschr\u00e4nkungen\u201c, so\nHirsch. Gemeinsam mit den beiden S\u00fcdpfalz-Landr\u00e4ten Dr. Fritz Brechtel\n(Germersheim) und Dietmar Seefeldt (S\u00fcdliche Weinstra\u00dfe) hatte sich der Landauer\nStadtchef gerade in der zur\u00fcckliegenden Woche f\u00fcr eine Exit-Strategie\nausgesprochen, die in Abh\u00e4ngigkeit von der Infektionslage gefahren werden kann.\n\u201eF\u00fcr eine solche Strategie sind diese Testungen eine grundlegende\nVoraussetzung\u201c, so Hirsch.<\/p>\n\n\n\n<p>\u00dcberrascht wurde er\nebenso wie seine Kollegen von der kurzfristigen Aufforderung des Landes, das\nbis bereits diesen Mittwoch eine \u201ebest\u00e4tigende R\u00fcckmeldung\u201c erwartet, wie\nSt\u00e4dte und Landkreise entsprechende Ambulanzstrukturen f\u00fcr die Testungen\n(re)aktivieren. Dies sei angesichts der notwendigen Abkl\u00e4rung mit\nehrenamtlichen Kr\u00e4ften vor Ort keine gute Steuerung, kritisiert Hirsch.<\/p>\n\n\n\n<p>Dennoch habe man\nbereits am Wochenende mit ersten Gespr\u00e4chen und Vorbereitungen begonnen. Nicht\nvorgesehen ist in der Stadt Landau der Einsatz von Feuerwehrangeh\u00f6rigen: Hier\nist sich der OB mit dem Landauer Brand- und Katastrophenschutzinspekteur Dirk\nHargesheimer einig, dass \u201eunsere freiwilligen Feuerwehrfrauen und -m\u00e4nner wegen\nihrer besonderen Bedeutung in der kritischen Sicherheitsinfrastruktur und ihrem\nohnehin hohen Einsatzaufkommen f\u00fcr die Testangebote m\u00f6glichst nicht zum Einsatz\ngebracht werden sollen. Mit gro\u00dfen Aufwand fahren wir Hygienekonzepte zur\nAufrechterhaltung der Einsatzf\u00e4higkeit in der Pandemie, das d\u00fcrfen wir nicht\ngef\u00e4hrden.\u201c&nbsp; <\/p>\n\n\n\n<p>Hirsch: \u201eEs gibt\ninsgesamt noch viele Unklarheiten und offene Fragen, aber wir werden unseren\nBeitrag leisten und entsprechende Strukturen zum Testen schaffen.\u201c Der OB\nmachte am Sonntag deutlich, dass man dabei weiterhin eng mit dem Landkreis S\u00fcdliche\nWeinstra\u00dfe zusammenarbeiten werde und auch s\u00fcdpfalzweit mit dem Landkreis\nGermersheim in Abstimmung sei.<\/p>\n\n\n\n<p><em>Stadtverwaltung Landau in der Pfalz<br>23.02.2021<\/em><\/p>\n\n\n\n<h2 class=\"wp-block-heading\"><strong>Coronavirus: Fallzahlen im Landkreis S\u00fcdliche Weinstra\u00dfe und der Stadt Landau<\/strong><\/h2>\n\n\n\n<figure class=\"wp-block-image\"><img decoding=\"async\" loading=\"lazy\" width=\"800\" height=\"400\" src=\"https:\/\/speyer24news.com\/wp-content\/uploads\/2020\/02\/virus-1812092_1920.jpg\" alt=\"\" class=\"wp-image-25128\" srcset=\"https:\/\/speyer24news.com\/wp-content\/uploads\/2020\/02\/virus-1812092_1920.jpg 800w, https:\/\/speyer24news.com\/wp-content\/uploads\/2020\/02\/virus-1812092_1920-300x150.jpg 300w, https:\/\/speyer24news.com\/wp-content\/uploads\/2020\/02\/virus-1812092_1920-768x384.jpg 768w\" sizes=\"(max-width: 800px) 100vw, 800px\" \/><\/figure>\n\n\n\n<h2 class=\"wp-block-heading\">Montag (22.02.2021)<\/h2>\n\n\n\n<p>Nach aktuellem Stand (22.02.2021, 11:00 Uhr) haben\nsich seit der letzten Meldung am Freitag,\n19.02.2021, <strong>25 <\/strong>weitereF\u00e4lle des Coronavirus (COVID-19) im\nLandkreis S\u00fcdliche Weinstra\u00dfe und der Stadt Landau best\u00e4tigt. Insgesamt wurden <strong>3.549 <\/strong>F\u00e4lle im Zust\u00e4ndigkeitsbereich\ndes Gesundheitsamts S\u00fcdliche Weinstra\u00dfe an das Landesuntersuchungsamt\n\u00fcbermittelt. <strong>3.241<\/strong> Personen sind\ngesundet*. Insgesamt sind <strong>132<\/strong>\nPersonen verstorben. Den Angeh\u00f6rigen und Hinterbliebenen sprechen Landrat\nDietmar Seefeldt und Oberb\u00fcrgermeister Thomas Hirsch ihr herzliches Beileid\naus. <\/p>\n\n\n\n<p>Es sind aktuell keine neuen Einrichtungen\nbetroffen. <\/p>\n\n\n\n<ul><li><strong>Verbandsgemeinde Annweiler:<\/strong> 328 Personen (296 davon gesundet, 10 verstorben)<\/li><li><strong>Verbandsgemeinde Bad Bergzabern<\/strong>:527 Personen (482 davon gesundet, 18 verstorben)<\/li><li><strong>Verbandsgemeinde Edenkoben<\/strong>: 489 Personen (431 davon gesundet, 20 verstorben)<\/li><li><strong>Verbandsgemeinde Herxheim: <\/strong>374 Personen (345 davon gesundet, 17 verstorben)<\/li><li><strong>Verbandsgemeinde Landau-Land<\/strong>: 265 Personen (244 davon gesundet, 13 verstorben)<\/li><li><strong>Verbandsgemeinde Maikammer<\/strong>: 142 Personen (135 davon gesundet, 3 verstorben)<\/li><li><strong>Verbandsgemeinde Offenbach<\/strong>: 309 Personen (273 davon gesundet, 21 verstorben)<\/li><li><strong>Stadt Landau<\/strong>: 1.115 Personen (1.035 davon gesundet, 30 verstorben).<\/li><\/ul>\n\n\n\n<p>*Eine Person gilt als gesundet und wird aus\nder 14-t\u00e4gigen h\u00e4uslichen Quarant\u00e4ne entlassen, wenn sie 48 Stunden (an Tag 13\nund 14 der h\u00e4uslichen Quarant\u00e4ne) symptomfrei war. Unter gewissen\nVoraussetzungen muss am Ende der Isolierung eine erneute PCR- beziehungsweise\nPOC-Untersuchung erfolgen.<\/p>\n\n\n\n<p>Informationen zum Thema Coronavirus finden Sie auf der Homepage des Landkreises: <a href=\"http:\/\/www.suedliche-weinstrasse.de\">www.suedliche-weinstrasse.de<\/a>. Die aktuellen 7-Tage-Inzidenzwerte<strong> <\/strong>sind unter <a href=\"http:\/\/www.corona.rlp.de\/de\/aktuelles\/corona-warn-und-aktionsplan-rlp\/\">www.corona.rlp.de\/de\/aktuelles\/corona-warn-und-aktionsplan-rlp\/<\/a> zu finden.<\/p>\n\n\n\n<p><em>Gemeinsame Pressemitteilung der Kreisverwaltung S\u00fcdliche Weinstra\u00dfe und der Stadtverwaltung Landau<br>23.02.2021<\/em><\/p>\n","protected":false},"excerpt":{"rendered":"<div class=\"mh-excerpt\"><p>Es kann losgehen: Stadt Landau startet mit Ablassen des Wassers aus dem Schwanenweiher Alles muss raus: Die Stadt Landau hat jetzt mit der Sanierung des Schwanenweihers im Ostpark begonnen. In einem ersten Schritt wird das <a class=\"mh-excerpt-more\" href=\"https:\/\/speyer24news.com\/?p=33485\" title=\"Landau, Kreis LD und Landkreis S\u00fcdliche Weinstra\u00dfe\">[&#8230;]<\/a><\/p>\n<\/div>","protected":false},"author":3,"featured_media":33151,"comment_status":"open","ping_status":"open","sticky":false,"template":"","format":"standard","meta":{"_monsterinsights_skip_tracking":false,"_monsterinsights_sitenote_active":false,"_monsterinsights_sitenote_note":"","_monsterinsights_sitenote_category":0,"footnotes":""},"categories":[675,1622],"tags":[1007,10207,10208,10210,10212,10211,6401,10213,7076,7400,5904,5801,9949,10204,4149,10202,58,2962,2865,7765,10209,9243,9948,10205,10206,7139,2280,359,10203,142,584],"aioseo_notices":[],"amp_enabled":true,"_links":{"self":[{"href":"https:\/\/speyer24news.com\/index.php?rest_route=\/wp\/v2\/posts\/33485"}],"collection":[{"href":"https:\/\/speyer24news.com\/index.php?rest_route=\/wp\/v2\/posts"}],"about":[{"href":"https:\/\/speyer24news.com\/index.php?rest_route=\/wp\/v2\/types\/post"}],"author":[{"embeddable":true,"href":"https:\/\/speyer24news.com\/index.php?rest_route=\/wp\/v2\/users\/3"}],"replies":[{"embeddable":true,"href":"https:\/\/speyer24news.com\/index.php?rest_route=%2Fwp%2Fv2%2Fcomments&post=33485"}],"version-history":[{"count":2,"href":"https:\/\/speyer24news.com\/index.php?rest_route=\/wp\/v2\/posts\/33485\/revisions"}],"predecessor-version":[{"id":33495,"href":"https:\/\/speyer24news.com\/index.php?rest_route=\/wp\/v2\/posts\/33485\/revisions\/33495"}],"wp:featuredmedia":[{"embeddable":true,"href":"https:\/\/speyer24news.com\/index.php?rest_route=\/wp\/v2\/media\/33151"}],"wp:attachment":[{"href":"https:\/\/speyer24news.com\/index.php?rest_route=%2Fwp%2Fv2%2Fmedia&parent=33485"}],"wp:term":[{"taxonomy":"category","embeddable":true,"href":"https:\/\/speyer24news.com\/index.php?rest_route=%2Fwp%2Fv2%2Fcategories&post=33485"},{"taxonomy":"post_tag","embeddable":true,"href":"https:\/\/speyer24news.com\/index.php?rest_route=%2Fwp%2Fv2%2Ftags&post=33485"}],"curies":[{"name":"wp","href":"https:\/\/api.w.org\/{rel}","templated":true}]}}