{"id":33500,"date":"2021-02-23T13:34:16","date_gmt":"2021-02-23T12:34:16","guid":{"rendered":"https:\/\/speyer24news.com\/?p=33500"},"modified":"2021-02-23T13:34:17","modified_gmt":"2021-02-23T12:34:17","slug":"worms-10","status":"publish","type":"post","link":"https:\/\/speyer24news.com\/?p=33500","title":{"rendered":"Worms"},"content":{"rendered":"<style type=\"text\/css\">\r\n\t.ads_top_disp{}\r\n\t.ads_top_corner_disp{ float:left; margin:0px 10px 10px 0px; }\r\n\t.ads_first_p_disp{}\r\n\t.ads_bottom_disp{}\r\n\t<\/style>\n<figure class=\"wp-block-image\"><img decoding=\"async\" loading=\"lazy\" width=\"723\" height=\"237\" src=\"https:\/\/speyer24news.com\/wp-content\/uploads\/2020\/02\/Worms-Header.png\" alt=\"\" class=\"wp-image-25143\" srcset=\"https:\/\/speyer24news.com\/wp-content\/uploads\/2020\/02\/Worms-Header.png 723w, https:\/\/speyer24news.com\/wp-content\/uploads\/2020\/02\/Worms-Header-300x98.png 300w\" sizes=\"(max-width: 723px) 100vw, 723px\" \/><\/figure>\n\n\n\n<h2 class=\"wp-block-heading\"><strong>Spectaculum plant mit Alternativtermin<\/strong><\/h2>\n\n\n\n<h3 class=\"wp-block-heading\">Durchf\u00fchrung des Mittelaltermarkts vom\n14. bis 16. Mai noch unklar \/ Alternativtermin am 17. bis 19. September<\/h3>\n\n\n\n<h4 class=\"wp-block-heading\"><strong>Nach wie vor erschwert die anhaltende Corona-Pandemie die Planung und Durchf\u00fchrung von Veranstaltungen in ganz Deutschland. Auch f\u00fcr das Spectaculum Worms ist noch nicht sicher, ob der Mittelaltermarkt vom 14. bis 16. Mai stattfinden kann. Daher planen die Veranstalter der Kultur und Veranstaltungs GmbH parallel bereits mit einem Alternativtermin. Sollte das Spectaculum im Mai nicht stattfinden k\u00f6nnen, w\u00fcrde die Veranstaltung im Stadtpark Wormser W\u00e4ldchen auf den 17. bis 19. September 2021 verschoben werden. Die zweigleisige Planung ist jedoch nicht als Absage f\u00fcr den urspr\u00fcnglichen Termin im Mai zu sehen. Die Entscheidung, schon fr\u00fchzeitig einen Alternativtermin festzuhalten, erfolgte in enger Abstimmung mit Oberb\u00fcrgermeister Adolf Kessel, der Beigeordneten Petra Graen, den zust\u00e4ndigen st\u00e4dtischen Bereichen sowie Vertretern des Wormser \u201eNetzwerk lebendiges Mittelalter\u201c.<\/strong><\/h4>\n\n\n\n<div class=\"wp-block-image\"><figure class=\"aligncenter\"><img decoding=\"async\" loading=\"lazy\" width=\"800\" height=\"533\" src=\"https:\/\/speyer24news.com\/wp-content\/uploads\/2021\/02\/spectaculum_2018_0847-versandgr.jpg\" alt=\"\" class=\"wp-image-33501\" srcset=\"https:\/\/speyer24news.com\/wp-content\/uploads\/2021\/02\/spectaculum_2018_0847-versandgr.jpg 800w, https:\/\/speyer24news.com\/wp-content\/uploads\/2021\/02\/spectaculum_2018_0847-versandgr-300x200.jpg 300w, https:\/\/speyer24news.com\/wp-content\/uploads\/2021\/02\/spectaculum_2018_0847-versandgr-768x512.jpg 768w\" sizes=\"(max-width: 800px) 100vw, 800px\" \/><\/figure><\/div>\n\n\n\n<p>Durch die vor kurzem verl\u00e4ngerten Corona-Bek\u00e4mpfungsma\u00dfnahmen der Bundesregierung haben auch die Organisatoren des Mittelaltermarkts Spectaculum Interesse daran, fr\u00fchzeitig einen Alternativtermin festzuhalten, sollte der Markt nicht wie geplant im Mai stattfinden k\u00f6nnen. Oberb\u00fcrgermeister Kessel und die Beigeordnete Graen erkl\u00e4ren: \u201eNat\u00fcrlich hoffen wir alle, dass der Termin im Mai eingehalten werden kann. Die Verantwortlichen tun alles, um die Rahmenbedingungen f\u00fcr ein Stattfinden zu schaffen. Sollten jedoch Veranstaltungen auch weiterhin in absehbarer Zeit nicht m\u00f6glich sein, sollten wir bereits einen Alternativtermin parat haben.\u201c <\/p>\n\n\n\n<div class=\"wp-block-image\"><figure class=\"aligncenter\"><img decoding=\"async\" loading=\"lazy\" width=\"600\" height=\"290\" src=\"https:\/\/speyer24news.com\/wp-content\/uploads\/2021\/02\/Spectaculum-Worms.png\" alt=\"\" class=\"wp-image-33502\" srcset=\"https:\/\/speyer24news.com\/wp-content\/uploads\/2021\/02\/Spectaculum-Worms.png 600w, https:\/\/speyer24news.com\/wp-content\/uploads\/2021\/02\/Spectaculum-Worms-300x145.png 300w\" sizes=\"(max-width: 600px) 100vw, 600px\" \/><\/figure><\/div>\n\n\n\n<p>Denn auch f\u00fcr die zahlreichen H\u00e4ndler, Lagergruppen und Ehrenamtlichen, die zum Mittelaltermarkt in den Stadtpark Wormser W\u00e4ldchen anreisen, w\u00e4re damit mehr Planungssicherheit gegeben. \u201eDurch den vollen Kulturkalender und die notwendigen Witterungsbedingungen f\u00fcr unseren Mittelaltermarkt ist das Wochenende vom 17. bis 19. September der einzig m\u00f6gliche Alternativtermin\u201c, so Kessel und Graen weiter. Auch die ehrenamtlichen Tross- und Marktmeister begr\u00fc\u00dfen stellvertretend f\u00fcr das \u201eNetzwerk lebendiges Mittelalter\u201c die offene Kommunikation und transparente Planung der Kultur und Veranstaltungs GmbH f\u00fcr das diesj\u00e4hrige Spectaculum.<\/p>\n\n\n\n<p><em>Kultur und Veranstaltungs GmbH Worms<br>23.02.2021<\/em><\/p>\n","protected":false},"excerpt":{"rendered":"<div class=\"mh-excerpt\"><p>Spectaculum plant mit Alternativtermin Durchf\u00fchrung des Mittelaltermarkts vom 14. bis 16. Mai noch unklar \/ Alternativtermin am 17. bis 19. September Nach wie vor erschwert die anhaltende Corona-Pandemie die Planung und Durchf\u00fchrung von Veranstaltungen in <a class=\"mh-excerpt-more\" href=\"https:\/\/speyer24news.com\/?p=33500\" title=\"Worms\">[&#8230;]<\/a><\/p>\n<\/div>","protected":false},"author":3,"featured_media":25142,"comment_status":"open","ping_status":"open","sticky":false,"template":"","format":"standard","meta":{"_monsterinsights_skip_tracking":false,"_monsterinsights_sitenote_active":false,"_monsterinsights_sitenote_note":"","_monsterinsights_sitenote_category":0,"footnotes":""},"categories":[10],"tags":[10219,10221,10220,10218,5915,10217,5823,2304],"aioseo_notices":[],"amp_enabled":true,"_links":{"self":[{"href":"https:\/\/speyer24news.com\/index.php?rest_route=\/wp\/v2\/posts\/33500"}],"collection":[{"href":"https:\/\/speyer24news.com\/index.php?rest_route=\/wp\/v2\/posts"}],"about":[{"href":"https:\/\/speyer24news.com\/index.php?rest_route=\/wp\/v2\/types\/post"}],"author":[{"embeddable":true,"href":"https:\/\/speyer24news.com\/index.php?rest_route=\/wp\/v2\/users\/3"}],"replies":[{"embeddable":true,"href":"https:\/\/speyer24news.com\/index.php?rest_route=%2Fwp%2Fv2%2Fcomments&post=33500"}],"version-history":[{"count":1,"href":"https:\/\/speyer24news.com\/index.php?rest_route=\/wp\/v2\/posts\/33500\/revisions"}],"predecessor-version":[{"id":33503,"href":"https:\/\/speyer24news.com\/index.php?rest_route=\/wp\/v2\/posts\/33500\/revisions\/33503"}],"wp:featuredmedia":[{"embeddable":true,"href":"https:\/\/speyer24news.com\/index.php?rest_route=\/wp\/v2\/media\/25142"}],"wp:attachment":[{"href":"https:\/\/speyer24news.com\/index.php?rest_route=%2Fwp%2Fv2%2Fmedia&parent=33500"}],"wp:term":[{"taxonomy":"category","embeddable":true,"href":"https:\/\/speyer24news.com\/index.php?rest_route=%2Fwp%2Fv2%2Fcategories&post=33500"},{"taxonomy":"post_tag","embeddable":true,"href":"https:\/\/speyer24news.com\/index.php?rest_route=%2Fwp%2Fv2%2Ftags&post=33500"}],"curies":[{"name":"wp","href":"https:\/\/api.w.org\/{rel}","templated":true}]}}