{"id":33519,"date":"2021-02-23T20:43:32","date_gmt":"2021-02-23T19:43:32","guid":{"rendered":"https:\/\/speyer24news.com\/?p=33519"},"modified":"2021-02-23T20:43:33","modified_gmt":"2021-02-23T19:43:33","slug":"corona-stadtnotizen-und-verkehrsnotizen-aus-speyer-7","status":"publish","type":"post","link":"https:\/\/speyer24news.com\/?p=33519","title":{"rendered":"Corona, Stadtnotizen und Verkehrsnotizen aus Speyer"},"content":{"rendered":"<style type=\"text\/css\">\r\n\t.ads_top_disp{}\r\n\t.ads_top_corner_disp{ float:left; margin:0px 10px 10px 0px; }\r\n\t.ads_first_p_disp{}\r\n\t.ads_bottom_disp{}\r\n\t<\/style>\n<h1 class=\"wp-block-heading\">Coronafallzahlen von Dienstag (23.02.2021)<\/h1>\n\n\n\n<figure class=\"wp-block-image\"><img decoding=\"async\" loading=\"lazy\" width=\"800\" height=\"400\" src=\"https:\/\/speyer24news.com\/wp-content\/uploads\/2020\/02\/virus-1812092_1920.jpg\" alt=\"\" class=\"wp-image-25128\" srcset=\"https:\/\/speyer24news.com\/wp-content\/uploads\/2020\/02\/virus-1812092_1920.jpg 800w, https:\/\/speyer24news.com\/wp-content\/uploads\/2020\/02\/virus-1812092_1920-300x150.jpg 300w, https:\/\/speyer24news.com\/wp-content\/uploads\/2020\/02\/virus-1812092_1920-768x384.jpg 768w\" sizes=\"(max-width: 800px) 100vw, 800px\" \/><\/figure>\n\n\n\n<p>Anzahl best\u00e4tigter F\u00e4lle von Coronavirus (SARS-CoV-2)-Infektionen in der Stadt Speyer:\u00a01993 ( + 3 )<br>Davon bereits genesen:\u00a01841<br>Todesf\u00e4lle: 77 ( + 3 )<br>Gemeldete F\u00e4lle der letzten sieben Tage pro 100.000 Einwohner*innen: 45,5 ( &#8211; 5,9 )<br><strong>Warnstufe: Orange<\/strong><\/p>\n\n\n\n<p>Stand: 23.02.2021, 14:10 Uhr<\/p>\n\n\n\n<div class=\"wp-block-image\"><figure class=\"aligncenter\"><img decoding=\"async\" loading=\"lazy\" width=\"500\" height=\"617\" src=\"https:\/\/speyer24news.com\/wp-content\/uploads\/2021\/02\/23.02.21.png\" alt=\"\" class=\"wp-image-33520\" srcset=\"https:\/\/speyer24news.com\/wp-content\/uploads\/2021\/02\/23.02.21.png 500w, https:\/\/speyer24news.com\/wp-content\/uploads\/2021\/02\/23.02.21-243x300.png 243w\" sizes=\"(max-width: 500px) 100vw, 500px\" \/><\/figure><\/div>\n\n\n\n<p><em>Landesuntersuchungsamt Rheinland-Pfalz<br>23.02.2021<\/em><\/p>\n\n\n\n<h1 class=\"wp-block-heading\" style=\"text-align:center\">Stadtnotizen<\/h1>\n\n\n\n<figure class=\"wp-block-image\"><img decoding=\"async\" loading=\"lazy\" width=\"800\" height=\"600\" src=\"https:\/\/speyer24news.com\/wp-content\/uploads\/2020\/01\/Speyer-Stadtnachrichten-2.jpg\" alt=\"\" class=\"wp-image-23901\" srcset=\"https:\/\/speyer24news.com\/wp-content\/uploads\/2020\/01\/Speyer-Stadtnachrichten-2.jpg 800w, https:\/\/speyer24news.com\/wp-content\/uploads\/2020\/01\/Speyer-Stadtnachrichten-2-300x225.jpg 300w, https:\/\/speyer24news.com\/wp-content\/uploads\/2020\/01\/Speyer-Stadtnachrichten-2-768x576.jpg 768w, https:\/\/speyer24news.com\/wp-content\/uploads\/2020\/01\/Speyer-Stadtnachrichten-2-678x509.jpg 678w, https:\/\/speyer24news.com\/wp-content\/uploads\/2020\/01\/Speyer-Stadtnachrichten-2-326x245.jpg 326w, https:\/\/speyer24news.com\/wp-content\/uploads\/2020\/01\/Speyer-Stadtnachrichten-2-80x60.jpg 80w\" sizes=\"(max-width: 800px) 100vw, 800px\" \/><\/figure>\n\n\n\n<h2 class=\"wp-block-heading\">Stadt erm\u00f6glicht anlassbezogene mobile PCR-Reihentestung an Salierschule<\/h2>\n\n\n\n<figure class=\"wp-block-image\"><img decoding=\"async\" loading=\"lazy\" width=\"800\" height=\"533\" src=\"https:\/\/speyer24news.com\/wp-content\/uploads\/2021\/01\/covid-19-4908692_1920.jpg\" alt=\"\" class=\"wp-image-32427\" srcset=\"https:\/\/speyer24news.com\/wp-content\/uploads\/2021\/01\/covid-19-4908692_1920.jpg 800w, https:\/\/speyer24news.com\/wp-content\/uploads\/2021\/01\/covid-19-4908692_1920-300x200.jpg 300w, https:\/\/speyer24news.com\/wp-content\/uploads\/2021\/01\/covid-19-4908692_1920-768x512.jpg 768w\" sizes=\"(max-width: 800px) 100vw, 800px\" \/><\/figure>\n\n\n\n<p>Die Stadtverwaltung informiert dar\u00fcber, dass am Montag ein Sch\u00fcler aus der Notbetreuung der Salierschule positiv auf das Coronavirus getestet wurde.<\/p>\n\n\n\n<p>Da nach Einsch\u00e4tzung des Gesundheitsamtes alle Hygienevorschriften eingehalten wurden, wurden keine Quarant\u00e4nema\u00dfnahmen f\u00fcr die Mitsch\u00fcler*innen und Lehrkr\u00e4fte erlassen, die vergangene Woche mit dem betroffenen Sch\u00fcler Kontakt hatten. Zudem sah das Gesundheitsamt keine Veranlassung f\u00fcr eine Reihentestung, weil zwischen Test und Erhalt des Testergebnisses mehr als 48 Stunden vergangen waren.<br>Um aber m\u00f6gliche SARS-CoV-2-Infektionen fr\u00fchzeitig zu erkennen, sieht die Stadtverwaltung eine umfassende Reihentestung als unerl\u00e4sslich an und hat allen betroffenen Lehrkr\u00e4ften bzw. Betreuer*innen und Sch\u00fcler*innen eine freiwillige und kostenlose PCR-Testung angeboten. Auch die Kosten f\u00fcr eine Untersuchung der Tests auf Mutanten werden von der Stadt getragen.<\/p>\n\n\n\n<p>Die Stadtverwaltung steht mit dem Gesundheitsministerium bez\u00fcglich der Regelung zur Veranlassung einer Reihentestung im Austausch und regt an, diese zu \u00fcberdenken.<br>Denn gerade wenn sich der Zeitraum zwischen Test und Testergebnis \u00fcber ein Wochenende und somit mehr als 48 Stunden erstreckt, wird eine unverz\u00fcgliche Reihentestung verhindert und das Risiko einer Verbreitung des Virus somit erh\u00f6ht.<\/p>\n\n\n\n<p><em>Stadtverwaltung Speyer<br>23.02.2021<\/em><\/p>\n\n\n\n<h1 class=\"wp-block-heading\" style=\"text-align:center\">Verkehrsnotizen<\/h1>\n\n\n\n<figure class=\"wp-block-image\"><img decoding=\"async\" loading=\"lazy\" width=\"800\" height=\"565\" src=\"https:\/\/speyer24news.com\/wp-content\/uploads\/2020\/01\/Baustelle-2.jpg\" alt=\"\" class=\"wp-image-23900\" srcset=\"https:\/\/speyer24news.com\/wp-content\/uploads\/2020\/01\/Baustelle-2.jpg 800w, https:\/\/speyer24news.com\/wp-content\/uploads\/2020\/01\/Baustelle-2-300x212.jpg 300w, https:\/\/speyer24news.com\/wp-content\/uploads\/2020\/01\/Baustelle-2-768x542.jpg 768w\" sizes=\"(max-width: 800px) 100vw, 800px\" \/><\/figure>\n\n\n\n<h2 class=\"wp-block-heading\"><strong>Ahornweg gesperrt<\/strong><\/h2>\n\n\n\n<p>Aufgrund von Leitungsarbeiten im Auftrag der Stadtwerke Speyer wird der Ahornweg auf H\u00f6he der Hausnummer 23 <strong>ab Montag, 1. M\u00e4rz bis voraussichtlich 31. M\u00e4rz 2021<\/strong> f\u00fcr den Durchgangsverkehr gesperrt. Die Einbahnstra\u00dfenregelung wird aufgehoben.<\/p>\n\n\n\n<p>F\u00fcr R\u00fcckfragen steht die Stra\u00dfenverkehrsbeh\u00f6rde unter der Rufnummer 14-2938 zur Verf\u00fcgung.<\/p>\n\n\n\n<p><em>Stadtverwaltung Speyer<br>23.02.2021<\/em><\/p>\n\n\n\n<h2 class=\"wp-block-heading\"><strong>L 528 \u2013 Neubau der Ranschgrabenbr\u00fccke &#8211; Update zum Baufortschritt<\/strong><\/h2>\n\n\n\n<p>Die Arbeiten an der Ranschgrabenbr\u00fccke im Zuge L528 zwischen Speyer und B\u00f6hl-Iggelheim schreiten voran. \u00dcber die notwendige Ma\u00dfnahme informierte der Landesbetrieb Mobilit\u00e4t (LBM) bereits im November 2020.<\/p>\n\n\n\n<p>Der Abriss des Altbauwerks sowie das Rammen der Spunddielen, auf denen das neue Bauwerk gegr\u00fcndet sein wird, ist bereits erfolgt. Auf Grund der kalten Witterung der vergangenen Wochen mussten temperaturabh\u00e4ngige Arbeiten wie das Betonieren der Sauberkeitsschicht, der Kopfbalken sowie die darauf aufbauenden Arbeiten verschoben werden und k\u00f6nnen erst in den kommenden Tagen und Wochen erfolgen. Dadurch entstehen geringf\u00fcgige Verz\u00f6gerungen wodurch das Bauende voraussichtlich im Mai liegen wird.<\/p>\n\n\n\n<p>Der LBM Speyer bittet alle Verkehrsteilnehmer um Verst\u00e4ndnis.<\/p>\n\n\n\n<p><em>Landesbetrieb Mobilit\u00e4t Speyer<br>23.02.2021<\/em><\/p>\n","protected":false},"excerpt":{"rendered":"<div class=\"mh-excerpt\"><p>Coronafallzahlen von Dienstag (23.02.2021) Anzahl best\u00e4tigter F\u00e4lle von Coronavirus (SARS-CoV-2)-Infektionen in der Stadt Speyer:\u00a01993 ( + 3 )Davon bereits genesen:\u00a01841Todesf\u00e4lle: 77 ( + 3 )Gemeldete F\u00e4lle der letzten sieben Tage pro 100.000 Einwohner*innen: 45,5 ( <a class=\"mh-excerpt-more\" href=\"https:\/\/speyer24news.com\/?p=33519\" title=\"Corona, Stadtnotizen und Verkehrsnotizen aus Speyer\">[&#8230;]<\/a><\/p>\n<\/div>","protected":false},"author":3,"featured_media":23902,"comment_status":"open","ping_status":"open","sticky":false,"template":"","format":"standard","meta":{"_monsterinsights_skip_tracking":false,"_monsterinsights_sitenote_active":false,"_monsterinsights_sitenote_note":"","_monsterinsights_sitenote_category":0,"footnotes":""},"categories":[47],"tags":[7486,8404,6940,9918,8725,6359,6358,7003,6342,10233,10235,10232,10231,10234,6,658,1114],"aioseo_notices":[],"amp_enabled":true,"_links":{"self":[{"href":"https:\/\/speyer24news.com\/index.php?rest_route=\/wp\/v2\/posts\/33519"}],"collection":[{"href":"https:\/\/speyer24news.com\/index.php?rest_route=\/wp\/v2\/posts"}],"about":[{"href":"https:\/\/speyer24news.com\/index.php?rest_route=\/wp\/v2\/types\/post"}],"author":[{"embeddable":true,"href":"https:\/\/speyer24news.com\/index.php?rest_route=\/wp\/v2\/users\/3"}],"replies":[{"embeddable":true,"href":"https:\/\/speyer24news.com\/index.php?rest_route=%2Fwp%2Fv2%2Fcomments&post=33519"}],"version-history":[{"count":1,"href":"https:\/\/speyer24news.com\/index.php?rest_route=\/wp\/v2\/posts\/33519\/revisions"}],"predecessor-version":[{"id":33521,"href":"https:\/\/speyer24news.com\/index.php?rest_route=\/wp\/v2\/posts\/33519\/revisions\/33521"}],"wp:featuredmedia":[{"embeddable":true,"href":"https:\/\/speyer24news.com\/index.php?rest_route=\/wp\/v2\/media\/23902"}],"wp:attachment":[{"href":"https:\/\/speyer24news.com\/index.php?rest_route=%2Fwp%2Fv2%2Fmedia&parent=33519"}],"wp:term":[{"taxonomy":"category","embeddable":true,"href":"https:\/\/speyer24news.com\/index.php?rest_route=%2Fwp%2Fv2%2Fcategories&post=33519"},{"taxonomy":"post_tag","embeddable":true,"href":"https:\/\/speyer24news.com\/index.php?rest_route=%2Fwp%2Fv2%2Ftags&post=33519"}],"curies":[{"name":"wp","href":"https:\/\/api.w.org\/{rel}","templated":true}]}}