{"id":33525,"date":"2021-02-24T07:44:45","date_gmt":"2021-02-24T06:44:45","guid":{"rendered":"https:\/\/speyer24news.com\/?p=33525"},"modified":"2021-02-24T07:44:45","modified_gmt":"2021-02-24T06:44:45","slug":"wirtschaft-finanzen-65","status":"publish","type":"post","link":"https:\/\/speyer24news.com\/?p=33525","title":{"rendered":"Wirtschaft &#038; Finanzen"},"content":{"rendered":"<style type=\"text\/css\">\r\n\t.ads_top_disp{}\r\n\t.ads_top_corner_disp{ float:left; margin:0px 10px 10px 0px; }\r\n\t.ads_first_p_disp{}\r\n\t.ads_bottom_disp{}\r\n\t<\/style>\n<h1 class=\"wp-block-heading\" style=\"text-align:center\">Stadtwerke Speyer (SWS) GmbH<\/h1>\n\n\n\n<figure class=\"wp-block-image\"><img decoding=\"async\" src=\"https:\/\/speyer24news.com\/wp-content\/uploads\/2020\/01\/SWS-Logo-1-1024x356.jpg\" alt=\"\" class=\"wp-image-24475\"\/><\/figure>\n\n\n\n<h2 class=\"wp-block-heading\"><strong>Podiumsdiskussion zur Energiewende in Rheinland-Pfalz \u2013 mit SWS-Gesch\u00e4ftsf\u00fchrer Wolfgang B\u00fchring<\/strong><\/h2>\n\n\n\n<div class=\"wp-block-image\"><figure class=\"aligncenter\"><img decoding=\"async\" loading=\"lazy\" width=\"800\" height=\"456\" src=\"https:\/\/speyer24news.com\/wp-content\/uploads\/2021\/02\/VKU.jpg\" alt=\"\" class=\"wp-image-33527\" srcset=\"https:\/\/speyer24news.com\/wp-content\/uploads\/2021\/02\/VKU.jpg 800w, https:\/\/speyer24news.com\/wp-content\/uploads\/2021\/02\/VKU-300x171.jpg 300w, https:\/\/speyer24news.com\/wp-content\/uploads\/2021\/02\/VKU-768x438.jpg 768w\" sizes=\"(max-width: 800px) 100vw, 800px\" \/><\/figure><\/div>\n\n\n\n<p>Die Landesgruppe Rheinland-Pfalz im Verband kommunaler Unternehmen (VKU) l\u00e4dt zur Podiumsdiskussion zur Umsetzung der Energiewende in Rheinland-Pfalz ein. Die Kandidat*innen der im Landtag vertreten Parteien werden mit dem Vorsitzenden der VKU-Landesgruppe Rheinland-Pfalz, Wolfgang B\u00fchring, \u00fcber die Strategien zur Umsetzung der Energiewende diskutieren.<\/p>\n\n\n\n<p><strong>Termin:<\/strong><\/p>\n\n\n\n<ul><li>Mittwoch, 24. Februar 2021<\/li><li>18:00 &#8211; 19:30 Uhr<\/li><\/ul>\n\n\n\n<p><strong>Teilnehmer*innen:<\/strong><\/p>\n\n\n\n<ul><li>Christian Baldauf (Spitzenkandidat CDU)<\/li><li>Roger Lewentz (SPD)<\/li><li>Anne Spiegel (Spitzenkandidatin B\u00fcndnis 90\/Die Gr\u00fcnen)<\/li><li>Daniela Schmitt (Spitzenkandidatin FDP)<\/li><li>Michael Frisch (Spitzenkandidat AfD)<\/li><li>Wolfgang B\u00fchring (Stadtwerke Speyer GmbH und VKU-Landesgruppenvorsitzender)<\/li><\/ul>\n\n\n\n<ul><li><strong>Moderation: Hans-Ulrich Stelter<\/strong><\/li><\/ul>\n\n\n\n<p>Die Veranstaltung wird per Video-Stream \u00fcber Youtube (<a href=\"https:\/\/deref-web.de\/mail\/client\/uT-txc6HdPg\/dereferrer\/?redirectUrl=https%3A%2F%2Fwww.youtube.com%2Fwatch%3Fv%3DpLcGRyrQreg%26feature%3Dyoutu.be\" target=\"_blank\" rel=\"noreferrer noopener\">https:\/\/www.youtube.com\/watch?v=pLcGRyrQreg&amp;feature=youtu.be<\/a>)<\/p>\n\n\n\n<p>und die VKU-Website \u00fcbertragen:&nbsp;<a href=\"https:\/\/deref-web.de\/mail\/client\/7Yl3ST5vIuI\/dereferrer\/?redirectUrl=https%3A%2F%2Fwww.vku.de%2Fpodiumsdiskussion-zur-energiewende-in-rheinland-pfalz-wird-sie-ein-erfolg\" target=\"_blank\" rel=\"noreferrer noopener\">https:\/\/www.vku.de\/podiumsdiskussion-zur-energiewende-in-rheinland-pfalz-wird-sie-ein-erfolg<\/a>.<\/p>\n\n\n\n<p>Zuschauerfragen sind m\u00f6glich.<\/p>\n\n\n\n<p><em>Stadtwerke Speyer GmbH<br>24.02.2021<\/em><\/p>\n\n\n\n<h1 class=\"wp-block-heading\" style=\"text-align:center\">Industriegesellschaft Bauen-Agrar-Umwelt, Bezirksverband Rheinhessen-Vorderpfalz<\/h1>\n\n\n\n<figure class=\"wp-block-image\"><img decoding=\"async\" loading=\"lazy\" width=\"600\" height=\"242\" src=\"https:\/\/speyer24news.com\/wp-content\/uploads\/2020\/04\/IG-Bauen-Agragr-Umwelt-Logo.png\" alt=\"\" class=\"wp-image-26509\" srcset=\"https:\/\/speyer24news.com\/wp-content\/uploads\/2020\/04\/IG-Bauen-Agragr-Umwelt-Logo.png 600w, https:\/\/speyer24news.com\/wp-content\/uploads\/2020\/04\/IG-Bauen-Agragr-Umwelt-Logo-300x121.png 300w\" sizes=\"(max-width: 600px) 100vw, 600px\" \/><\/figure>\n\n\n\n<h2 class=\"wp-block-heading\"><strong>IG BAU will Rechte von Ar<\/strong><strong>beitnehmervertretern st\u00e4rken<\/strong><\/h2>\n\n\n\n<h4 class=\"wp-block-heading\"><strong>Wettbewerb: In Speyer werden Vorzeige-Betriebsr\u00e4te gesucht<\/strong><\/h4>\n\n\n\n<div class=\"wp-block-image\"><figure class=\"aligncenter\"><img decoding=\"async\" loading=\"lazy\" width=\"800\" height=\"533\" src=\"https:\/\/speyer24news.com\/wp-content\/uploads\/2021\/02\/Bauarbeiter-mit-Maske.jpg\" alt=\"\" class=\"wp-image-33526\" srcset=\"https:\/\/speyer24news.com\/wp-content\/uploads\/2021\/02\/Bauarbeiter-mit-Maske.jpg 800w, https:\/\/speyer24news.com\/wp-content\/uploads\/2021\/02\/Bauarbeiter-mit-Maske-300x200.jpg 300w, https:\/\/speyer24news.com\/wp-content\/uploads\/2021\/02\/Bauarbeiter-mit-Maske-768x512.jpg 768w\" sizes=\"(max-width: 800px) 100vw, 800px\" \/><figcaption>Bauarbeiter mit Atemschutzmaske: Auch der Arbeits- und Gesundheitsschutz z\u00e4hlt zu den Aufgaben von Betriebsr\u00e4ten. Die IG BAU appelliert an Besch\u00e4ftigte, sich gerade in Krisenzeiten um die Vertretung ihrer Interessen im Betrieb zu k\u00fcmmern.<\/figcaption><\/figure><\/div>\n\n\n\n<p>Engagierte\nBetriebsr\u00e4te gesucht: Arbeitnehmervertreter, die sich in Speyer w\u00e4hrend der\nCoronakrise besonders um die Belange von Besch\u00e4ftigten verdient machen, sind\npreisverd\u00e4chtig. Noch bis Ende April k\u00f6nnen sie sich um den Deutschen\nBetriebsr\u00e4te-Preis 2021 bewerben. Dazu hat die IG Bauen-Agrar-Umwelt\n(IG&nbsp;BAU) aufgerufen. \u201eVon der Aufstockung des Kurzarbeitergeldes \u00fcber\neinen wirksamen Gesundheitsschutz im Job bis hin zum Umgang mit einer drohenden\nInsolvenz \u2013 die Arbeit von Betriebsr\u00e4ten ist wichtiger denn je\u201c, sagt IG BAU-Bezirksvorsitzender\nR\u00fcdiger Wunderlich. <\/p>\n\n\n\n<p>Die\nGewerkschaft appelliert zugleich an Besch\u00e4ftigte in der Stadt, eine\nArbeitnehmervertretung zu gr\u00fcnden, wo es bislang keine gibt. \u201eGerade in der\nBaubranche mit vielen kleinen Handwerksunternehmen ist in puncto Mitbestimmung\nnoch viel Luft nach oben. Besch\u00e4ftigte sollten sich aus Angst vor dem Chef aber\nnicht um ihr Recht bringen lassen und eine Vertretung w\u00e4hlen\u201c, so Wunderlich.\nEin Betriebsrat kann bereits in Firmen ab f\u00fcnf Mitarbeiterinnen und\nMitarbeitern gegr\u00fcndet werden und bringt nicht nur Besch\u00e4ftigten, sondern auch\nUnternehmen viele Vorteile. <\/p>\n\n\n\n<p>Nach Angaben\ndes Instituts f\u00fcr Arbeitsmarkt- und Berufsforschung (IAB) wurden zuletzt 41&nbsp;Prozent\nder Besch\u00e4ftigten in Westdeutschland von einem Betriebsrat vertreten. In der\nBauwirtschaft liegt die Quote bei lediglich 15 Prozent.<\/p>\n\n\n\n<p>Au\u00dferdem ruft die IG BAU Rheinhessen-Vorderpfalz die\nBundestagsabgeordneten aus der Region dazu auf, das von Arbeitsminister\nHubertus Heil (SPD) vorgelegte \u201eBetriebsr\u00e4test\u00e4rkungsgesetz\u201c zu unterst\u00fctzen.\nDer Entwurf sieht vor, dass Besch\u00e4ftigte, die eine Betriebsratswahl\nvorbereiten, schwerer k\u00fcndbar sind. Nach Beobachtung der IG&nbsp;BAU werden Initiativen\nzur Gr\u00fcndung von Betriebsr\u00e4ten h\u00e4ufig mit allen Mitteln blockiert \u2013 mit zum\nTeil harten pers\u00f6nlichen Folgen f\u00fcr die engagierten Besch\u00e4ftigten, die um ihren\nArbeitsplatz f\u00fcrchten m\u00fcssten. <\/p>\n\n\n\n<p>Laut Gesetzentwurf sollen\nArbeitnehmervertreter zudem bei Themen wie dem mobilen Arbeiten und K\u00fcnstlicher\nIntelligenz mehr Mitsprache erhalten. Obwohl das Vorhaben im Berliner\nKoalitionsvertrag vereinbart worden war, stie\u00df es zuletzt auf den Widerstand\nder Union. <\/p>\n\n\n\n<p>Der Deutsche Betriebsr\u00e4te-Preis steht unter der Schirmherrschaft des Bundesarbeitsministeriums und ist eine Initiative der Fachzeitschrift \u201eArbeitsrecht im Betrieb\u201c. Die Auszeichnung wird seit 2009 verliehen und zeichnet engagierte Interessenvertretungen unabh\u00e4ngig von Branche und Betriebsgr\u00f6\u00dfe aus. Bewerbungsschluss f\u00fcr den Preis ist in diesem Jahr der 30. April. Weitere Infos online unter: <a href=\"http:\/\/www.betriebsraetepreis.de\">www.betriebsraetepreis.de<\/a>.<\/p>\n\n\n\n<p><em>Industriegewerkschaft Bauen-Agrar-Umwelt, Bezirksverband Rheinhessen-Vorderpfalz<br>24.02.2021<\/em><\/p>\n","protected":false},"excerpt":{"rendered":"<div class=\"mh-excerpt\"><p>Stadtwerke Speyer (SWS) GmbH Podiumsdiskussion zur Energiewende in Rheinland-Pfalz \u2013 mit SWS-Gesch\u00e4ftsf\u00fchrer Wolfgang B\u00fchring Die Landesgruppe Rheinland-Pfalz im Verband kommunaler Unternehmen (VKU) l\u00e4dt zur Podiumsdiskussion zur Umsetzung der Energiewende in Rheinland-Pfalz ein. Die Kandidat*innen der <a class=\"mh-excerpt-more\" href=\"https:\/\/speyer24news.com\/?p=33525\" title=\"Wirtschaft &#038; Finanzen\">[&#8230;]<\/a><\/p>\n<\/div>","protected":false},"author":3,"featured_media":0,"comment_status":"open","ping_status":"open","sticky":false,"template":"","format":"standard","meta":{"_monsterinsights_skip_tracking":false,"_monsterinsights_sitenote_active":false,"_monsterinsights_sitenote_note":"","_monsterinsights_sitenote_category":0,"footnotes":""},"categories":[29],"tags":[5167,10241,8526,9199,9198,6613,31,1442,10242,1087,4698,6539],"aioseo_notices":[],"amp_enabled":true,"_links":{"self":[{"href":"https:\/\/speyer24news.com\/index.php?rest_route=\/wp\/v2\/posts\/33525"}],"collection":[{"href":"https:\/\/speyer24news.com\/index.php?rest_route=\/wp\/v2\/posts"}],"about":[{"href":"https:\/\/speyer24news.com\/index.php?rest_route=\/wp\/v2\/types\/post"}],"author":[{"embeddable":true,"href":"https:\/\/speyer24news.com\/index.php?rest_route=\/wp\/v2\/users\/3"}],"replies":[{"embeddable":true,"href":"https:\/\/speyer24news.com\/index.php?rest_route=%2Fwp%2Fv2%2Fcomments&post=33525"}],"version-history":[{"count":1,"href":"https:\/\/speyer24news.com\/index.php?rest_route=\/wp\/v2\/posts\/33525\/revisions"}],"predecessor-version":[{"id":33528,"href":"https:\/\/speyer24news.com\/index.php?rest_route=\/wp\/v2\/posts\/33525\/revisions\/33528"}],"wp:attachment":[{"href":"https:\/\/speyer24news.com\/index.php?rest_route=%2Fwp%2Fv2%2Fmedia&parent=33525"}],"wp:term":[{"taxonomy":"category","embeddable":true,"href":"https:\/\/speyer24news.com\/index.php?rest_route=%2Fwp%2Fv2%2Fcategories&post=33525"},{"taxonomy":"post_tag","embeddable":true,"href":"https:\/\/speyer24news.com\/index.php?rest_route=%2Fwp%2Fv2%2Ftags&post=33525"}],"curies":[{"name":"wp","href":"https:\/\/api.w.org\/{rel}","templated":true}]}}