{"id":33548,"date":"2021-02-24T11:37:48","date_gmt":"2021-02-24T10:37:48","guid":{"rendered":"https:\/\/speyer24news.com\/?p=33548"},"modified":"2021-02-24T11:37:49","modified_gmt":"2021-02-24T10:37:49","slug":"speyer-corona-7","status":"publish","type":"post","link":"https:\/\/speyer24news.com\/?p=33548","title":{"rendered":"Speyer \/ Corona"},"content":{"rendered":"<style type=\"text\/css\">\r\n\t.ads_top_disp{}\r\n\t.ads_top_corner_disp{ float:left; margin:0px 10px 10px 0px; }\r\n\t.ads_first_p_disp{}\r\n\t.ads_bottom_disp{}\r\n\t<\/style>\n<h2 class=\"wp-block-heading\"><strong>Nachr\u00fcckerliste: Impfwillige B\u00fcrger*innen \u00fcber 80 Jahren k\u00f6nnen sich melden<\/strong><\/h2>\n\n\n\n<figure class=\"wp-block-image\"><img decoding=\"async\" loading=\"lazy\" width=\"800\" height=\"533\" src=\"https:\/\/speyer24news.com\/wp-content\/uploads\/2020\/11\/vaccination-2722937_1920.jpg\" alt=\"\" class=\"wp-image-31275\" srcset=\"https:\/\/speyer24news.com\/wp-content\/uploads\/2020\/11\/vaccination-2722937_1920.jpg 800w, https:\/\/speyer24news.com\/wp-content\/uploads\/2020\/11\/vaccination-2722937_1920-300x200.jpg 300w, https:\/\/speyer24news.com\/wp-content\/uploads\/2020\/11\/vaccination-2722937_1920-768x512.jpg 768w\" sizes=\"(max-width: 800px) 100vw, 800px\" \/><\/figure>\n\n\n\n<p>Die Stadtverwaltung Speyer informiert, dass sich impfwillige B\u00fcrger*innen \u00fcber 80 Jahren, die in Speyer wohnen und bisher noch keinen oder einen sp\u00e4ten Impftermin erhalten haben, freiwillig auf eine im Impfzentrum gef\u00fchrte Nachr\u00fcckerliste setzen lassen k\u00f6nnen. Diese kommt zum Einsatz, wenn am Ende eines Tages Impfdosen \u00fcbrig sind, die aufgrund kurzfristig abgesagter oder nicht wahrgenommener Termine nicht verimpft werden konnten. Die Personen auf der Nachr\u00fcckerliste werden dann abtelefoniert und k\u00f6nnen noch am selben Tag geimpft werden.<\/p>\n\n\n\n<p>\u201eSeit Beginn der Impfungen verfahren wir auf diese Weise und haben so erreicht, dass im Impfzentrum Speyer bisher alle zur Verf\u00fcgung stehenden Dosen auch tats\u00e4chlich verbraucht werden konnten. Wir impfen derzeit mit den Impfstoffen von Biontech und Astra Zeneca. Nur ersterer kommt f\u00fcr den Personenkreis \u00fcber 80 Jahren in Frage und sollte daher zumindest im Moment noch prim\u00e4r f\u00fcr diesen verwendet werden, um m\u00f6glichst schnell eine m\u00f6glichst hohe Impfrate zu erreichen. Ich m\u00f6chte die B\u00fcrger*innen \u00fcber 80 Jahren, die bisher noch nicht geimpft wurden oder die noch keinen Impftermin erhalten haben, ausdr\u00fccklich dazu ermutigen, sich auf die Liste setzen zu lassen\u201c, so Oberb\u00fcrgermeisterin Stefanie Seiler.<\/p>\n\n\n\n<figure class=\"wp-block-image\"><img decoding=\"async\" loading=\"lazy\" width=\"800\" height=\"600\" src=\"https:\/\/speyer24news.com\/wp-content\/uploads\/2020\/12\/Impfzentrum1.jpg\" alt=\"\" class=\"wp-image-31704\" srcset=\"https:\/\/speyer24news.com\/wp-content\/uploads\/2020\/12\/Impfzentrum1.jpg 800w, https:\/\/speyer24news.com\/wp-content\/uploads\/2020\/12\/Impfzentrum1-300x225.jpg 300w, https:\/\/speyer24news.com\/wp-content\/uploads\/2020\/12\/Impfzentrum1-768x576.jpg 768w, https:\/\/speyer24news.com\/wp-content\/uploads\/2020\/12\/Impfzentrum1-678x509.jpg 678w, https:\/\/speyer24news.com\/wp-content\/uploads\/2020\/12\/Impfzentrum1-326x245.jpg 326w, https:\/\/speyer24news.com\/wp-content\/uploads\/2020\/12\/Impfzentrum1-80x60.jpg 80w\" sizes=\"(max-width: 800px) 100vw, 800px\" \/><\/figure>\n\n\n\n<p>Neben dem Alter ist es eine wichtige Voraussetzung, dass die Personen, die sich auf die Nachr\u00fcckerliste setzen lassen, mobil sind und innerhalb einer Stunde im Impfzentrum sein k\u00f6nnen. Mitzubringen ist ein g\u00fcltiges Ausweisdokument und wenn m\u00f6glich auch der Impfpass.<\/p>\n\n\n\n<p>Wer \u00fcber die Nachr\u00fcckerliste kontaktiert wird und so einen kurzfristigen Impftermin bekommt, erh\u00e4lt automatisch auch einen regul\u00e4ren Termin f\u00fcr die Zweit- bzw. Auffrischungsimpfung im richtigen zeitlichen Abstand.<\/p>\n\n\n\n<p>Speyerer B\u00fcrger*innen, die sich selbst oder einen impfwilligen Angeh\u00f6rigen auf die Nachr\u00fcckerliste setzen lassen m\u00f6chten, wenden sich bitte per E-Mail an\u00a0<a rel=\"noreferrer noopener\" href=\"mailto:heidi.jester@stadt-speyer.de\" target=\"_blank\">heidi.jester@stadt-speyer.de<\/a>. Alternativ ist eine telefonische Kontaktaufnahme unter 0 62 32 \u2013 14 11 62 m\u00f6glich.<\/p>\n\n\n\n<p><em>Stadt Speyer<br>24.02.2021<\/em><\/p>\n","protected":false},"excerpt":{"rendered":"<div class=\"mh-excerpt\"><p>Nachr\u00fcckerliste: Impfwillige B\u00fcrger*innen \u00fcber 80 Jahren k\u00f6nnen sich melden Die Stadtverwaltung Speyer informiert, dass sich impfwillige B\u00fcrger*innen \u00fcber 80 Jahren, die in Speyer wohnen und bisher noch keinen oder einen sp\u00e4ten Impftermin erhalten haben, freiwillig <a class=\"mh-excerpt-more\" href=\"https:\/\/speyer24news.com\/?p=33548\" title=\"Speyer \/ Corona\">[&#8230;]<\/a><\/p>\n<\/div>","protected":false},"author":3,"featured_media":23902,"comment_status":"open","ping_status":"open","sticky":false,"template":"","format":"standard","meta":{"_monsterinsights_skip_tracking":false,"_monsterinsights_sitenote_active":false,"_monsterinsights_sitenote_note":"","_monsterinsights_sitenote_category":0,"footnotes":""},"categories":[9],"tags":[8844,9169,9170,6940,6359,6358,6342,6],"aioseo_notices":[],"amp_enabled":true,"_links":{"self":[{"href":"https:\/\/speyer24news.com\/index.php?rest_route=\/wp\/v2\/posts\/33548"}],"collection":[{"href":"https:\/\/speyer24news.com\/index.php?rest_route=\/wp\/v2\/posts"}],"about":[{"href":"https:\/\/speyer24news.com\/index.php?rest_route=\/wp\/v2\/types\/post"}],"author":[{"embeddable":true,"href":"https:\/\/speyer24news.com\/index.php?rest_route=\/wp\/v2\/users\/3"}],"replies":[{"embeddable":true,"href":"https:\/\/speyer24news.com\/index.php?rest_route=%2Fwp%2Fv2%2Fcomments&post=33548"}],"version-history":[{"count":1,"href":"https:\/\/speyer24news.com\/index.php?rest_route=\/wp\/v2\/posts\/33548\/revisions"}],"predecessor-version":[{"id":33549,"href":"https:\/\/speyer24news.com\/index.php?rest_route=\/wp\/v2\/posts\/33548\/revisions\/33549"}],"wp:featuredmedia":[{"embeddable":true,"href":"https:\/\/speyer24news.com\/index.php?rest_route=\/wp\/v2\/media\/23902"}],"wp:attachment":[{"href":"https:\/\/speyer24news.com\/index.php?rest_route=%2Fwp%2Fv2%2Fmedia&parent=33548"}],"wp:term":[{"taxonomy":"category","embeddable":true,"href":"https:\/\/speyer24news.com\/index.php?rest_route=%2Fwp%2Fv2%2Fcategories&post=33548"},{"taxonomy":"post_tag","embeddable":true,"href":"https:\/\/speyer24news.com\/index.php?rest_route=%2Fwp%2Fv2%2Ftags&post=33548"}],"curies":[{"name":"wp","href":"https:\/\/api.w.org\/{rel}","templated":true}]}}