{"id":33562,"date":"2021-02-24T19:21:28","date_gmt":"2021-02-24T18:21:28","guid":{"rendered":"https:\/\/speyer24news.com\/?p=33562"},"modified":"2021-02-24T19:21:29","modified_gmt":"2021-02-24T18:21:29","slug":"corona-stadtnotizen-aus-speyer-9","status":"publish","type":"post","link":"https:\/\/speyer24news.com\/?p=33562","title":{"rendered":"Corona &#038; Stadtnotizen aus Speyer"},"content":{"rendered":"<style type=\"text\/css\">\r\n\t.ads_top_disp{}\r\n\t.ads_top_corner_disp{ float:left; margin:0px 10px 10px 0px; }\r\n\t.ads_first_p_disp{}\r\n\t.ads_bottom_disp{}\r\n\t<\/style>\n<h1 class=\"wp-block-heading\">Coronafallzahlen von Mittwoch (24.02.2021)<\/h1>\n\n\n\n<p><\/p>\n\n\n\n<figure class=\"wp-block-image\"><img decoding=\"async\" loading=\"lazy\" width=\"800\" height=\"400\" src=\"https:\/\/speyer24news.com\/wp-content\/uploads\/2020\/02\/virus-1812092_1920.jpg\" alt=\"\" class=\"wp-image-25128\" srcset=\"https:\/\/speyer24news.com\/wp-content\/uploads\/2020\/02\/virus-1812092_1920.jpg 800w, https:\/\/speyer24news.com\/wp-content\/uploads\/2020\/02\/virus-1812092_1920-300x150.jpg 300w, https:\/\/speyer24news.com\/wp-content\/uploads\/2020\/02\/virus-1812092_1920-768x384.jpg 768w\" sizes=\"(max-width: 800px) 100vw, 800px\" \/><\/figure>\n\n\n\n<p>Anzahl best\u00e4tigter F\u00e4lle von Coronavirus (SARS-CoV-2)-Infektionen in der Stadt Speyer:\u00a01996 ( + 3 )<br>Davon bereits genesen:\u00a01841<br>Todesf\u00e4lle: 77 ( unver\u00e4ndert )<br>Gemeldete F\u00e4lle der letzten sieben Tage pro 100.000 Einwohner*innen: 45,5 ( unver\u00e4ndert )<br><strong>Warnstufe: Orange<\/strong><\/p>\n\n\n\n<p>Stand: 23.02.2021, 14:10 Uhr<\/p>\n\n\n\n<p><em>Landesuntersuchungsamt Rheinland-Pfalz<br>24.02.2021<\/em><\/p>\n\n\n\n<h1 class=\"wp-block-heading\" style=\"text-align:center\">Stadtnotizen<\/h1>\n\n\n\n<figure class=\"wp-block-image\"><img decoding=\"async\" loading=\"lazy\" width=\"800\" height=\"600\" src=\"https:\/\/speyer24news.com\/wp-content\/uploads\/2020\/01\/Speyer-Stadtnachrichten-2.jpg\" alt=\"\" class=\"wp-image-23901\" srcset=\"https:\/\/speyer24news.com\/wp-content\/uploads\/2020\/01\/Speyer-Stadtnachrichten-2.jpg 800w, https:\/\/speyer24news.com\/wp-content\/uploads\/2020\/01\/Speyer-Stadtnachrichten-2-300x225.jpg 300w, https:\/\/speyer24news.com\/wp-content\/uploads\/2020\/01\/Speyer-Stadtnachrichten-2-768x576.jpg 768w, https:\/\/speyer24news.com\/wp-content\/uploads\/2020\/01\/Speyer-Stadtnachrichten-2-678x509.jpg 678w, https:\/\/speyer24news.com\/wp-content\/uploads\/2020\/01\/Speyer-Stadtnachrichten-2-326x245.jpg 326w, https:\/\/speyer24news.com\/wp-content\/uploads\/2020\/01\/Speyer-Stadtnachrichten-2-80x60.jpg 80w\" sizes=\"(max-width: 800px) 100vw, 800px\" \/><\/figure>\n\n\n\n<h2 class=\"wp-block-heading\"><strong>Stadt Speyer erh\u00e4lt Haushaltsgenehmigung<\/strong><\/h2>\n\n\n\n<figure class=\"wp-block-image\"><img decoding=\"async\" loading=\"lazy\" width=\"768\" height=\"551\" src=\"https:\/\/speyer24news.com\/wp-content\/uploads\/2021\/01\/Geld.jpg\" alt=\"\" class=\"wp-image-31982\" srcset=\"https:\/\/speyer24news.com\/wp-content\/uploads\/2021\/01\/Geld.jpg 768w, https:\/\/speyer24news.com\/wp-content\/uploads\/2021\/01\/Geld-300x215.jpg 300w\" sizes=\"(max-width: 768px) 100vw, 768px\" \/><\/figure>\n\n\n\n<p>Am Dienstag, 23. Februar&nbsp;2021 hat die Stadt Speyer den von der Aufsichts- und Dienstleistungsdirektion (ADD) genehmigten Haushalt f\u00fcr das Haushaltsjahr 2021 erhalten. Ebenfalls genehmigt wurde der parallel eingereichte Stellenplan.&nbsp;<\/p>\n\n\n\n<p>\u201eIch begr\u00fc\u00dfe die Genehmigung des Haushaltes, die daf\u00fcr sorgt, dass wir handlungsf\u00e4hig bleiben, um auch zuk\u00fcnftig schnell und zielgenau auf neue Entwicklungen reagieren zu k\u00f6nnen&#8220;, betont Oberb\u00fcrgermeisterin Stefanie Seiler. \u201eBedingt durch die Corona-Pandemie und der&nbsp;mit ihr einhergehenden Herausforderungen hatten wir im letzten Jahr und werden auch in diesem Jahr deutliche Mehrausgaben haben.&nbsp;Dadurch, dass die Stadt Speyer aufgrund der Berechnungsmethode keinen Gewerbesteuerausgleich erhalten wird, werden wir coronabedingt anfallende Zusatzkosten zunehmend&nbsp;mit Geldern aus dem st\u00e4dtischen Haushalt decken&nbsp;m\u00fcssen. Neben einem genehmigten Haushaltsplan ist es daher umso wichtiger &#8211; und das habe ich an dieser Stelle schon im letzten Jahr gefordert &#8211; dass die&nbsp;Kommunen bei der Erf\u00fcllung von Bundes- und Landesaufgaben&nbsp;ausk\u00f6mmlich finanziert werden\u201c, so die Stadtchefin weiter.&nbsp;<\/p>\n\n\n\n<figure class=\"wp-block-image\"><img decoding=\"async\" loading=\"lazy\" width=\"800\" height=\"600\" src=\"https:\/\/speyer24news.com\/wp-content\/uploads\/2020\/01\/IMG_20200110_193106-1.jpg\" alt=\"\" class=\"wp-image-24109\" srcset=\"https:\/\/speyer24news.com\/wp-content\/uploads\/2020\/01\/IMG_20200110_193106-1.jpg 800w, https:\/\/speyer24news.com\/wp-content\/uploads\/2020\/01\/IMG_20200110_193106-1-300x225.jpg 300w, https:\/\/speyer24news.com\/wp-content\/uploads\/2020\/01\/IMG_20200110_193106-1-768x576.jpg 768w, https:\/\/speyer24news.com\/wp-content\/uploads\/2020\/01\/IMG_20200110_193106-1-678x509.jpg 678w, https:\/\/speyer24news.com\/wp-content\/uploads\/2020\/01\/IMG_20200110_193106-1-326x245.jpg 326w, https:\/\/speyer24news.com\/wp-content\/uploads\/2020\/01\/IMG_20200110_193106-1-80x60.jpg 80w\" sizes=\"(max-width: 800px) 100vw, 800px\" \/><\/figure>\n\n\n\n<p>Die st\u00e4dtische K\u00e4mmerei wird in den kommenden Tagen eine genaue Pr\u00fcfung der Genehmigung vornehmen und nachgeforderte Unterlagen bei der ADD einreichen. Sobald dieser Prozess abgeschlossen&nbsp;ist, werden weitere Erl\u00e4uterungen f\u00fcr die \u00d6ffentlichkeit folgen.<\/p>\n\n\n\n<p><em>Stadtverwaltung Speyer<br>24.02.2021<\/em><\/p>\n\n\n\n<h2 class=\"wp-block-heading\">Information des Standesamts Speyer zu Trauerfeiern<\/h2>\n\n\n\n<figure class=\"wp-block-image\"><img decoding=\"async\" loading=\"lazy\" width=\"800\" height=\"533\" src=\"https:\/\/speyer24news.com\/wp-content\/uploads\/2021\/02\/Trauerfeier.jpg\" alt=\"\" class=\"wp-image-33574\" srcset=\"https:\/\/speyer24news.com\/wp-content\/uploads\/2021\/02\/Trauerfeier.jpg 800w, https:\/\/speyer24news.com\/wp-content\/uploads\/2021\/02\/Trauerfeier-300x200.jpg 300w, https:\/\/speyer24news.com\/wp-content\/uploads\/2021\/02\/Trauerfeier-768x512.jpg 768w\" sizes=\"(max-width: 800px) 100vw, 800px\" \/><\/figure>\n\n\n\n<h2 class=\"wp-block-heading\">Trauerfeiern (TF) &#8211; Trauerhalle (TH) Friedhof:<\/h2>\n\n\n\n<h4 class=\"wp-block-heading\">Die Trauerhalle ist f\u00fcr Trauerfeiern ab dem Montag, 01. M\u00e4rz 2021 wieder ge\u00f6ffnet.<\/h4>\n\n\n\n<p>Wir empfehlen den Verzicht auf Nennung der Trauerfeier- und Bestattungstermine in Traueranzeigen.<\/p>\n\n\n\n<p>Die G\u00e4stezahl ist auf den engsten Angeh\u00f6rigen- und Familienkreis zu reduzieren (max. 20 Personen). Die Trauerhalle ist mit insgesamt 20 St\u00fchlen bestuhlt, die in einem einzuhaltenden Mindestabstand von zwei Metern stehen. Es gibt keine Stehpl\u00e4tze f\u00fcr weitere G\u00e4ste. Die Empore und der Arkadenbereich sind gesperrt. Livemusik und Gesang ist bei TF in der TH nicht gestattet.<\/p>\n\n\n\n<p>Die Trauerhalle darf nur von objektiv gesunden G\u00e4sten betreten werden.<\/p>\n\n\n\n<p>Beim Betreten der Trauerhalle ist von den angebotenen H\u00e4ndedesinfektionsmittelspendern Gebrauch zu machen.<\/p>\n\n\n\n<p>Anlieferung von Blumen und Trauerdekoration darf nur von Befugten bis 09.00 Uhr erfolgen. Der Aufenthalt Im Innenhof und TH-Bereich ist ausschlie\u00dflich den Bestattungsinstituten und deren Mitarbeiterschaft f\u00fcr die jeweils n\u00e4chsten TF und Beisetzung erlaubt. Die \u00d6ffnung der T\u00fcren zur Trauerhalle f\u00fcr G\u00e4ste erfolgt erst ca. 10 Min. vor Beginn der Trauerfeier.<\/p>\n\n\n\n<p>Das Tragen einer medizinischen Maske (OP-Maske oder FFP 2-Maske) ist Voraussetzung f\u00fcr das Betreten der Verwaltungsgeb\u00e4ude durch Besucher. <\/p>\n\n\n\n<p>Die med. Maske muss beim Betreten und Verlassen der Trauerhalle und auch w\u00e4hrend der Trauerfeier nach Einnahme des Sitzplatzes und im Sitzen getragen werden.<\/p>\n\n\n\n<p>Das Kontaktformular (je Gast ein Vordruck) ist von den mitkommenden G\u00e4sten der Trauergesellschaft im Voraus auszuf\u00fcllen und mitzubringen. Ohne dieses Kontaktformular ist ein Betreten der Trauerhalle nicht m\u00f6glich. Dieses Kontaktformular wird chronologisch in Ordnern abgeheftet, aufbewahrt und dann nach Ablauf einer Frist von vier Wochen vernichtet.<\/p>\n\n\n\n<p>Auch im Freien w\u00e4hrend des Trauerzugs und bei der Beisetzung am Grab empfehlen wir dringend das Tragen einer Mund-Nasen-Bedeckung.<\/p>\n\n\n\n<p>Dar\u00fcber hinaus sind die Mindestabstandregeln von 1,50 m auch im Freien auf dem gesamten Friedhof zu beachten.<\/p>\n\n\n\n<p>Hygieneschutzma\u00dfnahmen: Weihwasserkessel werden nur noch f\u00fcr Geistliche bereitgestellt und die Sandschale am Grab ohne Schippe. Das Aufstellen von Kondolenzst\u00e4ndern bzw. die Auslage von Kondolenzlisten ist derzeit leider nicht m\u00f6glich.<\/p>\n\n\n\n<p>Reservierungen von Bestattungsterminen sind nur \u00fcber das FH-B\u00fcro m\u00f6glich, nicht mehr selbstst\u00e4ndig durch die Bestattungsinstitute.<\/p>\n\n\n\n<p>Urnenbeisetzungen k\u00f6nnen zeitlich geschoben werden und unter Beachtung der gesetzlichen Frist von drei Monate durchgef\u00fchrt werden.<\/p>\n\n\n\n<p>Erdbestattungen werden unter Ber\u00fccksichtigung der Bestattungsfrist von maximal zehn Tagen vorgezogen.<\/p>\n\n\n\n<p>Seit Januar 2021 wurde der Bestattungsterminkalender ge\u00e4ndert, so dass mehr Bestattungstermine pro Woche angeboten werden k\u00f6nnen.<\/p>\n\n\n\n<p>Montags bis Donnerstag: je 3 Erdbestattungen um 10.00, 11.30 und 13.00 Uhr<\/p>\n\n\n\n<p>Zus\u00e4tzlich noch von Montags bis Donnerstag je 2 Urnenbeisetzungen um 14.30 und 15.30 Uhr<\/p>\n\n\n\n<p>Freitags werden ausschlie\u00dflich 3 Urnenbeisetzungen angeboten: 09.30, 10.30 und 11.30 Uhr<\/p>\n\n\n\n<p>Friedhofsbesucher und sonstige Kunden werden \u00fcber das seitliche Fenster des Friedhofsb\u00fcros bedient.<\/p>\n\n\n\n<p>Nur in notwendigen Ausnahmef\u00e4llen darf von max. 2 befugten Personen mit medizin. Maske das B\u00fcro zeitlich limitiert betreten werden.<\/p>\n\n\n\n<p>F\u00fcr Grabaussuchtermine bitten wir zwingend vorher einen Termin zu vereinbaren und sich zuvor \u00fcber das Internet unter <a href=\"http:\/\/www.Speyer\/Rathaus&amp;Verwaltung\/Standesamt\/Friedhof\/Grabformen\">www.Speyer\/Rathaus&amp;Verwaltung\/Standesamt\/Friedhof\/Grabformen <\/a>ausf\u00fchrlich \u00fcber die verschieden Grabarten f\u00fcr Urnenbeisetzungen und Erdbestattungen mit allen Geb\u00fchren zu informieren. Diese liegen auch in Papierform im Friedhofsb\u00fcro (Hertrichweg 2a), dem Standesamt (Gro\u00dfe Himmelsgasse 10) und bei den Speyerer Bestattungsinstituten zur Mitnahme aus. Wir bitten Grabaussuchtermin immer mit dem FH-B\u00fcro zeitlich im Voraus abzustimmen. <\/p>\n\n\n\n<p>Das Standesamt Speyer dankt f\u00fcr Ihr Verst\u00e4ndnis und Ihre Bem\u00fchungen zur Eind\u00e4mmung der Corona-Pandemie. F\u00fcr R\u00fcckfragen stehen wir Ihnen telefonisch unter 06232 \/ 14-2506 sowie per Mail unter <a href=\"standesamt@stadt-speyer.de\">standesamt@stadt-speyer.de<\/a> bzw. <a href=\"friedhof@stadt-speyer.de\">friedhof@stadt-speyer.de<\/a> gerne zur Verf\u00fcgung.<\/p>\n\n\n\n<p><em>Stadtverwaltung Speyer<br>24.02.2021<\/em><\/p>\n","protected":false},"excerpt":{"rendered":"<div class=\"mh-excerpt\"><p>Coronafallzahlen von Mittwoch (24.02.2021) Anzahl best\u00e4tigter F\u00e4lle von Coronavirus (SARS-CoV-2)-Infektionen in der Stadt Speyer:\u00a01996 ( + 3 )Davon bereits genesen:\u00a01841Todesf\u00e4lle: 77 ( unver\u00e4ndert )Gemeldete F\u00e4lle der letzten sieben Tage pro 100.000 Einwohner*innen: 45,5 ( unver\u00e4ndert <a class=\"mh-excerpt-more\" href=\"https:\/\/speyer24news.com\/?p=33562\" title=\"Corona &#038; Stadtnotizen aus Speyer\">[&#8230;]<\/a><\/p>\n<\/div>","protected":false},"author":3,"featured_media":23902,"comment_status":"open","ping_status":"open","sticky":false,"template":"","format":"standard","meta":{"_monsterinsights_skip_tracking":false,"_monsterinsights_sitenote_active":false,"_monsterinsights_sitenote_note":"","_monsterinsights_sitenote_category":0,"footnotes":""},"categories":[47],"tags":[10282,8404,6940,8725,6359,6358,7003,6342,10280,10281,6],"aioseo_notices":[],"amp_enabled":true,"_links":{"self":[{"href":"https:\/\/speyer24news.com\/index.php?rest_route=\/wp\/v2\/posts\/33562"}],"collection":[{"href":"https:\/\/speyer24news.com\/index.php?rest_route=\/wp\/v2\/posts"}],"about":[{"href":"https:\/\/speyer24news.com\/index.php?rest_route=\/wp\/v2\/types\/post"}],"author":[{"embeddable":true,"href":"https:\/\/speyer24news.com\/index.php?rest_route=\/wp\/v2\/users\/3"}],"replies":[{"embeddable":true,"href":"https:\/\/speyer24news.com\/index.php?rest_route=%2Fwp%2Fv2%2Fcomments&post=33562"}],"version-history":[{"count":4,"href":"https:\/\/speyer24news.com\/index.php?rest_route=\/wp\/v2\/posts\/33562\/revisions"}],"predecessor-version":[{"id":33576,"href":"https:\/\/speyer24news.com\/index.php?rest_route=\/wp\/v2\/posts\/33562\/revisions\/33576"}],"wp:featuredmedia":[{"embeddable":true,"href":"https:\/\/speyer24news.com\/index.php?rest_route=\/wp\/v2\/media\/23902"}],"wp:attachment":[{"href":"https:\/\/speyer24news.com\/index.php?rest_route=%2Fwp%2Fv2%2Fmedia&parent=33562"}],"wp:term":[{"taxonomy":"category","embeddable":true,"href":"https:\/\/speyer24news.com\/index.php?rest_route=%2Fwp%2Fv2%2Fcategories&post=33562"},{"taxonomy":"post_tag","embeddable":true,"href":"https:\/\/speyer24news.com\/index.php?rest_route=%2Fwp%2Fv2%2Ftags&post=33562"}],"curies":[{"name":"wp","href":"https:\/\/api.w.org\/{rel}","templated":true}]}}