{"id":33577,"date":"2021-02-24T19:39:27","date_gmt":"2021-02-24T18:39:27","guid":{"rendered":"https:\/\/speyer24news.com\/?p=33577"},"modified":"2021-02-24T19:42:31","modified_gmt":"2021-02-24T18:42:31","slug":"historische-museum-der-pfalz-speyer","status":"publish","type":"post","link":"https:\/\/speyer24news.com\/?p=33577","title":{"rendered":"Historisches Museum der Pfalz, Speyer"},"content":{"rendered":"<style type=\"text\/css\">\r\n\t.ads_top_disp{}\r\n\t.ads_top_corner_disp{ float:left; margin:0px 10px 10px 0px; }\r\n\t.ads_first_p_disp{}\r\n\t.ads_bottom_disp{}\r\n\t<\/style>\n<figure class=\"wp-block-image\"><img decoding=\"async\" src=\"https:\/\/speyer24news.com\/wp-content\/uploads\/2020\/01\/Historisches-Museum.jpg\" alt=\"\" class=\"wp-image-24528\"\/><\/figure>\n\n\n\n<h2 class=\"wp-block-heading\"><strong>Trotz pandemiebedingter Schlie\u00dfung erfolgreiche Bilanz f\u00fcr Medicus und Gr\u00fcffelo im Historischen Museum der Pfalz<\/strong><\/h2>\n\n\n\n<h3 class=\"wp-block-heading\"><strong>100.816 Besucher kamen 2020 in das Museum in Speyer<\/strong><\/h3>\n\n\n\n<div class=\"wp-block-image\"><figure class=\"aligncenter\"><img decoding=\"async\" loading=\"lazy\" width=\"800\" height=\"511\" src=\"https:\/\/speyer24news.com\/wp-content\/uploads\/2019\/12\/IMG_20191219_115847_1.jpg\" alt=\"\" class=\"wp-image-23430\" srcset=\"https:\/\/speyer24news.com\/wp-content\/uploads\/2019\/12\/IMG_20191219_115847_1.jpg 800w, https:\/\/speyer24news.com\/wp-content\/uploads\/2019\/12\/IMG_20191219_115847_1-300x192.jpg 300w, https:\/\/speyer24news.com\/wp-content\/uploads\/2019\/12\/IMG_20191219_115847_1-768x491.jpg 768w\" sizes=\"(max-width: 800px) 100vw, 800px\" \/><\/figure><\/div>\n\n\n\n<p>Das Historische Museum der Pfalz startete sehr erfolgreich in das Jahr 2020: In den ersten 10 Wochen str\u00f6mten \u00fcber 85.000 Menschen zu den beiden Ausstellungen \u201eMedicus &#8211; Die Macht des Wissens\u201c und \u201eDer Gr\u00fcffelo\u201c. Einen vergleichbar gro\u00dfen Besucheransturm hatte das Museum zuletzt 2014 und 2015 zur Titanic-Ausstellung.<\/p>\n\n\n\n<figure class=\"wp-block-image\"><img decoding=\"async\" src=\"https:\/\/speyer24news.com\/wp-content\/uploads\/2019\/12\/WhatsApp-Image-2019-12-19-at-18.54.03.jpeg\" alt=\"\" class=\"wp-image-23410\"\/><\/figure>\n\n\n\n<p>Dann kam im M\u00e4rz unvermittelt die Corona-Pandemie in Deutschland an und damit die lange Phasen der Zwangsschlie\u00dfung und des eingeschr\u00e4nkten Museumsbetriebs. Zweimal wurden die Ausstellungen \u201eMedicus\u201c und \u201eGr\u00fcffelo\u201c er\u00f6ffnet, zweimal mussten sie wieder geschlossen werden.<\/p>\n\n\n\n<figure class=\"wp-block-image\"><img decoding=\"async\" loading=\"lazy\" width=\"800\" height=\"600\" src=\"https:\/\/speyer24news.com\/wp-content\/uploads\/2019\/12\/DSC09137.jpg\" alt=\"\" class=\"wp-image-23387\" srcset=\"https:\/\/speyer24news.com\/wp-content\/uploads\/2019\/12\/DSC09137.jpg 800w, https:\/\/speyer24news.com\/wp-content\/uploads\/2019\/12\/DSC09137-300x225.jpg 300w, https:\/\/speyer24news.com\/wp-content\/uploads\/2019\/12\/DSC09137-768x576.jpg 768w, https:\/\/speyer24news.com\/wp-content\/uploads\/2019\/12\/DSC09137-678x509.jpg 678w, https:\/\/speyer24news.com\/wp-content\/uploads\/2019\/12\/DSC09137-326x245.jpg 326w, https:\/\/speyer24news.com\/wp-content\/uploads\/2019\/12\/DSC09137-80x60.jpg 80w\" sizes=\"(max-width: 800px) 100vw, 800px\" \/><\/figure>\n\n\n\n<p>\u201eGerade f\u00fcr unser Haus, das seit vielen Jahren auf die publikumstr\u00e4chtigen, gro\u00dfen Sonderausstellungen ausgerichtet und wirtschaftlich von deren Erfolg abh\u00e4ngig ist, bedeuteten die verschiedenen Lockdowns, ob \u201elight\u201c oder \u201ehart\u201c, wahrhaft strukturelle Ersch\u00fctterungen\u201c, zieht Direktor Alexander Schubert Bilanz. So blieb erstmals seit vielen Jahren die Gesamtbesucherzahl weit hinter den Erwartungen zur\u00fcck.<br>Insgesamt besuchten 100.816 Menschen 2020 die Sonder- und Sammlungsausstellungen sowie Veranstaltungen des Speyerer Museums.<br>W\u00e4hrend des Lockdowns bietet der virtuelle Rundgang unter&nbsp;<a rel=\"noreferrer noopener\" href=\"https:\/\/deref-web.de\/mail\/client\/TCBb5kl5I9A\/dereferrer\/?redirectUrl=http%3A%2F%2Fwww.medicus-ausstellung.de\" target=\"_blank\">www.medicus-ausstellung.de<\/a>&nbsp;durch die Medicus-Ausstellung spannende Einblicke und detailreiche Informationen.<\/p>\n\n\n\n<div class=\"wp-block-image\"><figure class=\"aligncenter\"><img decoding=\"async\" loading=\"lazy\" width=\"500\" height=\"667\" src=\"https:\/\/speyer24news.com\/wp-content\/uploads\/2019\/12\/IMG_20191205_123854.jpg\" alt=\"\" class=\"wp-image-22869\" srcset=\"https:\/\/speyer24news.com\/wp-content\/uploads\/2019\/12\/IMG_20191205_123854.jpg 500w, https:\/\/speyer24news.com\/wp-content\/uploads\/2019\/12\/IMG_20191205_123854-225x300.jpg 225w\" sizes=\"(max-width: 500px) 100vw, 500px\" \/><\/figure><\/div>\n\n\n\n<p>Die Vorbereitungen f\u00fcr die n\u00e4chste Sonderausstellung im Jahr 2021 laufen bereits auf Hochtouren: Ab 9. Mai zeigt das Historische Museum der Pfalz die Ausstellung \u201eRendezvous. Frankreichs Milit\u00e4r in der Pfalz 1945 \u2013 1999\u201c. Die Ausstellung nimmt die Auss\u00f6hnung und Freundschaft mit dem franz\u00f6sischen Nachbarn in den Blickpunkt. Am Ende des Zweiten Weltkriegs kam die franz\u00f6sische Armee als Sieger und Befreier vom Nationalsozialismus in die Pfalz. Die Ausstellung zeigt seltene Fotodokumente und Exponate der Erinnerungskultur aus privaten und \u00f6ffentlichen Sammlungen in Deutschland und Frankreich.<\/p>\n\n\n\n<div class=\"wp-block-image\"><figure class=\"aligncenter\"><img decoding=\"async\" loading=\"lazy\" width=\"800\" height=\"600\" src=\"https:\/\/speyer24news.com\/wp-content\/uploads\/2019\/12\/DSC09073-1.jpg\" alt=\"\" class=\"wp-image-23573\" srcset=\"https:\/\/speyer24news.com\/wp-content\/uploads\/2019\/12\/DSC09073-1.jpg 800w, https:\/\/speyer24news.com\/wp-content\/uploads\/2019\/12\/DSC09073-1-300x225.jpg 300w, https:\/\/speyer24news.com\/wp-content\/uploads\/2019\/12\/DSC09073-1-768x576.jpg 768w, https:\/\/speyer24news.com\/wp-content\/uploads\/2019\/12\/DSC09073-1-678x509.jpg 678w, https:\/\/speyer24news.com\/wp-content\/uploads\/2019\/12\/DSC09073-1-326x245.jpg 326w, https:\/\/speyer24news.com\/wp-content\/uploads\/2019\/12\/DSC09073-1-80x60.jpg 80w\" sizes=\"(max-width: 800px) 100vw, 800px\" \/><\/figure><\/div>\n\n\n\n<p>\u201eExpedition Erde. Im Reich von Maulwurf und Regenwurm\u201c ist der Titel der kommenden Familien-Ausstellung. Ab 10. Oktober thematisiert die Schau die Bedeutung der Ressource Boden und zeigt, wie wichtig es ist, achtsam und sorgsam mit dem Leben unter unseren F\u00fcssen umzugehen. Das Projekt wurde vom Kindermuseum Zoom in Wien mit wissenschaftlicher Beratung der Universit\u00e4t Wien f\u00fcr Bodenkultur entwickelt. Das Junge Museum Speyer hat die Ausstellung um interaktive Stationen erweitert.<br>&nbsp;Nach Beendigung des Lockdowns wird das Museum dienstags bis sonntags von 10 bis 18 Uhr ge\u00f6ffnet sein. Weitere Informationen auch \u00fcber Sonder\u00f6ffnungszeiten unter&nbsp;<a rel=\"noreferrer noopener\" href=\"https:\/\/deref-web.de\/mail\/client\/O8hjddZLn4E\/dereferrer\/?redirectUrl=http%3A%2F%2Fwww.museum.speyer.de\" target=\"_blank\">www.museum.speyer.de<\/a>.<\/p>\n\n\n\n<p><em>Historisches Museum der Pfalz Speyer<br>24.02.2021<\/em><\/p>\n","protected":false},"excerpt":{"rendered":"<div class=\"mh-excerpt\"><p>Trotz pandemiebedingter Schlie\u00dfung erfolgreiche Bilanz f\u00fcr Medicus und Gr\u00fcffelo im Historischen Museum der Pfalz 100.816 Besucher kamen 2020 in das Museum in Speyer Das Historische Museum der Pfalz startete sehr erfolgreich in das Jahr 2020: <a class=\"mh-excerpt-more\" href=\"https:\/\/speyer24news.com\/?p=33577\" title=\"Historisches Museum der Pfalz, Speyer\">[&#8230;]<\/a><\/p>\n<\/div>","protected":false},"author":3,"featured_media":0,"comment_status":"open","ping_status":"open","sticky":false,"template":"","format":"standard","meta":{"_monsterinsights_skip_tracking":false,"_monsterinsights_sitenote_active":false,"_monsterinsights_sitenote_note":"","_monsterinsights_sitenote_category":0,"footnotes":""},"categories":[14],"tags":[3154,4412,1865,6133,8544,52,5020,861,1191,540,4793,4795,4794,1311],"aioseo_notices":[],"amp_enabled":true,"_links":{"self":[{"href":"https:\/\/speyer24news.com\/index.php?rest_route=\/wp\/v2\/posts\/33577"}],"collection":[{"href":"https:\/\/speyer24news.com\/index.php?rest_route=\/wp\/v2\/posts"}],"about":[{"href":"https:\/\/speyer24news.com\/index.php?rest_route=\/wp\/v2\/types\/post"}],"author":[{"embeddable":true,"href":"https:\/\/speyer24news.com\/index.php?rest_route=\/wp\/v2\/users\/3"}],"replies":[{"embeddable":true,"href":"https:\/\/speyer24news.com\/index.php?rest_route=%2Fwp%2Fv2%2Fcomments&post=33577"}],"version-history":[{"count":2,"href":"https:\/\/speyer24news.com\/index.php?rest_route=\/wp\/v2\/posts\/33577\/revisions"}],"predecessor-version":[{"id":33579,"href":"https:\/\/speyer24news.com\/index.php?rest_route=\/wp\/v2\/posts\/33577\/revisions\/33579"}],"wp:attachment":[{"href":"https:\/\/speyer24news.com\/index.php?rest_route=%2Fwp%2Fv2%2Fmedia&parent=33577"}],"wp:term":[{"taxonomy":"category","embeddable":true,"href":"https:\/\/speyer24news.com\/index.php?rest_route=%2Fwp%2Fv2%2Fcategories&post=33577"},{"taxonomy":"post_tag","embeddable":true,"href":"https:\/\/speyer24news.com\/index.php?rest_route=%2Fwp%2Fv2%2Ftags&post=33577"}],"curies":[{"name":"wp","href":"https:\/\/api.w.org\/{rel}","templated":true}]}}