{"id":33586,"date":"2021-02-26T08:43:49","date_gmt":"2021-02-26T07:43:49","guid":{"rendered":"https:\/\/speyer24news.com\/?p=33586"},"modified":"2021-02-26T10:02:32","modified_gmt":"2021-02-26T09:02:32","slug":"corona-stadtnotizen-und-verkehrsnotizen-aus-speyer-8","status":"publish","type":"post","link":"https:\/\/speyer24news.com\/?p=33586","title":{"rendered":"Corona, Stadtnotizen und Verkehrsnotizen aus Speyer"},"content":{"rendered":"<style type=\"text\/css\">\r\n\t.ads_top_disp{}\r\n\t.ads_top_corner_disp{ float:left; margin:0px 10px 10px 0px; }\r\n\t.ads_first_p_disp{}\r\n\t.ads_bottom_disp{}\r\n\t<\/style>\n<h1 class=\"wp-block-heading\">Coronafallzahlen von Donnerstag (25.02.2021)<\/h1>\n\n\n\n<figure class=\"wp-block-image\"><img decoding=\"async\" loading=\"lazy\" width=\"800\" height=\"400\" src=\"https:\/\/speyer24news.com\/wp-content\/uploads\/2020\/02\/virus-1812092_1920.jpg\" alt=\"\" class=\"wp-image-25128\" srcset=\"https:\/\/speyer24news.com\/wp-content\/uploads\/2020\/02\/virus-1812092_1920.jpg 800w, https:\/\/speyer24news.com\/wp-content\/uploads\/2020\/02\/virus-1812092_1920-300x150.jpg 300w, https:\/\/speyer24news.com\/wp-content\/uploads\/2020\/02\/virus-1812092_1920-768x384.jpg 768w\" sizes=\"(max-width: 800px) 100vw, 800px\" \/><\/figure>\n\n\n\n<p>Anzahl best\u00e4tigter F\u00e4lle von Coronavirus (SARS-CoV-2)-Infektionen in der Stadt Speyer: 2001 ( + 5 )<br>Davon bereits genesen:\u00a01844<br>Todesf\u00e4lle: 77  ( unver\u00e4ndert )<br>Gemeldete F\u00e4lle der letzten sieben Tage pro 100.000 Einwohner*innen: 49,4 ( + 3,9 )<br><strong>Warnstufe: Orange<\/strong><\/p>\n\n\n\n<p>Stand: 25.02.2021, 14:10 Uhr<\/p>\n\n\n\n<p><em>Landesuntersuchungsamt Rheinland-Pfalz<br>26.02.2021<\/em><\/p>\n\n\n\n<h1 class=\"wp-block-heading\" style=\"text-align:center\">Stadtnotizen<\/h1>\n\n\n\n<figure class=\"wp-block-image\"><img decoding=\"async\" loading=\"lazy\" width=\"800\" height=\"600\" src=\"https:\/\/speyer24news.com\/wp-content\/uploads\/2020\/01\/Speyer-Stadtnachrichten-2.jpg\" alt=\"\" class=\"wp-image-23901\" srcset=\"https:\/\/speyer24news.com\/wp-content\/uploads\/2020\/01\/Speyer-Stadtnachrichten-2.jpg 800w, https:\/\/speyer24news.com\/wp-content\/uploads\/2020\/01\/Speyer-Stadtnachrichten-2-300x225.jpg 300w, https:\/\/speyer24news.com\/wp-content\/uploads\/2020\/01\/Speyer-Stadtnachrichten-2-768x576.jpg 768w, https:\/\/speyer24news.com\/wp-content\/uploads\/2020\/01\/Speyer-Stadtnachrichten-2-678x509.jpg 678w, https:\/\/speyer24news.com\/wp-content\/uploads\/2020\/01\/Speyer-Stadtnachrichten-2-326x245.jpg 326w, https:\/\/speyer24news.com\/wp-content\/uploads\/2020\/01\/Speyer-Stadtnachrichten-2-80x60.jpg 80w\" sizes=\"(max-width: 800px) 100vw, 800px\" \/><\/figure>\n\n\n\n<h2 class=\"wp-block-heading\"><strong>Am Samstag auch Gr\u00fcnabfallcontainer nutzen<\/strong><\/h2>\n\n\n\n<figure class=\"wp-block-image\"><img decoding=\"async\" loading=\"lazy\" width=\"800\" height=\"533\" src=\"https:\/\/speyer24news.com\/wp-content\/uploads\/2021\/02\/wheelbarrows-4518854_1920.jpg\" alt=\"\" class=\"wp-image-33587\" srcset=\"https:\/\/speyer24news.com\/wp-content\/uploads\/2021\/02\/wheelbarrows-4518854_1920.jpg 800w, https:\/\/speyer24news.com\/wp-content\/uploads\/2021\/02\/wheelbarrows-4518854_1920-300x200.jpg 300w, https:\/\/speyer24news.com\/wp-content\/uploads\/2021\/02\/wheelbarrows-4518854_1920-768x512.jpg 768w\" sizes=\"(max-width: 800px) 100vw, 800px\" \/><\/figure>\n\n\n\n<p>Das sch\u00f6ne Wetter treibt die Leute in die G\u00e4rten. Deshalb sind die Abfallwirtschaftshoftermine f\u00fcr Freitag und Samstag schon ausgebucht.<\/p>\n\n\n\n<p>Sind nur Gr\u00fcnabf\u00e4lle zu entsorgen, dann stehen am <strong>Samstag, 27.02.2021<\/strong>, die Gr\u00fcnabfallcontainer in der Josef-Schmitt-Stra\u00dfe\/N\u00e4he Berufsschule und auf dem Heinrich-Lang-Platz in Speyer Nord zur Verf\u00fcgung. <\/p>\n\n\n\n<figure class=\"wp-block-image\"><img decoding=\"async\" loading=\"lazy\" width=\"800\" height=\"600\" src=\"https:\/\/speyer24news.com\/wp-content\/uploads\/2021\/02\/Gr\u00fcnschnitt-Container.jpg\" alt=\"\" class=\"wp-image-33589\" srcset=\"https:\/\/speyer24news.com\/wp-content\/uploads\/2021\/02\/Gr\u00fcnschnitt-Container.jpg 800w, https:\/\/speyer24news.com\/wp-content\/uploads\/2021\/02\/Gr\u00fcnschnitt-Container-300x225.jpg 300w, https:\/\/speyer24news.com\/wp-content\/uploads\/2021\/02\/Gr\u00fcnschnitt-Container-768x576.jpg 768w, https:\/\/speyer24news.com\/wp-content\/uploads\/2021\/02\/Gr\u00fcnschnitt-Container-678x509.jpg 678w, https:\/\/speyer24news.com\/wp-content\/uploads\/2021\/02\/Gr\u00fcnschnitt-Container-326x245.jpg 326w, https:\/\/speyer24news.com\/wp-content\/uploads\/2021\/02\/Gr\u00fcnschnitt-Container-80x60.jpg 80w\" sizes=\"(max-width: 800px) 100vw, 800px\" \/><\/figure>\n\n\n\n<p>Die Entsorgungsbetriebe Speyer bitten darum, den Gr\u00fcnschnitt hoch aufstapeln, damit der Platz gut ausgenutzt wird. Die Container werden einmal w\u00e4hrend der Standzeit zwischen 8 und 13 Uhr gewechselt. <\/p>\n\n\n\n<p>Bitte Abst\u00e4nde einhalten und Mund-Nase-Schutz tragen!<\/p>\n\n\n\n<p><em>Stadtwerke Speyer GmbH<br>26.02.2021<\/em><\/p>\n\n\n\n<h1 class=\"wp-block-heading\" style=\"text-align:center\">Verkehrsnotizen<\/h1>\n\n\n\n<figure class=\"wp-block-image\"><img decoding=\"async\" loading=\"lazy\" width=\"800\" height=\"565\" src=\"https:\/\/speyer24news.com\/wp-content\/uploads\/2020\/01\/Baustelle-2.jpg\" alt=\"\" class=\"wp-image-23900\" srcset=\"https:\/\/speyer24news.com\/wp-content\/uploads\/2020\/01\/Baustelle-2.jpg 800w, https:\/\/speyer24news.com\/wp-content\/uploads\/2020\/01\/Baustelle-2-300x212.jpg 300w, https:\/\/speyer24news.com\/wp-content\/uploads\/2020\/01\/Baustelle-2-768x542.jpg 768w\" sizes=\"(max-width: 800px) 100vw, 800px\" \/><\/figure>\n\n\n\n<h2 class=\"wp-block-heading\"><strong>Ulmenweg gesperrt<\/strong><\/h2>\n\n\n\n<p>Aufgrund von Leitungsarbeiten im Auftrag der Stadtwerke Speyer wird der Ulmenweg auf H\u00f6he der Hausnummer 15a <strong>ab Montag, 8. M\u00e4rz bis voraussichtlich Mittwoch, 7. April 2021<\/strong> f\u00fcr den Durchgangsverkehr gesperrt. F\u00fcr die Dauer der Ma\u00dfnahme wird die Einbahnstra\u00dfenregelung aufgehoben und die Stra\u00dfe beidseitig als Sackgasse ausgewiesen.<\/p>\n\n\n\n<p>F\u00fcr R\u00fcckfragen steht die Stra\u00dfenverkehrsbeh\u00f6rde unter der Rufnummer 14-2938 zur Verf\u00fcgung.<\/p>\n\n\n\n<p><em>Stadtverwaltung Speyer<br>26.02.2021<\/em><\/p>\n","protected":false},"excerpt":{"rendered":"<div class=\"mh-excerpt\"><p>Coronafallzahlen von Donnerstag (25.02.2021) Anzahl best\u00e4tigter F\u00e4lle von Coronavirus (SARS-CoV-2)-Infektionen in der Stadt Speyer: 2001 ( + 5 )Davon bereits genesen:\u00a01844Todesf\u00e4lle: 77 ( unver\u00e4ndert )Gemeldete F\u00e4lle der letzten sieben Tage pro 100.000 Einwohner*innen: 49,4 ( <a class=\"mh-excerpt-more\" href=\"https:\/\/speyer24news.com\/?p=33586\" title=\"Corona, Stadtnotizen und Verkehrsnotizen aus Speyer\">[&#8230;]<\/a><\/p>\n<\/div>","protected":false},"author":3,"featured_media":23902,"comment_status":"open","ping_status":"open","sticky":false,"template":"","format":"standard","meta":{"_monsterinsights_skip_tracking":false,"_monsterinsights_sitenote_active":false,"_monsterinsights_sitenote_note":"","_monsterinsights_sitenote_category":0,"footnotes":""},"categories":[9],"tags":[6401,8404,6940,9918,8725,6359,5904,6358,7003,6342,8533,6376,3255,6471,6,657,1296,8196,658,1114],"aioseo_notices":[],"amp_enabled":true,"_links":{"self":[{"href":"https:\/\/speyer24news.com\/index.php?rest_route=\/wp\/v2\/posts\/33586"}],"collection":[{"href":"https:\/\/speyer24news.com\/index.php?rest_route=\/wp\/v2\/posts"}],"about":[{"href":"https:\/\/speyer24news.com\/index.php?rest_route=\/wp\/v2\/types\/post"}],"author":[{"embeddable":true,"href":"https:\/\/speyer24news.com\/index.php?rest_route=\/wp\/v2\/users\/3"}],"replies":[{"embeddable":true,"href":"https:\/\/speyer24news.com\/index.php?rest_route=%2Fwp%2Fv2%2Fcomments&post=33586"}],"version-history":[{"count":3,"href":"https:\/\/speyer24news.com\/index.php?rest_route=\/wp\/v2\/posts\/33586\/revisions"}],"predecessor-version":[{"id":33602,"href":"https:\/\/speyer24news.com\/index.php?rest_route=\/wp\/v2\/posts\/33586\/revisions\/33602"}],"wp:featuredmedia":[{"embeddable":true,"href":"https:\/\/speyer24news.com\/index.php?rest_route=\/wp\/v2\/media\/23902"}],"wp:attachment":[{"href":"https:\/\/speyer24news.com\/index.php?rest_route=%2Fwp%2Fv2%2Fmedia&parent=33586"}],"wp:term":[{"taxonomy":"category","embeddable":true,"href":"https:\/\/speyer24news.com\/index.php?rest_route=%2Fwp%2Fv2%2Fcategories&post=33586"},{"taxonomy":"post_tag","embeddable":true,"href":"https:\/\/speyer24news.com\/index.php?rest_route=%2Fwp%2Fv2%2Ftags&post=33586"}],"curies":[{"name":"wp","href":"https:\/\/api.w.org\/{rel}","templated":true}]}}