{"id":33595,"date":"2021-02-26T09:05:56","date_gmt":"2021-02-26T08:05:56","guid":{"rendered":"https:\/\/speyer24news.com\/?p=33595"},"modified":"2021-02-26T09:05:57","modified_gmt":"2021-02-26T08:05:57","slug":"hassloch-83","status":"publish","type":"post","link":"https:\/\/speyer24news.com\/?p=33595","title":{"rendered":"Ha\u00dfloch"},"content":{"rendered":"<style type=\"text\/css\">\r\n\t.ads_top_disp{}\r\n\t.ads_top_corner_disp{ float:left; margin:0px 10px 10px 0px; }\r\n\t.ads_first_p_disp{}\r\n\t.ads_bottom_disp{}\r\n\t<\/style>\n<h2 class=\"wp-block-heading\">Schimmelbildung festgestellt<\/h2>\n\n\n\n<h2 class=\"wp-block-heading\">Kita \u201ePauluskirche\u201c bis auf weiteres geschlossen<\/h2>\n\n\n\n<div class=\"wp-block-image\"><figure class=\"aligncenter\"><img decoding=\"async\" loading=\"lazy\" width=\"600\" height=\"401\" src=\"https:\/\/speyer24news.com\/wp-content\/uploads\/2021\/02\/csm_Paulusheim_353c76c493.jpg\" alt=\"\" class=\"wp-image-33596\" srcset=\"https:\/\/speyer24news.com\/wp-content\/uploads\/2021\/02\/csm_Paulusheim_353c76c493.jpg 600w, https:\/\/speyer24news.com\/wp-content\/uploads\/2021\/02\/csm_Paulusheim_353c76c493-300x201.jpg 300w\" sizes=\"(max-width: 600px) 100vw, 600px\" \/><\/figure><\/div>\n\n\n\n<p>Die kommunale Kindertagesst\u00e4tte \u201ePauluskirche\u201c bleibt vorerst geschlossen. Grund ist eine durch einen externen Gutachter festgestellte Schimmelbildung in Folge von Feuchtigkeit. In dem seit Dienstagnachmittag (23.02.2021) vorliegenden Gutachten hei\u00dft es, dass eine Gesundheitsgef\u00e4hrdung nicht hundertprozentig ausgeschlossen werden kann. Aus diesem Grund hat sich die Gemeindeverwaltung dazu entschlossen, die Kindertagesst\u00e4tte bis auf weiteres zu schlie\u00dfen. Betroffen sind 35 Kinder, die dort in insgesamt zwei Gruppen betreut werden. Den durch die Corona-Pandemie derzeit geltenden Regelbetrieb bei dringenden Bedarf nutzen im Schnitt 15 bis 20 Kinder, die von der Schlie\u00dfung nun akut betroffen sind.<\/p>\n\n\n\n<p>\u201eWir gehen nicht davon aus, dass wir den Betrieb in den R\u00e4umlichkeiten der Pauluskirche alsbald wieder aufnehmen k\u00f6nnen. Es ist uns aber gelungen, eine kurzfristige und vor\u00fcbergehende L\u00f6sung zu erarbeiten, um betroffenen Eltern und Kindern trotz Schlie\u00dfung ein Betreuungsangebot machen zu k\u00f6nnen\u201c, so B\u00fcrgermeister Tobias Meyer. In einem ersten Schritt sollen Kinder, deren Eltern zwingend auf eine Betreuung angewiesen sind, ab Freitag, 26.02.2021, auf die Kita \u201eHaus Kunterbunt\u201c ausweichen k\u00f6nnen. \u201eHier steht der Mehrzweckraum zur Verf\u00fcgung, den wir kurzfristig zu einem weiteren Gruppenraum umfunktionieren werden\u201c, so der zust\u00e4ndige Dezernent Claus Wolfer. Der heutige Donnerstag, 25.02.2021, wird mit einem Waldtag \u00fcberbr\u00fcckt.<\/p>\n\n\n\n<p>Langfristig sollen die Kinder der Kita \u201ePauluskirche\u201c aber in anderen Ausweichr\u00e4umlichkeiten unterkommen. Denkbar ist die erneute Nutzung des fr\u00fcheren Versammlungsraum der Feuerwehr, der in 2017 schon einmal Ausweichquartier f\u00fcr eine KitaGruppe war, als Teile des \u201eHauses Kunterbunt\u201c nach einem gr\u00f6\u00dferen Wasserschaden \u00fcber mehrere Wochen nicht nutzbar waren. Ebenso f\u00fchrt die Gemeinde Gespr\u00e4che mit anderen Tr\u00e4gern \u00fcber eine eventuelle Nutzung von R\u00e4umlichkeiten, die nicht im Besitz der Gemeinde sind. \u201eDie Gespr\u00e4che sind gerade erst angelaufen. Wir werden Eltern, Elternausschuss und auch die \u00d6ffentlichkeit informieren, sobald wir konkrete Ausweichr\u00e4umlichkeiten haben\u201c, so Wolfer.<\/p>\n\n\n\n<div class=\"wp-block-image\"><figure class=\"aligncenter\"><img decoding=\"async\" loading=\"lazy\" width=\"800\" height=\"600\" src=\"https:\/\/speyer24news.com\/wp-content\/uploads\/2021\/02\/green-mold-212676_1920.jpg\" alt=\"\" class=\"wp-image-33597\" srcset=\"https:\/\/speyer24news.com\/wp-content\/uploads\/2021\/02\/green-mold-212676_1920.jpg 800w, https:\/\/speyer24news.com\/wp-content\/uploads\/2021\/02\/green-mold-212676_1920-300x225.jpg 300w, https:\/\/speyer24news.com\/wp-content\/uploads\/2021\/02\/green-mold-212676_1920-768x576.jpg 768w, https:\/\/speyer24news.com\/wp-content\/uploads\/2021\/02\/green-mold-212676_1920-678x509.jpg 678w, https:\/\/speyer24news.com\/wp-content\/uploads\/2021\/02\/green-mold-212676_1920-326x245.jpg 326w, https:\/\/speyer24news.com\/wp-content\/uploads\/2021\/02\/green-mold-212676_1920-80x60.jpg 80w\" sizes=\"(max-width: 800px) 100vw, 800px\" \/><\/figure><\/div>\n\n\n\n<p>Wie umfangreich der Schaden in den R\u00e4umlichkeiten der Kita \u201ePauluskirche\u201c ist, l\u00e4sst sich derzeit nicht konkret benennen. \u201eOhnehin entscheidet \u00fcber das weitere Vorgehen in Hinblick auf eine Behebung des Schadens die protestantische Kirchengemeinde, da wir als Gemeindeverwaltung nur Mieter der R\u00e4umlichkeiten sind\u201c, so B\u00fcrgermeister Tobias Meyer. Die Gemeinde hatte die R\u00e4ume in 2018 angemietet, um eine weitere Einrichtung zur Erf\u00fcllung des Rechtsanspruchs auf einen Kita-Platz zu schaffen. Die Kita \u201ePauluskirche\u201c hatte im August 2018 ihren Betrieb aufgenommen.<\/p>\n\n\n\n<p><em>Gemeindeverwaltung Ha\u00dfloch<br>26.02.2021<\/em><\/p>\n","protected":false},"excerpt":{"rendered":"<div class=\"mh-excerpt\"><p>Schimmelbildung festgestellt Kita \u201ePauluskirche\u201c bis auf weiteres geschlossen Die kommunale Kindertagesst\u00e4tte \u201ePauluskirche\u201c bleibt vorerst geschlossen. Grund ist eine durch einen externen Gutachter festgestellte Schimmelbildung in Folge von Feuchtigkeit. In dem seit Dienstagnachmittag (23.02.2021) vorliegenden Gutachten <a class=\"mh-excerpt-more\" href=\"https:\/\/speyer24news.com\/?p=33595\" title=\"Ha\u00dfloch\">[&#8230;]<\/a><\/p>\n<\/div>","protected":false},"author":3,"featured_media":23914,"comment_status":"open","ping_status":"open","sticky":false,"template":"","format":"standard","meta":{"_monsterinsights_skip_tracking":false,"_monsterinsights_sitenote_active":false,"_monsterinsights_sitenote_note":"","_monsterinsights_sitenote_category":0,"footnotes":""},"categories":[235],"tags":[180,10290,10292,10273,10291,10294,10293],"aioseo_notices":[],"amp_enabled":true,"_links":{"self":[{"href":"https:\/\/speyer24news.com\/index.php?rest_route=\/wp\/v2\/posts\/33595"}],"collection":[{"href":"https:\/\/speyer24news.com\/index.php?rest_route=\/wp\/v2\/posts"}],"about":[{"href":"https:\/\/speyer24news.com\/index.php?rest_route=\/wp\/v2\/types\/post"}],"author":[{"embeddable":true,"href":"https:\/\/speyer24news.com\/index.php?rest_route=\/wp\/v2\/users\/3"}],"replies":[{"embeddable":true,"href":"https:\/\/speyer24news.com\/index.php?rest_route=%2Fwp%2Fv2%2Fcomments&post=33595"}],"version-history":[{"count":1,"href":"https:\/\/speyer24news.com\/index.php?rest_route=\/wp\/v2\/posts\/33595\/revisions"}],"predecessor-version":[{"id":33598,"href":"https:\/\/speyer24news.com\/index.php?rest_route=\/wp\/v2\/posts\/33595\/revisions\/33598"}],"wp:featuredmedia":[{"embeddable":true,"href":"https:\/\/speyer24news.com\/index.php?rest_route=\/wp\/v2\/media\/23914"}],"wp:attachment":[{"href":"https:\/\/speyer24news.com\/index.php?rest_route=%2Fwp%2Fv2%2Fmedia&parent=33595"}],"wp:term":[{"taxonomy":"category","embeddable":true,"href":"https:\/\/speyer24news.com\/index.php?rest_route=%2Fwp%2Fv2%2Fcategories&post=33595"},{"taxonomy":"post_tag","embeddable":true,"href":"https:\/\/speyer24news.com\/index.php?rest_route=%2Fwp%2Fv2%2Ftags&post=33595"}],"curies":[{"name":"wp","href":"https:\/\/api.w.org\/{rel}","templated":true}]}}