{"id":33666,"date":"2021-02-28T09:09:14","date_gmt":"2021-02-28T08:09:14","guid":{"rendered":"https:\/\/speyer24news.com\/?p=33666"},"modified":"2021-02-28T09:09:15","modified_gmt":"2021-02-28T08:09:15","slug":"kirche-87","status":"publish","type":"post","link":"https:\/\/speyer24news.com\/?p=33666","title":{"rendered":"Kirche"},"content":{"rendered":"<style type=\"text\/css\">\r\n\t.ads_top_disp{}\r\n\t.ads_top_corner_disp{ float:left; margin:0px 10px 10px 0px; }\r\n\t.ads_first_p_disp{}\r\n\t.ads_bottom_disp{}\r\n\t<\/style>\n<h2 class=\"wp-block-heading\"><strong>Terminkalender des Bistum Speyer im M\u00e4rz 2021<\/strong><\/h2>\n\n\n\n<div class=\"wp-block-image\"><figure class=\"aligncenter\"><img decoding=\"async\" src=\"https:\/\/speyer24news.com\/wp-content\/uploads\/2020\/01\/Dom.jpg\" alt=\"\" class=\"wp-image-24697\"\/><\/figure><\/div>\n\n\n\n<h4 class=\"wp-block-heading\"><strong>Ein Hinweis:<\/strong><\/h4>\n\n\n\n<p>Aufgrund der aktuellen Corona-Pandemie k\u00f6nnen Termine kurzfristig ausfallen. Alle Veranstaltungen die stattfinden, werden unter Ber\u00fccksichtigung der geltenden Hygieneregeln durchgef\u00fchrt.<\/p>\n\n\n\n<h4 class=\"wp-block-heading\" style=\"text-align:center\"><strong>Termine und Veranstaltungen<\/strong><\/h4>\n\n\n\n<table class=\"wp-block-table\"><tbody><tr><td>\n  <strong>3.3.<\/strong><strong><\/strong>\n  <\/td><td>Pastoralbesuch per Videokonferenz von Ordinariatsdirektorin Christine Lambrich in der Pfarrei Hl. Elisabeth Zweibr\u00fccken.   <\/td><\/tr><tr><td>\n  <strong>4.3.<\/strong><strong><\/strong>\n  <\/td><td>19.30 Uhr \u201eHalte.Punkt.Kreuz\u201c \u2013 Andacht zur Fastenzeit im Speyerer Dom.   <\/td><\/tr><tr><td>\n  <strong>5.3.<\/strong><strong><\/strong>\n  <\/td><td>Weltgebetstag der Frauen; Texte, Gebete von Frauen aus Vanuatu: \u201eWorauf bauen wir?\u201c 19 Uhr Gottesdienst zum Weltgebetstag auf dem Sender Bibel TV und online unter <a href=\"http:\/\/www.weltgebetstag.de\">www.weltgebetstag.de<\/a>    <\/td><\/tr><tr><td>\n  <strong>6.3.<\/strong><strong><\/strong>\n  <\/td><td>Pastoralbesuch per Videokonferenz von Weihbischof Otto Georgens in der Pfarrei Hl. Theresia vom Kinde Jesus Bad D\u00fcrkheim.   <\/td><\/tr><tr><td>\n  <strong>6.3.<\/strong><strong><\/strong>\n  <\/td><td>18 Uhr \u201eHalte.Punkt.Kreuz\u201c \u2013 Andacht zur Fastenzeit im Speyerer Dom.   <\/td><\/tr><tr><td>\n  <strong>6.3.<\/strong><strong><\/strong>\n  <\/td><td>19.30 Uhr \u201eSeekme!\u201c \u2013 Jugendgottesdienst in der Krypta des Speyerer Domes.   <\/td><\/tr><tr><td>\n  <strong>5. \u2013 6.3.<\/strong><strong><\/strong>\n  <strong>&nbsp;<\/strong>\n  <\/td><td>Di\u00f6zesanversammlung der Deutschen Pfadfinderschaft St. Georg (DPSG), Di\u00f6zesanverband Speyer   <\/td><\/tr><tr><td>\n  <strong>7.3.<\/strong><strong><\/strong>\n  <\/td><td>1971 \u00dcbergabe des Hauptportales von Prof. Toni Schneider-Manzell durch die rheinland-pf\u00e4lzische Landesregierung vor 50 Jahren.   <\/td><\/tr><tr><td>\n  <strong>8.3.<\/strong><strong><\/strong>\n  <\/td><td>18 Uhr bis 19.30 Uhr \u201eUnd jeder h\u00f6rt uns singen: Brot und Rosen\u201c &#8211; Nach-Denkliches und Ermutigendes zum Weltfrauentag; Online-Veranstaltung der Katholischen Frauengemeinschaft Deutschlands (kfd), Di\u00f6zesanverband Speyer, f\u00fcr interessierte Frauen   <\/td><\/tr><tr><td>\n  <strong>9.3.<\/strong><strong><\/strong>\n  <\/td><td>9 Uhr bis 13 Uhr Online-Seminar: \u201eNotfallseelsorge: Einsatzraum Schule\u201c Referent: Thomas Stephan, Abteilungsleiter f\u00fcr Lernkultur und Schulseelsorge, Notfallseelsorger und Trauerbegleiter im Bistum Speyer. Eine Veranstaltung der \u00d6kumenischen Notfallseelsorge und des Instituts f\u00fcr Kirchliche Fortbildung.   <\/td><\/tr><tr><td>\n  <strong>10.3.<\/strong><strong><\/strong>\n  <\/td><td>Pastoralbesuch per Videokonferenz von Weihbischof Otto Georgens in der Pfarrei Hl. Philipp der Einsiedler G\u00f6llheim.   <\/td><\/tr><tr><td>\n  <strong>10.3.<\/strong><strong><\/strong>\n  <\/td><td>19.30 Uhr \u201eHalte.Punkt.Kreuz\u201c \u2013 Andacht zur Fastenzeit im Speyerer Dom.   <\/td><\/tr><tr><td>\n  <strong>11.3.<\/strong><strong><\/strong>\n  <\/td><td>Pastoralbesuch per Videokonferenz von Weihbischof Otto Georgens in der Pfarrei Hl. Dreifaltigkeit Frankenthal.   <\/td><\/tr><tr><td>\n  <strong>11.3.<\/strong><strong><\/strong>\n  <\/td><td>Pastoralbesuch per Videokonferenz von Generalvikar Andreas Sturm in der Pfarrei Hl. Theresia von Avila, Neustadt.   <\/td><\/tr><tr><td>\n  <strong>11.3.<\/strong><strong><\/strong>\n  <\/td><td>16.30 bis 18 Uhr Online-Treffen f\u00fcr \u201ePioniere\u201c in der Kirche; Veranstalter: \u201eSchon jetzt\u201c- \u00d6kumenische Initiative von Bistum und Evangelischer Kirche der Pfalz; Anmeldung unter: <a href=\"https:\/\/schon-jetzt.de\/anmeldung-regionalgruppen\/\">https:\/\/schon-jetzt.de\/anmeldung-regionalgruppen\/<\/a>   <\/td><\/tr><tr><td>\n  <strong>12.3.<\/strong><strong><\/strong>\n  <\/td><td>Pastoralbesuch per Videokonferenz von Weihbischof Otto Georgens in der Pfarrei Hl. Geist, Geinsheim.   <\/td><\/tr><tr><td>\n  <strong>12. \u2013 14.3.<\/strong><strong><\/strong>\n  <\/td><td>Di\u00f6zesankonferenz des Jugendverbandes Jungen Kirche Speyer (JUKI)   <\/td><\/tr><tr><td>\n  <strong>13.3.<\/strong><strong><\/strong>\n  <\/td><td>10 Uhr bis 12 Uhr Online-Vortrag \u201eJ\u00fcdische Theologie nach Auschwitz\u201c. Referent: Dr. Peter Waldmann, Privatdozent an der Universit\u00e4t Halle Veranstalter: Katholische Erwachsenenbildung Di\u00f6zese Speyer und Kloster Neustadt.   <\/td><\/tr><tr><td>\n  <strong>13.3.<\/strong><strong><\/strong>\n  <\/td><td>18 Uhr \u201eHalte.Punkt.Kreuz\u201c \u2013 Andacht zur Fastenzeit im Speyerer Dom.   <\/td><\/tr><tr><td>\n  <strong>14.3.<\/strong><strong><\/strong>\n  <\/td><td>10 Uhr Pontifikalamt im Speyerer Dom mit Weibischof Otto Georgens zum Papstsonntag und zum Gedenken der Einf\u00fchrung von Dr. Karl-Heinz Wiesemann als Bischof in Speyer.   <\/td><\/tr><tr><td>\n  <strong>15.3.<\/strong><strong><\/strong>\n  <\/td><td>19 Uhr bis 20 Uhr, \u201eBrot und Palawer\u201c, digitales Gespr\u00e4chsformat des Bundes der Deutschen Katholischen Jugend (BDKJ) zu aktuellen politischen Themen und Gespr\u00e4che mit B\u00fcndnispartner\/-innen wie z. B. United4Rescue oder dem Netzwerk f\u00fcr Demokratie und Zivilcourage.   <\/td><\/tr><tr><td>\n  <strong>16.3.<\/strong><strong><\/strong>\n  <\/td><td>Pastoralbesuch per Videokonferenz von Weihbischof Otto Georgens in der Pfarrei Hl. Christophorus, Sch\u00f6nenberg-K\u00fcbelberg.   <\/td><\/tr><tr><td>\n  <strong>16.3.<\/strong><strong><\/strong>\n  <\/td><td>19 Uhr, Edith-Stein-Haus Kaiserslautern, Vortrag von Prof. Dr. Dorothea Sattler, \u201eSynodale Kirche sein &#8211; als Frauen und M\u00e4nner. Erfahrungen und Perspektiven\u201c; Veranstalter:\u00a0 P\u00e4pstliches Missionswerk der Frauen, Di\u00f6zesanverband Speyer    <\/td><\/tr><tr><td>\n  <strong>17.3.<\/strong><strong><\/strong>\n  <\/td><td>Pastoralbesuch per Videokonferenz von Weihbischof Otto Georgens in der Pfarrei Hl. Theodard, R\u00fclzheim.   <\/td><\/tr><tr><td>\n  <strong>17.3.<\/strong><strong><\/strong>\n  <\/td><td>19.30 Uhr \u201eHalte.Punkt.Kreuz\u201c \u2013 Andacht zur Fastenzeit im Speyerer Dom.   <\/td><\/tr><tr><td>\n  <strong>17.3.<\/strong><strong><\/strong>\n  <\/td><td>Pastoralbesuch per Videokonferenz von Domkapitular Franz Vogelgesang in der Pfarrei Hl. Edith Stein, Bad Bergzabern.\u00a0    <\/td><\/tr><tr><td>\n  <strong>18.3.<\/strong><strong><\/strong>\n  <\/td><td>19 Uhr Abendgebet \u2013 Zeit zum Auftanken im Jugendhaus St. Christophorus in Bad D\u00fcrkheim. Veranstalter: Bund der Deutschen Katholischen Jugend (BDKJ) \u2013 Di\u00f6zesanverband Speyer. Ob digital oder auf dem Au\u00dfengel\u00e4nde des C-Hauses entscheidet sich nach den n\u00e4chsten Corona-Verordnungen.   <\/td><\/tr><tr><td>\n  <strong>18. \u2013 19.3. <\/strong><strong><\/strong>\n  <\/td><td>Videokonferenz: Delegiertenversammlung der Arbeitsgemeinschaft Christlicher Kirchen (ACK) \u2013 Region S\u00fcdwest u. a. mit Neuwahl des Vorstands.   <\/td><\/tr><tr><td>\n  <strong>19.3.<\/strong><strong><\/strong>\n  <\/td><td>Tag des heiligen Josef <br>18.30 Uhr Kapitelsamt mit Pfr. Matthias Bender in der Kirche St. Joseph in Speyer.   <\/td><\/tr><tr><td>\n  <strong>19.3.<\/strong><strong><\/strong>\n  <\/td><td>Globaler Klimaaktionstag<br>Das Bistum Speyer und die Evangelische Kirche der Pfalz unterst\u00fctzen den Aufruf von \u201eFridays for Future\u201c.   <\/td><\/tr><tr><td>\n  <strong>19.3.<\/strong><strong><\/strong>\n  <\/td><td>10 Uhr Professjubil\u00e4en im Kloster St. Maria in Esthal mit Weihbischof Otto Georgens.   <\/td><\/tr><tr><td>\n  <strong>19.3.<\/strong><strong><\/strong>\n  <\/td><td>Pastoralbesuch per Videokonferenz von Domkapitular Franz Vogelgesang in der Pfarrei Hll. Petrus und Paulus, Ludwigshafen.   <\/td><\/tr><tr><td>\n  <strong>20.3.<\/strong><strong><\/strong>\n  <\/td><td>13.30 Uhr bis 15.30 Uhr \u201eOrgelworkshop\u201c \u2013 Kinder und Jugendliche entdecken die Welt der Pfeifenorgel in der Kirche St. Jakobus in Schifferstadt. Workshop f\u00fcr nebenamtliche Organistinnen und Organisten und alle Interessierten.   <\/td><\/tr><tr><td>\n  <strong>20.3.<\/strong><strong><\/strong>\n  <\/td><td>18 Uhr \u201eHalte.Punkt.Kreuz\u201c \u2013 Andacht zur Fastenzeit im Speyerer Dom.   <\/td><\/tr><tr><td>\n  <strong>22.3.<\/strong><strong><\/strong>\n  <\/td><td>19 Uhr \u201eTanna\u201c \u2013 ein Film \u00fcber das Leben junger Menschen im S\u00fcdseeparadies Vanuatu im Provinzkino Enkenbach-Alsenborn. Eine Aktion des Weltgebetstags-Teams der Di\u00f6zese Speyer; Anmeldungen direkt im Kino.   <\/td><\/tr><tr><td>\n  <strong>23.3.<\/strong><strong><\/strong>\n  <\/td><td>Pastoralbesuch per Videokonferenz von Ordinariatsdirektorin Christine Lambrich in der Pfarrei Hl. Wendelinus, Trulben    <\/td><\/tr><tr><td>\n  <strong>25.3.<\/strong><strong><\/strong>\n  <\/td><td>Hochfest Verk\u00fcndigung  des Herrn. 18 Uhr Pontifikalamt im Dom zu Speyer mit Weihbischof Otto  Georgens    <\/td><\/tr><tr><td>\n  <strong>26.3.<\/strong><strong><\/strong>\n  <\/td><td>18 Uhr Beauftragung  von Priesteramtskandidaten zum Dienst des Lektors und Akolythen durch  Weihbischof Otto Georgens im Priesterseminar in Speyer.   <\/td><\/tr><tr><td>\n  <strong>27.3.<\/strong><strong><\/strong>\n  <\/td><td>18 Uhr   \u201eHalte.Punkt.Kreuz\u201c \u2013 Andacht zur Fastenzeit im Speyerer Dom.   <\/td><\/tr><tr><td>\n  <strong>28.3.<\/strong><strong><\/strong>\n  <\/td><td>10 Uhr Pontifikalamt   und Palmweihe im Speyerer Dom.   <\/td><\/tr><tr><td>\n  <strong>28. \u2013 31.3.<\/strong><strong><\/strong>\n  <\/td><td>Crossover \u2013 Grundkurs (Jugend) Gruppenleitung \u2013 digitaler Teil. Pr\u00e4senzabschluss (01.  \u2013 02. Oktober 2021) Veranstalter: Katholische junge Gemeinde (KjG) und Junge Kirche Speyer   <\/td><\/tr><tr><td>\n  <strong>29.3.<\/strong><strong><\/strong>\n  <\/td><td>17 Uhr Chrisam-Messe   im Speyerer Dom.   <\/td><\/tr><tr><td>\n  <strong>29.3.<\/strong><strong><\/strong>\n  <\/td><td>19 Uhr bis 20 Uhr, \u201eBrot und Palawer\u201c, digitales Gespr\u00e4chsformat des Bundes der Deutschen Katholischen Jugend (BDKJ) zu aktuellen politischen Themen und Gespr\u00e4che mit B\u00fcndnispartner\/-innen wie z. B. United4Rescue oder dem Netzwerk f\u00fcr Demokratie und Zivilcourage.   <\/td><\/tr><tr><td>  31.3.   <\/td><td>1046 &#8211; 975. Todestag des Sel. Guido von Pomposa (Reliquie im Dom).   <\/td><\/tr><\/tbody><\/table>\n\n\n\n<p><em>Text: Bistum Speyer Foto: Speyer 24\/7 News<br>28.02.2021<\/em><\/p>\n\n\n\n<h2 class=\"wp-block-heading\"><strong>Begegnung und Dialog mit Pfarreien<\/strong><\/h2>\n\n\n\n<h3 class=\"wp-block-heading\"><strong>Pastoralbesuche im Bistum Speyer starten<\/strong><\/h3>\n\n\n\n<p><strong>Speyer &#8211;<\/strong> Die Corona-Pandemie stellt auch die Pfarreien im Bistum Speyer vor besondere Herausforderungen. Neue Konzepte f\u00fcr die Seelsorge und die Kontaktpflege mit den Pfarreimitgliedern sind gefragt und werden schon erprobt. Wie die Situation vor Ort im Einzelnen aussieht, worin die Herausforderungen bestehen und wo weitere Unterst\u00fctzung von Seiten der Bistumsleitung und des Bisch\u00f6flichen Ordinariats ben\u00f6tigt wird \u2013 das sind die Themen der Gespr\u00e4che bei den jetzt beginnenden Pastoralbesuchen von Bischof Dr. Wiesemann und weiteren Vertreterinnen und Vertretern der Bistumsleitung in den Pfarreien. Bis zum Juli dieses Jahres werden alle 70 Pfarreien im Bistum besucht. Corona-bedingt werden allerdings im M\u00e4rz alle Treffen digital stattfinden. Die weitere Planung der Besuche danach h\u00e4ngt von der Entwicklung der Pandemie ab.<\/p>\n\n\n\n<p>\u201eEs ist mir und uns wichtig, dass wir \u2013 auch und gerade in dieser herausfordernden Zeit der Corona-bedingten Verunsicherung und der damit verbundenen Umbr\u00fcche \u2013 im Dialog vor Ort miteinander verbunden bleiben und uns in der Gemeinschaft im Gebet und im unmittelbaren Austausch st\u00e4rken\u201c, erl\u00e4utert Bischof Dr. Karl-Heinz Wiesemann in einem Brief an die Pfarreien die geplanten Treffen.<\/p>\n\n\n\n<p>Bestandteil jedes Pastoralbesuchs ist die Begegnung mit dem Pastoralteam und Vertreterinnen und Vertretern der pfarrlichen Gremien. Eingeladen zum Gespr\u00e4ch sind die Vorst\u00e4nde von Pfarreirat und Verwaltungsrat und die Vorsitzenden der Gemeindeaussch\u00fcsse. Dabei geht es vor allem um das H\u00f6ren, was die Pfarreien derzeit besonders bewegt und wie sie mit den Herausforderungen der Corona-Pandemie umgehen. Ein weiteres Element ist die \u201eBegegnung im Sozialraum\u201c, mit der der Blick \u00fcber den Kirchturm hinaus auf alle Menschen im Gebiet der Pfarrei gerichtet werden soll. Gespr\u00e4chspartner k\u00f6nnen&nbsp; zum Beispiel Elternvertreter einer KiTa, Mitglieder einer Jugendgruppe, Mitarbeiter\/innen oder Betreute in einer sozialen\/caritativen Einrichtung, Arbeitnehmer\/innen eines Betriebes sein. H\u00f6hepunkt des Pastoralbesuchs wird ein gemeinsam gefeierter Gottesdienst sein. Bei den digitalen Treffen werden entsprechend gestaltete Andachten diese Feier ersetzen.<\/p>\n\n\n\n<h4 class=\"wp-block-heading\"><strong>Die Termine der Pastoralbesuche per Videokonferenz im M\u00e4rz:<\/strong><\/h4>\n\n\n\n<ul><li><strong>3. M\u00e4rz<\/strong>,\u00a0 Pastoralbesuch von Ordinariatsdirektorin Christine Lambrich in der Pfarrei Hl. Elisabeth, Zweibr\u00fccken.<\/li><li><strong>6. M\u00e4rz,\u00a0\u00a0<\/strong>Pastoralbesuch von Weihbischof Otto Georgens in der Pfarrei Hl. Theresia vom Kinde Jesus, Bad D\u00fcrkheim.<\/li><li><strong>10. M\u00e4rz<\/strong>, Pastoralbesuch von Weihbischof Otto Georgens in der Pfarrei Hl. Philipp der Einsiedler, G\u00f6llheim.<\/li><\/ul>\n\n\n\n<ul><li><strong>11. M\u00e4rz<\/strong>, Pastoralbesuch von Weihbischof Otto Georgens in der Pfarrei Hl. Dreifaltigkeit, Frankenthal.<\/li><li><strong>11. M\u00e4rz<\/strong>, Pastoralbesuch von Generalvikar Andreas Sturm in der Pfarrei Hl. Theresia von Avila, Neustadt.<\/li><\/ul>\n\n\n\n<ul><li><strong>12. M\u00e4rz<\/strong>, Pastoralbesuch von Weihbischof Otto Georgens in der Pfarrei Hl. Geist, Geinsheim.<\/li><li><strong>16. M\u00e4rz<\/strong>, Pastoralbesuch von Weihbischof Otto Georgens in der Pfarrei Hl. Christophorus, Sch\u00f6nenberg-K\u00fcbelberg.<\/li><\/ul>\n\n\n\n<ul><li><strong>17. M\u00e4rz<\/strong>, Pastoralbesuch von Weihbischof Otto Georgens in der Pfarrei Hl. Theodard, R\u00fclzheim.<\/li><li><strong>17. M\u00e4rz<\/strong>, Pastoralbesuch von Domkapitular Franz Vogelgesang in der Pfarrei Hl. Edith Stein, Bad Bergzabern.<\/li><\/ul>\n\n\n\n<ul><li><strong>19. M\u00e4rz,<\/strong>\u00a0Pastoralbesuch von Domkapitular Franz Vogelgesang in der Pfarrei Hll. Petrus und Paulus, Ludwigshafen.<\/li><li><strong>23. M\u00e4rz<\/strong>,Pastoralbesuch von Ordinariatsdirektorin Christine Lambrich in der Pfarrei Hl. Wendelinus, Trulben<\/li><\/ul>\n\n\n\n<p><em>Bistum Speyer<br>28.02.2021<\/em><\/p>\n\n\n\n<h2 class=\"wp-block-heading\"><strong>Flexibilit\u00e4t und Kreativit\u00e4t sind gefragt<\/strong><\/h2>\n\n\n\n<h3 class=\"wp-block-heading\">Elf Pfarrerinnen und Pfarrer hat die Evangelische Kirche der Pfalz in der Speyerer Dreifaltigkeitskirche ernannt. Sie treten im M\u00e4rz ihren Dienst an.<\/h3>\n\n\n\n<figure class=\"wp-block-image\"><img decoding=\"async\" loading=\"lazy\" width=\"800\" height=\"598\" src=\"https:\/\/speyer24news.com\/wp-content\/uploads\/2021\/02\/0226-Neue-Pfarrer-Ernennung_Gruppenbild-Foto-lk-Rummel.jpg\" alt=\"\" class=\"wp-image-33680\" srcset=\"https:\/\/speyer24news.com\/wp-content\/uploads\/2021\/02\/0226-Neue-Pfarrer-Ernennung_Gruppenbild-Foto-lk-Rummel.jpg 800w, https:\/\/speyer24news.com\/wp-content\/uploads\/2021\/02\/0226-Neue-Pfarrer-Ernennung_Gruppenbild-Foto-lk-Rummel-300x224.jpg 300w, https:\/\/speyer24news.com\/wp-content\/uploads\/2021\/02\/0226-Neue-Pfarrer-Ernennung_Gruppenbild-Foto-lk-Rummel-768x574.jpg 768w, https:\/\/speyer24news.com\/wp-content\/uploads\/2021\/02\/0226-Neue-Pfarrer-Ernennung_Gruppenbild-Foto-lk-Rummel-326x245.jpg 326w, https:\/\/speyer24news.com\/wp-content\/uploads\/2021\/02\/0226-Neue-Pfarrer-Ernennung_Gruppenbild-Foto-lk-Rummel-80x60.jpg 80w\" sizes=\"(max-width: 800px) 100vw, 800px\" \/><\/figure>\n\n\n\n<p><strong>Speyer <em>(lk)<\/em> &#8211; <\/strong>Die Evangelische Kirche der Pfalz hat sechs neue Pfarrerinnen und f\u00fcnf neue Pfarrer ernannt. Die Ernennungsurkunden wurden von Personaldezernentin und Oberkirchenr\u00e4tin Marianne Wagner sowie dem scheidenden Kirchenpr\u00e4sidenten Christian Schad in der Dreifaltigkeitskirche in Speyer \u00fcberreicht.<\/p>\n\n\n\n<p>Bei der Urkundenverleihung in der Dreifaltigkeitskirche in Speyer best\u00e4rkte Oberkirchenr\u00e4tin Marianne Wagner die Seelsorger darin, an der Freude des Evangeliums festzuhalten und dies im pers\u00f6nlichen Wirken durchscheinen zu lassen. \u201eUnser Auftrag ist es, die Menschen zu erreichen, neue Wege zu wagen und dann auch loszugehen\u201c, sagte die Oberkirchenr\u00e4tin. Schlie\u00dflich h\u00e4tten die zuk\u00fcnftigen Pfarrerinnen Erfahrungen in der ganzen Welt gesammelt und w\u00fcrden nun in den Gemeinden sehnlichst erwartet. Gleichzeitig m\u00fcsse die Kirche keine Angst vor Ver\u00e4nderungen haben. Auch seien die jungen Theologen nie ganz fertig. Aber, \u201ewenn Neues entsteht, sind wir mit Freude dabei\u201c, so Wagner. In Zukunft seien sie mit anderen Menschen unterwegs, gemeinsam Zeugnis abzulegen f\u00fcr Liebe, Barmherzigkeit und Respekt.<\/p>\n\n\n\n<p>Kirchenpr\u00e4sident Christian Schad lobte die Flexibilit\u00e4t und Kreativit\u00e4t, die sie in \u201edieser f\u00fcr uns alle so au\u00dfergew\u00f6hnlichen Situation gezeigt haben und sich als jungen Kolleginnen und Kollegen bew\u00e4hrt haben\u201c. Er gab ihnen eine Empfehlung mit auf den Weg: \u201eBleiben Sie dran am Evangelium und am Gebet\u201c, sagte er bei der Ernennung. Es war seine letzte Amtshandlung in seiner Dienstzeit.<\/p>\n\n\n\n<p>Folgende Pfarrerinnen und Pfarrer treten ab 1. M\u00e4rz 2020 ihren Dienst in der Evangelischen Kirche der Pfalz an: Anja Best wird f\u00fcr den Kirchenbezirk An Alsenz und Lauter t\u00e4tig sein, Florian Grieb f\u00fcr den Kirchenbezirk Ludwigshafen, Miriam Laubscher f\u00fcr den Kirchenbezirk Homburg. Franziska Boltenhagen \u00fcbernimmt die Pfarrstelle in Gro\u00dfkarlbach (Kirchenbezirk Bad D\u00fcrkheim-Gr\u00fcnstadt), Daniela Hegel und ihr Ehemann Manuel Hegel werden Pfarrer in Erlenbach-Morlautern (Kirchenbezirk Kaiserslautern), Eva M\u00e4hnert wird das Pfarramt in Wolfstein (Kirchenbezirk An Alsenz und Lauter) antreten, Max Niessner wird Pfarrer in Birkenheide und im Kirchenbezirk Bad D\u00fcrkheim-Gr\u00fcnstadt, Maik Weidemann wird das Pfarramt Schifferstadt 2 (Kirchenbezirk Speyer) \u00fcbernehmen, Hannah Wirth wird Pfarrerin in Thaleischweiler (Kirchenbezirk Pirmasens) und Johannes Rossell tritt die Pfarrstelle in der Christuskirche St. Ingbert an (Kirchenbezirk Zweibr\u00fccken).<\/p>\n\n\n\n<p>In der Evangelischen Kirche der Pfalz sind nach Auskunft von Oberkirchenr\u00e4tin Wagner zurzeit 514 Pfarrerinnen und Pfarrer im Dienst (Stand Februar 2021). Das sind 292 M\u00e4nner und 222 Frauen. Aktuell sind 13 Vikarinnen und Vikare sowie ein Gastvikar in der Ausbildung.<\/p>\n\n\n\n<h4 class=\"wp-block-heading\">Sehen Sie hier alle 11 neuen Pfarrer\/innen:<\/h4>\n\n\n\n<ul class=\"wp-block-gallery columns-2 is-cropped wp-block-gallery-1 is-layout-flex wp-block-gallery-is-layout-flex\"><li class=\"blocks-gallery-item\"><figure><img decoding=\"async\" loading=\"lazy\" width=\"500\" height=\"637\" src=\"https:\/\/speyer24news.com\/wp-content\/uploads\/2021\/02\/0226-Neue-Pfarrer-Ernennung-Daniela-Hegel.jpeg\" alt=\"\" data-id=\"33669\" data-link=\"https:\/\/speyer24news.com\/?attachment_id=33669\" class=\"wp-image-33669\" srcset=\"https:\/\/speyer24news.com\/wp-content\/uploads\/2021\/02\/0226-Neue-Pfarrer-Ernennung-Daniela-Hegel.jpeg 500w, https:\/\/speyer24news.com\/wp-content\/uploads\/2021\/02\/0226-Neue-Pfarrer-Ernennung-Daniela-Hegel-235x300.jpeg 235w\" sizes=\"(max-width: 500px) 100vw, 500px\" \/><\/figure><\/li><li class=\"blocks-gallery-item\"><figure><img decoding=\"async\" loading=\"lazy\" width=\"500\" height=\"635\" src=\"https:\/\/speyer24news.com\/wp-content\/uploads\/2021\/02\/0226-Neue-Pfarrer-Ernennung-Eva-M\u00e4hnert.jpeg\" alt=\"\" data-id=\"33670\" data-link=\"https:\/\/speyer24news.com\/?attachment_id=33670\" class=\"wp-image-33670\" srcset=\"https:\/\/speyer24news.com\/wp-content\/uploads\/2021\/02\/0226-Neue-Pfarrer-Ernennung-Eva-M\u00e4hnert.jpeg 500w, https:\/\/speyer24news.com\/wp-content\/uploads\/2021\/02\/0226-Neue-Pfarrer-Ernennung-Eva-M\u00e4hnert-236x300.jpeg 236w\" sizes=\"(max-width: 500px) 100vw, 500px\" \/><\/figure><\/li><li class=\"blocks-gallery-item\"><figure><img decoding=\"async\" loading=\"lazy\" width=\"500\" height=\"628\" src=\"https:\/\/speyer24news.com\/wp-content\/uploads\/2021\/02\/0226-Neue-Pfarrer-Ernennung-Florian-Grieb.jpeg\" alt=\"\" data-id=\"33671\" data-link=\"https:\/\/speyer24news.com\/?attachment_id=33671\" class=\"wp-image-33671\" srcset=\"https:\/\/speyer24news.com\/wp-content\/uploads\/2021\/02\/0226-Neue-Pfarrer-Ernennung-Florian-Grieb.jpeg 500w, https:\/\/speyer24news.com\/wp-content\/uploads\/2021\/02\/0226-Neue-Pfarrer-Ernennung-Florian-Grieb-239x300.jpeg 239w\" sizes=\"(max-width: 500px) 100vw, 500px\" \/><\/figure><\/li><li class=\"blocks-gallery-item\"><figure><img decoding=\"async\" loading=\"lazy\" width=\"500\" height=\"651\" src=\"https:\/\/speyer24news.com\/wp-content\/uploads\/2021\/02\/0226-Neue-Pfarrer-Ernennung-Franziska-Boltenhagen.jpeg\" alt=\"\" data-id=\"33672\" data-link=\"https:\/\/speyer24news.com\/?attachment_id=33672\" class=\"wp-image-33672\" srcset=\"https:\/\/speyer24news.com\/wp-content\/uploads\/2021\/02\/0226-Neue-Pfarrer-Ernennung-Franziska-Boltenhagen.jpeg 500w, https:\/\/speyer24news.com\/wp-content\/uploads\/2021\/02\/0226-Neue-Pfarrer-Ernennung-Franziska-Boltenhagen-230x300.jpeg 230w\" sizes=\"(max-width: 500px) 100vw, 500px\" \/><\/figure><\/li><li class=\"blocks-gallery-item\"><figure><img decoding=\"async\" loading=\"lazy\" width=\"500\" height=\"594\" src=\"https:\/\/speyer24news.com\/wp-content\/uploads\/2021\/02\/0226-Neue-Pfarrer-Ernennung-Hannah-Wirth.jpeg\" alt=\"\" data-id=\"33673\" data-link=\"https:\/\/speyer24news.com\/?attachment_id=33673\" class=\"wp-image-33673\" srcset=\"https:\/\/speyer24news.com\/wp-content\/uploads\/2021\/02\/0226-Neue-Pfarrer-Ernennung-Hannah-Wirth.jpeg 500w, https:\/\/speyer24news.com\/wp-content\/uploads\/2021\/02\/0226-Neue-Pfarrer-Ernennung-Hannah-Wirth-253x300.jpeg 253w\" sizes=\"(max-width: 500px) 100vw, 500px\" \/><\/figure><\/li><li class=\"blocks-gallery-item\"><figure><img decoding=\"async\" loading=\"lazy\" width=\"500\" height=\"586\" src=\"https:\/\/speyer24news.com\/wp-content\/uploads\/2021\/02\/0226-Neue-Pfarrer-Ernennung-Johannes-Rossell.jpeg\" alt=\"\" data-id=\"33674\" data-link=\"https:\/\/speyer24news.com\/?attachment_id=33674\" class=\"wp-image-33674\" srcset=\"https:\/\/speyer24news.com\/wp-content\/uploads\/2021\/02\/0226-Neue-Pfarrer-Ernennung-Johannes-Rossell.jpeg 500w, https:\/\/speyer24news.com\/wp-content\/uploads\/2021\/02\/0226-Neue-Pfarrer-Ernennung-Johannes-Rossell-256x300.jpeg 256w\" sizes=\"(max-width: 500px) 100vw, 500px\" \/><\/figure><\/li><li class=\"blocks-gallery-item\"><figure><img decoding=\"async\" loading=\"lazy\" width=\"500\" height=\"572\" src=\"https:\/\/speyer24news.com\/wp-content\/uploads\/2021\/02\/0226-Neue-Pfarrer-Ernennung-Maik-Weidemann.jpeg\" alt=\"\" data-id=\"33675\" data-link=\"https:\/\/speyer24news.com\/?attachment_id=33675\" class=\"wp-image-33675\" srcset=\"https:\/\/speyer24news.com\/wp-content\/uploads\/2021\/02\/0226-Neue-Pfarrer-Ernennung-Maik-Weidemann.jpeg 500w, https:\/\/speyer24news.com\/wp-content\/uploads\/2021\/02\/0226-Neue-Pfarrer-Ernennung-Maik-Weidemann-262x300.jpeg 262w\" sizes=\"(max-width: 500px) 100vw, 500px\" \/><\/figure><\/li><li class=\"blocks-gallery-item\"><figure><img decoding=\"async\" loading=\"lazy\" width=\"500\" height=\"615\" src=\"https:\/\/speyer24news.com\/wp-content\/uploads\/2021\/02\/0226-Neue-Pfarrer-Ernennung-Manuel-Hegel.jpeg\" alt=\"\" data-id=\"33676\" data-link=\"https:\/\/speyer24news.com\/?attachment_id=33676\" class=\"wp-image-33676\" srcset=\"https:\/\/speyer24news.com\/wp-content\/uploads\/2021\/02\/0226-Neue-Pfarrer-Ernennung-Manuel-Hegel.jpeg 500w, https:\/\/speyer24news.com\/wp-content\/uploads\/2021\/02\/0226-Neue-Pfarrer-Ernennung-Manuel-Hegel-244x300.jpeg 244w\" sizes=\"(max-width: 500px) 100vw, 500px\" \/><\/figure><\/li><li class=\"blocks-gallery-item\"><figure><img decoding=\"async\" loading=\"lazy\" width=\"500\" height=\"650\" src=\"https:\/\/speyer24news.com\/wp-content\/uploads\/2021\/02\/0226-Neue-Pfarrer-Ernennung-Max-Niessner-Foto-rummel.jpeg\" alt=\"\" data-id=\"33677\" data-link=\"https:\/\/speyer24news.com\/?attachment_id=33677\" class=\"wp-image-33677\" srcset=\"https:\/\/speyer24news.com\/wp-content\/uploads\/2021\/02\/0226-Neue-Pfarrer-Ernennung-Max-Niessner-Foto-rummel.jpeg 500w, https:\/\/speyer24news.com\/wp-content\/uploads\/2021\/02\/0226-Neue-Pfarrer-Ernennung-Max-Niessner-Foto-rummel-231x300.jpeg 231w\" sizes=\"(max-width: 500px) 100vw, 500px\" \/><\/figure><\/li><li class=\"blocks-gallery-item\"><figure><img decoding=\"async\" loading=\"lazy\" width=\"500\" height=\"648\" src=\"https:\/\/speyer24news.com\/wp-content\/uploads\/2021\/02\/0226-Neue-Pfarrer-Ernennung-Miriam-Laubscher.jpeg\" alt=\"\" data-id=\"33678\" data-link=\"https:\/\/speyer24news.com\/?attachment_id=33678\" class=\"wp-image-33678\" srcset=\"https:\/\/speyer24news.com\/wp-content\/uploads\/2021\/02\/0226-Neue-Pfarrer-Ernennung-Miriam-Laubscher.jpeg 500w, https:\/\/speyer24news.com\/wp-content\/uploads\/2021\/02\/0226-Neue-Pfarrer-Ernennung-Miriam-Laubscher-231x300.jpeg 231w\" sizes=\"(max-width: 500px) 100vw, 500px\" \/><\/figure><\/li><li class=\"blocks-gallery-item\"><figure><img decoding=\"async\" loading=\"lazy\" width=\"500\" height=\"671\" src=\"https:\/\/speyer24news.com\/wp-content\/uploads\/2021\/02\/0226-Neue-Pfarrer-Ernenunnung-Anja-Best.jpeg\" alt=\"\" data-id=\"33679\" data-link=\"https:\/\/speyer24news.com\/?attachment_id=33679\" class=\"wp-image-33679\" srcset=\"https:\/\/speyer24news.com\/wp-content\/uploads\/2021\/02\/0226-Neue-Pfarrer-Ernenunnung-Anja-Best.jpeg 500w, https:\/\/speyer24news.com\/wp-content\/uploads\/2021\/02\/0226-Neue-Pfarrer-Ernenunnung-Anja-Best-224x300.jpeg 224w\" sizes=\"(max-width: 500px) 100vw, 500px\" \/><\/figure><\/li><li class=\"blocks-gallery-item\"><figure><img decoding=\"async\" loading=\"lazy\" width=\"800\" height=\"598\" src=\"https:\/\/speyer24news.com\/wp-content\/uploads\/2021\/02\/0226-Neue-Pfarrer-Ernennung_Gruppenbild-Foto-lk-Rummel.jpg\" alt=\"\" data-id=\"33680\" data-link=\"https:\/\/speyer24news.com\/?attachment_id=33680\" class=\"wp-image-33680\" srcset=\"https:\/\/speyer24news.com\/wp-content\/uploads\/2021\/02\/0226-Neue-Pfarrer-Ernennung_Gruppenbild-Foto-lk-Rummel.jpg 800w, https:\/\/speyer24news.com\/wp-content\/uploads\/2021\/02\/0226-Neue-Pfarrer-Ernennung_Gruppenbild-Foto-lk-Rummel-300x224.jpg 300w, https:\/\/speyer24news.com\/wp-content\/uploads\/2021\/02\/0226-Neue-Pfarrer-Ernennung_Gruppenbild-Foto-lk-Rummel-768x574.jpg 768w, https:\/\/speyer24news.com\/wp-content\/uploads\/2021\/02\/0226-Neue-Pfarrer-Ernennung_Gruppenbild-Foto-lk-Rummel-326x245.jpg 326w, https:\/\/speyer24news.com\/wp-content\/uploads\/2021\/02\/0226-Neue-Pfarrer-Ernennung_Gruppenbild-Foto-lk-Rummel-80x60.jpg 80w\" sizes=\"(max-width: 800px) 100vw, 800px\" \/><\/figure><\/li><\/ul>\n\n\n\n<p><em>28.02.2021<\/em><\/p>\n\n\n\n<h2 class=\"wp-block-heading\">Abw\u00e4gung zwischen Einzelinteressen und Gemeinwohl<\/h2>\n\n\n\n<h3 class=\"wp-block-heading\">Im digitalen Landauer Akademiegespr\u00e4ch diskutiert die Evangelische Akademie mit der Politik und der Kirche dar\u00fcber, wie sich der Gemeinsinn durch die Pandemie ver\u00e4ndert hat.<\/h3>\n\n\n\n<div class=\"wp-block-image\"><figure class=\"aligncenter\"><img decoding=\"async\" loading=\"lazy\" width=\"600\" height=\"269\" src=\"https:\/\/speyer24news.com\/wp-content\/uploads\/2021\/02\/Evangelische-Akademie-der-Pfalz.png\" alt=\"\" class=\"wp-image-33668\" srcset=\"https:\/\/speyer24news.com\/wp-content\/uploads\/2021\/02\/Evangelische-Akademie-der-Pfalz.png 600w, https:\/\/speyer24news.com\/wp-content\/uploads\/2021\/02\/Evangelische-Akademie-der-Pfalz-300x135.png 300w\" sizes=\"(max-width: 600px) 100vw, 600px\" \/><\/figure><\/div>\n\n\n\n<p><strong>Landau <em>(lk\/EA)<\/em> &#8211; <\/strong>St\u00e4rkt die Pandemie unseren Gemeinsinn? Wie k\u00f6nnen wir die Bed\u00fcrfnisse Einzelner mit denen der Gemeinschaft in Einklang bringen? Diese und andere Fragen stellt die Evangelische Akademie der Pfalz bei einem digitalen Akademiegespr\u00e4ch am 12. M\u00e4rz. Die Veranstaltung findet von 18 bis 19 Uhr \u00fcber die Videokonferenz-Plattform Zoom statt in Kooperation mit dem Frank-Loeb-Institut der Universit\u00e4t Koblenz-Landau sowie mit der Stadt Landau.<\/p>\n\n\n\n<p>Unter der \u00dcberschrift \u201eMe, myself and I? \u2013 Partikularinteressen versus gesellschaftlichen Zusammenhalt\u201c sind Andrea Lindholz, Abgeordnete und Vorsitzende des Ausschusses f\u00fcr Inneres und Heimat des Deutschen Bundestages sowie Peter Kohlgraf, Bischof der r\u00f6misch-katholischen Di\u00f6zese Mainz, eingeladen.<\/p>\n\n\n\n<p>Hintergrund der Veranstaltung ist eine gesellschaftliche Entwicklung, die durch die Corona-Pandemie Aufwind bekommen hat: Politik, Wissenschaft und Wirtschaft sprechen mehr denn je von Verantwortung, R\u00fccksichtnahme und Zusammenhalt. Dass wir zugunsten anderer auf pers\u00f6nliche Freiheiten, soziale Kontakte und Vergn\u00fcgungen verzichten m\u00fcssen; dass Alte und Kranke zu sch\u00fctzen sind; dass knappe Impfstoffe gerecht verteilt werden, national, europ\u00e4isch, global \u2013 diese Einsichten werden von vielen geteilt. Zugleich hat die Pandemie aber auch Zweifel an der Tragf\u00e4higkeit gesellschaftlicher Solidarit\u00e4t aufkommen lassen. Es geht um die Balance zwischen Individualismus und Gemeinwohl.<\/p>\n\n\n\n<p><strong>Anmeldung:<\/strong> F\u00fcr die Teilnahme an der Digitalveranstaltung ist eine pers\u00f6nliche Anmeldung bis zum 10. M\u00e4rz 2021 per E-Mail an <a href=\"info@eapfalz.de\">info@eapfalz.de<\/a> notwendig. Die Zugangsdaten erhalten die Teilnehmenden sp\u00e4testens am Veranstaltungstag.<\/p>\n\n\n\n<p>Mehr Infos:\u00a0<a rel=\"noreferrer noopener\" href=\"https:\/\/deref-web.de\/mail\/client\/e_c_Z-jSRWo\/dereferrer\/?redirectUrl=https%3A%2F%2Fwww.eapfalz.de%2Fveranstaltungen%2Fprogramm%2Flag2020-21memyselfi%2F\" target=\"_blank\">https:\/\/www.eapfalz.de\/veranstaltungen\/programm\/lag2020-21memyselfi\/<\/a><\/p>\n\n\n\n<p><em>28.02.2021<\/em><\/p>\n\n\n\n<h2 class=\"wp-block-heading\">Portrait-Gem\u00e4lde am Domplatz enth\u00fcllt<\/h2>\n\n\n\n<h3 class=\"wp-block-heading\">Kirchenpr\u00e4sident Christian Schad hat gemeinsam mit der Mainzer K\u00fcnstlerin Susanna Storch sein Portrait der \u00d6ffentlichkeit vorgestellt.<\/h3>\n\n\n\n<div class=\"wp-block-image\"><figure class=\"aligncenter\"><img decoding=\"async\" loading=\"lazy\" width=\"800\" height=\"599\" src=\"https:\/\/speyer24news.com\/wp-content\/uploads\/2021\/02\/csm_0223_Storch_Schad_Portrait_06e36b2c2d.jpg\" alt=\"\" class=\"wp-image-33667\" srcset=\"https:\/\/speyer24news.com\/wp-content\/uploads\/2021\/02\/csm_0223_Storch_Schad_Portrait_06e36b2c2d.jpg 800w, https:\/\/speyer24news.com\/wp-content\/uploads\/2021\/02\/csm_0223_Storch_Schad_Portrait_06e36b2c2d-300x225.jpg 300w, https:\/\/speyer24news.com\/wp-content\/uploads\/2021\/02\/csm_0223_Storch_Schad_Portrait_06e36b2c2d-768x575.jpg 768w, https:\/\/speyer24news.com\/wp-content\/uploads\/2021\/02\/csm_0223_Storch_Schad_Portrait_06e36b2c2d-678x509.jpg 678w, https:\/\/speyer24news.com\/wp-content\/uploads\/2021\/02\/csm_0223_Storch_Schad_Portrait_06e36b2c2d-326x245.jpg 326w, https:\/\/speyer24news.com\/wp-content\/uploads\/2021\/02\/csm_0223_Storch_Schad_Portrait_06e36b2c2d-80x60.jpg 80w\" sizes=\"(max-width: 800px) 100vw, 800px\" \/><figcaption> Kirchenpr\u00e4sident Dr. h. c. Christian Schad und die Mainzer K\u00fcnstlerin Susanna Storch<br><em>Foto: Landeskirche\/Landry<\/em><\/figcaption><\/figure><\/div>\n\n\n\n<p><strong>Speyer <em>(lk)<\/em> &#8211; <\/strong>Alle bisherigen Kirchenpr\u00e4sidenten wurden von K\u00fcnstlern portr\u00e4tiert. Seit der Renovierung des Landeskirchenrates am Domplatz 5 findet sich die Galerie im Flur des Kirchenpr\u00e4sidentenb\u00fcros. Der Platz f\u00fcr das Acrylbild von Christian Schad war schon reserviert. Nach vierw\u00f6chiger Arbeit im Mainzer Atelier wurde es von der K\u00fcnstlerin Susanna Storch und dem Kirchenpr\u00e4sidenten enth\u00fcllt.<\/p>\n\n\n\n<p>Der Kontakt sei \u00fcber den ehemaligen Kulturstaatssekret\u00e4r des Landes Rheinland-Pfalz, Walter Schumacher, entstanden, so Schad. Auf diese Weise kam es im Januar zu dieser Auftragsarbeit in Zeiten von Corona. Susanna Storch konnte sich einen Monat lang jeden Tag acht Stunden in ihr Werk vertiefen. Es zeigt Christian Schad mit aufgeschlagener Bibel.<\/p>\n\n\n\n<p>&#8222;Wir haben uns in Speyer getroffen. Dort habe ich die &#8218;Ahnengalerie&#8216; zum ersten Mal gesehen und dann bei unserem Kennenlernen einige Fotos von Herrn Schad gemacht&#8220;, erz\u00e4hlt die Mainzer K\u00fcnstlerin. Ihr sachlicher, realistischer Stil solle die Menschenfreundlichkeit des Kirchenpr\u00e4sidenten ausstrahlen. Sie habe die Erfahrung gemacht, dass sie die Menschen treffen m\u00fcsse, um sie portr\u00e4tieren zu k\u00f6nnen. Derzeit habe sie erstaunlich viele Anfragen f\u00fcr Familien- oder Kinderportraits. &#8222;Christian Schad ist mir sofort sympathisch gewesen&#8220;, so Storch, die sich \u00fcber den Auftrag gefreut habe.<\/p>\n\n\n\n<p>&#8222;Ich arbeite momentan meistens zuhause, haupts\u00e4chlich wegen des besseren Lichts in dieser Jahreszeit. Arbeit gibt es genug, zum Gl\u00fcck, ich hatte im letzten Jahr und auch jetzt wieder diverse Auftragsarbeiten, wof\u00fcr ich sehr dankbar bin&#8220;, lie\u00df die K\u00fcnstlerin wissen. Das gerahmte Bild sei im Format 70 mal 80 cm gearbeitet und mit Acrylfarben ausgef\u00fchrt. Es sei eines von insgesamt sieben Portraits, die sie in den letzten zw\u00f6lf Monaten malen konnte.<\/p>\n\n\n\n<p>Mehr zum Thema:\u00a0<a rel=\"noreferrer noopener\" href=\"https:\/\/deref-web.de\/mail\/client\/-enhr9mll2w\/dereferrer\/?redirectUrl=http%3A%2F%2Fwww.susannastorch.de\" target=\"_blank\">http:\/\/www.susannastorch.de<\/a><\/p>\n\n\n\n<p><em>28.02.2021<\/em><\/p>\n","protected":false},"excerpt":{"rendered":"<div class=\"mh-excerpt\"><p>Terminkalender des Bistum Speyer im M\u00e4rz 2021 Ein Hinweis: Aufgrund der aktuellen Corona-Pandemie k\u00f6nnen Termine kurzfristig ausfallen. Alle Veranstaltungen die stattfinden, werden unter Ber\u00fccksichtigung der geltenden Hygieneregeln durchgef\u00fchrt. Termine und Veranstaltungen 3.3. Pastoralbesuch per Videokonferenz <a class=\"mh-excerpt-more\" href=\"https:\/\/speyer24news.com\/?p=33666\" title=\"Kirche\">[&#8230;]<\/a><\/p>\n<\/div>","protected":false},"author":3,"featured_media":0,"comment_status":"open","ping_status":"open","sticky":false,"template":"","format":"standard","meta":{"_monsterinsights_skip_tracking":false,"_monsterinsights_sitenote_active":false,"_monsterinsights_sitenote_note":"","_monsterinsights_sitenote_category":0,"footnotes":""},"categories":[120],"tags":[174,10009,10337,187,2360,5132,9693,121,4865,4314,10334,10336,10335,6,10338,3100,6175],"aioseo_notices":[],"amp_enabled":true,"_links":{"self":[{"href":"https:\/\/speyer24news.com\/index.php?rest_route=\/wp\/v2\/posts\/33666"}],"collection":[{"href":"https:\/\/speyer24news.com\/index.php?rest_route=\/wp\/v2\/posts"}],"about":[{"href":"https:\/\/speyer24news.com\/index.php?rest_route=\/wp\/v2\/types\/post"}],"author":[{"embeddable":true,"href":"https:\/\/speyer24news.com\/index.php?rest_route=\/wp\/v2\/users\/3"}],"replies":[{"embeddable":true,"href":"https:\/\/speyer24news.com\/index.php?rest_route=%2Fwp%2Fv2%2Fcomments&post=33666"}],"version-history":[{"count":1,"href":"https:\/\/speyer24news.com\/index.php?rest_route=\/wp\/v2\/posts\/33666\/revisions"}],"predecessor-version":[{"id":33681,"href":"https:\/\/speyer24news.com\/index.php?rest_route=\/wp\/v2\/posts\/33666\/revisions\/33681"}],"wp:attachment":[{"href":"https:\/\/speyer24news.com\/index.php?rest_route=%2Fwp%2Fv2%2Fmedia&parent=33666"}],"wp:term":[{"taxonomy":"category","embeddable":true,"href":"https:\/\/speyer24news.com\/index.php?rest_route=%2Fwp%2Fv2%2Fcategories&post=33666"},{"taxonomy":"post_tag","embeddable":true,"href":"https:\/\/speyer24news.com\/index.php?rest_route=%2Fwp%2Fv2%2Ftags&post=33666"}],"curies":[{"name":"wp","href":"https:\/\/api.w.org\/{rel}","templated":true}]}}