{"id":33739,"date":"2021-03-02T11:52:00","date_gmt":"2021-03-02T10:52:00","guid":{"rendered":"https:\/\/speyer24news.com\/?p=33739"},"modified":"2021-03-02T11:52:00","modified_gmt":"2021-03-02T10:52:00","slug":"germersheim-und-landkreis-germersheim-20","status":"publish","type":"post","link":"https:\/\/speyer24news.com\/?p=33739","title":{"rendered":"Germersheim und Landkreis Germersheim"},"content":{"rendered":"<style type=\"text\/css\">\r\n\t.ads_top_disp{}\r\n\t.ads_top_corner_disp{ float:left; margin:0px 10px 10px 0px; }\r\n\t.ads_first_p_disp{}\r\n\t.ads_bottom_disp{}\r\n\t<\/style>\n<h2 class=\"wp-block-heading\"><strong>Landrat Brechtel wirbt um Verst\u00e4ndnis f\u00fcr Entscheidung:<\/strong><strong><\/strong><\/h2>\n\n\n\n<h3 class=\"wp-block-heading\"><strong>Eindeutige Landesvorgaben &#8211; Allgemeinverf\u00fcgungen k\u00f6nnen schnell wirken<\/strong><\/h3>\n\n\n\n<figure class=\"wp-block-image\"><img decoding=\"async\" loading=\"lazy\" width=\"640\" height=\"523\" src=\"https:\/\/speyer24news.com\/wp-content\/uploads\/2020\/01\/Fritz-Brechtel.jpg\" alt=\"\" class=\"wp-image-24652\" srcset=\"https:\/\/speyer24news.com\/wp-content\/uploads\/2020\/01\/Fritz-Brechtel.jpg 640w, https:\/\/speyer24news.com\/wp-content\/uploads\/2020\/01\/Fritz-Brechtel-300x245.jpg 300w\" sizes=\"(max-width: 640px) 100vw, 640px\" \/><\/figure>\n\n\n\n<p>Die Gesetzeslage ist eindeutig. In Paragraph 23, Absatz 3 der 16. Corona Bek\u00e4mpfungsverordnung des Landes Rheinland-Pfalz hei\u00dft es im Wortlaut: &#8222;\u00dcberschreitet in einem Landkreis (..) die 7-Tages-Inzidenz an mehr als drei Tagen in Folge einen Wert von 100, sind (..) unverz\u00fcglich Allgemeinverf\u00fcgungen zu erlassen, die beispielsweise ohne das Vorliegen eines triftigen Grundes eine Begrenzung der Mobilit\u00e4t auf den Umkreis von h\u00f6chstens 15 Kilometern ab den Grenzen der Gebietsk\u00f6rperschaft sowie eine n\u00e4chtliche Ausgangsbeschr\u00e4nkung zum Gegenstand haben. Sofern die Allgemeinverf\u00fcgungen auch Regelungen enthalten, die Schulen betreffen, sind diese vorab mit der Schulaufsicht abzustimmen.&#8220; Auch Ministerpr\u00e4sidentin Malu Dreyer macht gegen\u00fcber dem SWR klar Vorgaben: &#8222;Ab Inzidenz 100 gibt es ganz klare Allgemeinverf\u00fcgung. Und da geh\u00f6ren auch so unangenehme Dinge dazu, wie beispielsweise Ausgangsbeschr\u00e4nkungen am Abend.&#8220;<\/p>\n\n\n\n<p>Auf Grundlage dieser Vorgaben wurde f\u00fcr den Landkreis Germersheim am vergangenen Freitag eine seit Samstag g\u00fcltige und mit ADD sowie Landesregierung abgestimmte Allgemeinverf\u00fcgung erlassen, die im Wesentlichen eine Ausgangssperre f\u00fcr die Zeit von 21 bis 5 Uhr vorsieht. Im Gegensatz zu fr\u00fcheren Entscheidungen und Ma\u00dfnahmen sorgte diese Ank\u00fcndigung in den Sozialen Medien f\u00fcr Unruhe und vielfach Unverst\u00e4ndnis.<\/p>\n\n\n\n<p>Landrat Dr. Fritz Brechtel kann die Aufregung und den Unmut verstehen: &#8222;Diese Entscheidung ist mir sehr schwergefallen. Niemand h\u00e4tte damit gerechnet, dass die dritte Corona-Welle so schnell \u00fcber den Kreis rollen w\u00fcrde. Die Menschen sind vielfach mit ihren Nerven, ihrer Geduld und ihrem Einverst\u00e4ndnis \u00fcber politische Entscheidungen am Ende. Das gilt es zu akzeptieren. Es entbindet uns jedoch nicht von der Verpflichtung, Ma\u00dfnahmen f\u00fcr den Gesundheitsschutz einzuleiten. Zumal, wenn diese rechtlich vorgeschrieben sind.&#8220;<\/p>\n\n\n\n<p>Insbesondere der Erfolg n\u00e4chtlicher Ausgangssperren, der im Kreis zun\u00e4chst f\u00fcr eine Woche gilt, wird kritisch diskutiert. Doch die Erfahrungen aus Bundesl\u00e4ndern wie Baden-W\u00fcrttemberg (wo bereits ab einer Inzidenz von 50 Ausgangsverbote gelten) oder St\u00e4dten wie Ludwigshafen oder Speyer zeigen: Ausgangssperren zeigen Wirkung. &#8222;Ich kann die Sorge, den \u00c4rger und den Missmut der B\u00fcrgerinnen und B\u00fcrger sehr gut nachvollziehen. Die Entbehrungen sind f\u00fcr viele Menschen immens, die Belastungen enorm. Dennoch werbe ich um Verst\u00e4ndnis daf\u00fcr, dass wir dem Gesundheitsschutz in einer Situation wie dieser gr\u00f6\u00dfte Bedeutung zukommen lassen m\u00fcssen&#8220;, so Landrat Brechtel in einem Appell am sp\u00e4ten Sonntagnachmittag. Dass trotz der Verbote die vom Land geplanten sanften Lockerungen auch im Landkreis Germersheim eingef\u00fchrt werden, scheint ebenfalls f\u00fcr Irritationen zu sorgen. &#8222;Mit dieser Entscheidung soll verhindert werden, dass wir einen Landkreis-Tourismus generieren und die Menschen zum Einkaufen oder f\u00fcr Friseurtermine in die Regionen fahren, wo dies ab Montag erlaubt ist. So halten wir die Infektionslage besser im Blick&#8220;, sagt Brechtel.<\/p>\n\n\n\n<p>Das Infektionsgeschehen im Landkreis ist ebenso dynamisch wie diffus, berichtet das zust\u00e4ndige Gesundheitsamt. Es gibt vielf\u00e4ltige Infektionsherde: in engen Wohnlagen, in Notbetreuungen von Kinderg\u00e4rten, vor Superm\u00e4rkten, in Unterk\u00fcnften, von Reiser\u00fcckkehrenden oder am Arbeitsplatz &#8211; in allen m\u00f6glichen Bereichen ist es in der Vergangenheit zu Infektionen gekommen. Erschwert wird die Situation durch das vermehrte Aufkommen der britischen Variante, die sich schneller und insofern heimt\u00fcckischer ausbreitet, da die Inkubationszeit hier fast doppelt so lang ist und Kontaktnachverfolgungen entsprechend ausgedehnt werden m\u00fcssen. &#8222;Wir m\u00fcssen weiterhin Kontakte m\u00f6glichst vermeiden, Masken tragen, auf die Hygiene achten und uns impfen lassen, sobald sich die M\u00f6glichkeit daf\u00fcr bietet.&#8220; F\u00fcr Landrat Dr. Fritz Brechtel ist diese Zeit eine enorm gro\u00dfe Herausforderung f\u00fcr alle. In seiner Handlung sieht er sich jedoch eindeutig best\u00e4tigt und verweist dabei auch auf Aussagen der rheinland-pf\u00e4lzischen Ministerpr\u00e4sidentin Dreyer: &#8222;Gegen\u00fcber den Medien hat sie immer wieder bekr\u00e4ftigt, dass es Aufgabe der Kommunen und Landkreise sei, bei anhaltend hohen Inzidenzwerten auch rigorose Ma\u00dfnahmen zu ergreifen. Dies haben wir nun getan und k\u00f6nnen nur hoffen, dass es den Menschen in unserer Region gelingt, diese mitzutragen und auszuhalten.<\/p>\n\n\n\n<p>&#8222;Licht am Ende des Tunnels zeigt sich in Form der Impfstoffe, die alle hervorragend wirken. So sind die Senioreneinrichtungen im Kreis alle durchgeimpft und der Erfolg zeigt sich: es gibt aktuell keine Infektionen mehr. Deshalb sollten alle Impfstoffe, die in zunehmend gr\u00f6\u00dferer Menge versprochen sind, restlos verimpft werden. Ich appelliere an alle, die die M\u00f6glichkeit haben, sich impfen zu lassen. Dies, verbunden mit dem Vermeiden von Kontakten und dem Einhalten der Hygienema\u00dfnahmen, sind unsere wirkungsvollsten Werkzeuge, um die Pandemie zu \u00fcberwinden.&#8220;<\/p>\n\n\n\n<p><em>Kreisverwaltung Germersheim<br>02.03.2021<\/em><\/p>\n\n\n\n<h1 class=\"wp-block-heading\" style=\"text-align:center\">Corona-Virus<\/h1>\n\n\n\n<figure class=\"wp-block-image\"><img decoding=\"async\" loading=\"lazy\" width=\"800\" height=\"400\" src=\"https:\/\/speyer24news.com\/wp-content\/uploads\/2020\/02\/virus-1812092_1920.jpg\" alt=\"\" class=\"wp-image-25128\" srcset=\"https:\/\/speyer24news.com\/wp-content\/uploads\/2020\/02\/virus-1812092_1920.jpg 800w, https:\/\/speyer24news.com\/wp-content\/uploads\/2020\/02\/virus-1812092_1920-300x150.jpg 300w, https:\/\/speyer24news.com\/wp-content\/uploads\/2020\/02\/virus-1812092_1920-768x384.jpg 768w\" sizes=\"(max-width: 800px) 100vw, 800px\" \/><\/figure>\n\n\n\n<h2 class=\"wp-block-heading\"><strong>Coronavirus &#8211; Fallzahlen im Landkreis Germersheim<\/strong><\/h2>\n\n\n\n<h3 class=\"wp-block-heading\">Montag (1. M\u00e4rz 2021)<\/h3>\n\n\n\n<p>Aktuell gibt\nes im Landkreis Germersheim 406 best\u00e4tigte positive F\u00e4lle, die Gesamtzahl bel\u00e4uft\nsich auf 3553 Infizierte seit Beginn der Pandemie (+ 45 F\u00e4lle seit Freitag).<\/p>\n\n\n\n<h4 class=\"wp-block-heading\"><strong>Neu betroffene\nEinrichtungen:<\/strong><\/h4>\n\n\n\n<p><strong>Johann-Gottfried-Tulla\nGrundschule Maximiliansau:<\/strong> Eine Person wurde positiv getestet. Die Kontaktpersonen\nbefinden sich in Quarant\u00e4ne.<\/p>\n\n\n\n<table class=\"wp-block-table\"><tbody><tr><td><strong>VG \/ Stadt<\/strong>   <\/td><td><strong>Ort<\/strong>   <\/td><td><strong>Infizierte seit Beginn der Pandemie<\/strong>   <\/td><td><strong>Aktuell infizierte Personen<\/strong>   <\/td><td><strong>Gesundete bzw. nicht mehr infizierte Personen<\/strong>   <\/td><td><strong>Leider an oder mit Covid-19 verstorbene Personen<\/strong>   <\/td><\/tr><tr><td>\n  VG Hagenbach\n  <\/td><td>\n  Berg\n  <\/td><td>\n  35\n  <\/td><td>\n  3\n  <\/td><td>\n  32\n  <\/td><td>\n  0\n  <\/td><\/tr><tr><td>\n  &nbsp;\n  <\/td><td>\n  Hagenbach\n  <\/td><td>\n  145\n  <\/td><td>\n  7\n  <\/td><td>\n  123\n  <\/td><td>\n  15\n  <\/td><\/tr><tr><td>\n  &nbsp;\n  <\/td><td>\n  Neuburg\n  <\/td><td>\n  75\n  <\/td><td>\n  5\n  <\/td><td>\n  67\n  <\/td><td>\n  3\n  <\/td><\/tr><tr><td>\n  &nbsp;\n  <\/td><td>\n  Scheibenhardt\n  <\/td><td>\n  14\n  <\/td><td>\n  1\n  <\/td><td>\n  13\n  <\/td><td>\n  0\n  <\/td><\/tr><tr><td>\n  <strong>&nbsp;<\/strong>\n  <\/td><td>\n  <strong>Summen<\/strong><strong><\/strong>\n  <\/td><td>\n  <strong>269<\/strong><strong><\/strong>\n  <\/td><td>\n  <strong>16<\/strong><strong><\/strong>\n  <\/td><td>\n  <strong>235<\/strong><strong><\/strong>\n  <\/td><td>\n  <strong>18<\/strong><strong><\/strong>\n  <\/td><\/tr><tr><td>\n  W\u00f6rth\n  <\/td><td>\n  Maximiliansau\n  <\/td><td>\n  148\n  <\/td><td>\n  11\n  <\/td><td>\n  136\n  <\/td><td>\n  1\n  <\/td><\/tr><tr><td>\n  &nbsp;\n  <\/td><td>\n  Schaidt\n  <\/td><td>\n  29\n  <\/td><td>\n  10\n  <\/td><td>\n  19\n  <\/td><td>\n  0\n  <\/td><\/tr><tr><td>\n  &nbsp;\n  <\/td><td>\n  W\u00f6rth, Stadt\n  <\/td><td>\n  331\n  <\/td><td>\n  68\n  <\/td><td>\n  259\n  <\/td><td>\n  4\n  <\/td><\/tr><tr><td>\n  &nbsp;\n  <\/td><td>\n  B\u00fcchelberg\n  <\/td><td>\n  26\n  <\/td><td>\n  7\n  <\/td><td>\n  19\n  <\/td><td>\n  0\n  <\/td><\/tr><tr><td>\n  <strong>&nbsp;<\/strong>\n  <\/td><td>\n  <strong>Summen<\/strong><strong><\/strong>\n  <\/td><td>\n  <strong>534<\/strong><strong><\/strong>\n  <\/td><td>\n  <strong>96<\/strong><strong><\/strong>\n  <\/td><td>\n  <strong>433<\/strong><strong><\/strong>\n  <\/td><td>\n  <strong>5<\/strong><strong><\/strong>\n  <\/td><\/tr><tr><td>\n  VG Kandel\n  <\/td><td>\n  Erlenbach\n  <\/td><td>\n  9\n  <\/td><td>\n  0\n  <\/td><td>\n  9\n  <\/td><td>\n  0\n  <\/td><\/tr><tr><td>\n  &nbsp;\n  <\/td><td>\n  Freckenfeld\n  <\/td><td>\n  33\n  <\/td><td>\n  5\n  <\/td><td>\n  28\n  <\/td><td>\n  0\n  <\/td><\/tr><tr><td>\n  &nbsp;\n  <\/td><td>\n  Kandel\n  <\/td><td>\n  177\n  <\/td><td>\n  24\n  <\/td><td>\n  150\n  <\/td><td>\n  3\n  <\/td><\/tr><tr><td>\n  &nbsp;\n  <\/td><td>\n  Minfeld\n  <\/td><td>\n  32\n  <\/td><td>\n  2\n  <\/td><td>\n  30\n  <\/td><td>\n  0\n  <\/td><\/tr><tr><td>\n  &nbsp;\n  <\/td><td>\n  Steinweiler\n  <\/td><td>\n  48\n  <\/td><td>\n  8\n  <\/td><td>\n  40\n  <\/td><td>\n  0\n  <\/td><\/tr><tr><td>\n  &nbsp;\n  <\/td><td>\n  Vollmersweiler\n  <\/td><td>\n  1\n  <\/td><td>\n  0\n  <\/td><td>\n  1\n  <\/td><td>\n  0\n  <\/td><\/tr><tr><td>\n  &nbsp;\n  <\/td><td>\n  Winden\n  <\/td><td>\n  23\n  <\/td><td>\n  2\n  <\/td><td>\n  20\n  <\/td><td>\n  1\n  <\/td><\/tr><tr><td>\n  &nbsp;\n  <\/td><td>\n  <strong>Summen<\/strong><strong><\/strong>\n  <\/td><td>\n  <strong>323<\/strong><strong><\/strong>\n  <\/td><td>\n  <strong>41<\/strong><strong><\/strong>\n  <\/td><td>\n  <strong>278<\/strong><strong><\/strong>\n  <\/td><td>\n  <strong>4<\/strong><strong><\/strong>\n  <\/td><\/tr><tr><td>\n  VG Jockgrim\n  <\/td><td>\n  Hatzenb\u00fchl\n  <\/td><td>\n  49\n  <\/td><td>\n  6\n  <\/td><td>\n  43\n  <\/td><td>\n  0\n  <\/td><\/tr><tr><td>\n  &nbsp;\n  <\/td><td>\n  Jockgrim\n  <\/td><td>\n  170\n  <\/td><td>\n  28\n  <\/td><td>\n  137\n  <\/td><td>\n  5\n  <\/td><\/tr><tr><td>\n  &nbsp;\n  <\/td><td>\n  Neupotz\n  <\/td><td>\n  30\n  <\/td><td>\n  1\n  <\/td><td>\n  26\n  <\/td><td>\n  3\n  <\/td><\/tr><tr><td>\n  &nbsp;\n  <\/td><td>\n  Rheinzabern\n  <\/td><td>\n  108\n  <\/td><td>\n  18\n  <\/td><td>\n  87\n  <\/td><td>\n  3\n  <\/td><\/tr><tr><td>\n  &nbsp;\n  <\/td><td>\n  <strong>Summen<\/strong><strong><\/strong>\n  <\/td><td>\n  <strong>357<\/strong><strong><\/strong>\n  <\/td><td>\n  <strong>53<\/strong><strong><\/strong>\n  <\/td><td>\n  <strong>293<\/strong><strong><\/strong>\n  <\/td><td>\n  <strong>11<\/strong><strong><\/strong>\n  <\/td><\/tr><tr><td>\n  VG R\u00fclzheim\n  <\/td><td>\n  H\u00f6rdt\n  <\/td><td>\n  78\n  <\/td><td>\n  16\n  <\/td><td>\n  62\n  <\/td><td>\n  0\n  <\/td><\/tr><tr><td>\n  &nbsp;\n  <\/td><td>\n  Kuhardt\n  <\/td><td>\n  51\n  <\/td><td>\n  4\n  <\/td><td>\n  47\n  <\/td><td>\n  0\n  <\/td><\/tr><tr><td>\n  &nbsp;\n  <\/td><td>\n  Leimersheim\n  <\/td><td>\n  45\n  <\/td><td>\n  2\n  <\/td><td>\n  42\n  <\/td><td>\n  1\n  <\/td><\/tr><tr><td>\n  &nbsp;\n  <\/td><td>\n  R\u00fclzheim\n  <\/td><td>\n  178\n  <\/td><td>\n  12\n  <\/td><td>\n  161\n  <\/td><td>\n  5\n  <\/td><\/tr><tr><td>\n  &nbsp;\n  <\/td><td>\n  <strong>Summen<\/strong><strong><\/strong>\n  <\/td><td>\n  <strong>352<\/strong><strong><\/strong>\n  <\/td><td>\n  <strong>34<\/strong><strong><\/strong>\n  <\/td><td>\n  <strong>312<\/strong><strong><\/strong>\n  <\/td><td>\n  <strong>6<\/strong><strong><\/strong>\n  <\/td><\/tr><tr><td>\n  VG Bellheim\n  <\/td><td>\n  Bellheim\n  <\/td><td>\n  286\n  <\/td><td>\n  17\n  <\/td><td>\n  242\n  <\/td><td>\n  27\n  <\/td><\/tr><tr><td>\n  &nbsp;\n  <\/td><td>\n  Knittelsheim\n  <\/td><td>\n  26\n  <\/td><td>\n  0\n  <\/td><td>\n  26\n  <\/td><td>\n  0\n  <\/td><\/tr><tr><td>\n  &nbsp;\n  <\/td><td>\n  Ottersheim\n  <\/td><td>\n  54\n  <\/td><td>\n  8\n  <\/td><td>\n  46\n  <\/td><td>\n  0\n  <\/td><\/tr><tr><td>\n  &nbsp;\n  <\/td><td>\n  Zeiskam\n  <\/td><td>\n  58\n  <\/td><td>\n  13\n  <\/td><td>\n  45\n  <\/td><td>\n  0\n  <\/td><\/tr><tr><td>\n  &nbsp;\n  <\/td><td>\n  <strong>Summen<\/strong><strong><\/strong>\n  <\/td><td>\n  <strong>424<\/strong><strong><\/strong>\n  <\/td><td>\n  <strong>38<\/strong><strong><\/strong>\n  <\/td><td>\n  <strong>359<\/strong><strong><\/strong>\n  <\/td><td>\n  <strong>27<\/strong><strong><\/strong>\n  <\/td><\/tr><tr><td>\n  Germersheim + So\n  <\/td><td>\n  &nbsp;\n  <\/td><td>\n  743\n  <\/td><td>\n  92\n  <\/td><td>\n  639\n  <\/td><td>\n  12\n  <\/td><\/tr><tr><td>\n  &nbsp;\n  <\/td><td>\n  <strong>Summen<\/strong><strong><\/strong>\n  <\/td><td>\n  <strong>743<\/strong><strong><\/strong>\n  <\/td><td>\n  <strong>92<\/strong><strong><\/strong>\n  <\/td><td>\n  <strong>639<\/strong><strong><\/strong>\n  <\/td><td>\n  <strong>12<\/strong><strong><\/strong>\n  <\/td><\/tr><tr><td>\n  VG Lingenfeld\n  <\/td><td>\n  Freisbach\n  <\/td><td>\n  46\n  <\/td><td>\n  7\n  <\/td><td>\n  38\n  <\/td><td>\n  1\n  <\/td><\/tr><tr><td>\n  &nbsp;\n  <\/td><td>\n  Lingenfeld\n  <\/td><td>\n  184\n  <\/td><td>\n  3\n  <\/td><td>\n  174\n  <\/td><td>\n  7\n  <\/td><\/tr><tr><td>\n  &nbsp;\n  <\/td><td>\n  Lustadt\n  <\/td><td>\n  75\n  <\/td><td>\n  12\n  <\/td><td>\n  62\n  <\/td><td>\n  1\n  <\/td><\/tr><tr><td>\n  &nbsp;\n  <\/td><td>\n  Schwegenheim\n  <\/td><td>\n  108\n  <\/td><td>\n  5\n  <\/td><td>\n  103\n  <\/td><td>\n  0\n  <\/td><\/tr><tr><td>\n  &nbsp;\n  <\/td><td>\n  Weingarten\n  <\/td><td>\n  59\n  <\/td><td>\n  0\n  <\/td><td>\n  58\n  <\/td><td>\n  1\n  <\/td><\/tr><tr><td>\n  &nbsp;\n  <\/td><td>\n  Westheim\n  <\/td><td>\n  79\n  <\/td><td>\n  9\n  <\/td><td>\n  63\n  <\/td><td>\n  7\n  <\/td><\/tr><tr><td>\n  &nbsp;\n  <\/td><td>\n  <strong>Summen<\/strong><strong><\/strong>\n  <\/td><td>\n  <strong>551<\/strong><strong><\/strong>\n  <\/td><td>\n  <strong>36<\/strong><strong><\/strong>\n  <\/td><td>\n  <strong>498<\/strong><strong><\/strong>\n  <\/td><td>\n  <strong>17<\/strong><strong><\/strong>\n  <\/td><\/tr><tr><td>\n  &nbsp;\n  <\/td><td>\n  <strong>Endsummen<\/strong><strong><\/strong>\n  <\/td><td>\n  <strong>3553<\/strong><strong><\/strong>\n  <\/td><td>\n  <strong>406<\/strong><strong><\/strong>\n  <\/td><td>\n  <strong>3047<\/strong><strong><\/strong>\n  <\/td><td>\n  <strong>100<\/strong><strong><\/strong>\n  <\/td><\/tr><\/tbody><\/table>\n\n\n\n<p><em>Kreisverwaltung Germersheim<br>02.03.2021<\/em><\/p>\n","protected":false},"excerpt":{"rendered":"<div class=\"mh-excerpt\"><p>Landrat Brechtel wirbt um Verst\u00e4ndnis f\u00fcr Entscheidung: Eindeutige Landesvorgaben &#8211; Allgemeinverf\u00fcgungen k\u00f6nnen schnell wirken Die Gesetzeslage ist eindeutig. In Paragraph 23, Absatz 3 der 16. Corona Bek\u00e4mpfungsverordnung des Landes Rheinland-Pfalz hei\u00dft es im Wortlaut: &#8222;\u00dcberschreitet <a class=\"mh-excerpt-more\" href=\"https:\/\/speyer24news.com\/?p=33739\" title=\"Germersheim und Landkreis Germersheim\">[&#8230;]<\/a><\/p>\n<\/div>","protected":false},"author":3,"featured_media":0,"comment_status":"open","ping_status":"open","sticky":false,"template":"","format":"standard","meta":{"_monsterinsights_skip_tracking":false,"_monsterinsights_sitenote_active":false,"_monsterinsights_sitenote_note":"","_monsterinsights_sitenote_category":0,"footnotes":""},"categories":[449],"tags":[8975,10330,8140,9951,6902,9205,9887,8739,6323,9746,9616,6903,9745,9614,210,5569],"aioseo_notices":[],"amp_enabled":true,"_links":{"self":[{"href":"https:\/\/speyer24news.com\/index.php?rest_route=\/wp\/v2\/posts\/33739"}],"collection":[{"href":"https:\/\/speyer24news.com\/index.php?rest_route=\/wp\/v2\/posts"}],"about":[{"href":"https:\/\/speyer24news.com\/index.php?rest_route=\/wp\/v2\/types\/post"}],"author":[{"embeddable":true,"href":"https:\/\/speyer24news.com\/index.php?rest_route=\/wp\/v2\/users\/3"}],"replies":[{"embeddable":true,"href":"https:\/\/speyer24news.com\/index.php?rest_route=%2Fwp%2Fv2%2Fcomments&post=33739"}],"version-history":[{"count":1,"href":"https:\/\/speyer24news.com\/index.php?rest_route=\/wp\/v2\/posts\/33739\/revisions"}],"predecessor-version":[{"id":33740,"href":"https:\/\/speyer24news.com\/index.php?rest_route=\/wp\/v2\/posts\/33739\/revisions\/33740"}],"wp:attachment":[{"href":"https:\/\/speyer24news.com\/index.php?rest_route=%2Fwp%2Fv2%2Fmedia&parent=33739"}],"wp:term":[{"taxonomy":"category","embeddable":true,"href":"https:\/\/speyer24news.com\/index.php?rest_route=%2Fwp%2Fv2%2Fcategories&post=33739"},{"taxonomy":"post_tag","embeddable":true,"href":"https:\/\/speyer24news.com\/index.php?rest_route=%2Fwp%2Fv2%2Ftags&post=33739"}],"curies":[{"name":"wp","href":"https:\/\/api.w.org\/{rel}","templated":true}]}}