{"id":33744,"date":"2021-03-02T12:12:11","date_gmt":"2021-03-02T11:12:11","guid":{"rendered":"https:\/\/speyer24news.com\/?p=33744"},"modified":"2021-03-02T12:13:10","modified_gmt":"2021-03-02T11:13:10","slug":"hassloch-85","status":"publish","type":"post","link":"https:\/\/speyer24news.com\/?p=33744","title":{"rendered":"Ha\u00dfloch"},"content":{"rendered":"<style type=\"text\/css\">\r\n\t.ads_top_disp{}\r\n\t.ads_top_corner_disp{ float:left; margin:0px 10px 10px 0px; }\r\n\t.ads_first_p_disp{}\r\n\t.ads_bottom_disp{}\r\n\t<\/style>\n<h2 class=\"wp-block-heading\">Klimakranker Wald: Baumf\u00e4llungen aus Gr\u00fcnden der Verkehrssicherung<\/h2>\n\n\n\n<div class=\"wp-block-image\"><figure class=\"aligncenter\"><img decoding=\"async\" loading=\"lazy\" width=\"800\" height=\"600\" src=\"https:\/\/speyer24news.com\/wp-content\/uploads\/2021\/03\/IMG_20200429_181333.jpg\" alt=\"\" class=\"wp-image-33746\" srcset=\"https:\/\/speyer24news.com\/wp-content\/uploads\/2021\/03\/IMG_20200429_181333.jpg 800w, https:\/\/speyer24news.com\/wp-content\/uploads\/2021\/03\/IMG_20200429_181333-300x225.jpg 300w, https:\/\/speyer24news.com\/wp-content\/uploads\/2021\/03\/IMG_20200429_181333-768x576.jpg 768w, https:\/\/speyer24news.com\/wp-content\/uploads\/2021\/03\/IMG_20200429_181333-678x509.jpg 678w, https:\/\/speyer24news.com\/wp-content\/uploads\/2021\/03\/IMG_20200429_181333-326x245.jpg 326w, https:\/\/speyer24news.com\/wp-content\/uploads\/2021\/03\/IMG_20200429_181333-80x60.jpg 80w\" sizes=\"(max-width: 800px) 100vw, 800px\" \/><\/figure><\/div>\n\n\n\n<p>Rekordhitze, D\u00fcrre und Sch\u00e4dlingsbefall \u2013 die vergangenen Sommerperioden sind auch am Ha\u00dflocher Wald nicht spurlos vorbeigezogen. Die winterlichen Niederschl\u00e4ge sind ebenfalls \u00fcberschaubar und bleiben unter den normalen Mengen, sodass Feuchtigkeit beim Aufbau des Wasservorrates im Boden fehlt. Die Folge ist ein Absterben weiterer B\u00e4ume, besonders betroffen sind heimische Baumarten. Im Ha\u00dflocher Wald leidet vor allem die Kiefer, aber auch Birke und Buche sind betroffen.<\/p>\n\n\n\n<p>Aus diesem Grund haben die Mitarbeiter des Forstes entlang hoch frequentierter Wege, wie beispielsweise im Bereich der Laufstrecken oder den Wegen mit besonderer Nutzung (Spielweg) verst\u00e4rkte Kontrollen des Baumbestandes durchgef\u00fchrt. Absterbende und bereits abgestorbene B\u00e4ume wurden gef\u00e4llt.<\/p>\n\n\n\n<div class=\"wp-block-image\"><figure class=\"aligncenter\"><img decoding=\"async\" loading=\"lazy\" width=\"600\" height=\"589\" src=\"https:\/\/speyer24news.com\/wp-content\/uploads\/2021\/03\/Baumf\u00e4llungen.jpg\" alt=\"\" class=\"wp-image-33745\" srcset=\"https:\/\/speyer24news.com\/wp-content\/uploads\/2021\/03\/Baumf\u00e4llungen.jpg 600w, https:\/\/speyer24news.com\/wp-content\/uploads\/2021\/03\/Baumf\u00e4llungen-300x295.jpg 300w\" sizes=\"(max-width: 600px) 100vw, 600px\" \/><\/figure><\/div>\n\n\n\n<p>Zur Zeit muss das Forstrevier Ha\u00dfloch aus Verkehrssicherungsgr\u00fcnden im Bereich der Landesstra\u00dfe L530 (Geinsheimer Stra\u00dfe), der L 529 (Holidaypark Stra\u00dfe) sowie der K 14 vom \u201eAlten Forsthaus\u201c Richtung Lachen-Speyerdorf abgestorbene B\u00e4ume f\u00e4llen lassen. Mangelnde Sicherheit bei Sturm sowie Ast- und Kronenbruch stellen hier eine Gefahr f\u00fcr den \u00f6ffentlichen Stra\u00dfenverkehr dar. Die F\u00e4llungsma\u00dfnahme des Forstes l\u00e4uft bereits und wird vermutlich noch die komplette Woche in Anspruch nehmen.<\/p>\n\n\n\n<p>Revierf\u00f6rster Armin Kupper weist au\u00dferdem darauf hin, dass ein Teil der gef\u00e4llten B\u00e4ume komplett im Bestand liegen bleiben wird, da eine Verwertung des Kiefernholzes sehr schwierig ist. Losgel\u00f6st von solchen Bereichen mit erh\u00f6hter Verkehrssicherungspflicht, weist Revierleiter Armin Kupper nochmals darauf hin, dass Erholungssuchende im Waldesinneren und auf Waldwegen grunds\u00e4tzlich mit waldtypischen Gefahren rechnen m\u00fcssen.<\/p>\n\n\n\n<p><em>Gemeindeverwaltung Ha\u00dfloch<br>02.03.2021<\/em><\/p>\n\n\n\n<h2 class=\"wp-block-heading\">Gemeindeb\u00fccherei: \u00d6ffnung nach vorheriger Terminvereinbarung<\/h2>\n\n\n\n<figure class=\"wp-block-image\"><img decoding=\"async\" loading=\"lazy\" width=\"800\" height=\"594\" src=\"https:\/\/speyer24news.com\/wp-content\/uploads\/2021\/03\/B\u00fccher.jpg\" alt=\"\" class=\"wp-image-33731\" srcset=\"https:\/\/speyer24news.com\/wp-content\/uploads\/2021\/03\/B\u00fccher.jpg 800w, https:\/\/speyer24news.com\/wp-content\/uploads\/2021\/03\/B\u00fccher-300x223.jpg 300w, https:\/\/speyer24news.com\/wp-content\/uploads\/2021\/03\/B\u00fccher-768x570.jpg 768w, https:\/\/speyer24news.com\/wp-content\/uploads\/2021\/03\/B\u00fccher-80x60.jpg 80w\" sizes=\"(max-width: 800px) 100vw, 800px\" \/><\/figure>\n\n\n\n<p>Die neue Corona-Bek\u00e4mpfungsverordnung erm\u00f6glicht der B\u00fccherei eine \u00d6ffnung nach vorheriger Terminvereinbarung. Dementsprechend k\u00f6nnen ab sofort Termine f\u00fcr den Besuch der B\u00fccherei telefonisch unter 06324\/935-451 oder 935-453 vereinbart werden. Pro Termin ist ein Aufenthalt von maximal 30 Minuten m\u00f6glich. Die Personenzahl ist gem\u00e4\u00df Verordnung auf einen Haushalt beschr\u00e4nkt. Vor Ort gilt die versch\u00e4rfte Maskenpflicht (FFP2 Maske oder medizinische Maske). Desinfektionsm\u00f6glichkeiten stehen am Eingang zur Verf\u00fcgung.<\/p>\n\n\n\n<p>Der seit dem 12.01.2021 angebotene Bestell- und Abholservice bleibt weiterhin bestehen. Medien aus dem Bestand der B\u00fccherei k\u00f6nnen telefonisch (06324\/935-451) oder per Mail (<a href=\"gemeindebuecherei@hassloch.de\">gemeindebuecherei@hassloch.de<\/a>) bestellt und zu den bekannten \u00d6ffnungszeiten in der B\u00fccherei abgeholt werden. Das Team der B\u00fccherei gibt bei jeder Bestellung R\u00fcckmeldung, ab wann die bestellten Medien zum Abholen bereit liegen.<\/p>\n\n\n\n<p>\u201eWir freuen uns, unsere Leserinnen und Leser wieder pers\u00f6nlich in der B\u00fccherei begr\u00fc\u00dfen zu k\u00f6nnen\u201c, so B\u00fcchereileiterin Gabi Pfadt. \u201eMit dem Bestell- und Abholservice und nun der \u00d6ffnung nach vorheriger Terminvereinbarung versucht das Team der B\u00fccherei gem\u00e4\u00df geltender Verordnung bestm\u00f6glich f\u00fcr die Leserinnen und Leser da zu sein und sie auch w\u00e4hrend der Pandemie mit Lesestoff zu versorgen\u201c, erg\u00e4nzt B\u00fcrgermeister Tobias Meyer.<\/p>\n\n\n\n<p>S\u00e4umnisgeb\u00fchren sind w\u00e4hrend der Schlie\u00dfzeit nicht angefallen und werden auch w\u00e4hrend der eingeschr\u00e4nkten \u00d6ffnung nicht erhoben. Dennoch k\u00f6nnen entliehene B\u00fccher zu den bekannten \u00d6ffnungszeiten ohne vorherige Terminvereinbarung kontaktlos zur\u00fcckgegeben werden. \u201eEine zeitige R\u00fcckgabe verhindert, dass insbesondere gefragte Medien \u00fcber mehrere Wochen vergriffen sind\u201c, so B\u00fcchereileiterin Gabi Pfadt.<\/p>\n\n\n\n<p>Wer derweil den digitalen Weg bevorzugt und B\u00fccher ohnehin lieber \u00fcber Tablet, Smartphone oder eBook-Reader liest, kann nat\u00fcrlich auch weiterhin die Onleihe nutzen. Alle Inhaber eines g\u00fcltigen Leseausweises der Gemeindeb\u00fccherei haben automatisch und kostenlos Zugang zur Onleihe Rheinland-Pfalz. Im Onleihe-Portal stehen rund 100.000 digitale Medien zur Verf\u00fcgung. Die Registrierung und Anmeldung erfolgt mit der Leseausweisnummer.<\/p>\n\n\n\n<p><em>Gemeindeverwaltung Ha\u00dfloch \/ Gemeindeb\u00fccherei<br>02.03.2021<\/em><\/p>\n\n\n\n<h2 class=\"wp-block-heading\">Besuche und Eink\u00e4ufe in der Tourist-Information mit Termin wieder m\u00f6glich<\/h2>\n\n\n\n<p>In Anlehnung an die Lockerungen im Einzelhandel, kann auch die Ha\u00dflocher TouristInformation wieder \u00f6ffnen und bietet pers\u00f6nliche Beratung oder Verkauf von (Wein)Pr\u00e4senten nach vorheriger Terminvereinbarung zu den bekannten \u00d6ffnungszeiten an. Die Dauer des Termins richtet sich individuell nach dem jeweiligen Anliegen. Hierzu einfach eine E-Mail schreiben oder telefonisch Kontakt aufnehmen, den Terminwunsch sowie das Anliegen mitteilen und das Team der Tourist-Information bereitet alles vor. \u201eEgal ob Informationen oder Prospekte ben\u00f6tigt werden oder ein Weinpr\u00e4sent f\u00fcr den n\u00e4chsten Geburtstag her muss, wir helfen weiter und freuen uns, dass wir unsere G\u00e4ste wieder pers\u00f6nlich begr\u00fc\u00dfen k\u00f6nnen\u201c, so die Leiterin der Tourist-Information Annika Dietz.<\/p>\n\n\n\n<p>Die Tourist-Information ist telefonisch unter 06324\/935-225 oder per Mail an <a href=\"touristinfo@hassloch.de\">touristinfo@hassloch.de<\/a> zu erreichen. Ge\u00f6ffnet ist Montag bis Freitag von 9:00 bis 12.30 Uhr sowie Montag bis Donnerstag von 14:00 bis 16:00 Uhr. Vor Ort gelten die bekannten Hygiene- und Abstandsregeln, ebenso ist das Tragen eines medizinischen Mundschutzes verpflichtend.<\/p>\n\n\n\n<p><em>Gemeindeverwaltung Ha\u00dfloch<br>02.03.2021<\/em><\/p>\n","protected":false},"excerpt":{"rendered":"<div class=\"mh-excerpt\"><p>Klimakranker Wald: Baumf\u00e4llungen aus Gr\u00fcnden der Verkehrssicherung Rekordhitze, D\u00fcrre und Sch\u00e4dlingsbefall \u2013 die vergangenen Sommerperioden sind auch am Ha\u00dflocher Wald nicht spurlos vorbeigezogen. Die winterlichen Niederschl\u00e4ge sind ebenfalls \u00fcberschaubar und bleiben unter den normalen Mengen, <a class=\"mh-excerpt-more\" href=\"https:\/\/speyer24news.com\/?p=33744\" title=\"Ha\u00dfloch\">[&#8230;]<\/a><\/p>\n<\/div>","protected":false},"author":3,"featured_media":23914,"comment_status":"open","ping_status":"open","sticky":false,"template":"","format":"standard","meta":{"_monsterinsights_skip_tracking":false,"_monsterinsights_sitenote_active":false,"_monsterinsights_sitenote_note":"","_monsterinsights_sitenote_category":0,"footnotes":""},"categories":[235],"tags":[338,10397,3482,180,10396,6977,1534,10395],"aioseo_notices":[],"amp_enabled":true,"_links":{"self":[{"href":"https:\/\/speyer24news.com\/index.php?rest_route=\/wp\/v2\/posts\/33744"}],"collection":[{"href":"https:\/\/speyer24news.com\/index.php?rest_route=\/wp\/v2\/posts"}],"about":[{"href":"https:\/\/speyer24news.com\/index.php?rest_route=\/wp\/v2\/types\/post"}],"author":[{"embeddable":true,"href":"https:\/\/speyer24news.com\/index.php?rest_route=\/wp\/v2\/users\/3"}],"replies":[{"embeddable":true,"href":"https:\/\/speyer24news.com\/index.php?rest_route=%2Fwp%2Fv2%2Fcomments&post=33744"}],"version-history":[{"count":2,"href":"https:\/\/speyer24news.com\/index.php?rest_route=\/wp\/v2\/posts\/33744\/revisions"}],"predecessor-version":[{"id":33748,"href":"https:\/\/speyer24news.com\/index.php?rest_route=\/wp\/v2\/posts\/33744\/revisions\/33748"}],"wp:featuredmedia":[{"embeddable":true,"href":"https:\/\/speyer24news.com\/index.php?rest_route=\/wp\/v2\/media\/23914"}],"wp:attachment":[{"href":"https:\/\/speyer24news.com\/index.php?rest_route=%2Fwp%2Fv2%2Fmedia&parent=33744"}],"wp:term":[{"taxonomy":"category","embeddable":true,"href":"https:\/\/speyer24news.com\/index.php?rest_route=%2Fwp%2Fv2%2Fcategories&post=33744"},{"taxonomy":"post_tag","embeddable":true,"href":"https:\/\/speyer24news.com\/index.php?rest_route=%2Fwp%2Fv2%2Ftags&post=33744"}],"curies":[{"name":"wp","href":"https:\/\/api.w.org\/{rel}","templated":true}]}}