{"id":33786,"date":"2021-03-03T09:29:28","date_gmt":"2021-03-03T08:29:28","guid":{"rendered":"https:\/\/speyer24news.com\/?p=33786"},"modified":"2021-03-03T09:32:21","modified_gmt":"2021-03-03T08:32:21","slug":"corona-verkehrsnotizen-aus-speyer-2","status":"publish","type":"post","link":"https:\/\/speyer24news.com\/?p=33786","title":{"rendered":"Corona &#038; Verkehrsnotizen aus Speyer"},"content":{"rendered":"<style type=\"text\/css\">\r\n\t.ads_top_disp{}\r\n\t.ads_top_corner_disp{ float:left; margin:0px 10px 10px 0px; }\r\n\t.ads_first_p_disp{}\r\n\t.ads_bottom_disp{}\r\n\t<\/style>\n<h1 class=\"wp-block-heading\">Coronafallzahlen von Dienstag (02.03.2021)<\/h1>\n\n\n\n<figure class=\"wp-block-image\"><img decoding=\"async\" loading=\"lazy\" width=\"800\" height=\"400\" src=\"https:\/\/speyer24news.com\/wp-content\/uploads\/2020\/02\/virus-1812092_1920.jpg\" alt=\"\" class=\"wp-image-25128\" srcset=\"https:\/\/speyer24news.com\/wp-content\/uploads\/2020\/02\/virus-1812092_1920.jpg 800w, https:\/\/speyer24news.com\/wp-content\/uploads\/2020\/02\/virus-1812092_1920-300x150.jpg 300w, https:\/\/speyer24news.com\/wp-content\/uploads\/2020\/02\/virus-1812092_1920-768x384.jpg 768w\" sizes=\"(max-width: 800px) 100vw, 800px\" \/><\/figure>\n\n\n\n<p>Anzahl best\u00e4tigter F\u00e4lle von Coronavirus (SARS-CoV-2)-Infektionen in der Stadt Speyer:&nbsp;2015 ( + 5 )<br>Davon bereits genesen:&nbsp;1863<br>Todesf\u00e4lle: 78 ( unver\u00e4ndert )<br>Gemeldete F\u00e4lle der letzten sieben Tage pro 100.000 Einwohner*innen: 45,5 ( + 4 )<br><strong>Warnstufe: Orange<\/strong><\/p>\n\n\n\n<p>Stand: 02.03.2021, 14:12 Uhr<\/p>\n\n\n\n<div class=\"wp-block-image\"><figure class=\"aligncenter\"><img decoding=\"async\" loading=\"lazy\" width=\"500\" height=\"707\" src=\"https:\/\/speyer24news.com\/wp-content\/uploads\/2021\/03\/Karte_Stufen_2021-03-02.jpg\" alt=\"\" class=\"wp-image-33789\" srcset=\"https:\/\/speyer24news.com\/wp-content\/uploads\/2021\/03\/Karte_Stufen_2021-03-02.jpg 500w, https:\/\/speyer24news.com\/wp-content\/uploads\/2021\/03\/Karte_Stufen_2021-03-02-212x300.jpg 212w\" sizes=\"(max-width: 500px) 100vw, 500px\" \/><\/figure><\/div>\n\n\n\n<p><em>Landesuntersuchungsamt Rheinland-Pfalz<br>03.03.2021<\/em><\/p>\n\n\n\n<h1 class=\"wp-block-heading\" style=\"text-align:center\">Verkehrsnotizen<\/h1>\n\n\n\n<figure class=\"wp-block-image\"><img decoding=\"async\" loading=\"lazy\" width=\"800\" height=\"565\" src=\"https:\/\/speyer24news.com\/wp-content\/uploads\/2020\/01\/Baustelle-2.jpg\" alt=\"\" class=\"wp-image-23900\" srcset=\"https:\/\/speyer24news.com\/wp-content\/uploads\/2020\/01\/Baustelle-2.jpg 800w, https:\/\/speyer24news.com\/wp-content\/uploads\/2020\/01\/Baustelle-2-300x212.jpg 300w, https:\/\/speyer24news.com\/wp-content\/uploads\/2020\/01\/Baustelle-2-768x542.jpg 768w\" sizes=\"(max-width: 800px) 100vw, 800px\" \/><\/figure>\n\n\n\n<h2 class=\"wp-block-heading\"><strong>Diakonissenstra\u00dfe gesperrt<\/strong><\/h2>\n\n\n\n<p>Aufgrund von Kanalarbeiten ist die Diakonissenstra\u00dfe zwischen Slevogtstra\u00dfe und Friedensstra\u00dfe <strong>ab Mittwoch, den 3. M\u00e4rz bis voraussichtlich Freitag, 5. M\u00e4rz 2021<\/strong> f\u00fcr den Durchgangsverkehr gesperrt. Eine Umleitung wird eingerichtet.<\/p>\n\n\n\n<p>F\u00fcr R\u00fcckfragen steht die Stra\u00dfenverkehrsbeh\u00f6rde unter der Rufnummer 14-2938 zur Verf\u00fcgung.<\/p>\n\n\n\n<p><em>Stadtverwaltung Speyer<br>03.03.2021<\/em><\/p>\n","protected":false},"excerpt":{"rendered":"<div class=\"mh-excerpt\"><p>Coronafallzahlen von Dienstag (02.03.2021) Anzahl best\u00e4tigter F\u00e4lle von Coronavirus (SARS-CoV-2)-Infektionen in der Stadt Speyer:&nbsp;2015 ( + 5 )Davon bereits genesen:&nbsp;1863Todesf\u00e4lle: 78 ( unver\u00e4ndert )Gemeldete F\u00e4lle der letzten sieben Tage pro 100.000 Einwohner*innen: 45,5 ( + <a class=\"mh-excerpt-more\" href=\"https:\/\/speyer24news.com\/?p=33786\" title=\"Corona &#038; Verkehrsnotizen aus Speyer\">[&#8230;]<\/a><\/p>\n<\/div>","protected":false},"author":3,"featured_media":23902,"comment_status":"open","ping_status":"open","sticky":false,"template":"","format":"standard","meta":{"_monsterinsights_skip_tracking":false,"_monsterinsights_sitenote_active":false,"_monsterinsights_sitenote_note":"","_monsterinsights_sitenote_category":0,"footnotes":""},"categories":[47],"tags":[6401,8404,6367,6940,8725,6370,5904,6358,7003,5801,6342,10448,10449,6,658,1114],"aioseo_notices":[],"amp_enabled":true,"_links":{"self":[{"href":"https:\/\/speyer24news.com\/index.php?rest_route=\/wp\/v2\/posts\/33786"}],"collection":[{"href":"https:\/\/speyer24news.com\/index.php?rest_route=\/wp\/v2\/posts"}],"about":[{"href":"https:\/\/speyer24news.com\/index.php?rest_route=\/wp\/v2\/types\/post"}],"author":[{"embeddable":true,"href":"https:\/\/speyer24news.com\/index.php?rest_route=\/wp\/v2\/users\/3"}],"replies":[{"embeddable":true,"href":"https:\/\/speyer24news.com\/index.php?rest_route=%2Fwp%2Fv2%2Fcomments&post=33786"}],"version-history":[{"count":2,"href":"https:\/\/speyer24news.com\/index.php?rest_route=\/wp\/v2\/posts\/33786\/revisions"}],"predecessor-version":[{"id":33790,"href":"https:\/\/speyer24news.com\/index.php?rest_route=\/wp\/v2\/posts\/33786\/revisions\/33790"}],"wp:featuredmedia":[{"embeddable":true,"href":"https:\/\/speyer24news.com\/index.php?rest_route=\/wp\/v2\/media\/23902"}],"wp:attachment":[{"href":"https:\/\/speyer24news.com\/index.php?rest_route=%2Fwp%2Fv2%2Fmedia&parent=33786"}],"wp:term":[{"taxonomy":"category","embeddable":true,"href":"https:\/\/speyer24news.com\/index.php?rest_route=%2Fwp%2Fv2%2Fcategories&post=33786"},{"taxonomy":"post_tag","embeddable":true,"href":"https:\/\/speyer24news.com\/index.php?rest_route=%2Fwp%2Fv2%2Ftags&post=33786"}],"curies":[{"name":"wp","href":"https:\/\/api.w.org\/{rel}","templated":true}]}}