{"id":33829,"date":"2021-03-04T14:06:48","date_gmt":"2021-03-04T13:06:48","guid":{"rendered":"https:\/\/speyer24news.com\/?p=33829"},"modified":"2021-03-04T14:06:48","modified_gmt":"2021-03-04T13:06:48","slug":"rhein-pfalz-kreis-75","status":"publish","type":"post","link":"https:\/\/speyer24news.com\/?p=33829","title":{"rendered":"Rhein-Pfalz-Kreis"},"content":{"rendered":"<style type=\"text\/css\">\r\n\t.ads_top_disp{}\r\n\t.ads_top_corner_disp{ float:left; margin:0px 10px 10px 0px; }\r\n\t.ads_first_p_disp{}\r\n\t.ads_bottom_disp{}\r\n\t<\/style>\n<h2 class=\"wp-block-heading\"><strong>Frauen ticken anders!<\/strong><\/h2>\n\n\n\n<div class=\"wp-block-image\"><figure class=\"aligncenter\"><img decoding=\"async\" loading=\"lazy\" width=\"600\" height=\"381\" src=\"https:\/\/speyer24news.com\/wp-content\/uploads\/2021\/03\/Unbenannt.png\" alt=\"\" class=\"wp-image-33830\" srcset=\"https:\/\/speyer24news.com\/wp-content\/uploads\/2021\/03\/Unbenannt.png 600w, https:\/\/speyer24news.com\/wp-content\/uploads\/2021\/03\/Unbenannt-300x191.png 300w\" sizes=\"(max-width: 600px) 100vw, 600px\" \/><\/figure><\/div>\n\n\n\n<p>Wie Sie Ihre weiblichen St\u00e4rken im Job nutzen, um Zufriedenheit zu erreichen und Ihre berufliche Entwicklung zu f\u00f6rdern, erfahren Sie von:<\/p>\n\n\n\n<ul><li><strong>Susanne Gehle, Systemische Beraterin und Therapeutin<\/strong><\/li><li><strong>16. M\u00e4rz 2021, 18.30 \u2013 20.00 Uhr<\/strong><\/li><li><strong>Seniorentreff Mutterstadt, Jahnstr. 4, 67112 Mutterstadt<\/strong><\/li><\/ul>\n\n\n\n<p>Viele Frauen sind hochqualifiziert, motiviert, engagiert, zuverl\u00e4ssig,\nkommunikativ! Sie verf\u00fcgen \u00fcber alle Qualit\u00e4ten und F\u00e4higkeiten, die die\nRealisierung beruflicher Ziele und professioneller Entwicklung m\u00f6glich machen.\nTrotzdem finden sich Frauen immer wieder in unbefriedigenden Situationen. Zum\neinen, weil ihre beruflichen und pers\u00f6nlichen Kompetenzen nicht entsprechend\nanerkannt und wertgesch\u00e4tzt werden und sie sich \u00fcbergangen f\u00fchlen; zum anderen,\nweil ihre eigenen Themen ihnen hin und wieder unsichtbare Grenzen setzen.<\/p>\n\n\n\n<p>Finden Sie heraus, wie Sie sich als Frau im beruflichen Umfeld\nbesser positionieren k\u00f6nnen und mehr Zufriedenheit in Ihrer eigenen\nprofessionellen Entwicklung erreichen. Angesprochen werden u.a. Themen wie die\nDefinition eigener Zielsetzungen, der Umgang mit beruflichen und privaten\nRestriktionen, die weiblichen St\u00e4rken und F\u00e4higkeiten und der Umgang mit den\neigenen Glaubenss\u00e4tzen.<\/p>\n\n\n\n<p>Eine Kooperationsveranstaltung der Volkshochschule des\nRhein-Pfalz-Kreises und der Gleichstellungsstellen der Gemeinde Mutterstadt und\ndes Rhein-Pfalz-Kreises im Rahmen des Programms zum Internationalen Frauentag!<\/p>\n\n\n\n<p>Sofern aufgrund der Beschr\u00e4nkungen zur Eind\u00e4mmung der Corona-Pandemie\neine Pr\u00e4senzveranstaltung nicht m\u00f6glich sein sollte, wird die Veranstaltung\nhybrid oder digital stattfinden. <\/p>\n\n\n\n<p>Wir bitten um vorherige Anmeldung unter Tel. 06234 9464 62 (Mo. &#8211; Fr. vormittags und Do. 14.30 &#8211; 18.00 Uhr). Die Teilnehmerzahl ist wegen der Corona-Pandemie begrenzt.\u00a0 Wir werden Sie entsprechend informieren. Die Teilnahme ist kostenfrei.<\/p>\n\n\n\n<div class=\"wp-block-image\"><figure class=\"aligncenter\"><img decoding=\"async\" loading=\"lazy\" width=\"800\" height=\"293\" src=\"https:\/\/speyer24news.com\/wp-content\/uploads\/2021\/03\/pff.png\" alt=\"\" class=\"wp-image-33831\" srcset=\"https:\/\/speyer24news.com\/wp-content\/uploads\/2021\/03\/pff.png 800w, https:\/\/speyer24news.com\/wp-content\/uploads\/2021\/03\/pff-300x110.png 300w, https:\/\/speyer24news.com\/wp-content\/uploads\/2021\/03\/pff-768x281.png 768w\" sizes=\"(max-width: 800px) 100vw, 800px\" \/><\/figure><\/div>\n\n\n\n<p><em>Kreisverwaltung Rhein-Pfalz-Kreis<br>04.03.2021<\/em><\/p>\n\n\n\n<h1 class=\"wp-block-heading\" style=\"text-align:center\"><strong>Coronavirus: Aktuelle Fallzahlen im Zust\u00e4ndigkeitsbereich des Gesundheitsamtes Rhein-Pfalz-Kreis<\/strong><\/h1>\n\n\n\n<figure class=\"wp-block-image\"><img decoding=\"async\" loading=\"lazy\" width=\"800\" height=\"400\" src=\"https:\/\/speyer24news.com\/wp-content\/uploads\/2020\/02\/virus-1812092_1920.jpg\" alt=\"\" class=\"wp-image-25128\" srcset=\"https:\/\/speyer24news.com\/wp-content\/uploads\/2020\/02\/virus-1812092_1920.jpg 800w, https:\/\/speyer24news.com\/wp-content\/uploads\/2020\/02\/virus-1812092_1920-300x150.jpg 300w, https:\/\/speyer24news.com\/wp-content\/uploads\/2020\/02\/virus-1812092_1920-768x384.jpg 768w\" sizes=\"(max-width: 800px) 100vw, 800px\" \/><\/figure>\n\n\n\n<h2 class=\"wp-block-heading\">Mittwoch (03.03.2021)<\/h2>\n\n\n\n<p>Die Kreisverwaltung Rhein-Pfalz-Kreis \u00fcbermittelt eine \u00dcbersicht der Infektionszahlen aus ihrem Zust\u00e4ndigkeitsbereich des Gesundheitsamtes. In den Zust\u00e4ndigkeitsbereich des Gesundheitsamtes Rhein-Pfalz-Kreis geh\u00f6ren neben dem Landkreis auch die St\u00e4dte Ludwigshafen, Frankenthal und Speyer. <\/p>\n\n\n\n<p><\/p>\n\n\n\n<p>LK\/SK\/Ort    Infizierte seit Beginn der Pandemie Aktuell infizierte Personen Heute neu infizierte Personen   Gesundete bzw. nicht mehr infizierte Personen   Leider an oder mit Covid-19 verstorbene Personen    Heute verstorben gemeldet<br>\n_AH    6           6        <br>\nAltrip    189 8       164 17   <br>\nBeindersheim    77          76  1    <br>\nBirkenheide    68  9       58  1    <br>\nBobenheim-Roxheim    218 7       211      <br>\nB\u00f6hl-Iggelheim    311 12  1   285 14   <br>\nDannstadt-Schauernheim    194 5   1   187 2    <br>\nDudenhofen    286 5       266 15   <br>\nFu\u00dfg\u00f6nheim    62  9   2   50  3    <br>\nGro\u00dfniedesheim    37  1       36       <br>\nHanhofen    78  9       68  1    <br>\nHarthausen    115         103 12   <br>\nHe\u00dfheim    83  19      61  3    <br>\nHeuchelheim    21  1       20       <br>\nHochdorf-Assenheim    66  2       63  1    <br>\nKleinniedesheim    25          25       <br>\nLambsheim    147 5   1   139 3    <br>\nLimburgerhof    297 21      264 12   <br>\nMaxdorf    253 6       219 28   <br>\nMutterstadt    453 17  3   404 32   <br>\nNeuhofen    209 16  1   180 13   <br>\nOtterstadt    107         105 2    <br>\nR\u00f6dersheim-Gronau    68  4       62  2    <br>\nR\u00f6merberg    408 34      364 10   <br>\nSchifferstadt    708 27  1   661 20   <br>\nWaldsee    164 14  2   142 8    <\/p>\n\n\n\n<p>LK Rhein-Pfalz-Kreis    4650    231 12  4219    200  <br>\nSK Frankenthal    1466    92  3   1334    39   <br>\nSK Ludwigshafen    6898    292 13  6309    297  <br>\nSK Speyer    2017    75  1   1864    78   <\/p>\n\n\n\n<p>Summe:    15031   690 29  13726   614  <\/p>\n\n\n\n<p>Quelle: SurvNet@RKI<\/p>\n\n\n\n<p>_AH: Personen mit Hauptwohnsitz au\u00dferhalb des Zust\u00e4ndigkeitsbereiches des Gesundheitsamts aber mit fehlerhaften Meldekreis \u201eLK Rhein-Pfalz-Kreis\u201c. Es wird gepr\u00fcft, ob diese noch nachtr\u00e4glich richtig zugeordnet werden k\u00f6nnen. <\/p>\n\n\n\n<p>Aus den Einrichtungen wurden uns keine neuen Corona-Virus-Ausbr\u00fcche gemeldet. <\/p>\n\n\n\n<p>Weiterhin sind die Zahlen der mit dem Coronavirus infizierten Personen seit Beginn des Ausbruchs und die aktuellen Zahlen auf den Seiten des Ministeriums f\u00fcr Soziales, Arbeit, Gesundheit und Demografie unter <a href=\"http:\/\/www.msagd.rlp.de\">www.msagd.rlp.de<\/a> oder <a href=\"http:\/\/www.corona.rlp\">www.corona.rlp<\/a> einzusehen. <br> Die Kreisverwaltung Rhein-Pfalz-Kreis weist darauf hin, dass es zu Differenzen durch zeitlich versetzte Eingabezeiten zu den Zahlen des Landesuntersuchungsamtes bzw. des Robert-Koch-Institutes kommen kann.<\/p>\n\n\n\n<h2 class=\"wp-block-heading\">Dienstag (02.03.2021) <\/h2>\n\n\n\n<p>Die Kreisverwaltung Rhein-Pfalz-Kreis \u00fcbermittelt\neine \u00dcbersicht der Infektionszahlen aus ihrem Zust\u00e4ndigkeitsbereich des\nGesundheitsamtes. In den Zust\u00e4ndigkeitsbereich des Gesundheitsamtes\nRhein-Pfalz-Kreis geh\u00f6ren neben dem Landkreis auch die St\u00e4dte Ludwigshafen,\nFrankenthal und Speyer. <\/p>\n\n\n\n<table class=\"wp-block-table\"><tbody><tr><td>LK\/SK\/Ort   <\/td><td>Infizierte seit Beginn der   Pandemie   <\/td><td>Aktuell infizierte Personen   <\/td><td>Heute neu infizierte Personen   <\/td><td>Gesundete bzw. nicht mehr   infizierte Personen   <\/td><td>Leider an oder mit Covid-19 verstorbene   Personen   <\/td><td>Heute verstorben gemeldet   <\/td><\/tr><tr><td>\n  _AH\n  <\/td><td>\n  6\n  <\/td><td>\n  &nbsp;\n  <\/td><td>\n  &nbsp;\n  <\/td><td>\n  6\n  <\/td><td>\n  &nbsp;\n  <\/td><td>\n  &nbsp;\n  <\/td><\/tr><tr><td>\n  Altrip\n  <\/td><td>\n  189\n  <\/td><td>\n  8\n  <\/td><td>\n  2\n  <\/td><td>\n  164\n  <\/td><td>\n  17\n  <\/td><td>\n  &nbsp;\n  <\/td><\/tr><tr><td>\n  Beindersheim\n  <\/td><td>\n  77\n  <\/td><td>\n  &nbsp;\n  <\/td><td>\n  &nbsp;\n  <\/td><td>\n  76\n  <\/td><td>\n  1\n  <\/td><td>\n  &nbsp;\n  <\/td><\/tr><tr><td>\n  Birkenheide\n  <\/td><td>\n  68\n  <\/td><td>\n  9\n  <\/td><td>\n  2\n  <\/td><td>\n  58\n  <\/td><td>\n  1\n  <\/td><td>\n  &nbsp;\n  <\/td><\/tr><tr><td>\n  Bobenheim-Roxheim\n  <\/td><td>\n  218\n  <\/td><td>\n  7\n  <\/td><td>\n  &nbsp;\n  <\/td><td>\n  211\n  <\/td><td>\n  &nbsp;\n  <\/td><td>\n  &nbsp;\n  <\/td><\/tr><tr><td>\n  B\u00f6hl-Iggelheim\n  <\/td><td>\n  310\n  <\/td><td>\n  11\n  <\/td><td>\n  2\n  <\/td><td>\n  285\n  <\/td><td>\n  14\n  <\/td><td>\n  &nbsp;\n  <\/td><\/tr><tr><td>\n  Dannstadt-Schauernheim\n  <\/td><td>\n  193\n  <\/td><td>\n  4\n  <\/td><td>\n  &nbsp;\n  <\/td><td>\n  187\n  <\/td><td>\n  2\n  <\/td><td>\n  &nbsp;\n  <\/td><\/tr><tr><td>\n  Dudenhofen\n  <\/td><td>\n  286\n  <\/td><td>\n  5\n  <\/td><td>\n  &nbsp;\n  <\/td><td>\n  266\n  <\/td><td>\n  15\n  <\/td><td>\n  &nbsp;\n  <\/td><\/tr><tr><td>\n  Fu\u00dfg\u00f6nheim\n  <\/td><td>\n  60\n  <\/td><td>\n  7\n  <\/td><td>\n  3\n  <\/td><td>\n  50\n  <\/td><td>\n  3\n  <\/td><td>\n  &nbsp;\n  <\/td><\/tr><tr><td>\n  Gro\u00dfniedesheim\n  <\/td><td>\n  37\n  <\/td><td>\n  1\n  <\/td><td>\n  &nbsp;\n  <\/td><td>\n  36\n  <\/td><td>\n  &nbsp;\n  <\/td><td>\n  &nbsp;\n  <\/td><\/tr><tr><td>\n  Hanhofen\n  <\/td><td>\n  78\n  <\/td><td>\n  9\n  <\/td><td>\n  1\n  <\/td><td>\n  68\n  <\/td><td>\n  1\n  <\/td><td>\n  &nbsp;\n  <\/td><\/tr><tr><td>\n  Harthausen\n  <\/td><td>\n  115\n  <\/td><td>\n  &nbsp;\n  <\/td><td>\n  &nbsp;\n  <\/td><td>\n  103\n  <\/td><td>\n  12\n  <\/td><td>\n  &nbsp;\n  <\/td><\/tr><tr><td>\n  He\u00dfheim\n  <\/td><td>\n  83\n  <\/td><td>\n  19\n  <\/td><td>\n  &nbsp;\n  <\/td><td>\n  61\n  <\/td><td>\n  3\n  <\/td><td>\n  &nbsp;\n  <\/td><\/tr><tr><td>\n  Heuchelheim\n  <\/td><td>\n  21\n  <\/td><td>\n  1\n  <\/td><td>\n  &nbsp;\n  <\/td><td>\n  20\n  <\/td><td>\n  &nbsp;\n  <\/td><td>\n  &nbsp;\n  <\/td><\/tr><tr><td>\n  Hochdorf-Assenheim\n  <\/td><td>\n  66\n  <\/td><td>\n  2\n  <\/td><td>\n  1\n  <\/td><td>\n  63\n  <\/td><td>\n  1\n  <\/td><td>\n  &nbsp;\n  <\/td><\/tr><tr><td>\n  Kleinniedesheim\n  <\/td><td>\n  25\n  <\/td><td>\n  &nbsp;\n  <\/td><td>\n  &nbsp;\n  <\/td><td>\n  25\n  <\/td><td>\n  &nbsp;\n  <\/td><td>\n  &nbsp;\n  <\/td><\/tr><tr><td>\n  Lambsheim\n  <\/td><td>\n  146\n  <\/td><td>\n  4\n  <\/td><td>\n  &nbsp;\n  <\/td><td>\n  139\n  <\/td><td>\n  3\n  <\/td><td>\n  &nbsp;\n  <\/td><\/tr><tr><td>\n  Limburgerhof\n  <\/td><td>\n  297\n  <\/td><td>\n  21\n  <\/td><td>\n  3\n  <\/td><td>\n  264\n  <\/td><td>\n  12\n  <\/td><td>\n  &nbsp;\n  <\/td><\/tr><tr><td>\n  Maxdorf\n  <\/td><td>\n  253\n  <\/td><td>\n  6\n  <\/td><td>\n  2\n  <\/td><td>\n  219\n  <\/td><td>\n  28\n  <\/td><td>\n  &nbsp;\n  <\/td><\/tr><tr><td>\n  Mutterstadt\n  <\/td><td>\n  450\n  <\/td><td>\n  14\n  <\/td><td>\n  &nbsp;\n  <\/td><td>\n  404\n  <\/td><td>\n  32\n  <\/td><td>\n  &nbsp;\n  <\/td><\/tr><tr><td>\n  Neuhofen\n  <\/td><td>\n  208\n  <\/td><td>\n  16\n  <\/td><td>\n  &nbsp;\n  <\/td><td>\n  179\n  <\/td><td>\n  13\n  <\/td><td>\n  &nbsp;\n  <\/td><\/tr><tr><td>\n  Otterstadt\n  <\/td><td>\n  107\n  <\/td><td>\n  &nbsp;\n  <\/td><td>\n  &nbsp;\n  <\/td><td>\n  105\n  <\/td><td>\n  2\n  <\/td><td>\n  &nbsp;\n  <\/td><\/tr><tr><td>\n  R\u00f6dersheim-Gronau\n  <\/td><td>\n  68\n  <\/td><td>\n  4\n  <\/td><td>\n  &nbsp;\n  <\/td><td>\n  62\n  <\/td><td>\n  2\n  <\/td><td>\n  &nbsp;\n  <\/td><\/tr><tr><td>\n  R\u00f6merberg\n  <\/td><td>\n  408\n  <\/td><td>\n  37\n  <\/td><td>\n  &nbsp;\n  <\/td><td>\n  361\n  <\/td><td>\n  10\n  <\/td><td>\n  &nbsp;\n  <\/td><\/tr><tr><td>\n  Schifferstadt\n  <\/td><td>\n  707\n  <\/td><td>\n  28\n  <\/td><td>\n  2\n  <\/td><td>\n  659\n  <\/td><td>\n  20\n  <\/td><td>\n  &nbsp;\n  <\/td><\/tr><tr><td>\n  Waldsee\n  <\/td><td>\n  162\n  <\/td><td>\n  13\n  <\/td><td>\n  2\n  <\/td><td>\n  141\n  <\/td><td>\n  8\n  <\/td><td>\n  &nbsp;\n  <\/td><\/tr><tr><td>\n  &nbsp;\n  <\/td><td>\n  &nbsp;\n  <\/td><td>\n  &nbsp;\n  <\/td><td>\n  &nbsp;\n  <\/td><td>\n  &nbsp;\n  <\/td><td>\n  &nbsp;\n  <\/td><td>\n  &nbsp;\n  <\/td><\/tr><tr><td>\n  LK\n  Rhein-Pfalz-Kreis\n  <\/td><td>\n  4638\n  <\/td><td>\n  226\n  <\/td><td>\n  20\n  <\/td><td>\n  4212\n  <\/td><td>\n  200\n  <\/td><td>\n  &nbsp;\n  <\/td><\/tr><tr><td>\n  SK\n  Frankenthal\n  <\/td><td>\n  1461\n  <\/td><td>\n  92\n  <\/td><td>\n  2\n  <\/td><td>\n  1329\n  <\/td><td>\n  39\n  <\/td><td>\n  &nbsp;\n  <\/td><\/tr><tr><td>\n  SK\n  Ludwigshafen\n  <\/td><td>\n  6884\n  <\/td><td>\n  287\n  <\/td><td>\n  19\n  <\/td><td>\n  6300\n  <\/td><td>\n  297\n  <\/td><td>\n  1\n  <\/td><\/tr><tr><td>\n  SK\n  Speyer\n  <\/td><td>\n  2016\n  <\/td><td>\n  74\n  <\/td><td>\n  5\n  <\/td><td>\n  1864\n  <\/td><td>\n  78\n  <\/td><td>\n  &nbsp;\n  <\/td><\/tr><tr><td>\n  &nbsp;\n  <\/td><td>\n  &nbsp;\n  <\/td><td>\n  &nbsp;\n  <\/td><td>\n  &nbsp;\n  <\/td><td>\n  &nbsp;\n  <\/td><td>\n  &nbsp;\n  <\/td><td>\n  &nbsp;\n  <\/td><\/tr><tr><td>\n  <strong>Summe:<\/strong>\n  <\/td><td>\n  <strong>14999<\/strong>\n  <\/td><td>\n  <strong>679<\/strong>\n  <\/td><td>\n  <strong>46<\/strong>\n  <\/td><td>\n  <strong>13705<\/strong>\n  <\/td><td>\n  <strong>614<\/strong>\n  <\/td><td>\n  <strong>1<\/strong>\n  <\/td><\/tr><\/tbody><\/table>\n\n\n\n<p>Quelle: SurvNet@RKI<\/p>\n\n\n\n<p>_AH: Personen mit Hauptwohnsitz au\u00dferhalb des\nZust\u00e4ndigkeitsbereiches des Gesundheitsamts aber mit fehlerhaften Meldekreis\n\u201eLK Rhein-Pfalz-Kreis\u201c. Es wird gepr\u00fcft, ob diese noch nachtr\u00e4glich richtig\nzugeordnet werden k\u00f6nnen. <\/p>\n\n\n\n<p>Aus den Einrichtungen wurden uns keine neuen\nCorona-Virus-Ausbr\u00fcche gemeldet. <\/p>\n\n\n\n<p>Weiterhin sind die Zahlen der mit dem Coronavirus infizierten Personen seit Beginn des Ausbruchs und die aktuellen Zahlen auf den Seiten des Ministeriums f\u00fcr Soziales, Arbeit, Gesundheit und Demografie unter <a href=\"http:\/\/www.msagd.rlp.de\">www.msagd.rlp.de<\/a> oder <a href=\"http:\/\/www.corona.rlp\">www.corona.rlp<\/a> einzusehen. <\/p>\n\n\n\n<p>Die Kreisverwaltung Rhein-Pfalz-Kreis weist darauf hin, dass es zu Differenzen durch zeitlich versetzte Eingabezeiten zu den Zahlen des Landesuntersuchungsamtes bzw. des Robert-Koch-Institutes kommen kann.<\/p>\n\n\n\n<p><em>Kreisverwaltung Rhein-Pfalz-Kreis<br>04.03.2021<\/em><\/p>\n","protected":false},"excerpt":{"rendered":"<div class=\"mh-excerpt\"><p>Frauen ticken anders! Wie Sie Ihre weiblichen St\u00e4rken im Job nutzen, um Zufriedenheit zu erreichen und Ihre berufliche Entwicklung zu f\u00f6rdern, erfahren Sie von: Susanne Gehle, Systemische Beraterin und Therapeutin 16. M\u00e4rz 2021, 18.30 \u2013 <a class=\"mh-excerpt-more\" href=\"https:\/\/speyer24news.com\/?p=33829\" title=\"Rhein-Pfalz-Kreis\">[&#8230;]<\/a><\/p>\n<\/div>","protected":false},"author":3,"featured_media":0,"comment_status":"open","ping_status":"open","sticky":false,"template":"","format":"standard","meta":{"_monsterinsights_skip_tracking":false,"_monsterinsights_sitenote_active":false,"_monsterinsights_sitenote_note":"","_monsterinsights_sitenote_category":0,"footnotes":""},"categories":[1564],"tags":[8741,10201,8706,6634,10468,5238,222,427,1565],"aioseo_notices":[],"amp_enabled":true,"_links":{"self":[{"href":"https:\/\/speyer24news.com\/index.php?rest_route=\/wp\/v2\/posts\/33829"}],"collection":[{"href":"https:\/\/speyer24news.com\/index.php?rest_route=\/wp\/v2\/posts"}],"about":[{"href":"https:\/\/speyer24news.com\/index.php?rest_route=\/wp\/v2\/types\/post"}],"author":[{"embeddable":true,"href":"https:\/\/speyer24news.com\/index.php?rest_route=\/wp\/v2\/users\/3"}],"replies":[{"embeddable":true,"href":"https:\/\/speyer24news.com\/index.php?rest_route=%2Fwp%2Fv2%2Fcomments&post=33829"}],"version-history":[{"count":1,"href":"https:\/\/speyer24news.com\/index.php?rest_route=\/wp\/v2\/posts\/33829\/revisions"}],"predecessor-version":[{"id":33832,"href":"https:\/\/speyer24news.com\/index.php?rest_route=\/wp\/v2\/posts\/33829\/revisions\/33832"}],"wp:attachment":[{"href":"https:\/\/speyer24news.com\/index.php?rest_route=%2Fwp%2Fv2%2Fmedia&parent=33829"}],"wp:term":[{"taxonomy":"category","embeddable":true,"href":"https:\/\/speyer24news.com\/index.php?rest_route=%2Fwp%2Fv2%2Fcategories&post=33829"},{"taxonomy":"post_tag","embeddable":true,"href":"https:\/\/speyer24news.com\/index.php?rest_route=%2Fwp%2Fv2%2Ftags&post=33829"}],"curies":[{"name":"wp","href":"https:\/\/api.w.org\/{rel}","templated":true}]}}