{"id":33870,"date":"2021-03-05T11:34:24","date_gmt":"2021-03-05T10:34:24","guid":{"rendered":"https:\/\/speyer24news.com\/?p=33870"},"modified":"2021-03-05T11:34:26","modified_gmt":"2021-03-05T10:34:26","slug":"geschwindigkeitsmessung-blitzer-64","status":"publish","type":"post","link":"https:\/\/speyer24news.com\/?p=33870","title":{"rendered":"Geschwindigkeitsmessung \/ Blitzer"},"content":{"rendered":"<style type=\"text\/css\">\r\n\t.ads_top_disp{}\r\n\t.ads_top_corner_disp{ float:left; margin:0px 10px 10px 0px; }\r\n\t.ads_first_p_disp{}\r\n\t.ads_bottom_disp{}\r\n\t<\/style>\n<h2 class=\"wp-block-heading\">Geschwindigkeitskontrollen in der Woche vom 8. bis 12. M\u00e4rz<\/h2>\n\n\n\n<figure class=\"wp-block-image\"><img decoding=\"async\" loading=\"lazy\" width=\"640\" height=\"497\" src=\"https:\/\/speyer24news.com\/wp-content\/uploads\/2020\/12\/Blitzer-2.jpg\" alt=\"\" class=\"wp-image-31937\" srcset=\"https:\/\/speyer24news.com\/wp-content\/uploads\/2020\/12\/Blitzer-2.jpg 640w, https:\/\/speyer24news.com\/wp-content\/uploads\/2020\/12\/Blitzer-2-300x233.jpg 300w\" sizes=\"(max-width: 640px) 100vw, 640px\" \/><\/figure>\n\n\n\n<p><strong>(Mannheim) &#8211; <\/strong>Die Stadt Mannheim f\u00fchrt vom 8. bis 12. M\u00e4rz in folgenden Stra\u00dfen mobile Geschwindigkeitskontrollen durch:<\/p>\n\n\n\n<ul><li><strong> Badenweilerstra\u00dfe (Spielstra\u00dfe)<\/strong><\/li><li><strong> Dresdner Stra\u00dfe (Heinrich-Lanz-Schule)<\/strong><\/li><li><strong> Edisonstra\u00dfe<\/strong><\/li><li><strong> Eisenacher Weg (Vogelstangschule)<\/strong><\/li><li><strong> Kloppenheimer Stra\u00dfe<\/strong><\/li><li><strong> Kolmarer Stra\u00dfe<\/strong><\/li><li><strong> Lembacher Stra\u00dfe<\/strong><\/li><li><strong> Mannheimer Stra\u00dfe<\/strong><\/li><li><strong> Me\u00dfkircher Stra\u00dfe<\/strong><\/li><li><strong> M\u00fclhauser Stra\u00dfe (Friedrichsfeldschule)<\/strong><\/li><li><strong> Offenburger Stra\u00dfe<\/strong><\/li><li><strong> R\u00fcdesheimer Stra\u00dfe<\/strong><\/li><li><strong> Sachsenstra\u00dfe<\/strong><\/li><li><strong> Seckenheimer Hauptstra\u00dfe<\/strong><\/li><li><strong> Stra\u00dfburger Ring<\/strong><\/li><li><strong> Thomas-Jefferson-Stra\u00dfe<\/strong><\/li><li><strong> Th\u00fcringer Stra\u00dfe<\/strong><\/li><li><strong> Warnem\u00fcnder Weg (Geschwister-Scholl-Schule)<\/strong><\/li><li><strong> Wormser Stra\u00dfe (K\u00e4fertalschule)<\/strong><\/li><li><strong> Z\u00e4hringer Stra\u00dfe (Seckenheimschule)<\/strong><\/li><\/ul>\n\n\n\n<p>Kurzfristige \u00c4nderungen oder zus\u00e4tzliche Messstellen sind aus aktuellem Anlass m\u00f6glich.<\/p>\n\n\n\n<p><em>Stadt Mannheim<br>05.03.2021<\/em><\/p>\n\n\n\n<h2 class=\"wp-block-heading\"><strong>Radarkontrollen f\u00fcr die Woche vom 8. M\u00e4rz bis 14. M\u00e4rz 2021<\/strong><\/h2>\n\n\n\n<figure class=\"wp-block-image\"><img decoding=\"async\" src=\"https:\/\/speyer24news.com\/wp-content\/uploads\/2020\/01\/Radarkontrolle_1.jpg\" alt=\"\" class=\"wp-image-23873\"\/><\/figure>\n\n\n\n<p><strong>(Ludwigshafen) &#8211;<\/strong> Die Stadt Ludwigshafen nimmt in folgenden Stadtteilen Radarkontrollen vor.<\/p>\n\n\n\n<ul><li><strong>Montag, 8. M\u00e4rz: Gartenstadt, Edigheim und Friesenheim<\/strong><\/li><li><strong>Dienstag, 9. M\u00e4rz: Maudach, Mitte und Mundenheim<\/strong><\/li><li><strong>Mittwoch, 10. M\u00e4rz: Nord, Oppau und Oggersheim<\/strong><\/li><li><strong>Donnerstag, 11. M\u00e4rz: Pfingstweide, Rheing\u00f6nheim und S\u00fcd<\/strong><\/li><li><strong>Freitag, 12. M\u00e4rz: Ruchheim, West und Edigheim<\/strong><\/li><li><strong>Samstag, 13. M\u00e4rz: Friesenheim, Gartenstadt und Maudach<\/strong><\/li><\/ul>\n\n\n\n<p>Kurzfristige \u00c4nderungen beh\u00e4lt sich der Bereich Stra\u00dfenverkehr vor. Kontrollen k\u00f6nnen auch kurzfristig an anderen Stellen stattfinden.<\/p>\n\n\n\n<p><em>Stadt Ludwigshafen am Rhein<br>05.03.2021<\/em><\/p>\n\n\n\n<h2 class=\"wp-block-heading\">(Pr\u00e4sidialbereich RheinPfalz) \u2013 Geschwindigkeitskontrollen im Pr\u00e4sidialbereich im M\u00e4rz<\/h2>\n\n\n\n<figure class=\"wp-block-image\"><img decoding=\"async\" loading=\"lazy\" width=\"800\" height=\"450\" src=\"https:\/\/speyer24news.com\/wp-content\/uploads\/2020\/12\/Blitzer-Logo.jpg\" alt=\"\" class=\"wp-image-31938\" srcset=\"https:\/\/speyer24news.com\/wp-content\/uploads\/2020\/12\/Blitzer-Logo.jpg 800w, https:\/\/speyer24news.com\/wp-content\/uploads\/2020\/12\/Blitzer-Logo-300x169.jpg 300w, https:\/\/speyer24news.com\/wp-content\/uploads\/2020\/12\/Blitzer-Logo-768x432.jpg 768w, https:\/\/speyer24news.com\/wp-content\/uploads\/2020\/12\/Blitzer-Logo-678x381.jpg 678w\" sizes=\"(max-width: 800px) 100vw, 800px\" \/><\/figure>\n\n\n\n<h4 class=\"wp-block-heading\">Im Bereich der&nbsp;<strong>Polizeidirektion Ludwigshafen<\/strong>&nbsp;finden wie folgt Kontrollen statt:<\/h4>\n\n\n\n<ul><li><strong>Freitag 05.03.2021 im Bereich Speyer<\/strong><\/li><li><strong>Mittwoch 10.03.2021 im Bereich Ludwigshafen<\/strong><\/li><li><strong>Freitag 19.03.2021 im Bereich Frankenthal<\/strong><\/li><li><strong>Dienstag 23.03.2021 im Bereich Bobenheim-Roxheim<\/strong><\/li><\/ul>\n\n\n\n<h4 class=\"wp-block-heading\">Im Bereich der&nbsp;<strong>Polizeidirektion Landau<\/strong>&nbsp;finden wie folgt Kontrollen statt:<\/h4>\n\n\n\n<ul><li><strong>Freitag 12.03.2021 im Bereich Annweiler<\/strong><\/li><li><strong>Mittwoch 17.03.2021 im Bereich Bad Bergzabern<\/strong><\/li><li><strong>Mittwoch 24.03.2021 im Bereich Lingenfeld<\/strong><\/li><\/ul>\n\n\n\n<h4 class=\"wp-block-heading\">Im Bereich der&nbsp;<strong>Polizeidirektion Neustadt<\/strong>&nbsp;finden wie folgt Kontrollen statt:<\/h4>\n\n\n\n<ul><li><strong>Donnerstag 11.03.2021 im Bereich Gr\u00fcnstadt<\/strong><\/li><li><strong>Dienstag 16.03.2021 im Bereich Neustadt<\/strong><\/li><li><strong>Montag 22.03.2021 im Bereich Bad D\u00fcrkheim<\/strong><\/li><li><strong>Freitag 26.03.2021 im Bereich Ha\u00dfloch<\/strong><\/li><\/ul>\n\n\n\n<p>Die Polizei weist ausdr\u00fccklich darauf hin, dass Kontrollen auch au\u00dferhalb der genannten Zeiten und \u00d6rtlichkeiten stattfinden.<\/p>\n\n\n\n<p><em>Polizeipr\u00e4sidium Rheinpfalz<br>27.02.2021<\/em><\/p>\n","protected":false},"excerpt":{"rendered":"<div class=\"mh-excerpt\"><p>Geschwindigkeitskontrollen in der Woche vom 8. bis 12. M\u00e4rz (Mannheim) &#8211; Die Stadt Mannheim f\u00fchrt vom 8. bis 12. M\u00e4rz in folgenden Stra\u00dfen mobile Geschwindigkeitskontrollen durch: Badenweilerstra\u00dfe (Spielstra\u00dfe) Dresdner Stra\u00dfe (Heinrich-Lanz-Schule) Edisonstra\u00dfe Eisenacher Weg (Vogelstangschule) <a class=\"mh-excerpt-more\" href=\"https:\/\/speyer24news.com\/?p=33870\" title=\"Geschwindigkeitsmessung \/ Blitzer\">[&#8230;]<\/a><\/p>\n<\/div>","protected":false},"author":3,"featured_media":0,"comment_status":"open","ping_status":"open","sticky":false,"template":"","format":"standard","meta":{"_monsterinsights_skip_tracking":false,"_monsterinsights_sitenote_active":false,"_monsterinsights_sitenote_note":"","_monsterinsights_sitenote_category":0,"footnotes":""},"categories":[9],"tags":[18,4819,4814,19,4822,4817,4228,947,4820,4815,227,17,7068,7004,7701,949,4818,4813,5986,1310,948],"aioseo_notices":[],"amp_enabled":true,"_links":{"self":[{"href":"https:\/\/speyer24news.com\/index.php?rest_route=\/wp\/v2\/posts\/33870"}],"collection":[{"href":"https:\/\/speyer24news.com\/index.php?rest_route=\/wp\/v2\/posts"}],"about":[{"href":"https:\/\/speyer24news.com\/index.php?rest_route=\/wp\/v2\/types\/post"}],"author":[{"embeddable":true,"href":"https:\/\/speyer24news.com\/index.php?rest_route=\/wp\/v2\/users\/3"}],"replies":[{"embeddable":true,"href":"https:\/\/speyer24news.com\/index.php?rest_route=%2Fwp%2Fv2%2Fcomments&post=33870"}],"version-history":[{"count":1,"href":"https:\/\/speyer24news.com\/index.php?rest_route=\/wp\/v2\/posts\/33870\/revisions"}],"predecessor-version":[{"id":33871,"href":"https:\/\/speyer24news.com\/index.php?rest_route=\/wp\/v2\/posts\/33870\/revisions\/33871"}],"wp:attachment":[{"href":"https:\/\/speyer24news.com\/index.php?rest_route=%2Fwp%2Fv2%2Fmedia&parent=33870"}],"wp:term":[{"taxonomy":"category","embeddable":true,"href":"https:\/\/speyer24news.com\/index.php?rest_route=%2Fwp%2Fv2%2Fcategories&post=33870"},{"taxonomy":"post_tag","embeddable":true,"href":"https:\/\/speyer24news.com\/index.php?rest_route=%2Fwp%2Fv2%2Ftags&post=33870"}],"curies":[{"name":"wp","href":"https:\/\/api.w.org\/{rel}","templated":true}]}}